{"id":74608,"date":"2022-10-03T15:53:59","date_gmt":"2022-10-03T21:53:59","guid":{"rendered":"https:\/\/canal7slp.tv\/2022\/?p=74608"},"modified":"2022-10-03T15:53:59","modified_gmt":"2022-10-03T21:53:59","slug":"orlene-toca-tierra-como-huracan-categoria-1","status":"publish","type":"post","link":"https:\/\/canal7slp.tv\/2022\/orlene-toca-tierra-como-huracan-categoria-1\/","title":{"rendered":"\u201cOrlene\u201d toca tierra como hurac\u00e1n categor\u00eda 1"},"content":{"rendered":"<p style=\"text-align: justify;\">M\u00e9xico.- La Comisi\u00f3n Nacional del Agua (Conagua) inform\u00f3 que \u00abOrlene\u00bb toc\u00f3 tierra a las 08:45 horas de este 3 de octubre, a 5 kil\u00f3metros al oeste-suroeste de Isla del Bosque en el municipio de Escuinapa, Sinaloa.<\/p>\n<blockquote class=\"twitter-tweet\" data-width=\"550\" data-dnt=\"true\">\n<p lang=\"es\" dir=\"ltr\">A las 8:45 horas, tiempo del centro de <a href=\"https:\/\/twitter.com\/hashtag\/M%C3%A9xico?src=hash&amp;ref_src=twsrc%5Etfw\">#M\u00e9xico<\/a>, <a href=\"https:\/\/twitter.com\/hashtag\/Orlene?src=hash&amp;ref_src=twsrc%5Etfw\">#Orlene<\/a> toc\u00f3 tierra como <a href=\"https:\/\/twitter.com\/hashtag\/Hurac%C3%A1n?src=hash&amp;ref_src=twsrc%5Etfw\">#Hurac\u00e1n<\/a> de categor\u00eda 1, con <a href=\"https:\/\/twitter.com\/hashtag\/Vientos?src=hash&amp;ref_src=twsrc%5Etfw\">#Vientos<\/a> m\u00e1ximos de 140 km\/h y <a href=\"https:\/\/twitter.com\/hashtag\/Rachas?src=hash&amp;ref_src=twsrc%5Etfw\">#Rachas<\/a> de 165 km\/h, a 5 km al oeste-suroeste de Isla del Bosque, Escuinapa, en <a href=\"https:\/\/twitter.com\/hashtag\/Sinaloa?src=hash&amp;ref_src=twsrc%5Etfw\">#Sinaloa<\/a>.<br \/>M\u00e1s informaci\u00f3n en unos momentos&#8230; <a href=\"https:\/\/t.co\/JAD0hGUIkX\">pic.twitter.com\/JAD0hGUIkX<\/a><\/p>\n<p>&mdash; CONAGUA Clima (@conagua_clima) <a href=\"https:\/\/twitter.com\/conagua_clima\/status\/1576939163957403648?ref_src=twsrc%5Etfw\">October 3, 2022<\/a><\/p><\/blockquote>\n<p><script async src=\"https:\/\/platform.twitter.com\/widgets.js\" charset=\"utf-8\"><\/script><\/p>\n<p style=\"text-align: justify;\">De acuerdo con datos del Servicio Meteorol\u00f3gico Nacional (SMN), se espera que Orlene se desplace en tierra en direcci\u00f3n nor-noreste de M\u00e9xico.<\/p>\n<p style=\"text-align: justify;\">El hurac\u00e1n presenta vientos m\u00e1ximos sostenidos de 140 km\/h y rachas de hasta 165 km\/h.<\/p>\n<p style=\"text-align: justify;\">Durante su trayectoria, provocar\u00e1 lluvias en:<\/p>\n<ul style=\"text-align: justify;\">\n<li>Aguascalientes<\/li>\n<li>Colima<\/li>\n<li>Durango<\/li>\n<li>Guanajuato<\/li>\n<li>Jalisco<\/li>\n<li>Nayarit<\/li>\n<li>Sinaloa<\/li>\n<li>Zacatecas<\/li>\n<\/ul>\n<p style=\"text-align: justify;\">Asimismo, se prev\u00e9n:<\/p>\n<ul>\n<li style=\"text-align: justify;\">Vientos con rachas de 90 a 110 km\/h y oleaje de tres a cinco metros en las costas de Nayarit y Sinaloa<\/li>\n<li style=\"text-align: justify;\">Rachas de 60 a 70 km\/h y olas de dos a tres metros en la costa de Jalisco<\/li>\n<li style=\"text-align: justify;\">Rachas de 50 a 60 km\/h y oleaje de a uno a dos metros en costas de Baja California Sur y Colima<\/li>\n<\/ul>\n","protected":false},"excerpt":{"rendered":"<p>M\u00e9xico.- La Comisi\u00f3n Nacional del Agua (Conagua) inform\u00f3 que \u00abOrlene\u00bb toc\u00f3 tierra a las 08:45 horas de este 3 de octubre, a 5 kil\u00f3metros al oeste-suroeste de Isla del Bosque en el municipio de Escuinapa, Sinaloa. A las 8:45 horas, tiempo del centro de #M\u00e9xico, #Orlene toc\u00f3 tierra como #Hurac\u00e1n de categor\u00eda 1, con #Vientos m\u00e1ximos de 140 km\/h y #Rachas de 165 km\/h, a 5 km al oeste-suroeste de Isla del Bosque, Escuinapa, en #Sinaloa.M\u00e1s informaci\u00f3n en unos momentos&#8230; pic.twitter.com\/JAD0hGUIkX &mdash; CONAGUA Clima (@conagua_clima) October 3, 2022 De acuerdo con datos del Servicio Meteorol\u00f3gico Nacional (SMN), se espera que [&hellip;]<\/p>\n","protected":false},"author":2,"featured_media":74623,"comment_status":"closed","ping_status":"closed","sticky":false,"template":"","format":"standard","meta":{"footnotes":""},"categories":[46],"tags":[],"class_list":["post-74608","post","type-post","status-publish","format-standard","has-post-thumbnail","hentry","category-nacional","post--single"],"yoast_head":"<!-- This site is optimized with the Yoast SEO plugin v27.4 - https:\/\/yoast.com\/product\/yoast-seo-wordpress\/ -->\n<title>\u201cOrlene\u201d toca tierra como hurac\u00e1n categor\u00eda 1 - Canal 7 SLP - 2022<\/title>\n<meta name=\"robots\" content=\"index, follow, max-snippet:-1, max-image-preview:large, max-video-preview:-1\" \/>\n<link rel=\"canonical\" href=\"https:\/\/canal7slp.tv\/2022\/orlene-toca-tierra-como-huracan-categoria-1\/\" \/>\n<meta property=\"og:locale\" content=\"es_ES\" \/>\n<meta property=\"og:type\" content=\"article\" \/>\n<meta property=\"og:title\" content=\"\u201cOrlene\u201d toca tierra como hurac\u00e1n categor\u00eda 1 - Canal 7 SLP - 2022\" \/>\n<meta property=\"og:description\" content=\"M\u00e9xico.- La Comisi\u00f3n Nacional del Agua (Conagua) inform\u00f3 que \u00abOrlene\u00bb toc\u00f3 tierra a las 08:45 horas de este 3 de octubre, a 5 kil\u00f3metros al oeste-suroeste de Isla del Bosque en el municipio de Escuinapa, Sinaloa. A las 8:45 horas, tiempo del centro de #M\u00e9xico, #Orlene toc\u00f3 tierra como #Hurac\u00e1n de categor\u00eda 1, con #Vientos m\u00e1ximos de 140 km\/h y #Rachas de 165 km\/h, a 5 km al oeste-suroeste de Isla del Bosque, Escuinapa, en #Sinaloa.M\u00e1s informaci\u00f3n en unos momentos&#8230; pic.twitter.com\/JAD0hGUIkX &mdash; CONAGUA Clima (@conagua_clima) October 3, 2022 De acuerdo con datos del Servicio Meteorol\u00f3gico Nacional (SMN), se espera que [&hellip;]\" \/>\n<meta property=\"og:url\" content=\"https:\/\/canal7slp.tv\/2022\/orlene-toca-tierra-como-huracan-categoria-1\/\" \/>\n<meta property=\"og:site_name\" content=\"Canal 7 SLP - 2022\" \/>\n<meta property=\"article:publisher\" content=\"https:\/\/www.facebook.com\/noticieroscanalsiete\" \/>\n<meta property=\"article:published_time\" content=\"2022-10-03T21:53:59+00:00\" \/>\n<meta property=\"og:image\" content=\"https:\/\/canal7slp.tv\/2022\/wp-content\/uploads\/2022\/10\/01-1.jpg\" \/>\n\t<meta property=\"og:image:width\" content=\"805\" \/>\n\t<meta property=\"og:image:height\" content=\"493\" \/>\n\t<meta property=\"og:image:type\" content=\"image\/jpeg\" \/>\n<meta name=\"author\" content=\"Edici\u00f3n Web\" \/>\n<meta name=\"twitter:card\" content=\"summary_large_image\" \/>\n<meta name=\"twitter:creator\" content=\"@NOTICIEROS7\" \/>\n<meta name=\"twitter:site\" content=\"@NOTICIEROS7\" \/>\n<meta name=\"twitter:label1\" content=\"Escrito por\" \/>\n\t<meta name=\"twitter:data1\" content=\"Edici\u00f3n Web\" \/>\n\t<meta name=\"twitter:label2\" content=\"Tiempo de lectura\" \/>\n\t<meta name=\"twitter:data2\" content=\"1 minuto\" \/>\n<script type=\"application\/ld+json\" class=\"yoast-schema-graph\">{\"@context\":\"https:\\\/\\\/schema.org\",\"@graph\":[{\"@type\":\"Article\",\"@id\":\"https:\\\/\\\/canal7slp.tv\\\/2022\\\/orlene-toca-tierra-como-huracan-categoria-1\\\/#article\",\"isPartOf\":{\"@id\":\"https:\\\/\\\/canal7slp.tv\\\/2022\\\/orlene-toca-tierra-como-huracan-categoria-1\\\/\"},\"author\":{\"name\":\"Edici\u00f3n Web\",\"@id\":\"https:\\\/\\\/canal7slp.tv\\\/2022\\\/#\\\/schema\\\/person\\\/429704152a21f5f856ce29aa69a238da\"},\"headline\":\"\u201cOrlene\u201d toca tierra como hurac\u00e1n categor\u00eda 1\",\"datePublished\":\"2022-10-03T21:53:59+00:00\",\"mainEntityOfPage\":{\"@id\":\"https:\\\/\\\/canal7slp.tv\\\/2022\\\/orlene-toca-tierra-como-huracan-categoria-1\\\/\"},\"wordCount\":170,\"publisher\":{\"@id\":\"https:\\\/\\\/canal7slp.tv\\\/2022\\\/#organization\"},\"image\":{\"@id\":\"https:\\\/\\\/canal7slp.tv\\\/2022\\\/orlene-toca-tierra-como-huracan-categoria-1\\\/#primaryimage\"},\"thumbnailUrl\":\"https:\\\/\\\/canal7slp.tv\\\/2022\\\/wp-content\\\/uploads\\\/2022\\\/10\\\/01-1.jpg\",\"articleSection\":[\"NACIONALES\"],\"inLanguage\":\"es\"},{\"@type\":\"WebPage\",\"@id\":\"https:\\\/\\\/canal7slp.tv\\\/2022\\\/orlene-toca-tierra-como-huracan-categoria-1\\\/\",\"url\":\"https:\\\/\\\/canal7slp.tv\\\/2022\\\/orlene-toca-tierra-como-huracan-categoria-1\\\/\",\"name\":\"\u201cOrlene\u201d toca tierra como hurac\u00e1n categor\u00eda 1 - Canal 7 SLP - 2022\",\"isPartOf\":{\"@id\":\"https:\\\/\\\/canal7slp.tv\\\/2022\\\/#website\"},\"primaryImageOfPage\":{\"@id\":\"https:\\\/\\\/canal7slp.tv\\\/2022\\\/orlene-toca-tierra-como-huracan-categoria-1\\\/#primaryimage\"},\"image\":{\"@id\":\"https:\\\/\\\/canal7slp.tv\\\/2022\\\/orlene-toca-tierra-como-huracan-categoria-1\\\/#primaryimage\"},\"thumbnailUrl\":\"https:\\\/\\\/canal7slp.tv\\\/2022\\\/wp-content\\\/uploads\\\/2022\\\/10\\\/01-1.jpg\",\"datePublished\":\"2022-10-03T21:53:59+00:00\",\"breadcrumb\":{\"@id\":\"https:\\\/\\\/canal7slp.tv\\\/2022\\\/orlene-toca-tierra-como-huracan-categoria-1\\\/#breadcrumb\"},\"inLanguage\":\"es\",\"potentialAction\":[{\"@type\":\"ReadAction\",\"target\":[\"https:\\\/\\\/canal7slp.tv\\\/2022\\\/orlene-toca-tierra-como-huracan-categoria-1\\\/\"]}]},{\"@type\":\"ImageObject\",\"inLanguage\":\"es\",\"@id\":\"https:\\\/\\\/canal7slp.tv\\\/2022\\\/orlene-toca-tierra-como-huracan-categoria-1\\\/#primaryimage\",\"url\":\"https:\\\/\\\/canal7slp.tv\\\/2022\\\/wp-content\\\/uploads\\\/2022\\\/10\\\/01-1.jpg\",\"contentUrl\":\"https:\\\/\\\/canal7slp.tv\\\/2022\\\/wp-content\\\/uploads\\\/2022\\\/10\\\/01-1.jpg\",\"width\":805,\"height\":493},{\"@type\":\"BreadcrumbList\",\"@id\":\"https:\\\/\\\/canal7slp.tv\\\/2022\\\/orlene-toca-tierra-como-huracan-categoria-1\\\/#breadcrumb\",\"itemListElement\":[{\"@type\":\"ListItem\",\"position\":1,\"name\":\"Portada\",\"item\":\"https:\\\/\\\/canal7slp.tv\\\/2022\\\/\"},{\"@type\":\"ListItem\",\"position\":2,\"name\":\"\u201cOrlene\u201d toca tierra como hurac\u00e1n categor\u00eda 1\"}]},{\"@type\":\"WebSite\",\"@id\":\"https:\\\/\\\/canal7slp.tv\\\/2022\\\/#website\",\"url\":\"https:\\\/\\\/canal7slp.tv\\\/2022\\\/\",\"name\":\"N7 - Noticieros Canal 7\",\"description\":\"Somos Televisi\u00f3n\",\"publisher\":{\"@id\":\"https:\\\/\\\/canal7slp.tv\\\/2022\\\/#organization\"},\"potentialAction\":[{\"@type\":\"SearchAction\",\"target\":{\"@type\":\"EntryPoint\",\"urlTemplate\":\"https:\\\/\\\/canal7slp.tv\\\/2022\\\/?s={search_term_string}\"},\"query-input\":{\"@type\":\"PropertyValueSpecification\",\"valueRequired\":true,\"valueName\":\"search_term_string\"}}],\"inLanguage\":\"es\"},{\"@type\":\"Organization\",\"@id\":\"https:\\\/\\\/canal7slp.tv\\\/2022\\\/#organization\",\"name\":\"Noticieros Canal 7\",\"url\":\"https:\\\/\\\/canal7slp.tv\\\/2022\\\/\",\"logo\":{\"@type\":\"ImageObject\",\"inLanguage\":\"es\",\"@id\":\"https:\\\/\\\/canal7slp.tv\\\/2022\\\/#\\\/schema\\\/logo\\\/image\\\/\",\"url\":\"https:\\\/\\\/canal7slp.tv\\\/2022\\\/wp-content\\\/uploads\\\/2021\\\/01\\\/logo-noticieros@2x.png\",\"contentUrl\":\"https:\\\/\\\/canal7slp.tv\\\/2022\\\/wp-content\\\/uploads\\\/2021\\\/01\\\/logo-noticieros@2x.png\",\"width\":1017,\"height\":268,\"caption\":\"Noticieros Canal 7\"},\"image\":{\"@id\":\"https:\\\/\\\/canal7slp.tv\\\/2022\\\/#\\\/schema\\\/logo\\\/image\\\/\"},\"sameAs\":[\"https:\\\/\\\/www.facebook.com\\\/noticieroscanalsiete\",\"https:\\\/\\\/x.com\\\/NOTICIEROS7\",\"https:\\\/\\\/www.instagram.com\\\/canal7_slp\",\"https:\\\/\\\/www.youtube.com\\\/channel\\\/UCliiYs-gP3JfJeqdPrNdd5A\"]},{\"@type\":\"Person\",\"@id\":\"https:\\\/\\\/canal7slp.tv\\\/2022\\\/#\\\/schema\\\/person\\\/429704152a21f5f856ce29aa69a238da\",\"name\":\"Edici\u00f3n Web\",\"image\":{\"@type\":\"ImageObject\",\"inLanguage\":\"es\",\"@id\":\"https:\\\/\\\/secure.gravatar.com\\\/avatar\\\/eee448fc3f7164808013b816ba91ac7e43bbe82a70bebac296f8bc6f0addaa1a?s=96&d=mm&r=g\",\"url\":\"https:\\\/\\\/secure.gravatar.com\\\/avatar\\\/eee448fc3f7164808013b816ba91ac7e43bbe82a70bebac296f8bc6f0addaa1a?s=96&d=mm&r=g\",\"contentUrl\":\"https:\\\/\\\/secure.gravatar.com\\\/avatar\\\/eee448fc3f7164808013b816ba91ac7e43bbe82a70bebac296f8bc6f0addaa1a?s=96&d=mm&r=g\",\"caption\":\"Edici\u00f3n Web\"},\"url\":\"https:\\\/\\\/canal7slp.tv\\\/2022\\\/author\\\/edicionweb\\\/\"}]}<\/script>\n<!-- \/ Yoast SEO plugin. -->","yoast_head_json":{"title":"\u201cOrlene\u201d toca tierra como hurac\u00e1n categor\u00eda 1 - Canal 7 SLP - 2022","robots":{"index":"index","follow":"follow","max-snippet":"max-snippet:-1","max-image-preview":"max-image-preview:large","max-video-preview":"max-video-preview:-1"},"canonical":"https:\/\/canal7slp.tv\/2022\/orlene-toca-tierra-como-huracan-categoria-1\/","og_locale":"es_ES","og_type":"article","og_title":"\u201cOrlene\u201d toca tierra como hurac\u00e1n categor\u00eda 1 - Canal 7 SLP - 2022","og_description":"M\u00e9xico.- La Comisi\u00f3n Nacional del Agua (Conagua) inform\u00f3 que \u00abOrlene\u00bb toc\u00f3 tierra a las 08:45 horas de este 3 de octubre, a 5 kil\u00f3metros al oeste-suroeste de Isla del Bosque en el municipio de Escuinapa, Sinaloa. A las 8:45 horas, tiempo del centro de #M\u00e9xico, #Orlene toc\u00f3 tierra como #Hurac\u00e1n de categor\u00eda 1, con #Vientos m\u00e1ximos de 140 km\/h y #Rachas de 165 km\/h, a 5 km al oeste-suroeste de Isla del Bosque, Escuinapa, en #Sinaloa.M\u00e1s informaci\u00f3n en unos momentos&#8230; pic.twitter.com\/JAD0hGUIkX &mdash; CONAGUA Clima (@conagua_clima) October 3, 2022 De acuerdo con datos del Servicio Meteorol\u00f3gico Nacional (SMN), se espera que [&hellip;]","og_url":"https:\/\/canal7slp.tv\/2022\/orlene-toca-tierra-como-huracan-categoria-1\/","og_site_name":"Canal 7 SLP - 2022","article_publisher":"https:\/\/www.facebook.com\/noticieroscanalsiete","article_published_time":"2022-10-03T21:53:59+00:00","og_image":[{"width":805,"height":493,"url":"https:\/\/canal7slp.tv\/2022\/wp-content\/uploads\/2022\/10\/01-1.jpg","type":"image\/jpeg"}],"author":"Edici\u00f3n Web","twitter_card":"summary_large_image","twitter_creator":"@NOTICIEROS7","twitter_site":"@NOTICIEROS7","twitter_misc":{"Escrito por":"Edici\u00f3n Web","Tiempo de lectura":"1 minuto"},"schema":{"@context":"https:\/\/schema.org","@graph":[{"@type":"Article","@id":"https:\/\/canal7slp.tv\/2022\/orlene-toca-tierra-como-huracan-categoria-1\/#article","isPartOf":{"@id":"https:\/\/canal7slp.tv\/2022\/orlene-toca-tierra-como-huracan-categoria-1\/"},"author":{"name":"Edici\u00f3n Web","@id":"https:\/\/canal7slp.tv\/2022\/#\/schema\/person\/429704152a21f5f856ce29aa69a238da"},"headline":"\u201cOrlene\u201d toca tierra como hurac\u00e1n categor\u00eda 1","datePublished":"2022-10-03T21:53:59+00:00","mainEntityOfPage":{"@id":"https:\/\/canal7slp.tv\/2022\/orlene-toca-tierra-como-huracan-categoria-1\/"},"wordCount":170,"publisher":{"@id":"https:\/\/canal7slp.tv\/2022\/#organization"},"image":{"@id":"https:\/\/canal7slp.tv\/2022\/orlene-toca-tierra-como-huracan-categoria-1\/#primaryimage"},"thumbnailUrl":"https:\/\/canal7slp.tv\/2022\/wp-content\/uploads\/2022\/10\/01-1.jpg","articleSection":["NACIONALES"],"inLanguage":"es"},{"@type":"WebPage","@id":"https:\/\/canal7slp.tv\/2022\/orlene-toca-tierra-como-huracan-categoria-1\/","url":"https:\/\/canal7slp.tv\/2022\/orlene-toca-tierra-como-huracan-categoria-1\/","name":"\u201cOrlene\u201d toca tierra como hurac\u00e1n categor\u00eda 1 - Canal 7 SLP - 2022","isPartOf":{"@id":"https:\/\/canal7slp.tv\/2022\/#website"},"primaryImageOfPage":{"@id":"https:\/\/canal7slp.tv\/2022\/orlene-toca-tierra-como-huracan-categoria-1\/#primaryimage"},"image":{"@id":"https:\/\/canal7slp.tv\/2022\/orlene-toca-tierra-como-huracan-categoria-1\/#primaryimage"},"thumbnailUrl":"https:\/\/canal7slp.tv\/2022\/wp-content\/uploads\/2022\/10\/01-1.jpg","datePublished":"2022-10-03T21:53:59+00:00","breadcrumb":{"@id":"https:\/\/canal7slp.tv\/2022\/orlene-toca-tierra-como-huracan-categoria-1\/#breadcrumb"},"inLanguage":"es","potentialAction":[{"@type":"ReadAction","target":["https:\/\/canal7slp.tv\/2022\/orlene-toca-tierra-como-huracan-categoria-1\/"]}]},{"@type":"ImageObject","inLanguage":"es","@id":"https:\/\/canal7slp.tv\/2022\/orlene-toca-tierra-como-huracan-categoria-1\/#primaryimage","url":"https:\/\/canal7slp.tv\/2022\/wp-content\/uploads\/2022\/10\/01-1.jpg","contentUrl":"https:\/\/canal7slp.tv\/2022\/wp-content\/uploads\/2022\/10\/01-1.jpg","width":805,"height":493},{"@type":"BreadcrumbList","@id":"https:\/\/canal7slp.tv\/2022\/orlene-toca-tierra-como-huracan-categoria-1\/#breadcrumb","itemListElement":[{"@type":"ListItem","position":1,"name":"Portada","item":"https:\/\/canal7slp.tv\/2022\/"},{"@type":"ListItem","position":2,"name":"\u201cOrlene\u201d toca tierra como hurac\u00e1n categor\u00eda 1"}]},{"@type":"WebSite","@id":"https:\/\/canal7slp.tv\/2022\/#website","url":"https:\/\/canal7slp.tv\/2022\/","name":"N7 - Noticieros Canal 7","description":"Somos Televisi\u00f3n","publisher":{"@id":"https:\/\/canal7slp.tv\/2022\/#organization"},"potentialAction":[{"@type":"SearchAction","target":{"@type":"EntryPoint","urlTemplate":"https:\/\/canal7slp.tv\/2022\/?s={search_term_string}"},"query-input":{"@type":"PropertyValueSpecification","valueRequired":true,"valueName":"search_term_string"}}],"inLanguage":"es"},{"@type":"Organization","@id":"https:\/\/canal7slp.tv\/2022\/#organization","name":"Noticieros Canal 7","url":"https:\/\/canal7slp.tv\/2022\/","logo":{"@type":"ImageObject","inLanguage":"es","@id":"https:\/\/canal7slp.tv\/2022\/#\/schema\/logo\/image\/","url":"https:\/\/canal7slp.tv\/2022\/wp-content\/uploads\/2021\/01\/logo-noticieros@2x.png","contentUrl":"https:\/\/canal7slp.tv\/2022\/wp-content\/uploads\/2021\/01\/logo-noticieros@2x.png","width":1017,"height":268,"caption":"Noticieros Canal 7"},"image":{"@id":"https:\/\/canal7slp.tv\/2022\/#\/schema\/logo\/image\/"},"sameAs":["https:\/\/www.facebook.com\/noticieroscanalsiete","https:\/\/x.com\/NOTICIEROS7","https:\/\/www.instagram.com\/canal7_slp","https:\/\/www.youtube.com\/channel\/UCliiYs-gP3JfJeqdPrNdd5A"]},{"@type":"Person","@id":"https:\/\/canal7slp.tv\/2022\/#\/schema\/person\/429704152a21f5f856ce29aa69a238da","name":"Edici\u00f3n Web","image":{"@type":"ImageObject","inLanguage":"es","@id":"https:\/\/secure.gravatar.com\/avatar\/eee448fc3f7164808013b816ba91ac7e43bbe82a70bebac296f8bc6f0addaa1a?s=96&d=mm&r=g","url":"https:\/\/secure.gravatar.com\/avatar\/eee448fc3f7164808013b816ba91ac7e43bbe82a70bebac296f8bc6f0addaa1a?s=96&d=mm&r=g","contentUrl":"https:\/\/secure.gravatar.com\/avatar\/eee448fc3f7164808013b816ba91ac7e43bbe82a70bebac296f8bc6f0addaa1a?s=96&d=mm&r=g","caption":"Edici\u00f3n Web"},"url":"https:\/\/canal7slp.tv\/2022\/author\/edicionweb\/"}]}},"amp_enabled":true,"_links":{"self":[{"href":"https:\/\/canal7slp.tv\/2022\/wp-json\/wp\/v2\/posts\/74608","targetHints":{"allow":["GET"]}}],"collection":[{"href":"https:\/\/canal7slp.tv\/2022\/wp-json\/wp\/v2\/posts"}],"about":[{"href":"https:\/\/canal7slp.tv\/2022\/wp-json\/wp\/v2\/types\/post"}],"author":[{"embeddable":true,"href":"https:\/\/canal7slp.tv\/2022\/wp-json\/wp\/v2\/users\/2"}],"replies":[{"embeddable":true,"href":"https:\/\/canal7slp.tv\/2022\/wp-json\/wp\/v2\/comments?post=74608"}],"version-history":[{"count":2,"href":"https:\/\/canal7slp.tv\/2022\/wp-json\/wp\/v2\/posts\/74608\/revisions"}],"predecessor-version":[{"id":74630,"href":"https:\/\/canal7slp.tv\/2022\/wp-json\/wp\/v2\/posts\/74608\/revisions\/74630"}],"wp:featuredmedia":[{"embeddable":true,"href":"https:\/\/canal7slp.tv\/2022\/wp-json\/wp\/v2\/media\/74623"}],"wp:attachment":[{"href":"https:\/\/canal7slp.tv\/2022\/wp-json\/wp\/v2\/media?parent=74608"}],"wp:term":[{"taxonomy":"category","embeddable":true,"href":"https:\/\/canal7slp.tv\/2022\/wp-json\/wp\/v2\/categories?post=74608"},{"taxonomy":"post_tag","embeddable":true,"href":"https:\/\/canal7slp.tv\/2022\/wp-json\/wp\/v2\/tags?post=74608"}],"curies":[{"name":"wp","href":"https:\/\/api.w.org\/{rel}","templated":true}]}}