{"id":74317,"date":"2022-09-29T17:19:33","date_gmt":"2022-09-29T23:19:33","guid":{"rendered":"https:\/\/canal7slp.tv\/2022\/?p=74317"},"modified":"2022-09-29T17:19:33","modified_gmt":"2022-09-29T23:19:33","slug":"detenida-unica-obra-que-tenia-en-marcha-el-ayuntamiento-de-cerro-de-san-pedro-por-observaciones-de-la-ase-advierte-gobernador","status":"publish","type":"post","link":"https:\/\/canal7slp.tv\/2022\/detenida-unica-obra-que-tenia-en-marcha-el-ayuntamiento-de-cerro-de-san-pedro-por-observaciones-de-la-ase-advierte-gobernador\/","title":{"rendered":"Detenida \u00fanica obra que ten\u00eda en marcha el Ayuntamiento de Cerro de San Pedro por observaciones de la ASE, advierte gobernador."},"content":{"rendered":"<p style=\"text-align: justify;\">SLP.- El mandatario estatal de San Luis Potos\u00ed, Jos\u00e9 Ricardo Gallardo Cardona, lament\u00f3 que, hasta el momento, el Ayuntamiento de Cerro de San Pedro siga sin presentar un proyecto de infraestructura para el beneficio de su poblaci\u00f3n.<\/p>\n<p style=\"text-align: justify;\">Detall\u00f3 que las \u00fanicas obras que se realizaban para la rehabilitaci\u00f3n de sus calles se encuentran detenidas por observaciones que hizo la Auditor\u00eda Superior del Estado.<\/p>\n<p style=\"text-align: justify;\">\u00abQueremos ayudarle a Cerro de San Pedro, pero no tenemos ning\u00fan proyecto, el \u00fanico que ten\u00eda est\u00e1 observado porque lo arrancaron en el pasado gobierno, este gobierno lo retom\u00f3, pero tampoco lo termin\u00f3 que es su calle principal, entonces, est\u00e1 observada por parte del auditor\u00eda y no podemos entrar a esa obra hasta que no terminen de hacer la observaci\u00f3n correspondiente y deslindad si fue la pasada o esta administraci\u00f3n\u00bb, reiter\u00f3.<\/p>\n<p style=\"text-align: justify;\">Dichas declaraciones surgen en el marco del primer informe de gobierno que realiz\u00f3 la alcaldesa de Cerro de San Pedro, Esmeralda Abigail Nava Loredo.<\/p>\n<p>\u00abDesgraciadamente repito, de Cerro de San Pedro no tengo ning\u00fan proyecto, si yo tuviera un proyecto en la mano de la presidenta municipal que me dijera esto es lo que quiero que hagamos ya lo hubi\u00e9ramos arrancado, platiqu\u00e9 que tengo varios municipios en esas condiciones donde al contrario nosotros hemos tratado de ir a hacer algo porque no se han puesto las pilas\u00bb, termin\u00f3<\/p>\n<p style=\"text-align: justify;\">Por: Jos\u00e9 Luis V\u00e1zquez<\/p>\n","protected":false},"excerpt":{"rendered":"<p>SLP.- El mandatario estatal de San Luis Potos\u00ed, Jos\u00e9 Ricardo Gallardo Cardona, lament\u00f3 que, hasta el momento, el Ayuntamiento de Cerro de San Pedro siga sin presentar un proyecto de infraestructura para el beneficio de su poblaci\u00f3n. Detall\u00f3 que las \u00fanicas obras que se realizaban para la rehabilitaci\u00f3n de sus calles se encuentran detenidas por observaciones que hizo la Auditor\u00eda Superior del Estado. \u00abQueremos ayudarle a Cerro de San Pedro, pero no tenemos ning\u00fan proyecto, el \u00fanico que ten\u00eda est\u00e1 observado porque lo arrancaron en el pasado gobierno, este gobierno lo retom\u00f3, pero tampoco lo termin\u00f3 que es su calle [&hellip;]<\/p>\n","protected":false},"author":2,"featured_media":74344,"comment_status":"closed","ping_status":"closed","sticky":false,"template":"","format":"video","meta":{"footnotes":""},"categories":[5,510,45],"tags":[],"class_list":["post-74317","post","type-post","status-publish","format-video","has-post-thumbnail","hentry","category-destacadas","category-gobedoslp","category-localesyregionales","post_format-post-format-video","post--single"],"yoast_head":"<!-- This site is optimized with the Yoast SEO plugin v27.4 - https:\/\/yoast.com\/product\/yoast-seo-wordpress\/ -->\n<title>Detenida \u00fanica obra que ten\u00eda en marcha el Ayuntamiento de Cerro de San Pedro por observaciones de la ASE, advierte gobernador. - Canal 7 SLP - 2022<\/title>\n<meta name=\"robots\" content=\"index, follow, max-snippet:-1, max-image-preview:large, max-video-preview:-1\" \/>\n<link rel=\"canonical\" href=\"https:\/\/canal7slp.tv\/2022\/detenida-unica-obra-que-tenia-en-marcha-el-ayuntamiento-de-cerro-de-san-pedro-por-observaciones-de-la-ase-advierte-gobernador\/\" \/>\n<meta property=\"og:locale\" content=\"es_ES\" \/>\n<meta property=\"og:type\" content=\"article\" \/>\n<meta property=\"og:title\" content=\"Detenida \u00fanica obra que ten\u00eda en marcha el Ayuntamiento de Cerro de San Pedro por observaciones de la ASE, advierte gobernador. - Canal 7 SLP - 2022\" \/>\n<meta property=\"og:description\" content=\"SLP.- El mandatario estatal de San Luis Potos\u00ed, Jos\u00e9 Ricardo Gallardo Cardona, lament\u00f3 que, hasta el momento, el Ayuntamiento de Cerro de San Pedro siga sin presentar un proyecto de infraestructura para el beneficio de su poblaci\u00f3n. Detall\u00f3 que las \u00fanicas obras que se realizaban para la rehabilitaci\u00f3n de sus calles se encuentran detenidas por observaciones que hizo la Auditor\u00eda Superior del Estado. \u00abQueremos ayudarle a Cerro de San Pedro, pero no tenemos ning\u00fan proyecto, el \u00fanico que ten\u00eda est\u00e1 observado porque lo arrancaron en el pasado gobierno, este gobierno lo retom\u00f3, pero tampoco lo termin\u00f3 que es su calle [&hellip;]\" \/>\n<meta property=\"og:url\" content=\"https:\/\/canal7slp.tv\/2022\/detenida-unica-obra-que-tenia-en-marcha-el-ayuntamiento-de-cerro-de-san-pedro-por-observaciones-de-la-ase-advierte-gobernador\/\" \/>\n<meta property=\"og:site_name\" content=\"Canal 7 SLP - 2022\" \/>\n<meta property=\"article:publisher\" content=\"https:\/\/www.facebook.com\/noticieroscanalsiete\" \/>\n<meta property=\"article:published_time\" content=\"2022-09-29T23:19:33+00:00\" \/>\n<meta property=\"og:image\" content=\"https:\/\/canal7slp.tv\/2022\/wp-content\/uploads\/2022\/09\/Vazquez03GoberCerro.jpg\" \/>\n\t<meta property=\"og:image:width\" content=\"888\" \/>\n\t<meta property=\"og:image:height\" content=\"500\" \/>\n\t<meta property=\"og:image:type\" content=\"image\/jpeg\" \/>\n<meta name=\"author\" content=\"Edici\u00f3n Web\" \/>\n<meta name=\"twitter:card\" content=\"summary_large_image\" \/>\n<meta name=\"twitter:creator\" content=\"@NOTICIEROS7\" \/>\n<meta name=\"twitter:site\" content=\"@NOTICIEROS7\" \/>\n<meta name=\"twitter:label1\" content=\"Escrito por\" \/>\n\t<meta name=\"twitter:data1\" content=\"Edici\u00f3n Web\" \/>\n\t<meta name=\"twitter:label2\" content=\"Tiempo de lectura\" \/>\n\t<meta name=\"twitter:data2\" content=\"2 minutos\" \/>\n<script type=\"application\/ld+json\" class=\"yoast-schema-graph\">{\"@context\":\"https:\\\/\\\/schema.org\",\"@graph\":[{\"@type\":\"Article\",\"@id\":\"https:\\\/\\\/canal7slp.tv\\\/2022\\\/detenida-unica-obra-que-tenia-en-marcha-el-ayuntamiento-de-cerro-de-san-pedro-por-observaciones-de-la-ase-advierte-gobernador\\\/#article\",\"isPartOf\":{\"@id\":\"https:\\\/\\\/canal7slp.tv\\\/2022\\\/detenida-unica-obra-que-tenia-en-marcha-el-ayuntamiento-de-cerro-de-san-pedro-por-observaciones-de-la-ase-advierte-gobernador\\\/\"},\"author\":{\"name\":\"Edici\u00f3n Web\",\"@id\":\"https:\\\/\\\/canal7slp.tv\\\/2022\\\/#\\\/schema\\\/person\\\/429704152a21f5f856ce29aa69a238da\"},\"headline\":\"Detenida \u00fanica obra que ten\u00eda en marcha el Ayuntamiento de Cerro de San Pedro por observaciones de la ASE, advierte gobernador.\",\"datePublished\":\"2022-09-29T23:19:33+00:00\",\"mainEntityOfPage\":{\"@id\":\"https:\\\/\\\/canal7slp.tv\\\/2022\\\/detenida-unica-obra-que-tenia-en-marcha-el-ayuntamiento-de-cerro-de-san-pedro-por-observaciones-de-la-ase-advierte-gobernador\\\/\"},\"wordCount\":260,\"publisher\":{\"@id\":\"https:\\\/\\\/canal7slp.tv\\\/2022\\\/#organization\"},\"image\":{\"@id\":\"https:\\\/\\\/canal7slp.tv\\\/2022\\\/detenida-unica-obra-que-tenia-en-marcha-el-ayuntamiento-de-cerro-de-san-pedro-por-observaciones-de-la-ase-advierte-gobernador\\\/#primaryimage\"},\"thumbnailUrl\":\"https:\\\/\\\/canal7slp.tv\\\/2022\\\/wp-content\\\/uploads\\\/2022\\\/09\\\/Vazquez03GoberCerro.jpg\",\"articleSection\":[\"DESTACADAS\",\"GOBEDOSLP\",\"LOCALES Y REGIONALES\"],\"inLanguage\":\"es\"},{\"@type\":\"WebPage\",\"@id\":\"https:\\\/\\\/canal7slp.tv\\\/2022\\\/detenida-unica-obra-que-tenia-en-marcha-el-ayuntamiento-de-cerro-de-san-pedro-por-observaciones-de-la-ase-advierte-gobernador\\\/\",\"url\":\"https:\\\/\\\/canal7slp.tv\\\/2022\\\/detenida-unica-obra-que-tenia-en-marcha-el-ayuntamiento-de-cerro-de-san-pedro-por-observaciones-de-la-ase-advierte-gobernador\\\/\",\"name\":\"Detenida \u00fanica obra que ten\u00eda en marcha el Ayuntamiento de Cerro de San Pedro por observaciones de la ASE, advierte gobernador. - Canal 7 SLP - 2022\",\"isPartOf\":{\"@id\":\"https:\\\/\\\/canal7slp.tv\\\/2022\\\/#website\"},\"primaryImageOfPage\":{\"@id\":\"https:\\\/\\\/canal7slp.tv\\\/2022\\\/detenida-unica-obra-que-tenia-en-marcha-el-ayuntamiento-de-cerro-de-san-pedro-por-observaciones-de-la-ase-advierte-gobernador\\\/#primaryimage\"},\"image\":{\"@id\":\"https:\\\/\\\/canal7slp.tv\\\/2022\\\/detenida-unica-obra-que-tenia-en-marcha-el-ayuntamiento-de-cerro-de-san-pedro-por-observaciones-de-la-ase-advierte-gobernador\\\/#primaryimage\"},\"thumbnailUrl\":\"https:\\\/\\\/canal7slp.tv\\\/2022\\\/wp-content\\\/uploads\\\/2022\\\/09\\\/Vazquez03GoberCerro.jpg\",\"datePublished\":\"2022-09-29T23:19:33+00:00\",\"breadcrumb\":{\"@id\":\"https:\\\/\\\/canal7slp.tv\\\/2022\\\/detenida-unica-obra-que-tenia-en-marcha-el-ayuntamiento-de-cerro-de-san-pedro-por-observaciones-de-la-ase-advierte-gobernador\\\/#breadcrumb\"},\"inLanguage\":\"es\",\"potentialAction\":[{\"@type\":\"ReadAction\",\"target\":[\"https:\\\/\\\/canal7slp.tv\\\/2022\\\/detenida-unica-obra-que-tenia-en-marcha-el-ayuntamiento-de-cerro-de-san-pedro-por-observaciones-de-la-ase-advierte-gobernador\\\/\"]}]},{\"@type\":\"ImageObject\",\"inLanguage\":\"es\",\"@id\":\"https:\\\/\\\/canal7slp.tv\\\/2022\\\/detenida-unica-obra-que-tenia-en-marcha-el-ayuntamiento-de-cerro-de-san-pedro-por-observaciones-de-la-ase-advierte-gobernador\\\/#primaryimage\",\"url\":\"https:\\\/\\\/canal7slp.tv\\\/2022\\\/wp-content\\\/uploads\\\/2022\\\/09\\\/Vazquez03GoberCerro.jpg\",\"contentUrl\":\"https:\\\/\\\/canal7slp.tv\\\/2022\\\/wp-content\\\/uploads\\\/2022\\\/09\\\/Vazquez03GoberCerro.jpg\",\"width\":888,\"height\":500},{\"@type\":\"BreadcrumbList\",\"@id\":\"https:\\\/\\\/canal7slp.tv\\\/2022\\\/detenida-unica-obra-que-tenia-en-marcha-el-ayuntamiento-de-cerro-de-san-pedro-por-observaciones-de-la-ase-advierte-gobernador\\\/#breadcrumb\",\"itemListElement\":[{\"@type\":\"ListItem\",\"position\":1,\"name\":\"Portada\",\"item\":\"https:\\\/\\\/canal7slp.tv\\\/2022\\\/\"},{\"@type\":\"ListItem\",\"position\":2,\"name\":\"Detenida \u00fanica obra que ten\u00eda en marcha el Ayuntamiento de Cerro de San Pedro por observaciones de la ASE, advierte gobernador.\"}]},{\"@type\":\"WebSite\",\"@id\":\"https:\\\/\\\/canal7slp.tv\\\/2022\\\/#website\",\"url\":\"https:\\\/\\\/canal7slp.tv\\\/2022\\\/\",\"name\":\"N7 - Noticieros Canal 7\",\"description\":\"Somos Televisi\u00f3n\",\"publisher\":{\"@id\":\"https:\\\/\\\/canal7slp.tv\\\/2022\\\/#organization\"},\"potentialAction\":[{\"@type\":\"SearchAction\",\"target\":{\"@type\":\"EntryPoint\",\"urlTemplate\":\"https:\\\/\\\/canal7slp.tv\\\/2022\\\/?s={search_term_string}\"},\"query-input\":{\"@type\":\"PropertyValueSpecification\",\"valueRequired\":true,\"valueName\":\"search_term_string\"}}],\"inLanguage\":\"es\"},{\"@type\":\"Organization\",\"@id\":\"https:\\\/\\\/canal7slp.tv\\\/2022\\\/#organization\",\"name\":\"Noticieros Canal 7\",\"url\":\"https:\\\/\\\/canal7slp.tv\\\/2022\\\/\",\"logo\":{\"@type\":\"ImageObject\",\"inLanguage\":\"es\",\"@id\":\"https:\\\/\\\/canal7slp.tv\\\/2022\\\/#\\\/schema\\\/logo\\\/image\\\/\",\"url\":\"https:\\\/\\\/canal7slp.tv\\\/2022\\\/wp-content\\\/uploads\\\/2021\\\/01\\\/logo-noticieros@2x.png\",\"contentUrl\":\"https:\\\/\\\/canal7slp.tv\\\/2022\\\/wp-content\\\/uploads\\\/2021\\\/01\\\/logo-noticieros@2x.png\",\"width\":1017,\"height\":268,\"caption\":\"Noticieros Canal 7\"},\"image\":{\"@id\":\"https:\\\/\\\/canal7slp.tv\\\/2022\\\/#\\\/schema\\\/logo\\\/image\\\/\"},\"sameAs\":[\"https:\\\/\\\/www.facebook.com\\\/noticieroscanalsiete\",\"https:\\\/\\\/x.com\\\/NOTICIEROS7\",\"https:\\\/\\\/www.instagram.com\\\/canal7_slp\",\"https:\\\/\\\/www.youtube.com\\\/channel\\\/UCliiYs-gP3JfJeqdPrNdd5A\"]},{\"@type\":\"Person\",\"@id\":\"https:\\\/\\\/canal7slp.tv\\\/2022\\\/#\\\/schema\\\/person\\\/429704152a21f5f856ce29aa69a238da\",\"name\":\"Edici\u00f3n Web\",\"image\":{\"@type\":\"ImageObject\",\"inLanguage\":\"es\",\"@id\":\"https:\\\/\\\/secure.gravatar.com\\\/avatar\\\/eee448fc3f7164808013b816ba91ac7e43bbe82a70bebac296f8bc6f0addaa1a?s=96&d=mm&r=g\",\"url\":\"https:\\\/\\\/secure.gravatar.com\\\/avatar\\\/eee448fc3f7164808013b816ba91ac7e43bbe82a70bebac296f8bc6f0addaa1a?s=96&d=mm&r=g\",\"contentUrl\":\"https:\\\/\\\/secure.gravatar.com\\\/avatar\\\/eee448fc3f7164808013b816ba91ac7e43bbe82a70bebac296f8bc6f0addaa1a?s=96&d=mm&r=g\",\"caption\":\"Edici\u00f3n Web\"},\"url\":\"https:\\\/\\\/canal7slp.tv\\\/2022\\\/author\\\/edicionweb\\\/\"}]}<\/script>\n<!-- \/ Yoast SEO plugin. -->","yoast_head_json":{"title":"Detenida \u00fanica obra que ten\u00eda en marcha el Ayuntamiento de Cerro de San Pedro por observaciones de la ASE, advierte gobernador. - Canal 7 SLP - 2022","robots":{"index":"index","follow":"follow","max-snippet":"max-snippet:-1","max-image-preview":"max-image-preview:large","max-video-preview":"max-video-preview:-1"},"canonical":"https:\/\/canal7slp.tv\/2022\/detenida-unica-obra-que-tenia-en-marcha-el-ayuntamiento-de-cerro-de-san-pedro-por-observaciones-de-la-ase-advierte-gobernador\/","og_locale":"es_ES","og_type":"article","og_title":"Detenida \u00fanica obra que ten\u00eda en marcha el Ayuntamiento de Cerro de San Pedro por observaciones de la ASE, advierte gobernador. - Canal 7 SLP - 2022","og_description":"SLP.- El mandatario estatal de San Luis Potos\u00ed, Jos\u00e9 Ricardo Gallardo Cardona, lament\u00f3 que, hasta el momento, el Ayuntamiento de Cerro de San Pedro siga sin presentar un proyecto de infraestructura para el beneficio de su poblaci\u00f3n. Detall\u00f3 que las \u00fanicas obras que se realizaban para la rehabilitaci\u00f3n de sus calles se encuentran detenidas por observaciones que hizo la Auditor\u00eda Superior del Estado. \u00abQueremos ayudarle a Cerro de San Pedro, pero no tenemos ning\u00fan proyecto, el \u00fanico que ten\u00eda est\u00e1 observado porque lo arrancaron en el pasado gobierno, este gobierno lo retom\u00f3, pero tampoco lo termin\u00f3 que es su calle [&hellip;]","og_url":"https:\/\/canal7slp.tv\/2022\/detenida-unica-obra-que-tenia-en-marcha-el-ayuntamiento-de-cerro-de-san-pedro-por-observaciones-de-la-ase-advierte-gobernador\/","og_site_name":"Canal 7 SLP - 2022","article_publisher":"https:\/\/www.facebook.com\/noticieroscanalsiete","article_published_time":"2022-09-29T23:19:33+00:00","og_image":[{"width":888,"height":500,"url":"https:\/\/canal7slp.tv\/2022\/wp-content\/uploads\/2022\/09\/Vazquez03GoberCerro.jpg","type":"image\/jpeg"}],"author":"Edici\u00f3n Web","twitter_card":"summary_large_image","twitter_creator":"@NOTICIEROS7","twitter_site":"@NOTICIEROS7","twitter_misc":{"Escrito por":"Edici\u00f3n Web","Tiempo de lectura":"2 minutos"},"schema":{"@context":"https:\/\/schema.org","@graph":[{"@type":"Article","@id":"https:\/\/canal7slp.tv\/2022\/detenida-unica-obra-que-tenia-en-marcha-el-ayuntamiento-de-cerro-de-san-pedro-por-observaciones-de-la-ase-advierte-gobernador\/#article","isPartOf":{"@id":"https:\/\/canal7slp.tv\/2022\/detenida-unica-obra-que-tenia-en-marcha-el-ayuntamiento-de-cerro-de-san-pedro-por-observaciones-de-la-ase-advierte-gobernador\/"},"author":{"name":"Edici\u00f3n Web","@id":"https:\/\/canal7slp.tv\/2022\/#\/schema\/person\/429704152a21f5f856ce29aa69a238da"},"headline":"Detenida \u00fanica obra que ten\u00eda en marcha el Ayuntamiento de Cerro de San Pedro por observaciones de la ASE, advierte gobernador.","datePublished":"2022-09-29T23:19:33+00:00","mainEntityOfPage":{"@id":"https:\/\/canal7slp.tv\/2022\/detenida-unica-obra-que-tenia-en-marcha-el-ayuntamiento-de-cerro-de-san-pedro-por-observaciones-de-la-ase-advierte-gobernador\/"},"wordCount":260,"publisher":{"@id":"https:\/\/canal7slp.tv\/2022\/#organization"},"image":{"@id":"https:\/\/canal7slp.tv\/2022\/detenida-unica-obra-que-tenia-en-marcha-el-ayuntamiento-de-cerro-de-san-pedro-por-observaciones-de-la-ase-advierte-gobernador\/#primaryimage"},"thumbnailUrl":"https:\/\/canal7slp.tv\/2022\/wp-content\/uploads\/2022\/09\/Vazquez03GoberCerro.jpg","articleSection":["DESTACADAS","GOBEDOSLP","LOCALES Y REGIONALES"],"inLanguage":"es"},{"@type":"WebPage","@id":"https:\/\/canal7slp.tv\/2022\/detenida-unica-obra-que-tenia-en-marcha-el-ayuntamiento-de-cerro-de-san-pedro-por-observaciones-de-la-ase-advierte-gobernador\/","url":"https:\/\/canal7slp.tv\/2022\/detenida-unica-obra-que-tenia-en-marcha-el-ayuntamiento-de-cerro-de-san-pedro-por-observaciones-de-la-ase-advierte-gobernador\/","name":"Detenida \u00fanica obra que ten\u00eda en marcha el Ayuntamiento de Cerro de San Pedro por observaciones de la ASE, advierte gobernador. - Canal 7 SLP - 2022","isPartOf":{"@id":"https:\/\/canal7slp.tv\/2022\/#website"},"primaryImageOfPage":{"@id":"https:\/\/canal7slp.tv\/2022\/detenida-unica-obra-que-tenia-en-marcha-el-ayuntamiento-de-cerro-de-san-pedro-por-observaciones-de-la-ase-advierte-gobernador\/#primaryimage"},"image":{"@id":"https:\/\/canal7slp.tv\/2022\/detenida-unica-obra-que-tenia-en-marcha-el-ayuntamiento-de-cerro-de-san-pedro-por-observaciones-de-la-ase-advierte-gobernador\/#primaryimage"},"thumbnailUrl":"https:\/\/canal7slp.tv\/2022\/wp-content\/uploads\/2022\/09\/Vazquez03GoberCerro.jpg","datePublished":"2022-09-29T23:19:33+00:00","breadcrumb":{"@id":"https:\/\/canal7slp.tv\/2022\/detenida-unica-obra-que-tenia-en-marcha-el-ayuntamiento-de-cerro-de-san-pedro-por-observaciones-de-la-ase-advierte-gobernador\/#breadcrumb"},"inLanguage":"es","potentialAction":[{"@type":"ReadAction","target":["https:\/\/canal7slp.tv\/2022\/detenida-unica-obra-que-tenia-en-marcha-el-ayuntamiento-de-cerro-de-san-pedro-por-observaciones-de-la-ase-advierte-gobernador\/"]}]},{"@type":"ImageObject","inLanguage":"es","@id":"https:\/\/canal7slp.tv\/2022\/detenida-unica-obra-que-tenia-en-marcha-el-ayuntamiento-de-cerro-de-san-pedro-por-observaciones-de-la-ase-advierte-gobernador\/#primaryimage","url":"https:\/\/canal7slp.tv\/2022\/wp-content\/uploads\/2022\/09\/Vazquez03GoberCerro.jpg","contentUrl":"https:\/\/canal7slp.tv\/2022\/wp-content\/uploads\/2022\/09\/Vazquez03GoberCerro.jpg","width":888,"height":500},{"@type":"BreadcrumbList","@id":"https:\/\/canal7slp.tv\/2022\/detenida-unica-obra-que-tenia-en-marcha-el-ayuntamiento-de-cerro-de-san-pedro-por-observaciones-de-la-ase-advierte-gobernador\/#breadcrumb","itemListElement":[{"@type":"ListItem","position":1,"name":"Portada","item":"https:\/\/canal7slp.tv\/2022\/"},{"@type":"ListItem","position":2,"name":"Detenida \u00fanica obra que ten\u00eda en marcha el Ayuntamiento de Cerro de San Pedro por observaciones de la ASE, advierte gobernador."}]},{"@type":"WebSite","@id":"https:\/\/canal7slp.tv\/2022\/#website","url":"https:\/\/canal7slp.tv\/2022\/","name":"N7 - Noticieros Canal 7","description":"Somos Televisi\u00f3n","publisher":{"@id":"https:\/\/canal7slp.tv\/2022\/#organization"},"potentialAction":[{"@type":"SearchAction","target":{"@type":"EntryPoint","urlTemplate":"https:\/\/canal7slp.tv\/2022\/?s={search_term_string}"},"query-input":{"@type":"PropertyValueSpecification","valueRequired":true,"valueName":"search_term_string"}}],"inLanguage":"es"},{"@type":"Organization","@id":"https:\/\/canal7slp.tv\/2022\/#organization","name":"Noticieros Canal 7","url":"https:\/\/canal7slp.tv\/2022\/","logo":{"@type":"ImageObject","inLanguage":"es","@id":"https:\/\/canal7slp.tv\/2022\/#\/schema\/logo\/image\/","url":"https:\/\/canal7slp.tv\/2022\/wp-content\/uploads\/2021\/01\/logo-noticieros@2x.png","contentUrl":"https:\/\/canal7slp.tv\/2022\/wp-content\/uploads\/2021\/01\/logo-noticieros@2x.png","width":1017,"height":268,"caption":"Noticieros Canal 7"},"image":{"@id":"https:\/\/canal7slp.tv\/2022\/#\/schema\/logo\/image\/"},"sameAs":["https:\/\/www.facebook.com\/noticieroscanalsiete","https:\/\/x.com\/NOTICIEROS7","https:\/\/www.instagram.com\/canal7_slp","https:\/\/www.youtube.com\/channel\/UCliiYs-gP3JfJeqdPrNdd5A"]},{"@type":"Person","@id":"https:\/\/canal7slp.tv\/2022\/#\/schema\/person\/429704152a21f5f856ce29aa69a238da","name":"Edici\u00f3n Web","image":{"@type":"ImageObject","inLanguage":"es","@id":"https:\/\/secure.gravatar.com\/avatar\/eee448fc3f7164808013b816ba91ac7e43bbe82a70bebac296f8bc6f0addaa1a?s=96&d=mm&r=g","url":"https:\/\/secure.gravatar.com\/avatar\/eee448fc3f7164808013b816ba91ac7e43bbe82a70bebac296f8bc6f0addaa1a?s=96&d=mm&r=g","contentUrl":"https:\/\/secure.gravatar.com\/avatar\/eee448fc3f7164808013b816ba91ac7e43bbe82a70bebac296f8bc6f0addaa1a?s=96&d=mm&r=g","caption":"Edici\u00f3n Web"},"url":"https:\/\/canal7slp.tv\/2022\/author\/edicionweb\/"}]}},"amp_enabled":true,"_links":{"self":[{"href":"https:\/\/canal7slp.tv\/2022\/wp-json\/wp\/v2\/posts\/74317","targetHints":{"allow":["GET"]}}],"collection":[{"href":"https:\/\/canal7slp.tv\/2022\/wp-json\/wp\/v2\/posts"}],"about":[{"href":"https:\/\/canal7slp.tv\/2022\/wp-json\/wp\/v2\/types\/post"}],"author":[{"embeddable":true,"href":"https:\/\/canal7slp.tv\/2022\/wp-json\/wp\/v2\/users\/2"}],"replies":[{"embeddable":true,"href":"https:\/\/canal7slp.tv\/2022\/wp-json\/wp\/v2\/comments?post=74317"}],"version-history":[{"count":4,"href":"https:\/\/canal7slp.tv\/2022\/wp-json\/wp\/v2\/posts\/74317\/revisions"}],"predecessor-version":[{"id":74346,"href":"https:\/\/canal7slp.tv\/2022\/wp-json\/wp\/v2\/posts\/74317\/revisions\/74346"}],"wp:featuredmedia":[{"embeddable":true,"href":"https:\/\/canal7slp.tv\/2022\/wp-json\/wp\/v2\/media\/74344"}],"wp:attachment":[{"href":"https:\/\/canal7slp.tv\/2022\/wp-json\/wp\/v2\/media?parent=74317"}],"wp:term":[{"taxonomy":"category","embeddable":true,"href":"https:\/\/canal7slp.tv\/2022\/wp-json\/wp\/v2\/categories?post=74317"},{"taxonomy":"post_tag","embeddable":true,"href":"https:\/\/canal7slp.tv\/2022\/wp-json\/wp\/v2\/tags?post=74317"}],"curies":[{"name":"wp","href":"https:\/\/api.w.org\/{rel}","templated":true}]}}