{"id":74314,"date":"2022-09-29T17:02:35","date_gmt":"2022-09-29T23:02:35","guid":{"rendered":"https:\/\/canal7slp.tv\/2022\/?p=74314"},"modified":"2022-09-29T17:02:35","modified_gmt":"2022-09-29T23:02:35","slug":"necesaria-una-reforma-equilibrada-que-no-criminalice-la-interrupcion-del-embarazo-pero-defienda-la-vida-senala-ricardo-gallardo","status":"publish","type":"post","link":"https:\/\/canal7slp.tv\/2022\/necesaria-una-reforma-equilibrada-que-no-criminalice-la-interrupcion-del-embarazo-pero-defienda-la-vida-senala-ricardo-gallardo\/","title":{"rendered":"Necesaria una reforma equilibrada que no criminalice la interrupci\u00f3n del embarazo, pero defienda la vida, se\u00f1ala Ricardo Gallardo."},"content":{"rendered":"<p style=\"text-align: justify;\">SLP.- El Gobernador del Estado de San Luis Potos\u00ed, Jos\u00e9 Ricardo Gallardo Cardona, habl\u00f3 sobre el tema del aborto que se exige abordar en el Congreso del Estado por parte de colectivos que buscan despenalizarlo.<\/p>\n<p style=\"text-align: justify;\">Y es que se\u00f1al\u00f3 que se requiere una reforma equilibrada que no criminalice a las mujeres en su derecho a decidir, pero tambi\u00e9n una donde se defienda la vida.<\/p>\n<p style=\"text-align: justify;\">\u00abCon una buena reforma y un buen consejo entre las dos partes, regularmente las reformas se construyen para tratar de quitar delitos o para agravarlos, entonces, s\u00ed tenemos que cuidar lo que va a construir el congreso: en una despenalizaci\u00f3n no caer en el libertinaje y viceversa, no caer en apretar tanto para que tengas una persona encerrada porque eso no puede suceder\u00bb, dijo.<\/p>\n<p style=\"text-align: justify;\">El mandatario adelant\u00f3 que se har\u00e1 una inspecci\u00f3n en las penitenciarias para conocer si existe alguna mujer detenida por realizarse un aborto, de ser as\u00ed, obtendr\u00e1 su libertad de inmediato.<\/p>\n<p style=\"text-align: justify;\">\u00abHay muchas cosas que se tienen que analizar, yo siempre he dicho que es muy necesario ver todav\u00eda en las penitenciarias qui\u00e9nes est\u00e1n detenidos por este tema, si hay de detenciones, si hay detenciones hay que liberarlas, antes de que s\u00ed autorice o no se autorice porque no es posible que los delincuentes est\u00e9n en la calle y alguien por un aborto est\u00e9 en la c\u00e1rcel\u00bb, agreg\u00f3.<\/p>\n<p style=\"text-align: justify;\">Gallardo Cardona se\u00f1al\u00f3 que debe existir un consenso en el poder legislativo para en su caso aprobar o no el aborto donde se tome en cuenta todas las posturas.<\/p>\n<p style=\"text-align: justify;\">\u00abTenemos que cuidar la vida porque si nosotros despenalizamos por despenalizar, imag\u00ednate la soltura que le vamos a dar a la sociedad, entonces, las dos cosas se tienen que cuidar mucho, tiene que ser algo muy consensuado en el congreso y se tienen que cuidar las dos partes, la vida y la despenalizaci\u00f3n\u00bb, culmin\u00f3.<\/p>\n<p>Por: Jos\u00e9 Luis V\u00e1zquez<\/p>\n","protected":false},"excerpt":{"rendered":"<p>SLP.- El Gobernador del Estado de San Luis Potos\u00ed, Jos\u00e9 Ricardo Gallardo Cardona, habl\u00f3 sobre el tema del aborto que se exige abordar en el Congreso del Estado por parte de colectivos que buscan despenalizarlo. Y es que se\u00f1al\u00f3 que se requiere una reforma equilibrada que no criminalice a las mujeres en su derecho a decidir, pero tambi\u00e9n una donde se defienda la vida. \u00abCon una buena reforma y un buen consejo entre las dos partes, regularmente las reformas se construyen para tratar de quitar delitos o para agravarlos, entonces, s\u00ed tenemos que cuidar lo que va a construir el [&hellip;]<\/p>\n","protected":false},"author":2,"featured_media":74342,"comment_status":"closed","ping_status":"closed","sticky":false,"template":"","format":"video","meta":{"footnotes":""},"categories":[5,510,45],"tags":[],"class_list":["post-74314","post","type-post","status-publish","format-video","has-post-thumbnail","hentry","category-destacadas","category-gobedoslp","category-localesyregionales","post_format-post-format-video","post--single"],"yoast_head":"<!-- This site is optimized with the Yoast SEO plugin v27.4 - https:\/\/yoast.com\/product\/yoast-seo-wordpress\/ -->\n<title>Necesaria una reforma equilibrada que no criminalice la interrupci\u00f3n del embarazo, pero defienda la vida, se\u00f1ala Ricardo Gallardo. - Canal 7 SLP - 2022<\/title>\n<meta name=\"robots\" content=\"index, follow, max-snippet:-1, max-image-preview:large, max-video-preview:-1\" \/>\n<link rel=\"canonical\" href=\"https:\/\/canal7slp.tv\/2022\/necesaria-una-reforma-equilibrada-que-no-criminalice-la-interrupcion-del-embarazo-pero-defienda-la-vida-senala-ricardo-gallardo\/\" \/>\n<meta property=\"og:locale\" content=\"es_ES\" \/>\n<meta property=\"og:type\" content=\"article\" \/>\n<meta property=\"og:title\" content=\"Necesaria una reforma equilibrada que no criminalice la interrupci\u00f3n del embarazo, pero defienda la vida, se\u00f1ala Ricardo Gallardo. - Canal 7 SLP - 2022\" \/>\n<meta property=\"og:description\" content=\"SLP.- El Gobernador del Estado de San Luis Potos\u00ed, Jos\u00e9 Ricardo Gallardo Cardona, habl\u00f3 sobre el tema del aborto que se exige abordar en el Congreso del Estado por parte de colectivos que buscan despenalizarlo. Y es que se\u00f1al\u00f3 que se requiere una reforma equilibrada que no criminalice a las mujeres en su derecho a decidir, pero tambi\u00e9n una donde se defienda la vida. \u00abCon una buena reforma y un buen consejo entre las dos partes, regularmente las reformas se construyen para tratar de quitar delitos o para agravarlos, entonces, s\u00ed tenemos que cuidar lo que va a construir el [&hellip;]\" \/>\n<meta property=\"og:url\" content=\"https:\/\/canal7slp.tv\/2022\/necesaria-una-reforma-equilibrada-que-no-criminalice-la-interrupcion-del-embarazo-pero-defienda-la-vida-senala-ricardo-gallardo\/\" \/>\n<meta property=\"og:site_name\" content=\"Canal 7 SLP - 2022\" \/>\n<meta property=\"article:publisher\" content=\"https:\/\/www.facebook.com\/noticieroscanalsiete\" \/>\n<meta property=\"article:published_time\" content=\"2022-09-29T23:02:35+00:00\" \/>\n<meta property=\"og:image\" content=\"https:\/\/canal7slp.tv\/2022\/wp-content\/uploads\/2022\/09\/Vazquez02GoberAborto.jpg\" \/>\n\t<meta property=\"og:image:width\" content=\"888\" \/>\n\t<meta property=\"og:image:height\" content=\"500\" \/>\n\t<meta property=\"og:image:type\" content=\"image\/jpeg\" \/>\n<meta name=\"author\" content=\"Edici\u00f3n Web\" \/>\n<meta name=\"twitter:card\" content=\"summary_large_image\" \/>\n<meta name=\"twitter:creator\" content=\"@NOTICIEROS7\" \/>\n<meta name=\"twitter:site\" content=\"@NOTICIEROS7\" \/>\n<meta name=\"twitter:label1\" content=\"Escrito por\" \/>\n\t<meta name=\"twitter:data1\" content=\"Edici\u00f3n Web\" \/>\n\t<meta name=\"twitter:label2\" content=\"Tiempo de lectura\" \/>\n\t<meta name=\"twitter:data2\" content=\"2 minutos\" \/>\n<script type=\"application\/ld+json\" class=\"yoast-schema-graph\">{\"@context\":\"https:\\\/\\\/schema.org\",\"@graph\":[{\"@type\":\"Article\",\"@id\":\"https:\\\/\\\/canal7slp.tv\\\/2022\\\/necesaria-una-reforma-equilibrada-que-no-criminalice-la-interrupcion-del-embarazo-pero-defienda-la-vida-senala-ricardo-gallardo\\\/#article\",\"isPartOf\":{\"@id\":\"https:\\\/\\\/canal7slp.tv\\\/2022\\\/necesaria-una-reforma-equilibrada-que-no-criminalice-la-interrupcion-del-embarazo-pero-defienda-la-vida-senala-ricardo-gallardo\\\/\"},\"author\":{\"name\":\"Edici\u00f3n Web\",\"@id\":\"https:\\\/\\\/canal7slp.tv\\\/2022\\\/#\\\/schema\\\/person\\\/429704152a21f5f856ce29aa69a238da\"},\"headline\":\"Necesaria una reforma equilibrada que no criminalice la interrupci\u00f3n del embarazo, pero defienda la vida, se\u00f1ala Ricardo Gallardo.\",\"datePublished\":\"2022-09-29T23:02:35+00:00\",\"mainEntityOfPage\":{\"@id\":\"https:\\\/\\\/canal7slp.tv\\\/2022\\\/necesaria-una-reforma-equilibrada-que-no-criminalice-la-interrupcion-del-embarazo-pero-defienda-la-vida-senala-ricardo-gallardo\\\/\"},\"wordCount\":346,\"publisher\":{\"@id\":\"https:\\\/\\\/canal7slp.tv\\\/2022\\\/#organization\"},\"image\":{\"@id\":\"https:\\\/\\\/canal7slp.tv\\\/2022\\\/necesaria-una-reforma-equilibrada-que-no-criminalice-la-interrupcion-del-embarazo-pero-defienda-la-vida-senala-ricardo-gallardo\\\/#primaryimage\"},\"thumbnailUrl\":\"https:\\\/\\\/canal7slp.tv\\\/2022\\\/wp-content\\\/uploads\\\/2022\\\/09\\\/Vazquez02GoberAborto.jpg\",\"articleSection\":[\"DESTACADAS\",\"GOBEDOSLP\",\"LOCALES Y REGIONALES\"],\"inLanguage\":\"es\"},{\"@type\":\"WebPage\",\"@id\":\"https:\\\/\\\/canal7slp.tv\\\/2022\\\/necesaria-una-reforma-equilibrada-que-no-criminalice-la-interrupcion-del-embarazo-pero-defienda-la-vida-senala-ricardo-gallardo\\\/\",\"url\":\"https:\\\/\\\/canal7slp.tv\\\/2022\\\/necesaria-una-reforma-equilibrada-que-no-criminalice-la-interrupcion-del-embarazo-pero-defienda-la-vida-senala-ricardo-gallardo\\\/\",\"name\":\"Necesaria una reforma equilibrada que no criminalice la interrupci\u00f3n del embarazo, pero defienda la vida, se\u00f1ala Ricardo Gallardo. - Canal 7 SLP - 2022\",\"isPartOf\":{\"@id\":\"https:\\\/\\\/canal7slp.tv\\\/2022\\\/#website\"},\"primaryImageOfPage\":{\"@id\":\"https:\\\/\\\/canal7slp.tv\\\/2022\\\/necesaria-una-reforma-equilibrada-que-no-criminalice-la-interrupcion-del-embarazo-pero-defienda-la-vida-senala-ricardo-gallardo\\\/#primaryimage\"},\"image\":{\"@id\":\"https:\\\/\\\/canal7slp.tv\\\/2022\\\/necesaria-una-reforma-equilibrada-que-no-criminalice-la-interrupcion-del-embarazo-pero-defienda-la-vida-senala-ricardo-gallardo\\\/#primaryimage\"},\"thumbnailUrl\":\"https:\\\/\\\/canal7slp.tv\\\/2022\\\/wp-content\\\/uploads\\\/2022\\\/09\\\/Vazquez02GoberAborto.jpg\",\"datePublished\":\"2022-09-29T23:02:35+00:00\",\"breadcrumb\":{\"@id\":\"https:\\\/\\\/canal7slp.tv\\\/2022\\\/necesaria-una-reforma-equilibrada-que-no-criminalice-la-interrupcion-del-embarazo-pero-defienda-la-vida-senala-ricardo-gallardo\\\/#breadcrumb\"},\"inLanguage\":\"es\",\"potentialAction\":[{\"@type\":\"ReadAction\",\"target\":[\"https:\\\/\\\/canal7slp.tv\\\/2022\\\/necesaria-una-reforma-equilibrada-que-no-criminalice-la-interrupcion-del-embarazo-pero-defienda-la-vida-senala-ricardo-gallardo\\\/\"]}]},{\"@type\":\"ImageObject\",\"inLanguage\":\"es\",\"@id\":\"https:\\\/\\\/canal7slp.tv\\\/2022\\\/necesaria-una-reforma-equilibrada-que-no-criminalice-la-interrupcion-del-embarazo-pero-defienda-la-vida-senala-ricardo-gallardo\\\/#primaryimage\",\"url\":\"https:\\\/\\\/canal7slp.tv\\\/2022\\\/wp-content\\\/uploads\\\/2022\\\/09\\\/Vazquez02GoberAborto.jpg\",\"contentUrl\":\"https:\\\/\\\/canal7slp.tv\\\/2022\\\/wp-content\\\/uploads\\\/2022\\\/09\\\/Vazquez02GoberAborto.jpg\",\"width\":888,\"height\":500},{\"@type\":\"BreadcrumbList\",\"@id\":\"https:\\\/\\\/canal7slp.tv\\\/2022\\\/necesaria-una-reforma-equilibrada-que-no-criminalice-la-interrupcion-del-embarazo-pero-defienda-la-vida-senala-ricardo-gallardo\\\/#breadcrumb\",\"itemListElement\":[{\"@type\":\"ListItem\",\"position\":1,\"name\":\"Portada\",\"item\":\"https:\\\/\\\/canal7slp.tv\\\/2022\\\/\"},{\"@type\":\"ListItem\",\"position\":2,\"name\":\"Necesaria una reforma equilibrada que no criminalice la interrupci\u00f3n del embarazo, pero defienda la vida, se\u00f1ala Ricardo Gallardo.\"}]},{\"@type\":\"WebSite\",\"@id\":\"https:\\\/\\\/canal7slp.tv\\\/2022\\\/#website\",\"url\":\"https:\\\/\\\/canal7slp.tv\\\/2022\\\/\",\"name\":\"N7 - Noticieros Canal 7\",\"description\":\"Somos Televisi\u00f3n\",\"publisher\":{\"@id\":\"https:\\\/\\\/canal7slp.tv\\\/2022\\\/#organization\"},\"potentialAction\":[{\"@type\":\"SearchAction\",\"target\":{\"@type\":\"EntryPoint\",\"urlTemplate\":\"https:\\\/\\\/canal7slp.tv\\\/2022\\\/?s={search_term_string}\"},\"query-input\":{\"@type\":\"PropertyValueSpecification\",\"valueRequired\":true,\"valueName\":\"search_term_string\"}}],\"inLanguage\":\"es\"},{\"@type\":\"Organization\",\"@id\":\"https:\\\/\\\/canal7slp.tv\\\/2022\\\/#organization\",\"name\":\"Noticieros Canal 7\",\"url\":\"https:\\\/\\\/canal7slp.tv\\\/2022\\\/\",\"logo\":{\"@type\":\"ImageObject\",\"inLanguage\":\"es\",\"@id\":\"https:\\\/\\\/canal7slp.tv\\\/2022\\\/#\\\/schema\\\/logo\\\/image\\\/\",\"url\":\"https:\\\/\\\/canal7slp.tv\\\/2022\\\/wp-content\\\/uploads\\\/2021\\\/01\\\/logo-noticieros@2x.png\",\"contentUrl\":\"https:\\\/\\\/canal7slp.tv\\\/2022\\\/wp-content\\\/uploads\\\/2021\\\/01\\\/logo-noticieros@2x.png\",\"width\":1017,\"height\":268,\"caption\":\"Noticieros Canal 7\"},\"image\":{\"@id\":\"https:\\\/\\\/canal7slp.tv\\\/2022\\\/#\\\/schema\\\/logo\\\/image\\\/\"},\"sameAs\":[\"https:\\\/\\\/www.facebook.com\\\/noticieroscanalsiete\",\"https:\\\/\\\/x.com\\\/NOTICIEROS7\",\"https:\\\/\\\/www.instagram.com\\\/canal7_slp\",\"https:\\\/\\\/www.youtube.com\\\/channel\\\/UCliiYs-gP3JfJeqdPrNdd5A\"]},{\"@type\":\"Person\",\"@id\":\"https:\\\/\\\/canal7slp.tv\\\/2022\\\/#\\\/schema\\\/person\\\/429704152a21f5f856ce29aa69a238da\",\"name\":\"Edici\u00f3n Web\",\"image\":{\"@type\":\"ImageObject\",\"inLanguage\":\"es\",\"@id\":\"https:\\\/\\\/secure.gravatar.com\\\/avatar\\\/eee448fc3f7164808013b816ba91ac7e43bbe82a70bebac296f8bc6f0addaa1a?s=96&d=mm&r=g\",\"url\":\"https:\\\/\\\/secure.gravatar.com\\\/avatar\\\/eee448fc3f7164808013b816ba91ac7e43bbe82a70bebac296f8bc6f0addaa1a?s=96&d=mm&r=g\",\"contentUrl\":\"https:\\\/\\\/secure.gravatar.com\\\/avatar\\\/eee448fc3f7164808013b816ba91ac7e43bbe82a70bebac296f8bc6f0addaa1a?s=96&d=mm&r=g\",\"caption\":\"Edici\u00f3n Web\"},\"url\":\"https:\\\/\\\/canal7slp.tv\\\/2022\\\/author\\\/edicionweb\\\/\"}]}<\/script>\n<!-- \/ Yoast SEO plugin. -->","yoast_head_json":{"title":"Necesaria una reforma equilibrada que no criminalice la interrupci\u00f3n del embarazo, pero defienda la vida, se\u00f1ala Ricardo Gallardo. - Canal 7 SLP - 2022","robots":{"index":"index","follow":"follow","max-snippet":"max-snippet:-1","max-image-preview":"max-image-preview:large","max-video-preview":"max-video-preview:-1"},"canonical":"https:\/\/canal7slp.tv\/2022\/necesaria-una-reforma-equilibrada-que-no-criminalice-la-interrupcion-del-embarazo-pero-defienda-la-vida-senala-ricardo-gallardo\/","og_locale":"es_ES","og_type":"article","og_title":"Necesaria una reforma equilibrada que no criminalice la interrupci\u00f3n del embarazo, pero defienda la vida, se\u00f1ala Ricardo Gallardo. - Canal 7 SLP - 2022","og_description":"SLP.- El Gobernador del Estado de San Luis Potos\u00ed, Jos\u00e9 Ricardo Gallardo Cardona, habl\u00f3 sobre el tema del aborto que se exige abordar en el Congreso del Estado por parte de colectivos que buscan despenalizarlo. Y es que se\u00f1al\u00f3 que se requiere una reforma equilibrada que no criminalice a las mujeres en su derecho a decidir, pero tambi\u00e9n una donde se defienda la vida. \u00abCon una buena reforma y un buen consejo entre las dos partes, regularmente las reformas se construyen para tratar de quitar delitos o para agravarlos, entonces, s\u00ed tenemos que cuidar lo que va a construir el [&hellip;]","og_url":"https:\/\/canal7slp.tv\/2022\/necesaria-una-reforma-equilibrada-que-no-criminalice-la-interrupcion-del-embarazo-pero-defienda-la-vida-senala-ricardo-gallardo\/","og_site_name":"Canal 7 SLP - 2022","article_publisher":"https:\/\/www.facebook.com\/noticieroscanalsiete","article_published_time":"2022-09-29T23:02:35+00:00","og_image":[{"width":888,"height":500,"url":"https:\/\/canal7slp.tv\/2022\/wp-content\/uploads\/2022\/09\/Vazquez02GoberAborto.jpg","type":"image\/jpeg"}],"author":"Edici\u00f3n Web","twitter_card":"summary_large_image","twitter_creator":"@NOTICIEROS7","twitter_site":"@NOTICIEROS7","twitter_misc":{"Escrito por":"Edici\u00f3n Web","Tiempo de lectura":"2 minutos"},"schema":{"@context":"https:\/\/schema.org","@graph":[{"@type":"Article","@id":"https:\/\/canal7slp.tv\/2022\/necesaria-una-reforma-equilibrada-que-no-criminalice-la-interrupcion-del-embarazo-pero-defienda-la-vida-senala-ricardo-gallardo\/#article","isPartOf":{"@id":"https:\/\/canal7slp.tv\/2022\/necesaria-una-reforma-equilibrada-que-no-criminalice-la-interrupcion-del-embarazo-pero-defienda-la-vida-senala-ricardo-gallardo\/"},"author":{"name":"Edici\u00f3n Web","@id":"https:\/\/canal7slp.tv\/2022\/#\/schema\/person\/429704152a21f5f856ce29aa69a238da"},"headline":"Necesaria una reforma equilibrada que no criminalice la interrupci\u00f3n del embarazo, pero defienda la vida, se\u00f1ala Ricardo Gallardo.","datePublished":"2022-09-29T23:02:35+00:00","mainEntityOfPage":{"@id":"https:\/\/canal7slp.tv\/2022\/necesaria-una-reforma-equilibrada-que-no-criminalice-la-interrupcion-del-embarazo-pero-defienda-la-vida-senala-ricardo-gallardo\/"},"wordCount":346,"publisher":{"@id":"https:\/\/canal7slp.tv\/2022\/#organization"},"image":{"@id":"https:\/\/canal7slp.tv\/2022\/necesaria-una-reforma-equilibrada-que-no-criminalice-la-interrupcion-del-embarazo-pero-defienda-la-vida-senala-ricardo-gallardo\/#primaryimage"},"thumbnailUrl":"https:\/\/canal7slp.tv\/2022\/wp-content\/uploads\/2022\/09\/Vazquez02GoberAborto.jpg","articleSection":["DESTACADAS","GOBEDOSLP","LOCALES Y REGIONALES"],"inLanguage":"es"},{"@type":"WebPage","@id":"https:\/\/canal7slp.tv\/2022\/necesaria-una-reforma-equilibrada-que-no-criminalice-la-interrupcion-del-embarazo-pero-defienda-la-vida-senala-ricardo-gallardo\/","url":"https:\/\/canal7slp.tv\/2022\/necesaria-una-reforma-equilibrada-que-no-criminalice-la-interrupcion-del-embarazo-pero-defienda-la-vida-senala-ricardo-gallardo\/","name":"Necesaria una reforma equilibrada que no criminalice la interrupci\u00f3n del embarazo, pero defienda la vida, se\u00f1ala Ricardo Gallardo. - Canal 7 SLP - 2022","isPartOf":{"@id":"https:\/\/canal7slp.tv\/2022\/#website"},"primaryImageOfPage":{"@id":"https:\/\/canal7slp.tv\/2022\/necesaria-una-reforma-equilibrada-que-no-criminalice-la-interrupcion-del-embarazo-pero-defienda-la-vida-senala-ricardo-gallardo\/#primaryimage"},"image":{"@id":"https:\/\/canal7slp.tv\/2022\/necesaria-una-reforma-equilibrada-que-no-criminalice-la-interrupcion-del-embarazo-pero-defienda-la-vida-senala-ricardo-gallardo\/#primaryimage"},"thumbnailUrl":"https:\/\/canal7slp.tv\/2022\/wp-content\/uploads\/2022\/09\/Vazquez02GoberAborto.jpg","datePublished":"2022-09-29T23:02:35+00:00","breadcrumb":{"@id":"https:\/\/canal7slp.tv\/2022\/necesaria-una-reforma-equilibrada-que-no-criminalice-la-interrupcion-del-embarazo-pero-defienda-la-vida-senala-ricardo-gallardo\/#breadcrumb"},"inLanguage":"es","potentialAction":[{"@type":"ReadAction","target":["https:\/\/canal7slp.tv\/2022\/necesaria-una-reforma-equilibrada-que-no-criminalice-la-interrupcion-del-embarazo-pero-defienda-la-vida-senala-ricardo-gallardo\/"]}]},{"@type":"ImageObject","inLanguage":"es","@id":"https:\/\/canal7slp.tv\/2022\/necesaria-una-reforma-equilibrada-que-no-criminalice-la-interrupcion-del-embarazo-pero-defienda-la-vida-senala-ricardo-gallardo\/#primaryimage","url":"https:\/\/canal7slp.tv\/2022\/wp-content\/uploads\/2022\/09\/Vazquez02GoberAborto.jpg","contentUrl":"https:\/\/canal7slp.tv\/2022\/wp-content\/uploads\/2022\/09\/Vazquez02GoberAborto.jpg","width":888,"height":500},{"@type":"BreadcrumbList","@id":"https:\/\/canal7slp.tv\/2022\/necesaria-una-reforma-equilibrada-que-no-criminalice-la-interrupcion-del-embarazo-pero-defienda-la-vida-senala-ricardo-gallardo\/#breadcrumb","itemListElement":[{"@type":"ListItem","position":1,"name":"Portada","item":"https:\/\/canal7slp.tv\/2022\/"},{"@type":"ListItem","position":2,"name":"Necesaria una reforma equilibrada que no criminalice la interrupci\u00f3n del embarazo, pero defienda la vida, se\u00f1ala Ricardo Gallardo."}]},{"@type":"WebSite","@id":"https:\/\/canal7slp.tv\/2022\/#website","url":"https:\/\/canal7slp.tv\/2022\/","name":"N7 - Noticieros Canal 7","description":"Somos Televisi\u00f3n","publisher":{"@id":"https:\/\/canal7slp.tv\/2022\/#organization"},"potentialAction":[{"@type":"SearchAction","target":{"@type":"EntryPoint","urlTemplate":"https:\/\/canal7slp.tv\/2022\/?s={search_term_string}"},"query-input":{"@type":"PropertyValueSpecification","valueRequired":true,"valueName":"search_term_string"}}],"inLanguage":"es"},{"@type":"Organization","@id":"https:\/\/canal7slp.tv\/2022\/#organization","name":"Noticieros Canal 7","url":"https:\/\/canal7slp.tv\/2022\/","logo":{"@type":"ImageObject","inLanguage":"es","@id":"https:\/\/canal7slp.tv\/2022\/#\/schema\/logo\/image\/","url":"https:\/\/canal7slp.tv\/2022\/wp-content\/uploads\/2021\/01\/logo-noticieros@2x.png","contentUrl":"https:\/\/canal7slp.tv\/2022\/wp-content\/uploads\/2021\/01\/logo-noticieros@2x.png","width":1017,"height":268,"caption":"Noticieros Canal 7"},"image":{"@id":"https:\/\/canal7slp.tv\/2022\/#\/schema\/logo\/image\/"},"sameAs":["https:\/\/www.facebook.com\/noticieroscanalsiete","https:\/\/x.com\/NOTICIEROS7","https:\/\/www.instagram.com\/canal7_slp","https:\/\/www.youtube.com\/channel\/UCliiYs-gP3JfJeqdPrNdd5A"]},{"@type":"Person","@id":"https:\/\/canal7slp.tv\/2022\/#\/schema\/person\/429704152a21f5f856ce29aa69a238da","name":"Edici\u00f3n Web","image":{"@type":"ImageObject","inLanguage":"es","@id":"https:\/\/secure.gravatar.com\/avatar\/eee448fc3f7164808013b816ba91ac7e43bbe82a70bebac296f8bc6f0addaa1a?s=96&d=mm&r=g","url":"https:\/\/secure.gravatar.com\/avatar\/eee448fc3f7164808013b816ba91ac7e43bbe82a70bebac296f8bc6f0addaa1a?s=96&d=mm&r=g","contentUrl":"https:\/\/secure.gravatar.com\/avatar\/eee448fc3f7164808013b816ba91ac7e43bbe82a70bebac296f8bc6f0addaa1a?s=96&d=mm&r=g","caption":"Edici\u00f3n Web"},"url":"https:\/\/canal7slp.tv\/2022\/author\/edicionweb\/"}]}},"amp_enabled":true,"_links":{"self":[{"href":"https:\/\/canal7slp.tv\/2022\/wp-json\/wp\/v2\/posts\/74314","targetHints":{"allow":["GET"]}}],"collection":[{"href":"https:\/\/canal7slp.tv\/2022\/wp-json\/wp\/v2\/posts"}],"about":[{"href":"https:\/\/canal7slp.tv\/2022\/wp-json\/wp\/v2\/types\/post"}],"author":[{"embeddable":true,"href":"https:\/\/canal7slp.tv\/2022\/wp-json\/wp\/v2\/users\/2"}],"replies":[{"embeddable":true,"href":"https:\/\/canal7slp.tv\/2022\/wp-json\/wp\/v2\/comments?post=74314"}],"version-history":[{"count":3,"href":"https:\/\/canal7slp.tv\/2022\/wp-json\/wp\/v2\/posts\/74314\/revisions"}],"predecessor-version":[{"id":74343,"href":"https:\/\/canal7slp.tv\/2022\/wp-json\/wp\/v2\/posts\/74314\/revisions\/74343"}],"wp:featuredmedia":[{"embeddable":true,"href":"https:\/\/canal7slp.tv\/2022\/wp-json\/wp\/v2\/media\/74342"}],"wp:attachment":[{"href":"https:\/\/canal7slp.tv\/2022\/wp-json\/wp\/v2\/media?parent=74314"}],"wp:term":[{"taxonomy":"category","embeddable":true,"href":"https:\/\/canal7slp.tv\/2022\/wp-json\/wp\/v2\/categories?post=74314"},{"taxonomy":"post_tag","embeddable":true,"href":"https:\/\/canal7slp.tv\/2022\/wp-json\/wp\/v2\/tags?post=74314"}],"curies":[{"name":"wp","href":"https:\/\/api.w.org\/{rel}","templated":true}]}}