{"id":74292,"date":"2022-09-29T15:18:39","date_gmt":"2022-09-29T21:18:39","guid":{"rendered":"https:\/\/canal7slp.tv\/2022\/?p=74292"},"modified":"2022-09-29T15:18:39","modified_gmt":"2022-09-29T21:18:39","slug":"presunto-homicida-de-octavio-ocana-es-vinculado-a-proceso","status":"publish","type":"post","link":"https:\/\/canal7slp.tv\/2022\/presunto-homicida-de-octavio-ocana-es-vinculado-a-proceso\/","title":{"rendered":"Presunto homicida de Octavio Oca\u00f1a es vinculado a proceso"},"content":{"rendered":"<p style=\"text-align: justify;\">M\u00e9xico. \u2013 Ricardo Mej\u00eda Berdeja, subsecretario de Seguridad y Protecci\u00f3n Ciudadana (SSPC), detall\u00f3 que un polic\u00eda de Cuautitl\u00e1n fue vinculado a proceso al ser el presunto responsable del homicidio del actor Octavio Oca\u00f1a.<\/p>\n<p style=\"text-align: justify;\">Durante su informe \u201cCero Impunidad\u201d, el funcionario mencion\u00f3 que Leopoldo \u201cN\u201d fue detenido el 20 de septiembre del presente a\u00f1o por la Fiscal\u00eda del Estado de M\u00e9xico y la Unidad de Trabajo Antihomicidios de la SSPC.<\/p>\n<p style=\"text-align: justify;\">Se\u00f1al\u00f3 que se logr\u00f3 su vinculaci\u00f3n a proceso por los delitos de homicidio culposo y abuso de autoridad.<\/p>\n<p style=\"text-align: justify;\">Dentro de la investigaci\u00f3n, otro de los implicados, Gerardo \u00abN\u00bb, a\u00fan est\u00e1 pendiente por cumplimentar la orden de aprehensi\u00f3n en su contra.<\/p>\n","protected":false},"excerpt":{"rendered":"<p>M\u00e9xico. \u2013 Ricardo Mej\u00eda Berdeja, subsecretario de Seguridad y Protecci\u00f3n Ciudadana (SSPC), detall\u00f3 que un polic\u00eda de Cuautitl\u00e1n fue vinculado a proceso al ser el presunto responsable del homicidio del actor Octavio Oca\u00f1a. Durante su informe \u201cCero Impunidad\u201d, el funcionario mencion\u00f3 que Leopoldo \u201cN\u201d fue detenido el 20 de septiembre del presente a\u00f1o por la Fiscal\u00eda del Estado de M\u00e9xico y la Unidad de Trabajo Antihomicidios de la SSPC. Se\u00f1al\u00f3 que se logr\u00f3 su vinculaci\u00f3n a proceso por los delitos de homicidio culposo y abuso de autoridad. Dentro de la investigaci\u00f3n, otro de los implicados, Gerardo \u00abN\u00bb, a\u00fan est\u00e1 pendiente [&hellip;]<\/p>\n","protected":false},"author":2,"featured_media":74305,"comment_status":"closed","ping_status":"closed","sticky":false,"template":"","format":"standard","meta":{"footnotes":""},"categories":[46],"tags":[],"class_list":["post-74292","post","type-post","status-publish","format-standard","has-post-thumbnail","hentry","category-nacional","post--single"],"yoast_head":"<!-- This site is optimized with the Yoast SEO plugin v27.4 - https:\/\/yoast.com\/product\/yoast-seo-wordpress\/ -->\n<title>Presunto homicida de Octavio Oca\u00f1a es vinculado a proceso - Canal 7 SLP - 2022<\/title>\n<meta name=\"robots\" content=\"index, follow, max-snippet:-1, max-image-preview:large, max-video-preview:-1\" \/>\n<link rel=\"canonical\" href=\"https:\/\/canal7slp.tv\/2022\/presunto-homicida-de-octavio-ocana-es-vinculado-a-proceso\/\" \/>\n<meta property=\"og:locale\" content=\"es_ES\" \/>\n<meta property=\"og:type\" content=\"article\" \/>\n<meta property=\"og:title\" content=\"Presunto homicida de Octavio Oca\u00f1a es vinculado a proceso - Canal 7 SLP - 2022\" \/>\n<meta property=\"og:description\" content=\"M\u00e9xico. \u2013 Ricardo Mej\u00eda Berdeja, subsecretario de Seguridad y Protecci\u00f3n Ciudadana (SSPC), detall\u00f3 que un polic\u00eda de Cuautitl\u00e1n fue vinculado a proceso al ser el presunto responsable del homicidio del actor Octavio Oca\u00f1a. Durante su informe \u201cCero Impunidad\u201d, el funcionario mencion\u00f3 que Leopoldo \u201cN\u201d fue detenido el 20 de septiembre del presente a\u00f1o por la Fiscal\u00eda del Estado de M\u00e9xico y la Unidad de Trabajo Antihomicidios de la SSPC. Se\u00f1al\u00f3 que se logr\u00f3 su vinculaci\u00f3n a proceso por los delitos de homicidio culposo y abuso de autoridad. Dentro de la investigaci\u00f3n, otro de los implicados, Gerardo \u00abN\u00bb, a\u00fan est\u00e1 pendiente [&hellip;]\" \/>\n<meta property=\"og:url\" content=\"https:\/\/canal7slp.tv\/2022\/presunto-homicida-de-octavio-ocana-es-vinculado-a-proceso\/\" \/>\n<meta property=\"og:site_name\" content=\"Canal 7 SLP - 2022\" \/>\n<meta property=\"article:publisher\" content=\"https:\/\/www.facebook.com\/noticieroscanalsiete\" \/>\n<meta property=\"article:published_time\" content=\"2022-09-29T21:18:39+00:00\" \/>\n<meta property=\"og:image\" content=\"https:\/\/canal7slp.tv\/2022\/wp-content\/uploads\/2022\/09\/06-23.jpg\" \/>\n\t<meta property=\"og:image:width\" content=\"600\" \/>\n\t<meta property=\"og:image:height\" content=\"400\" \/>\n\t<meta property=\"og:image:type\" content=\"image\/jpeg\" \/>\n<meta name=\"author\" content=\"Edici\u00f3n Web\" \/>\n<meta name=\"twitter:card\" content=\"summary_large_image\" \/>\n<meta name=\"twitter:creator\" content=\"@NOTICIEROS7\" \/>\n<meta name=\"twitter:site\" content=\"@NOTICIEROS7\" \/>\n<meta name=\"twitter:label1\" content=\"Escrito por\" \/>\n\t<meta name=\"twitter:data1\" content=\"Edici\u00f3n Web\" \/>\n\t<meta name=\"twitter:label2\" content=\"Tiempo de lectura\" \/>\n\t<meta name=\"twitter:data2\" content=\"1 minuto\" \/>\n<script type=\"application\/ld+json\" class=\"yoast-schema-graph\">{\"@context\":\"https:\\\/\\\/schema.org\",\"@graph\":[{\"@type\":\"Article\",\"@id\":\"https:\\\/\\\/canal7slp.tv\\\/2022\\\/presunto-homicida-de-octavio-ocana-es-vinculado-a-proceso\\\/#article\",\"isPartOf\":{\"@id\":\"https:\\\/\\\/canal7slp.tv\\\/2022\\\/presunto-homicida-de-octavio-ocana-es-vinculado-a-proceso\\\/\"},\"author\":{\"name\":\"Edici\u00f3n Web\",\"@id\":\"https:\\\/\\\/canal7slp.tv\\\/2022\\\/#\\\/schema\\\/person\\\/429704152a21f5f856ce29aa69a238da\"},\"headline\":\"Presunto homicida de Octavio Oca\u00f1a es vinculado a proceso\",\"datePublished\":\"2022-09-29T21:18:39+00:00\",\"mainEntityOfPage\":{\"@id\":\"https:\\\/\\\/canal7slp.tv\\\/2022\\\/presunto-homicida-de-octavio-ocana-es-vinculado-a-proceso\\\/\"},\"wordCount\":131,\"publisher\":{\"@id\":\"https:\\\/\\\/canal7slp.tv\\\/2022\\\/#organization\"},\"image\":{\"@id\":\"https:\\\/\\\/canal7slp.tv\\\/2022\\\/presunto-homicida-de-octavio-ocana-es-vinculado-a-proceso\\\/#primaryimage\"},\"thumbnailUrl\":\"https:\\\/\\\/canal7slp.tv\\\/2022\\\/wp-content\\\/uploads\\\/2022\\\/09\\\/06-23.jpg\",\"articleSection\":[\"NACIONALES\"],\"inLanguage\":\"es\"},{\"@type\":\"WebPage\",\"@id\":\"https:\\\/\\\/canal7slp.tv\\\/2022\\\/presunto-homicida-de-octavio-ocana-es-vinculado-a-proceso\\\/\",\"url\":\"https:\\\/\\\/canal7slp.tv\\\/2022\\\/presunto-homicida-de-octavio-ocana-es-vinculado-a-proceso\\\/\",\"name\":\"Presunto homicida de Octavio Oca\u00f1a es vinculado a proceso - Canal 7 SLP - 2022\",\"isPartOf\":{\"@id\":\"https:\\\/\\\/canal7slp.tv\\\/2022\\\/#website\"},\"primaryImageOfPage\":{\"@id\":\"https:\\\/\\\/canal7slp.tv\\\/2022\\\/presunto-homicida-de-octavio-ocana-es-vinculado-a-proceso\\\/#primaryimage\"},\"image\":{\"@id\":\"https:\\\/\\\/canal7slp.tv\\\/2022\\\/presunto-homicida-de-octavio-ocana-es-vinculado-a-proceso\\\/#primaryimage\"},\"thumbnailUrl\":\"https:\\\/\\\/canal7slp.tv\\\/2022\\\/wp-content\\\/uploads\\\/2022\\\/09\\\/06-23.jpg\",\"datePublished\":\"2022-09-29T21:18:39+00:00\",\"breadcrumb\":{\"@id\":\"https:\\\/\\\/canal7slp.tv\\\/2022\\\/presunto-homicida-de-octavio-ocana-es-vinculado-a-proceso\\\/#breadcrumb\"},\"inLanguage\":\"es\",\"potentialAction\":[{\"@type\":\"ReadAction\",\"target\":[\"https:\\\/\\\/canal7slp.tv\\\/2022\\\/presunto-homicida-de-octavio-ocana-es-vinculado-a-proceso\\\/\"]}]},{\"@type\":\"ImageObject\",\"inLanguage\":\"es\",\"@id\":\"https:\\\/\\\/canal7slp.tv\\\/2022\\\/presunto-homicida-de-octavio-ocana-es-vinculado-a-proceso\\\/#primaryimage\",\"url\":\"https:\\\/\\\/canal7slp.tv\\\/2022\\\/wp-content\\\/uploads\\\/2022\\\/09\\\/06-23.jpg\",\"contentUrl\":\"https:\\\/\\\/canal7slp.tv\\\/2022\\\/wp-content\\\/uploads\\\/2022\\\/09\\\/06-23.jpg\",\"width\":600,\"height\":400},{\"@type\":\"BreadcrumbList\",\"@id\":\"https:\\\/\\\/canal7slp.tv\\\/2022\\\/presunto-homicida-de-octavio-ocana-es-vinculado-a-proceso\\\/#breadcrumb\",\"itemListElement\":[{\"@type\":\"ListItem\",\"position\":1,\"name\":\"Portada\",\"item\":\"https:\\\/\\\/canal7slp.tv\\\/2022\\\/\"},{\"@type\":\"ListItem\",\"position\":2,\"name\":\"Presunto homicida de Octavio Oca\u00f1a es vinculado a proceso\"}]},{\"@type\":\"WebSite\",\"@id\":\"https:\\\/\\\/canal7slp.tv\\\/2022\\\/#website\",\"url\":\"https:\\\/\\\/canal7slp.tv\\\/2022\\\/\",\"name\":\"N7 - Noticieros Canal 7\",\"description\":\"Somos Televisi\u00f3n\",\"publisher\":{\"@id\":\"https:\\\/\\\/canal7slp.tv\\\/2022\\\/#organization\"},\"potentialAction\":[{\"@type\":\"SearchAction\",\"target\":{\"@type\":\"EntryPoint\",\"urlTemplate\":\"https:\\\/\\\/canal7slp.tv\\\/2022\\\/?s={search_term_string}\"},\"query-input\":{\"@type\":\"PropertyValueSpecification\",\"valueRequired\":true,\"valueName\":\"search_term_string\"}}],\"inLanguage\":\"es\"},{\"@type\":\"Organization\",\"@id\":\"https:\\\/\\\/canal7slp.tv\\\/2022\\\/#organization\",\"name\":\"Noticieros Canal 7\",\"url\":\"https:\\\/\\\/canal7slp.tv\\\/2022\\\/\",\"logo\":{\"@type\":\"ImageObject\",\"inLanguage\":\"es\",\"@id\":\"https:\\\/\\\/canal7slp.tv\\\/2022\\\/#\\\/schema\\\/logo\\\/image\\\/\",\"url\":\"https:\\\/\\\/canal7slp.tv\\\/2022\\\/wp-content\\\/uploads\\\/2021\\\/01\\\/logo-noticieros@2x.png\",\"contentUrl\":\"https:\\\/\\\/canal7slp.tv\\\/2022\\\/wp-content\\\/uploads\\\/2021\\\/01\\\/logo-noticieros@2x.png\",\"width\":1017,\"height\":268,\"caption\":\"Noticieros Canal 7\"},\"image\":{\"@id\":\"https:\\\/\\\/canal7slp.tv\\\/2022\\\/#\\\/schema\\\/logo\\\/image\\\/\"},\"sameAs\":[\"https:\\\/\\\/www.facebook.com\\\/noticieroscanalsiete\",\"https:\\\/\\\/x.com\\\/NOTICIEROS7\",\"https:\\\/\\\/www.instagram.com\\\/canal7_slp\",\"https:\\\/\\\/www.youtube.com\\\/channel\\\/UCliiYs-gP3JfJeqdPrNdd5A\"]},{\"@type\":\"Person\",\"@id\":\"https:\\\/\\\/canal7slp.tv\\\/2022\\\/#\\\/schema\\\/person\\\/429704152a21f5f856ce29aa69a238da\",\"name\":\"Edici\u00f3n Web\",\"image\":{\"@type\":\"ImageObject\",\"inLanguage\":\"es\",\"@id\":\"https:\\\/\\\/secure.gravatar.com\\\/avatar\\\/eee448fc3f7164808013b816ba91ac7e43bbe82a70bebac296f8bc6f0addaa1a?s=96&d=mm&r=g\",\"url\":\"https:\\\/\\\/secure.gravatar.com\\\/avatar\\\/eee448fc3f7164808013b816ba91ac7e43bbe82a70bebac296f8bc6f0addaa1a?s=96&d=mm&r=g\",\"contentUrl\":\"https:\\\/\\\/secure.gravatar.com\\\/avatar\\\/eee448fc3f7164808013b816ba91ac7e43bbe82a70bebac296f8bc6f0addaa1a?s=96&d=mm&r=g\",\"caption\":\"Edici\u00f3n Web\"},\"url\":\"https:\\\/\\\/canal7slp.tv\\\/2022\\\/author\\\/edicionweb\\\/\"}]}<\/script>\n<!-- \/ Yoast SEO plugin. -->","yoast_head_json":{"title":"Presunto homicida de Octavio Oca\u00f1a es vinculado a proceso - Canal 7 SLP - 2022","robots":{"index":"index","follow":"follow","max-snippet":"max-snippet:-1","max-image-preview":"max-image-preview:large","max-video-preview":"max-video-preview:-1"},"canonical":"https:\/\/canal7slp.tv\/2022\/presunto-homicida-de-octavio-ocana-es-vinculado-a-proceso\/","og_locale":"es_ES","og_type":"article","og_title":"Presunto homicida de Octavio Oca\u00f1a es vinculado a proceso - Canal 7 SLP - 2022","og_description":"M\u00e9xico. \u2013 Ricardo Mej\u00eda Berdeja, subsecretario de Seguridad y Protecci\u00f3n Ciudadana (SSPC), detall\u00f3 que un polic\u00eda de Cuautitl\u00e1n fue vinculado a proceso al ser el presunto responsable del homicidio del actor Octavio Oca\u00f1a. Durante su informe \u201cCero Impunidad\u201d, el funcionario mencion\u00f3 que Leopoldo \u201cN\u201d fue detenido el 20 de septiembre del presente a\u00f1o por la Fiscal\u00eda del Estado de M\u00e9xico y la Unidad de Trabajo Antihomicidios de la SSPC. Se\u00f1al\u00f3 que se logr\u00f3 su vinculaci\u00f3n a proceso por los delitos de homicidio culposo y abuso de autoridad. Dentro de la investigaci\u00f3n, otro de los implicados, Gerardo \u00abN\u00bb, a\u00fan est\u00e1 pendiente [&hellip;]","og_url":"https:\/\/canal7slp.tv\/2022\/presunto-homicida-de-octavio-ocana-es-vinculado-a-proceso\/","og_site_name":"Canal 7 SLP - 2022","article_publisher":"https:\/\/www.facebook.com\/noticieroscanalsiete","article_published_time":"2022-09-29T21:18:39+00:00","og_image":[{"width":600,"height":400,"url":"https:\/\/canal7slp.tv\/2022\/wp-content\/uploads\/2022\/09\/06-23.jpg","type":"image\/jpeg"}],"author":"Edici\u00f3n Web","twitter_card":"summary_large_image","twitter_creator":"@NOTICIEROS7","twitter_site":"@NOTICIEROS7","twitter_misc":{"Escrito por":"Edici\u00f3n Web","Tiempo de lectura":"1 minuto"},"schema":{"@context":"https:\/\/schema.org","@graph":[{"@type":"Article","@id":"https:\/\/canal7slp.tv\/2022\/presunto-homicida-de-octavio-ocana-es-vinculado-a-proceso\/#article","isPartOf":{"@id":"https:\/\/canal7slp.tv\/2022\/presunto-homicida-de-octavio-ocana-es-vinculado-a-proceso\/"},"author":{"name":"Edici\u00f3n Web","@id":"https:\/\/canal7slp.tv\/2022\/#\/schema\/person\/429704152a21f5f856ce29aa69a238da"},"headline":"Presunto homicida de Octavio Oca\u00f1a es vinculado a proceso","datePublished":"2022-09-29T21:18:39+00:00","mainEntityOfPage":{"@id":"https:\/\/canal7slp.tv\/2022\/presunto-homicida-de-octavio-ocana-es-vinculado-a-proceso\/"},"wordCount":131,"publisher":{"@id":"https:\/\/canal7slp.tv\/2022\/#organization"},"image":{"@id":"https:\/\/canal7slp.tv\/2022\/presunto-homicida-de-octavio-ocana-es-vinculado-a-proceso\/#primaryimage"},"thumbnailUrl":"https:\/\/canal7slp.tv\/2022\/wp-content\/uploads\/2022\/09\/06-23.jpg","articleSection":["NACIONALES"],"inLanguage":"es"},{"@type":"WebPage","@id":"https:\/\/canal7slp.tv\/2022\/presunto-homicida-de-octavio-ocana-es-vinculado-a-proceso\/","url":"https:\/\/canal7slp.tv\/2022\/presunto-homicida-de-octavio-ocana-es-vinculado-a-proceso\/","name":"Presunto homicida de Octavio Oca\u00f1a es vinculado a proceso - Canal 7 SLP - 2022","isPartOf":{"@id":"https:\/\/canal7slp.tv\/2022\/#website"},"primaryImageOfPage":{"@id":"https:\/\/canal7slp.tv\/2022\/presunto-homicida-de-octavio-ocana-es-vinculado-a-proceso\/#primaryimage"},"image":{"@id":"https:\/\/canal7slp.tv\/2022\/presunto-homicida-de-octavio-ocana-es-vinculado-a-proceso\/#primaryimage"},"thumbnailUrl":"https:\/\/canal7slp.tv\/2022\/wp-content\/uploads\/2022\/09\/06-23.jpg","datePublished":"2022-09-29T21:18:39+00:00","breadcrumb":{"@id":"https:\/\/canal7slp.tv\/2022\/presunto-homicida-de-octavio-ocana-es-vinculado-a-proceso\/#breadcrumb"},"inLanguage":"es","potentialAction":[{"@type":"ReadAction","target":["https:\/\/canal7slp.tv\/2022\/presunto-homicida-de-octavio-ocana-es-vinculado-a-proceso\/"]}]},{"@type":"ImageObject","inLanguage":"es","@id":"https:\/\/canal7slp.tv\/2022\/presunto-homicida-de-octavio-ocana-es-vinculado-a-proceso\/#primaryimage","url":"https:\/\/canal7slp.tv\/2022\/wp-content\/uploads\/2022\/09\/06-23.jpg","contentUrl":"https:\/\/canal7slp.tv\/2022\/wp-content\/uploads\/2022\/09\/06-23.jpg","width":600,"height":400},{"@type":"BreadcrumbList","@id":"https:\/\/canal7slp.tv\/2022\/presunto-homicida-de-octavio-ocana-es-vinculado-a-proceso\/#breadcrumb","itemListElement":[{"@type":"ListItem","position":1,"name":"Portada","item":"https:\/\/canal7slp.tv\/2022\/"},{"@type":"ListItem","position":2,"name":"Presunto homicida de Octavio Oca\u00f1a es vinculado a proceso"}]},{"@type":"WebSite","@id":"https:\/\/canal7slp.tv\/2022\/#website","url":"https:\/\/canal7slp.tv\/2022\/","name":"N7 - Noticieros Canal 7","description":"Somos Televisi\u00f3n","publisher":{"@id":"https:\/\/canal7slp.tv\/2022\/#organization"},"potentialAction":[{"@type":"SearchAction","target":{"@type":"EntryPoint","urlTemplate":"https:\/\/canal7slp.tv\/2022\/?s={search_term_string}"},"query-input":{"@type":"PropertyValueSpecification","valueRequired":true,"valueName":"search_term_string"}}],"inLanguage":"es"},{"@type":"Organization","@id":"https:\/\/canal7slp.tv\/2022\/#organization","name":"Noticieros Canal 7","url":"https:\/\/canal7slp.tv\/2022\/","logo":{"@type":"ImageObject","inLanguage":"es","@id":"https:\/\/canal7slp.tv\/2022\/#\/schema\/logo\/image\/","url":"https:\/\/canal7slp.tv\/2022\/wp-content\/uploads\/2021\/01\/logo-noticieros@2x.png","contentUrl":"https:\/\/canal7slp.tv\/2022\/wp-content\/uploads\/2021\/01\/logo-noticieros@2x.png","width":1017,"height":268,"caption":"Noticieros Canal 7"},"image":{"@id":"https:\/\/canal7slp.tv\/2022\/#\/schema\/logo\/image\/"},"sameAs":["https:\/\/www.facebook.com\/noticieroscanalsiete","https:\/\/x.com\/NOTICIEROS7","https:\/\/www.instagram.com\/canal7_slp","https:\/\/www.youtube.com\/channel\/UCliiYs-gP3JfJeqdPrNdd5A"]},{"@type":"Person","@id":"https:\/\/canal7slp.tv\/2022\/#\/schema\/person\/429704152a21f5f856ce29aa69a238da","name":"Edici\u00f3n Web","image":{"@type":"ImageObject","inLanguage":"es","@id":"https:\/\/secure.gravatar.com\/avatar\/eee448fc3f7164808013b816ba91ac7e43bbe82a70bebac296f8bc6f0addaa1a?s=96&d=mm&r=g","url":"https:\/\/secure.gravatar.com\/avatar\/eee448fc3f7164808013b816ba91ac7e43bbe82a70bebac296f8bc6f0addaa1a?s=96&d=mm&r=g","contentUrl":"https:\/\/secure.gravatar.com\/avatar\/eee448fc3f7164808013b816ba91ac7e43bbe82a70bebac296f8bc6f0addaa1a?s=96&d=mm&r=g","caption":"Edici\u00f3n Web"},"url":"https:\/\/canal7slp.tv\/2022\/author\/edicionweb\/"}]}},"amp_enabled":true,"_links":{"self":[{"href":"https:\/\/canal7slp.tv\/2022\/wp-json\/wp\/v2\/posts\/74292","targetHints":{"allow":["GET"]}}],"collection":[{"href":"https:\/\/canal7slp.tv\/2022\/wp-json\/wp\/v2\/posts"}],"about":[{"href":"https:\/\/canal7slp.tv\/2022\/wp-json\/wp\/v2\/types\/post"}],"author":[{"embeddable":true,"href":"https:\/\/canal7slp.tv\/2022\/wp-json\/wp\/v2\/users\/2"}],"replies":[{"embeddable":true,"href":"https:\/\/canal7slp.tv\/2022\/wp-json\/wp\/v2\/comments?post=74292"}],"version-history":[{"count":2,"href":"https:\/\/canal7slp.tv\/2022\/wp-json\/wp\/v2\/posts\/74292\/revisions"}],"predecessor-version":[{"id":74307,"href":"https:\/\/canal7slp.tv\/2022\/wp-json\/wp\/v2\/posts\/74292\/revisions\/74307"}],"wp:featuredmedia":[{"embeddable":true,"href":"https:\/\/canal7slp.tv\/2022\/wp-json\/wp\/v2\/media\/74305"}],"wp:attachment":[{"href":"https:\/\/canal7slp.tv\/2022\/wp-json\/wp\/v2\/media?parent=74292"}],"wp:term":[{"taxonomy":"category","embeddable":true,"href":"https:\/\/canal7slp.tv\/2022\/wp-json\/wp\/v2\/categories?post=74292"},{"taxonomy":"post_tag","embeddable":true,"href":"https:\/\/canal7slp.tv\/2022\/wp-json\/wp\/v2\/tags?post=74292"}],"curies":[{"name":"wp","href":"https:\/\/api.w.org\/{rel}","templated":true}]}}