{"id":74291,"date":"2022-09-29T15:18:39","date_gmt":"2022-09-29T21:18:39","guid":{"rendered":"https:\/\/canal7slp.tv\/2022\/?p=74291"},"modified":"2022-09-29T15:18:39","modified_gmt":"2022-09-29T21:18:39","slug":"amlo-ofrece-surtir-gas-natural-a-alemania","status":"publish","type":"post","link":"https:\/\/canal7slp.tv\/2022\/amlo-ofrece-surtir-gas-natural-a-alemania\/","title":{"rendered":"AMLO ofrece surtir Gas Natural a Alemania"},"content":{"rendered":"<p style=\"text-align: justify;\">M\u00e9xico. \u2013 Ante los problemas aprovisionamiento por el conflicto con Rusia, Andr\u00e9s Manuel L\u00f3pez Obrador, presidente de M\u00e9xico, revel\u00f3 que ofreci\u00f3 a su homologo alem\u00e1n &#8211; Frank-Walter Steinmeier- abastecer a Alemania con gas natural de M\u00e9xico.<\/p>\n<p style=\"text-align: justify;\">Con esto, el mandatario estima cubrir el 30% de las necesidades del combustible.<\/p>\n<p style=\"text-align: justify;\">\u201cAhora que estuvo el presidente de Alemania le planteamos que, no por cuestiones comerciales, sino para apoyar, como lo hacemos con todos, podr\u00edamos enviar gas, tenemos gas\u201d, declar\u00f3.<\/p>\n<p style=\"text-align: justify;\">L\u00f3pez Obrador reconoci\u00f3 \u00abque llevar\u00eda tiempo\u00bb porque M\u00e9xico necesita la construcci\u00f3n de dos plantas de licuefacci\u00f3n para congelar el gas y mandarlo.<\/p>\n<p style=\"text-align: justify;\">\u201cEn el mismo barco el gas se congela y se lleva y all\u00e1 se regasifica en el puerto donde hay el ducto, o sea, ya se ha avanzado en eso. De todas maneras, ellos tendr\u00edan que hacer el acuerdo con esta empresa estadounidense, pero nosotros s\u00ed tenemos disponibilidad de gas\u201d, agreg\u00f3.<\/p>\n","protected":false},"excerpt":{"rendered":"<p>M\u00e9xico. \u2013 Ante los problemas aprovisionamiento por el conflicto con Rusia, Andr\u00e9s Manuel L\u00f3pez Obrador, presidente de M\u00e9xico, revel\u00f3 que ofreci\u00f3 a su homologo alem\u00e1n &#8211; Frank-Walter Steinmeier- abastecer a Alemania con gas natural de M\u00e9xico. Con esto, el mandatario estima cubrir el 30% de las necesidades del combustible. \u201cAhora que estuvo el presidente de Alemania le planteamos que, no por cuestiones comerciales, sino para apoyar, como lo hacemos con todos, podr\u00edamos enviar gas, tenemos gas\u201d, declar\u00f3. L\u00f3pez Obrador reconoci\u00f3 \u00abque llevar\u00eda tiempo\u00bb porque M\u00e9xico necesita la construcci\u00f3n de dos plantas de licuefacci\u00f3n para congelar el gas y mandarlo. \u201cEn [&hellip;]<\/p>\n","protected":false},"author":2,"featured_media":74303,"comment_status":"closed","ping_status":"closed","sticky":false,"template":"","format":"standard","meta":{"footnotes":""},"categories":[46],"tags":[],"class_list":["post-74291","post","type-post","status-publish","format-standard","has-post-thumbnail","hentry","category-nacional","post--single"],"yoast_head":"<!-- This site is optimized with the Yoast SEO plugin v27.4 - https:\/\/yoast.com\/product\/yoast-seo-wordpress\/ -->\n<title>AMLO ofrece surtir Gas Natural a Alemania - Canal 7 SLP - 2022<\/title>\n<meta name=\"robots\" content=\"index, follow, max-snippet:-1, max-image-preview:large, max-video-preview:-1\" \/>\n<link rel=\"canonical\" href=\"https:\/\/canal7slp.tv\/2022\/amlo-ofrece-surtir-gas-natural-a-alemania\/\" \/>\n<meta property=\"og:locale\" content=\"es_ES\" \/>\n<meta property=\"og:type\" content=\"article\" \/>\n<meta property=\"og:title\" content=\"AMLO ofrece surtir Gas Natural a Alemania - Canal 7 SLP - 2022\" \/>\n<meta property=\"og:description\" content=\"M\u00e9xico. \u2013 Ante los problemas aprovisionamiento por el conflicto con Rusia, Andr\u00e9s Manuel L\u00f3pez Obrador, presidente de M\u00e9xico, revel\u00f3 que ofreci\u00f3 a su homologo alem\u00e1n &#8211; Frank-Walter Steinmeier- abastecer a Alemania con gas natural de M\u00e9xico. Con esto, el mandatario estima cubrir el 30% de las necesidades del combustible. \u201cAhora que estuvo el presidente de Alemania le planteamos que, no por cuestiones comerciales, sino para apoyar, como lo hacemos con todos, podr\u00edamos enviar gas, tenemos gas\u201d, declar\u00f3. L\u00f3pez Obrador reconoci\u00f3 \u00abque llevar\u00eda tiempo\u00bb porque M\u00e9xico necesita la construcci\u00f3n de dos plantas de licuefacci\u00f3n para congelar el gas y mandarlo. \u201cEn [&hellip;]\" \/>\n<meta property=\"og:url\" content=\"https:\/\/canal7slp.tv\/2022\/amlo-ofrece-surtir-gas-natural-a-alemania\/\" \/>\n<meta property=\"og:site_name\" content=\"Canal 7 SLP - 2022\" \/>\n<meta property=\"article:publisher\" content=\"https:\/\/www.facebook.com\/noticieroscanalsiete\" \/>\n<meta property=\"article:published_time\" content=\"2022-09-29T21:18:39+00:00\" \/>\n<meta property=\"og:image\" content=\"https:\/\/canal7slp.tv\/2022\/wp-content\/uploads\/2022\/09\/05-23.jpg\" \/>\n\t<meta property=\"og:image:width\" content=\"700\" \/>\n\t<meta property=\"og:image:height\" content=\"397\" \/>\n\t<meta property=\"og:image:type\" content=\"image\/jpeg\" \/>\n<meta name=\"author\" content=\"Edici\u00f3n Web\" \/>\n<meta name=\"twitter:card\" content=\"summary_large_image\" \/>\n<meta name=\"twitter:creator\" content=\"@NOTICIEROS7\" \/>\n<meta name=\"twitter:site\" content=\"@NOTICIEROS7\" \/>\n<meta name=\"twitter:label1\" content=\"Escrito por\" \/>\n\t<meta name=\"twitter:data1\" content=\"Edici\u00f3n Web\" \/>\n\t<meta name=\"twitter:label2\" content=\"Tiempo de lectura\" \/>\n\t<meta name=\"twitter:data2\" content=\"1 minuto\" \/>\n<script type=\"application\/ld+json\" class=\"yoast-schema-graph\">{\"@context\":\"https:\\\/\\\/schema.org\",\"@graph\":[{\"@type\":\"Article\",\"@id\":\"https:\\\/\\\/canal7slp.tv\\\/2022\\\/amlo-ofrece-surtir-gas-natural-a-alemania\\\/#article\",\"isPartOf\":{\"@id\":\"https:\\\/\\\/canal7slp.tv\\\/2022\\\/amlo-ofrece-surtir-gas-natural-a-alemania\\\/\"},\"author\":{\"name\":\"Edici\u00f3n Web\",\"@id\":\"https:\\\/\\\/canal7slp.tv\\\/2022\\\/#\\\/schema\\\/person\\\/429704152a21f5f856ce29aa69a238da\"},\"headline\":\"AMLO ofrece surtir Gas Natural a Alemania\",\"datePublished\":\"2022-09-29T21:18:39+00:00\",\"mainEntityOfPage\":{\"@id\":\"https:\\\/\\\/canal7slp.tv\\\/2022\\\/amlo-ofrece-surtir-gas-natural-a-alemania\\\/\"},\"wordCount\":168,\"publisher\":{\"@id\":\"https:\\\/\\\/canal7slp.tv\\\/2022\\\/#organization\"},\"image\":{\"@id\":\"https:\\\/\\\/canal7slp.tv\\\/2022\\\/amlo-ofrece-surtir-gas-natural-a-alemania\\\/#primaryimage\"},\"thumbnailUrl\":\"https:\\\/\\\/canal7slp.tv\\\/2022\\\/wp-content\\\/uploads\\\/2022\\\/09\\\/05-23.jpg\",\"articleSection\":[\"NACIONALES\"],\"inLanguage\":\"es\"},{\"@type\":\"WebPage\",\"@id\":\"https:\\\/\\\/canal7slp.tv\\\/2022\\\/amlo-ofrece-surtir-gas-natural-a-alemania\\\/\",\"url\":\"https:\\\/\\\/canal7slp.tv\\\/2022\\\/amlo-ofrece-surtir-gas-natural-a-alemania\\\/\",\"name\":\"AMLO ofrece surtir Gas Natural a Alemania - Canal 7 SLP - 2022\",\"isPartOf\":{\"@id\":\"https:\\\/\\\/canal7slp.tv\\\/2022\\\/#website\"},\"primaryImageOfPage\":{\"@id\":\"https:\\\/\\\/canal7slp.tv\\\/2022\\\/amlo-ofrece-surtir-gas-natural-a-alemania\\\/#primaryimage\"},\"image\":{\"@id\":\"https:\\\/\\\/canal7slp.tv\\\/2022\\\/amlo-ofrece-surtir-gas-natural-a-alemania\\\/#primaryimage\"},\"thumbnailUrl\":\"https:\\\/\\\/canal7slp.tv\\\/2022\\\/wp-content\\\/uploads\\\/2022\\\/09\\\/05-23.jpg\",\"datePublished\":\"2022-09-29T21:18:39+00:00\",\"breadcrumb\":{\"@id\":\"https:\\\/\\\/canal7slp.tv\\\/2022\\\/amlo-ofrece-surtir-gas-natural-a-alemania\\\/#breadcrumb\"},\"inLanguage\":\"es\",\"potentialAction\":[{\"@type\":\"ReadAction\",\"target\":[\"https:\\\/\\\/canal7slp.tv\\\/2022\\\/amlo-ofrece-surtir-gas-natural-a-alemania\\\/\"]}]},{\"@type\":\"ImageObject\",\"inLanguage\":\"es\",\"@id\":\"https:\\\/\\\/canal7slp.tv\\\/2022\\\/amlo-ofrece-surtir-gas-natural-a-alemania\\\/#primaryimage\",\"url\":\"https:\\\/\\\/canal7slp.tv\\\/2022\\\/wp-content\\\/uploads\\\/2022\\\/09\\\/05-23.jpg\",\"contentUrl\":\"https:\\\/\\\/canal7slp.tv\\\/2022\\\/wp-content\\\/uploads\\\/2022\\\/09\\\/05-23.jpg\",\"width\":700,\"height\":397},{\"@type\":\"BreadcrumbList\",\"@id\":\"https:\\\/\\\/canal7slp.tv\\\/2022\\\/amlo-ofrece-surtir-gas-natural-a-alemania\\\/#breadcrumb\",\"itemListElement\":[{\"@type\":\"ListItem\",\"position\":1,\"name\":\"Portada\",\"item\":\"https:\\\/\\\/canal7slp.tv\\\/2022\\\/\"},{\"@type\":\"ListItem\",\"position\":2,\"name\":\"AMLO ofrece surtir Gas Natural a Alemania\"}]},{\"@type\":\"WebSite\",\"@id\":\"https:\\\/\\\/canal7slp.tv\\\/2022\\\/#website\",\"url\":\"https:\\\/\\\/canal7slp.tv\\\/2022\\\/\",\"name\":\"N7 - Noticieros Canal 7\",\"description\":\"Somos Televisi\u00f3n\",\"publisher\":{\"@id\":\"https:\\\/\\\/canal7slp.tv\\\/2022\\\/#organization\"},\"potentialAction\":[{\"@type\":\"SearchAction\",\"target\":{\"@type\":\"EntryPoint\",\"urlTemplate\":\"https:\\\/\\\/canal7slp.tv\\\/2022\\\/?s={search_term_string}\"},\"query-input\":{\"@type\":\"PropertyValueSpecification\",\"valueRequired\":true,\"valueName\":\"search_term_string\"}}],\"inLanguage\":\"es\"},{\"@type\":\"Organization\",\"@id\":\"https:\\\/\\\/canal7slp.tv\\\/2022\\\/#organization\",\"name\":\"Noticieros Canal 7\",\"url\":\"https:\\\/\\\/canal7slp.tv\\\/2022\\\/\",\"logo\":{\"@type\":\"ImageObject\",\"inLanguage\":\"es\",\"@id\":\"https:\\\/\\\/canal7slp.tv\\\/2022\\\/#\\\/schema\\\/logo\\\/image\\\/\",\"url\":\"https:\\\/\\\/canal7slp.tv\\\/2022\\\/wp-content\\\/uploads\\\/2021\\\/01\\\/logo-noticieros@2x.png\",\"contentUrl\":\"https:\\\/\\\/canal7slp.tv\\\/2022\\\/wp-content\\\/uploads\\\/2021\\\/01\\\/logo-noticieros@2x.png\",\"width\":1017,\"height\":268,\"caption\":\"Noticieros Canal 7\"},\"image\":{\"@id\":\"https:\\\/\\\/canal7slp.tv\\\/2022\\\/#\\\/schema\\\/logo\\\/image\\\/\"},\"sameAs\":[\"https:\\\/\\\/www.facebook.com\\\/noticieroscanalsiete\",\"https:\\\/\\\/x.com\\\/NOTICIEROS7\",\"https:\\\/\\\/www.instagram.com\\\/canal7_slp\",\"https:\\\/\\\/www.youtube.com\\\/channel\\\/UCliiYs-gP3JfJeqdPrNdd5A\"]},{\"@type\":\"Person\",\"@id\":\"https:\\\/\\\/canal7slp.tv\\\/2022\\\/#\\\/schema\\\/person\\\/429704152a21f5f856ce29aa69a238da\",\"name\":\"Edici\u00f3n Web\",\"image\":{\"@type\":\"ImageObject\",\"inLanguage\":\"es\",\"@id\":\"https:\\\/\\\/secure.gravatar.com\\\/avatar\\\/eee448fc3f7164808013b816ba91ac7e43bbe82a70bebac296f8bc6f0addaa1a?s=96&d=mm&r=g\",\"url\":\"https:\\\/\\\/secure.gravatar.com\\\/avatar\\\/eee448fc3f7164808013b816ba91ac7e43bbe82a70bebac296f8bc6f0addaa1a?s=96&d=mm&r=g\",\"contentUrl\":\"https:\\\/\\\/secure.gravatar.com\\\/avatar\\\/eee448fc3f7164808013b816ba91ac7e43bbe82a70bebac296f8bc6f0addaa1a?s=96&d=mm&r=g\",\"caption\":\"Edici\u00f3n Web\"},\"url\":\"https:\\\/\\\/canal7slp.tv\\\/2022\\\/author\\\/edicionweb\\\/\"}]}<\/script>\n<!-- \/ Yoast SEO plugin. -->","yoast_head_json":{"title":"AMLO ofrece surtir Gas Natural a Alemania - Canal 7 SLP - 2022","robots":{"index":"index","follow":"follow","max-snippet":"max-snippet:-1","max-image-preview":"max-image-preview:large","max-video-preview":"max-video-preview:-1"},"canonical":"https:\/\/canal7slp.tv\/2022\/amlo-ofrece-surtir-gas-natural-a-alemania\/","og_locale":"es_ES","og_type":"article","og_title":"AMLO ofrece surtir Gas Natural a Alemania - Canal 7 SLP - 2022","og_description":"M\u00e9xico. \u2013 Ante los problemas aprovisionamiento por el conflicto con Rusia, Andr\u00e9s Manuel L\u00f3pez Obrador, presidente de M\u00e9xico, revel\u00f3 que ofreci\u00f3 a su homologo alem\u00e1n &#8211; Frank-Walter Steinmeier- abastecer a Alemania con gas natural de M\u00e9xico. Con esto, el mandatario estima cubrir el 30% de las necesidades del combustible. \u201cAhora que estuvo el presidente de Alemania le planteamos que, no por cuestiones comerciales, sino para apoyar, como lo hacemos con todos, podr\u00edamos enviar gas, tenemos gas\u201d, declar\u00f3. L\u00f3pez Obrador reconoci\u00f3 \u00abque llevar\u00eda tiempo\u00bb porque M\u00e9xico necesita la construcci\u00f3n de dos plantas de licuefacci\u00f3n para congelar el gas y mandarlo. \u201cEn [&hellip;]","og_url":"https:\/\/canal7slp.tv\/2022\/amlo-ofrece-surtir-gas-natural-a-alemania\/","og_site_name":"Canal 7 SLP - 2022","article_publisher":"https:\/\/www.facebook.com\/noticieroscanalsiete","article_published_time":"2022-09-29T21:18:39+00:00","og_image":[{"width":700,"height":397,"url":"https:\/\/canal7slp.tv\/2022\/wp-content\/uploads\/2022\/09\/05-23.jpg","type":"image\/jpeg"}],"author":"Edici\u00f3n Web","twitter_card":"summary_large_image","twitter_creator":"@NOTICIEROS7","twitter_site":"@NOTICIEROS7","twitter_misc":{"Escrito por":"Edici\u00f3n Web","Tiempo de lectura":"1 minuto"},"schema":{"@context":"https:\/\/schema.org","@graph":[{"@type":"Article","@id":"https:\/\/canal7slp.tv\/2022\/amlo-ofrece-surtir-gas-natural-a-alemania\/#article","isPartOf":{"@id":"https:\/\/canal7slp.tv\/2022\/amlo-ofrece-surtir-gas-natural-a-alemania\/"},"author":{"name":"Edici\u00f3n Web","@id":"https:\/\/canal7slp.tv\/2022\/#\/schema\/person\/429704152a21f5f856ce29aa69a238da"},"headline":"AMLO ofrece surtir Gas Natural a Alemania","datePublished":"2022-09-29T21:18:39+00:00","mainEntityOfPage":{"@id":"https:\/\/canal7slp.tv\/2022\/amlo-ofrece-surtir-gas-natural-a-alemania\/"},"wordCount":168,"publisher":{"@id":"https:\/\/canal7slp.tv\/2022\/#organization"},"image":{"@id":"https:\/\/canal7slp.tv\/2022\/amlo-ofrece-surtir-gas-natural-a-alemania\/#primaryimage"},"thumbnailUrl":"https:\/\/canal7slp.tv\/2022\/wp-content\/uploads\/2022\/09\/05-23.jpg","articleSection":["NACIONALES"],"inLanguage":"es"},{"@type":"WebPage","@id":"https:\/\/canal7slp.tv\/2022\/amlo-ofrece-surtir-gas-natural-a-alemania\/","url":"https:\/\/canal7slp.tv\/2022\/amlo-ofrece-surtir-gas-natural-a-alemania\/","name":"AMLO ofrece surtir Gas Natural a Alemania - Canal 7 SLP - 2022","isPartOf":{"@id":"https:\/\/canal7slp.tv\/2022\/#website"},"primaryImageOfPage":{"@id":"https:\/\/canal7slp.tv\/2022\/amlo-ofrece-surtir-gas-natural-a-alemania\/#primaryimage"},"image":{"@id":"https:\/\/canal7slp.tv\/2022\/amlo-ofrece-surtir-gas-natural-a-alemania\/#primaryimage"},"thumbnailUrl":"https:\/\/canal7slp.tv\/2022\/wp-content\/uploads\/2022\/09\/05-23.jpg","datePublished":"2022-09-29T21:18:39+00:00","breadcrumb":{"@id":"https:\/\/canal7slp.tv\/2022\/amlo-ofrece-surtir-gas-natural-a-alemania\/#breadcrumb"},"inLanguage":"es","potentialAction":[{"@type":"ReadAction","target":["https:\/\/canal7slp.tv\/2022\/amlo-ofrece-surtir-gas-natural-a-alemania\/"]}]},{"@type":"ImageObject","inLanguage":"es","@id":"https:\/\/canal7slp.tv\/2022\/amlo-ofrece-surtir-gas-natural-a-alemania\/#primaryimage","url":"https:\/\/canal7slp.tv\/2022\/wp-content\/uploads\/2022\/09\/05-23.jpg","contentUrl":"https:\/\/canal7slp.tv\/2022\/wp-content\/uploads\/2022\/09\/05-23.jpg","width":700,"height":397},{"@type":"BreadcrumbList","@id":"https:\/\/canal7slp.tv\/2022\/amlo-ofrece-surtir-gas-natural-a-alemania\/#breadcrumb","itemListElement":[{"@type":"ListItem","position":1,"name":"Portada","item":"https:\/\/canal7slp.tv\/2022\/"},{"@type":"ListItem","position":2,"name":"AMLO ofrece surtir Gas Natural a Alemania"}]},{"@type":"WebSite","@id":"https:\/\/canal7slp.tv\/2022\/#website","url":"https:\/\/canal7slp.tv\/2022\/","name":"N7 - Noticieros Canal 7","description":"Somos Televisi\u00f3n","publisher":{"@id":"https:\/\/canal7slp.tv\/2022\/#organization"},"potentialAction":[{"@type":"SearchAction","target":{"@type":"EntryPoint","urlTemplate":"https:\/\/canal7slp.tv\/2022\/?s={search_term_string}"},"query-input":{"@type":"PropertyValueSpecification","valueRequired":true,"valueName":"search_term_string"}}],"inLanguage":"es"},{"@type":"Organization","@id":"https:\/\/canal7slp.tv\/2022\/#organization","name":"Noticieros Canal 7","url":"https:\/\/canal7slp.tv\/2022\/","logo":{"@type":"ImageObject","inLanguage":"es","@id":"https:\/\/canal7slp.tv\/2022\/#\/schema\/logo\/image\/","url":"https:\/\/canal7slp.tv\/2022\/wp-content\/uploads\/2021\/01\/logo-noticieros@2x.png","contentUrl":"https:\/\/canal7slp.tv\/2022\/wp-content\/uploads\/2021\/01\/logo-noticieros@2x.png","width":1017,"height":268,"caption":"Noticieros Canal 7"},"image":{"@id":"https:\/\/canal7slp.tv\/2022\/#\/schema\/logo\/image\/"},"sameAs":["https:\/\/www.facebook.com\/noticieroscanalsiete","https:\/\/x.com\/NOTICIEROS7","https:\/\/www.instagram.com\/canal7_slp","https:\/\/www.youtube.com\/channel\/UCliiYs-gP3JfJeqdPrNdd5A"]},{"@type":"Person","@id":"https:\/\/canal7slp.tv\/2022\/#\/schema\/person\/429704152a21f5f856ce29aa69a238da","name":"Edici\u00f3n Web","image":{"@type":"ImageObject","inLanguage":"es","@id":"https:\/\/secure.gravatar.com\/avatar\/eee448fc3f7164808013b816ba91ac7e43bbe82a70bebac296f8bc6f0addaa1a?s=96&d=mm&r=g","url":"https:\/\/secure.gravatar.com\/avatar\/eee448fc3f7164808013b816ba91ac7e43bbe82a70bebac296f8bc6f0addaa1a?s=96&d=mm&r=g","contentUrl":"https:\/\/secure.gravatar.com\/avatar\/eee448fc3f7164808013b816ba91ac7e43bbe82a70bebac296f8bc6f0addaa1a?s=96&d=mm&r=g","caption":"Edici\u00f3n Web"},"url":"https:\/\/canal7slp.tv\/2022\/author\/edicionweb\/"}]}},"amp_enabled":true,"_links":{"self":[{"href":"https:\/\/canal7slp.tv\/2022\/wp-json\/wp\/v2\/posts\/74291","targetHints":{"allow":["GET"]}}],"collection":[{"href":"https:\/\/canal7slp.tv\/2022\/wp-json\/wp\/v2\/posts"}],"about":[{"href":"https:\/\/canal7slp.tv\/2022\/wp-json\/wp\/v2\/types\/post"}],"author":[{"embeddable":true,"href":"https:\/\/canal7slp.tv\/2022\/wp-json\/wp\/v2\/users\/2"}],"replies":[{"embeddable":true,"href":"https:\/\/canal7slp.tv\/2022\/wp-json\/wp\/v2\/comments?post=74291"}],"version-history":[{"count":2,"href":"https:\/\/canal7slp.tv\/2022\/wp-json\/wp\/v2\/posts\/74291\/revisions"}],"predecessor-version":[{"id":74308,"href":"https:\/\/canal7slp.tv\/2022\/wp-json\/wp\/v2\/posts\/74291\/revisions\/74308"}],"wp:featuredmedia":[{"embeddable":true,"href":"https:\/\/canal7slp.tv\/2022\/wp-json\/wp\/v2\/media\/74303"}],"wp:attachment":[{"href":"https:\/\/canal7slp.tv\/2022\/wp-json\/wp\/v2\/media?parent=74291"}],"wp:term":[{"taxonomy":"category","embeddable":true,"href":"https:\/\/canal7slp.tv\/2022\/wp-json\/wp\/v2\/categories?post=74291"},{"taxonomy":"post_tag","embeddable":true,"href":"https:\/\/canal7slp.tv\/2022\/wp-json\/wp\/v2\/tags?post=74291"}],"curies":[{"name":"wp","href":"https:\/\/api.w.org\/{rel}","templated":true}]}}