{"id":74289,"date":"2022-09-29T15:18:45","date_gmt":"2022-09-29T21:18:45","guid":{"rendered":"https:\/\/canal7slp.tv\/2022\/?p=74289"},"modified":"2022-09-29T15:18:45","modified_gmt":"2022-09-29T21:18:45","slug":"diputados-aprueban-derogacion-del-horario-de-verano","status":"publish","type":"post","link":"https:\/\/canal7slp.tv\/2022\/diputados-aprueban-derogacion-del-horario-de-verano\/","title":{"rendered":"Diputados aprueban derogaci\u00f3n del Horario de Verano"},"content":{"rendered":"<p style=\"text-align: justify;\">M\u00e9xico. \u2013 Con 445 votos a favor, 8 en contra y 33 abstenciones, la C\u00e1mara de Diputados aprob\u00f3 la derogaci\u00f3n del Horario de Verano.<\/p>\n<p style=\"text-align: justify;\">La minuta ser\u00e1 remitida a la C\u00e1mara de Senadores.<\/p>\n<p style=\"text-align: justify;\">Se propone que la presente ley entre en vigor el 30 de octubre del presente a\u00f1o en lugar del 1 de noviembre.<\/p>\n<p style=\"text-align: justify;\">Asimismo, la misma contempla una excepci\u00f3n para que los municipios que tienen frontera con Estados Unidos conserven el horario de verano a fin de no afectar el intercambio comercial.<\/p>\n<p style=\"text-align: justify;\">A su vez, se agreg\u00f3 una reserva para que Chihuahua permanezca en la zona centro.<\/p>\n","protected":false},"excerpt":{"rendered":"<p>M\u00e9xico. \u2013 Con 445 votos a favor, 8 en contra y 33 abstenciones, la C\u00e1mara de Diputados aprob\u00f3 la derogaci\u00f3n del Horario de Verano. La minuta ser\u00e1 remitida a la C\u00e1mara de Senadores. Se propone que la presente ley entre en vigor el 30 de octubre del presente a\u00f1o en lugar del 1 de noviembre. Asimismo, la misma contempla una excepci\u00f3n para que los municipios que tienen frontera con Estados Unidos conserven el horario de verano a fin de no afectar el intercambio comercial. A su vez, se agreg\u00f3 una reserva para que Chihuahua permanezca en la zona centro.<\/p>\n","protected":false},"author":2,"featured_media":74302,"comment_status":"closed","ping_status":"closed","sticky":false,"template":"","format":"standard","meta":{"footnotes":""},"categories":[46],"tags":[],"class_list":["post-74289","post","type-post","status-publish","format-standard","has-post-thumbnail","hentry","category-nacional","post--single"],"yoast_head":"<!-- This site is optimized with the Yoast SEO plugin v27.4 - https:\/\/yoast.com\/product\/yoast-seo-wordpress\/ -->\n<title>Diputados aprueban derogaci\u00f3n del Horario de Verano - Canal 7 SLP - 2022<\/title>\n<meta name=\"robots\" content=\"index, follow, max-snippet:-1, max-image-preview:large, max-video-preview:-1\" \/>\n<link rel=\"canonical\" href=\"https:\/\/canal7slp.tv\/2022\/diputados-aprueban-derogacion-del-horario-de-verano\/\" \/>\n<meta property=\"og:locale\" content=\"es_ES\" \/>\n<meta property=\"og:type\" content=\"article\" \/>\n<meta property=\"og:title\" content=\"Diputados aprueban derogaci\u00f3n del Horario de Verano - Canal 7 SLP - 2022\" \/>\n<meta property=\"og:description\" content=\"M\u00e9xico. \u2013 Con 445 votos a favor, 8 en contra y 33 abstenciones, la C\u00e1mara de Diputados aprob\u00f3 la derogaci\u00f3n del Horario de Verano. La minuta ser\u00e1 remitida a la C\u00e1mara de Senadores. Se propone que la presente ley entre en vigor el 30 de octubre del presente a\u00f1o en lugar del 1 de noviembre. Asimismo, la misma contempla una excepci\u00f3n para que los municipios que tienen frontera con Estados Unidos conserven el horario de verano a fin de no afectar el intercambio comercial. A su vez, se agreg\u00f3 una reserva para que Chihuahua permanezca en la zona centro.\" \/>\n<meta property=\"og:url\" content=\"https:\/\/canal7slp.tv\/2022\/diputados-aprueban-derogacion-del-horario-de-verano\/\" \/>\n<meta property=\"og:site_name\" content=\"Canal 7 SLP - 2022\" \/>\n<meta property=\"article:publisher\" content=\"https:\/\/www.facebook.com\/noticieroscanalsiete\" \/>\n<meta property=\"article:published_time\" content=\"2022-09-29T21:18:45+00:00\" \/>\n<meta property=\"og:image\" content=\"https:\/\/canal7slp.tv\/2022\/wp-content\/uploads\/2022\/09\/03-25.jpg\" \/>\n\t<meta property=\"og:image:width\" content=\"640\" \/>\n\t<meta property=\"og:image:height\" content=\"399\" \/>\n\t<meta property=\"og:image:type\" content=\"image\/jpeg\" \/>\n<meta name=\"author\" content=\"Edici\u00f3n Web\" \/>\n<meta name=\"twitter:card\" content=\"summary_large_image\" \/>\n<meta name=\"twitter:creator\" content=\"@NOTICIEROS7\" \/>\n<meta name=\"twitter:site\" content=\"@NOTICIEROS7\" \/>\n<meta name=\"twitter:label1\" content=\"Escrito por\" \/>\n\t<meta name=\"twitter:data1\" content=\"Edici\u00f3n Web\" \/>\n\t<meta name=\"twitter:label2\" content=\"Tiempo de lectura\" \/>\n\t<meta name=\"twitter:data2\" content=\"1 minuto\" \/>\n<script type=\"application\/ld+json\" class=\"yoast-schema-graph\">{\"@context\":\"https:\\\/\\\/schema.org\",\"@graph\":[{\"@type\":\"Article\",\"@id\":\"https:\\\/\\\/canal7slp.tv\\\/2022\\\/diputados-aprueban-derogacion-del-horario-de-verano\\\/#article\",\"isPartOf\":{\"@id\":\"https:\\\/\\\/canal7slp.tv\\\/2022\\\/diputados-aprueban-derogacion-del-horario-de-verano\\\/\"},\"author\":{\"name\":\"Edici\u00f3n Web\",\"@id\":\"https:\\\/\\\/canal7slp.tv\\\/2022\\\/#\\\/schema\\\/person\\\/429704152a21f5f856ce29aa69a238da\"},\"headline\":\"Diputados aprueban derogaci\u00f3n del Horario de Verano\",\"datePublished\":\"2022-09-29T21:18:45+00:00\",\"mainEntityOfPage\":{\"@id\":\"https:\\\/\\\/canal7slp.tv\\\/2022\\\/diputados-aprueban-derogacion-del-horario-de-verano\\\/\"},\"wordCount\":107,\"publisher\":{\"@id\":\"https:\\\/\\\/canal7slp.tv\\\/2022\\\/#organization\"},\"image\":{\"@id\":\"https:\\\/\\\/canal7slp.tv\\\/2022\\\/diputados-aprueban-derogacion-del-horario-de-verano\\\/#primaryimage\"},\"thumbnailUrl\":\"https:\\\/\\\/canal7slp.tv\\\/2022\\\/wp-content\\\/uploads\\\/2022\\\/09\\\/03-25.jpg\",\"articleSection\":[\"NACIONALES\"],\"inLanguage\":\"es\"},{\"@type\":\"WebPage\",\"@id\":\"https:\\\/\\\/canal7slp.tv\\\/2022\\\/diputados-aprueban-derogacion-del-horario-de-verano\\\/\",\"url\":\"https:\\\/\\\/canal7slp.tv\\\/2022\\\/diputados-aprueban-derogacion-del-horario-de-verano\\\/\",\"name\":\"Diputados aprueban derogaci\u00f3n del Horario de Verano - Canal 7 SLP - 2022\",\"isPartOf\":{\"@id\":\"https:\\\/\\\/canal7slp.tv\\\/2022\\\/#website\"},\"primaryImageOfPage\":{\"@id\":\"https:\\\/\\\/canal7slp.tv\\\/2022\\\/diputados-aprueban-derogacion-del-horario-de-verano\\\/#primaryimage\"},\"image\":{\"@id\":\"https:\\\/\\\/canal7slp.tv\\\/2022\\\/diputados-aprueban-derogacion-del-horario-de-verano\\\/#primaryimage\"},\"thumbnailUrl\":\"https:\\\/\\\/canal7slp.tv\\\/2022\\\/wp-content\\\/uploads\\\/2022\\\/09\\\/03-25.jpg\",\"datePublished\":\"2022-09-29T21:18:45+00:00\",\"breadcrumb\":{\"@id\":\"https:\\\/\\\/canal7slp.tv\\\/2022\\\/diputados-aprueban-derogacion-del-horario-de-verano\\\/#breadcrumb\"},\"inLanguage\":\"es\",\"potentialAction\":[{\"@type\":\"ReadAction\",\"target\":[\"https:\\\/\\\/canal7slp.tv\\\/2022\\\/diputados-aprueban-derogacion-del-horario-de-verano\\\/\"]}]},{\"@type\":\"ImageObject\",\"inLanguage\":\"es\",\"@id\":\"https:\\\/\\\/canal7slp.tv\\\/2022\\\/diputados-aprueban-derogacion-del-horario-de-verano\\\/#primaryimage\",\"url\":\"https:\\\/\\\/canal7slp.tv\\\/2022\\\/wp-content\\\/uploads\\\/2022\\\/09\\\/03-25.jpg\",\"contentUrl\":\"https:\\\/\\\/canal7slp.tv\\\/2022\\\/wp-content\\\/uploads\\\/2022\\\/09\\\/03-25.jpg\",\"width\":640,\"height\":399},{\"@type\":\"BreadcrumbList\",\"@id\":\"https:\\\/\\\/canal7slp.tv\\\/2022\\\/diputados-aprueban-derogacion-del-horario-de-verano\\\/#breadcrumb\",\"itemListElement\":[{\"@type\":\"ListItem\",\"position\":1,\"name\":\"Portada\",\"item\":\"https:\\\/\\\/canal7slp.tv\\\/2022\\\/\"},{\"@type\":\"ListItem\",\"position\":2,\"name\":\"Diputados aprueban derogaci\u00f3n del Horario de Verano\"}]},{\"@type\":\"WebSite\",\"@id\":\"https:\\\/\\\/canal7slp.tv\\\/2022\\\/#website\",\"url\":\"https:\\\/\\\/canal7slp.tv\\\/2022\\\/\",\"name\":\"N7 - Noticieros Canal 7\",\"description\":\"Somos Televisi\u00f3n\",\"publisher\":{\"@id\":\"https:\\\/\\\/canal7slp.tv\\\/2022\\\/#organization\"},\"potentialAction\":[{\"@type\":\"SearchAction\",\"target\":{\"@type\":\"EntryPoint\",\"urlTemplate\":\"https:\\\/\\\/canal7slp.tv\\\/2022\\\/?s={search_term_string}\"},\"query-input\":{\"@type\":\"PropertyValueSpecification\",\"valueRequired\":true,\"valueName\":\"search_term_string\"}}],\"inLanguage\":\"es\"},{\"@type\":\"Organization\",\"@id\":\"https:\\\/\\\/canal7slp.tv\\\/2022\\\/#organization\",\"name\":\"Noticieros Canal 7\",\"url\":\"https:\\\/\\\/canal7slp.tv\\\/2022\\\/\",\"logo\":{\"@type\":\"ImageObject\",\"inLanguage\":\"es\",\"@id\":\"https:\\\/\\\/canal7slp.tv\\\/2022\\\/#\\\/schema\\\/logo\\\/image\\\/\",\"url\":\"https:\\\/\\\/canal7slp.tv\\\/2022\\\/wp-content\\\/uploads\\\/2021\\\/01\\\/logo-noticieros@2x.png\",\"contentUrl\":\"https:\\\/\\\/canal7slp.tv\\\/2022\\\/wp-content\\\/uploads\\\/2021\\\/01\\\/logo-noticieros@2x.png\",\"width\":1017,\"height\":268,\"caption\":\"Noticieros Canal 7\"},\"image\":{\"@id\":\"https:\\\/\\\/canal7slp.tv\\\/2022\\\/#\\\/schema\\\/logo\\\/image\\\/\"},\"sameAs\":[\"https:\\\/\\\/www.facebook.com\\\/noticieroscanalsiete\",\"https:\\\/\\\/x.com\\\/NOTICIEROS7\",\"https:\\\/\\\/www.instagram.com\\\/canal7_slp\",\"https:\\\/\\\/www.youtube.com\\\/channel\\\/UCliiYs-gP3JfJeqdPrNdd5A\"]},{\"@type\":\"Person\",\"@id\":\"https:\\\/\\\/canal7slp.tv\\\/2022\\\/#\\\/schema\\\/person\\\/429704152a21f5f856ce29aa69a238da\",\"name\":\"Edici\u00f3n Web\",\"image\":{\"@type\":\"ImageObject\",\"inLanguage\":\"es\",\"@id\":\"https:\\\/\\\/secure.gravatar.com\\\/avatar\\\/eee448fc3f7164808013b816ba91ac7e43bbe82a70bebac296f8bc6f0addaa1a?s=96&d=mm&r=g\",\"url\":\"https:\\\/\\\/secure.gravatar.com\\\/avatar\\\/eee448fc3f7164808013b816ba91ac7e43bbe82a70bebac296f8bc6f0addaa1a?s=96&d=mm&r=g\",\"contentUrl\":\"https:\\\/\\\/secure.gravatar.com\\\/avatar\\\/eee448fc3f7164808013b816ba91ac7e43bbe82a70bebac296f8bc6f0addaa1a?s=96&d=mm&r=g\",\"caption\":\"Edici\u00f3n Web\"},\"url\":\"https:\\\/\\\/canal7slp.tv\\\/2022\\\/author\\\/edicionweb\\\/\"}]}<\/script>\n<!-- \/ Yoast SEO plugin. -->","yoast_head_json":{"title":"Diputados aprueban derogaci\u00f3n del Horario de Verano - Canal 7 SLP - 2022","robots":{"index":"index","follow":"follow","max-snippet":"max-snippet:-1","max-image-preview":"max-image-preview:large","max-video-preview":"max-video-preview:-1"},"canonical":"https:\/\/canal7slp.tv\/2022\/diputados-aprueban-derogacion-del-horario-de-verano\/","og_locale":"es_ES","og_type":"article","og_title":"Diputados aprueban derogaci\u00f3n del Horario de Verano - Canal 7 SLP - 2022","og_description":"M\u00e9xico. \u2013 Con 445 votos a favor, 8 en contra y 33 abstenciones, la C\u00e1mara de Diputados aprob\u00f3 la derogaci\u00f3n del Horario de Verano. La minuta ser\u00e1 remitida a la C\u00e1mara de Senadores. Se propone que la presente ley entre en vigor el 30 de octubre del presente a\u00f1o en lugar del 1 de noviembre. Asimismo, la misma contempla una excepci\u00f3n para que los municipios que tienen frontera con Estados Unidos conserven el horario de verano a fin de no afectar el intercambio comercial. A su vez, se agreg\u00f3 una reserva para que Chihuahua permanezca en la zona centro.","og_url":"https:\/\/canal7slp.tv\/2022\/diputados-aprueban-derogacion-del-horario-de-verano\/","og_site_name":"Canal 7 SLP - 2022","article_publisher":"https:\/\/www.facebook.com\/noticieroscanalsiete","article_published_time":"2022-09-29T21:18:45+00:00","og_image":[{"width":640,"height":399,"url":"https:\/\/canal7slp.tv\/2022\/wp-content\/uploads\/2022\/09\/03-25.jpg","type":"image\/jpeg"}],"author":"Edici\u00f3n Web","twitter_card":"summary_large_image","twitter_creator":"@NOTICIEROS7","twitter_site":"@NOTICIEROS7","twitter_misc":{"Escrito por":"Edici\u00f3n Web","Tiempo de lectura":"1 minuto"},"schema":{"@context":"https:\/\/schema.org","@graph":[{"@type":"Article","@id":"https:\/\/canal7slp.tv\/2022\/diputados-aprueban-derogacion-del-horario-de-verano\/#article","isPartOf":{"@id":"https:\/\/canal7slp.tv\/2022\/diputados-aprueban-derogacion-del-horario-de-verano\/"},"author":{"name":"Edici\u00f3n Web","@id":"https:\/\/canal7slp.tv\/2022\/#\/schema\/person\/429704152a21f5f856ce29aa69a238da"},"headline":"Diputados aprueban derogaci\u00f3n del Horario de Verano","datePublished":"2022-09-29T21:18:45+00:00","mainEntityOfPage":{"@id":"https:\/\/canal7slp.tv\/2022\/diputados-aprueban-derogacion-del-horario-de-verano\/"},"wordCount":107,"publisher":{"@id":"https:\/\/canal7slp.tv\/2022\/#organization"},"image":{"@id":"https:\/\/canal7slp.tv\/2022\/diputados-aprueban-derogacion-del-horario-de-verano\/#primaryimage"},"thumbnailUrl":"https:\/\/canal7slp.tv\/2022\/wp-content\/uploads\/2022\/09\/03-25.jpg","articleSection":["NACIONALES"],"inLanguage":"es"},{"@type":"WebPage","@id":"https:\/\/canal7slp.tv\/2022\/diputados-aprueban-derogacion-del-horario-de-verano\/","url":"https:\/\/canal7slp.tv\/2022\/diputados-aprueban-derogacion-del-horario-de-verano\/","name":"Diputados aprueban derogaci\u00f3n del Horario de Verano - Canal 7 SLP - 2022","isPartOf":{"@id":"https:\/\/canal7slp.tv\/2022\/#website"},"primaryImageOfPage":{"@id":"https:\/\/canal7slp.tv\/2022\/diputados-aprueban-derogacion-del-horario-de-verano\/#primaryimage"},"image":{"@id":"https:\/\/canal7slp.tv\/2022\/diputados-aprueban-derogacion-del-horario-de-verano\/#primaryimage"},"thumbnailUrl":"https:\/\/canal7slp.tv\/2022\/wp-content\/uploads\/2022\/09\/03-25.jpg","datePublished":"2022-09-29T21:18:45+00:00","breadcrumb":{"@id":"https:\/\/canal7slp.tv\/2022\/diputados-aprueban-derogacion-del-horario-de-verano\/#breadcrumb"},"inLanguage":"es","potentialAction":[{"@type":"ReadAction","target":["https:\/\/canal7slp.tv\/2022\/diputados-aprueban-derogacion-del-horario-de-verano\/"]}]},{"@type":"ImageObject","inLanguage":"es","@id":"https:\/\/canal7slp.tv\/2022\/diputados-aprueban-derogacion-del-horario-de-verano\/#primaryimage","url":"https:\/\/canal7slp.tv\/2022\/wp-content\/uploads\/2022\/09\/03-25.jpg","contentUrl":"https:\/\/canal7slp.tv\/2022\/wp-content\/uploads\/2022\/09\/03-25.jpg","width":640,"height":399},{"@type":"BreadcrumbList","@id":"https:\/\/canal7slp.tv\/2022\/diputados-aprueban-derogacion-del-horario-de-verano\/#breadcrumb","itemListElement":[{"@type":"ListItem","position":1,"name":"Portada","item":"https:\/\/canal7slp.tv\/2022\/"},{"@type":"ListItem","position":2,"name":"Diputados aprueban derogaci\u00f3n del Horario de Verano"}]},{"@type":"WebSite","@id":"https:\/\/canal7slp.tv\/2022\/#website","url":"https:\/\/canal7slp.tv\/2022\/","name":"N7 - Noticieros Canal 7","description":"Somos Televisi\u00f3n","publisher":{"@id":"https:\/\/canal7slp.tv\/2022\/#organization"},"potentialAction":[{"@type":"SearchAction","target":{"@type":"EntryPoint","urlTemplate":"https:\/\/canal7slp.tv\/2022\/?s={search_term_string}"},"query-input":{"@type":"PropertyValueSpecification","valueRequired":true,"valueName":"search_term_string"}}],"inLanguage":"es"},{"@type":"Organization","@id":"https:\/\/canal7slp.tv\/2022\/#organization","name":"Noticieros Canal 7","url":"https:\/\/canal7slp.tv\/2022\/","logo":{"@type":"ImageObject","inLanguage":"es","@id":"https:\/\/canal7slp.tv\/2022\/#\/schema\/logo\/image\/","url":"https:\/\/canal7slp.tv\/2022\/wp-content\/uploads\/2021\/01\/logo-noticieros@2x.png","contentUrl":"https:\/\/canal7slp.tv\/2022\/wp-content\/uploads\/2021\/01\/logo-noticieros@2x.png","width":1017,"height":268,"caption":"Noticieros Canal 7"},"image":{"@id":"https:\/\/canal7slp.tv\/2022\/#\/schema\/logo\/image\/"},"sameAs":["https:\/\/www.facebook.com\/noticieroscanalsiete","https:\/\/x.com\/NOTICIEROS7","https:\/\/www.instagram.com\/canal7_slp","https:\/\/www.youtube.com\/channel\/UCliiYs-gP3JfJeqdPrNdd5A"]},{"@type":"Person","@id":"https:\/\/canal7slp.tv\/2022\/#\/schema\/person\/429704152a21f5f856ce29aa69a238da","name":"Edici\u00f3n Web","image":{"@type":"ImageObject","inLanguage":"es","@id":"https:\/\/secure.gravatar.com\/avatar\/eee448fc3f7164808013b816ba91ac7e43bbe82a70bebac296f8bc6f0addaa1a?s=96&d=mm&r=g","url":"https:\/\/secure.gravatar.com\/avatar\/eee448fc3f7164808013b816ba91ac7e43bbe82a70bebac296f8bc6f0addaa1a?s=96&d=mm&r=g","contentUrl":"https:\/\/secure.gravatar.com\/avatar\/eee448fc3f7164808013b816ba91ac7e43bbe82a70bebac296f8bc6f0addaa1a?s=96&d=mm&r=g","caption":"Edici\u00f3n Web"},"url":"https:\/\/canal7slp.tv\/2022\/author\/edicionweb\/"}]}},"amp_enabled":true,"_links":{"self":[{"href":"https:\/\/canal7slp.tv\/2022\/wp-json\/wp\/v2\/posts\/74289","targetHints":{"allow":["GET"]}}],"collection":[{"href":"https:\/\/canal7slp.tv\/2022\/wp-json\/wp\/v2\/posts"}],"about":[{"href":"https:\/\/canal7slp.tv\/2022\/wp-json\/wp\/v2\/types\/post"}],"author":[{"embeddable":true,"href":"https:\/\/canal7slp.tv\/2022\/wp-json\/wp\/v2\/users\/2"}],"replies":[{"embeddable":true,"href":"https:\/\/canal7slp.tv\/2022\/wp-json\/wp\/v2\/comments?post=74289"}],"version-history":[{"count":2,"href":"https:\/\/canal7slp.tv\/2022\/wp-json\/wp\/v2\/posts\/74289\/revisions"}],"predecessor-version":[{"id":74310,"href":"https:\/\/canal7slp.tv\/2022\/wp-json\/wp\/v2\/posts\/74289\/revisions\/74310"}],"wp:featuredmedia":[{"embeddable":true,"href":"https:\/\/canal7slp.tv\/2022\/wp-json\/wp\/v2\/media\/74302"}],"wp:attachment":[{"href":"https:\/\/canal7slp.tv\/2022\/wp-json\/wp\/v2\/media?parent=74289"}],"wp:term":[{"taxonomy":"category","embeddable":true,"href":"https:\/\/canal7slp.tv\/2022\/wp-json\/wp\/v2\/categories?post=74289"},{"taxonomy":"post_tag","embeddable":true,"href":"https:\/\/canal7slp.tv\/2022\/wp-json\/wp\/v2\/tags?post=74289"}],"curies":[{"name":"wp","href":"https:\/\/api.w.org\/{rel}","templated":true}]}}