{"id":74288,"date":"2022-09-29T15:18:50","date_gmt":"2022-09-29T21:18:50","guid":{"rendered":"https:\/\/canal7slp.tv\/2022\/?p=74288"},"modified":"2022-09-29T15:18:50","modified_gmt":"2022-09-29T21:18:50","slug":"joe-biden-declara-zona-de-desastre-territorios-afectados-por-ian","status":"publish","type":"post","link":"https:\/\/canal7slp.tv\/2022\/joe-biden-declara-zona-de-desastre-territorios-afectados-por-ian\/","title":{"rendered":"Joe Biden declara zona de desastre territorios afectados por \u201cIan\u201d"},"content":{"rendered":"<p style=\"text-align: justify;\">EUA. \u2013 En breve Joseph Robinette Biden Jr, presidente de Estados Unidos, aprobar\u00e1 una declaraci\u00f3n de zona de desastre sobre los territorios de Florida afectados por el hurac\u00e1n \u201cIan\u201d.<\/p>\n<p style=\"text-align: justify;\">Con esto, se permitir\u00e1 aumentar la ayuda federal para mitigar sus efectos.<\/p>\n<p style=\"text-align: justify;\">La Casa Blanca detall\u00f3 la llamada entre Joe Biden y Ron DeSantis, gobernador de Florida, en la cual hablaron de los pasos a dar en respuesta a las afectaciones que est\u00e1 causando el hurac\u00e1n.<\/p>\n<p style=\"text-align: justify;\">Ambos mandatarios se comprometieron a seguir manteniendo el contacto y mantener la coordinaci\u00f3n para dar respuesta a este desastre.<\/p>\n<p style=\"text-align: justify;\">Cabe se\u00f1alar que Deanne Criswell, responsable de la Agencia Federal de Gesti\u00f3n de Emergencias (FEMA), viajar\u00e1 a Florida para supervisar la respuesta que se est\u00e1 dando y estudiar la ayuda adicional que sea necesaria.<\/p>\n<p style=\"text-align: justify;\">Ian ha causado da\u00f1os hist\u00f3ricos, adem\u00e1s de causar la muerte de al menos dos personas.<\/p>\n<p style=\"text-align: justify;\">\u00abHemos tenido dos muertes no confirmadas, en el sentido de que no sabemos si est\u00e1n relacionadas con la tormenta. Nuestra suposici\u00f3n es que probablemente lo sean\u00bb, declar\u00f3 DeSantis.<\/p>\n","protected":false},"excerpt":{"rendered":"<p>EUA. \u2013 En breve Joseph Robinette Biden Jr, presidente de Estados Unidos, aprobar\u00e1 una declaraci\u00f3n de zona de desastre sobre los territorios de Florida afectados por el hurac\u00e1n \u201cIan\u201d. Con esto, se permitir\u00e1 aumentar la ayuda federal para mitigar sus efectos. La Casa Blanca detall\u00f3 la llamada entre Joe Biden y Ron DeSantis, gobernador de Florida, en la cual hablaron de los pasos a dar en respuesta a las afectaciones que est\u00e1 causando el hurac\u00e1n. Ambos mandatarios se comprometieron a seguir manteniendo el contacto y mantener la coordinaci\u00f3n para dar respuesta a este desastre. Cabe se\u00f1alar que Deanne Criswell, responsable [&hellip;]<\/p>\n","protected":false},"author":2,"featured_media":74301,"comment_status":"closed","ping_status":"closed","sticky":false,"template":"","format":"standard","meta":{"footnotes":""},"categories":[44],"tags":[],"class_list":["post-74288","post","type-post","status-publish","format-standard","has-post-thumbnail","hentry","category-internacional","post--single"],"yoast_head":"<!-- This site is optimized with the Yoast SEO plugin v27.4 - https:\/\/yoast.com\/product\/yoast-seo-wordpress\/ -->\n<title>Joe Biden declara zona de desastre territorios afectados por \u201cIan\u201d - Canal 7 SLP - 2022<\/title>\n<meta name=\"robots\" content=\"index, follow, max-snippet:-1, max-image-preview:large, max-video-preview:-1\" \/>\n<link rel=\"canonical\" href=\"https:\/\/canal7slp.tv\/2022\/joe-biden-declara-zona-de-desastre-territorios-afectados-por-ian\/\" \/>\n<meta property=\"og:locale\" content=\"es_ES\" \/>\n<meta property=\"og:type\" content=\"article\" \/>\n<meta property=\"og:title\" content=\"Joe Biden declara zona de desastre territorios afectados por \u201cIan\u201d - Canal 7 SLP - 2022\" \/>\n<meta property=\"og:description\" content=\"EUA. \u2013 En breve Joseph Robinette Biden Jr, presidente de Estados Unidos, aprobar\u00e1 una declaraci\u00f3n de zona de desastre sobre los territorios de Florida afectados por el hurac\u00e1n \u201cIan\u201d. Con esto, se permitir\u00e1 aumentar la ayuda federal para mitigar sus efectos. La Casa Blanca detall\u00f3 la llamada entre Joe Biden y Ron DeSantis, gobernador de Florida, en la cual hablaron de los pasos a dar en respuesta a las afectaciones que est\u00e1 causando el hurac\u00e1n. Ambos mandatarios se comprometieron a seguir manteniendo el contacto y mantener la coordinaci\u00f3n para dar respuesta a este desastre. Cabe se\u00f1alar que Deanne Criswell, responsable [&hellip;]\" \/>\n<meta property=\"og:url\" content=\"https:\/\/canal7slp.tv\/2022\/joe-biden-declara-zona-de-desastre-territorios-afectados-por-ian\/\" \/>\n<meta property=\"og:site_name\" content=\"Canal 7 SLP - 2022\" \/>\n<meta property=\"article:publisher\" content=\"https:\/\/www.facebook.com\/noticieroscanalsiete\" \/>\n<meta property=\"article:published_time\" content=\"2022-09-29T21:18:50+00:00\" \/>\n<meta property=\"og:image\" content=\"https:\/\/canal7slp.tv\/2022\/wp-content\/uploads\/2022\/09\/02-21.jpg\" \/>\n\t<meta property=\"og:image:width\" content=\"604\" \/>\n\t<meta property=\"og:image:height\" content=\"339\" \/>\n\t<meta property=\"og:image:type\" content=\"image\/jpeg\" \/>\n<meta name=\"author\" content=\"Edici\u00f3n Web\" \/>\n<meta name=\"twitter:card\" content=\"summary_large_image\" \/>\n<meta name=\"twitter:creator\" content=\"@NOTICIEROS7\" \/>\n<meta name=\"twitter:site\" content=\"@NOTICIEROS7\" \/>\n<meta name=\"twitter:label1\" content=\"Escrito por\" \/>\n\t<meta name=\"twitter:data1\" content=\"Edici\u00f3n Web\" \/>\n\t<meta name=\"twitter:label2\" content=\"Tiempo de lectura\" \/>\n\t<meta name=\"twitter:data2\" content=\"1 minuto\" \/>\n<script type=\"application\/ld+json\" class=\"yoast-schema-graph\">{\"@context\":\"https:\\\/\\\/schema.org\",\"@graph\":[{\"@type\":\"Article\",\"@id\":\"https:\\\/\\\/canal7slp.tv\\\/2022\\\/joe-biden-declara-zona-de-desastre-territorios-afectados-por-ian\\\/#article\",\"isPartOf\":{\"@id\":\"https:\\\/\\\/canal7slp.tv\\\/2022\\\/joe-biden-declara-zona-de-desastre-territorios-afectados-por-ian\\\/\"},\"author\":{\"name\":\"Edici\u00f3n Web\",\"@id\":\"https:\\\/\\\/canal7slp.tv\\\/2022\\\/#\\\/schema\\\/person\\\/429704152a21f5f856ce29aa69a238da\"},\"headline\":\"Joe Biden declara zona de desastre territorios afectados por \u201cIan\u201d\",\"datePublished\":\"2022-09-29T21:18:50+00:00\",\"mainEntityOfPage\":{\"@id\":\"https:\\\/\\\/canal7slp.tv\\\/2022\\\/joe-biden-declara-zona-de-desastre-territorios-afectados-por-ian\\\/\"},\"wordCount\":191,\"publisher\":{\"@id\":\"https:\\\/\\\/canal7slp.tv\\\/2022\\\/#organization\"},\"image\":{\"@id\":\"https:\\\/\\\/canal7slp.tv\\\/2022\\\/joe-biden-declara-zona-de-desastre-territorios-afectados-por-ian\\\/#primaryimage\"},\"thumbnailUrl\":\"https:\\\/\\\/canal7slp.tv\\\/2022\\\/wp-content\\\/uploads\\\/2022\\\/09\\\/02-21.jpg\",\"articleSection\":[\"INTERNACIONALES\"],\"inLanguage\":\"es\"},{\"@type\":\"WebPage\",\"@id\":\"https:\\\/\\\/canal7slp.tv\\\/2022\\\/joe-biden-declara-zona-de-desastre-territorios-afectados-por-ian\\\/\",\"url\":\"https:\\\/\\\/canal7slp.tv\\\/2022\\\/joe-biden-declara-zona-de-desastre-territorios-afectados-por-ian\\\/\",\"name\":\"Joe Biden declara zona de desastre territorios afectados por \u201cIan\u201d - Canal 7 SLP - 2022\",\"isPartOf\":{\"@id\":\"https:\\\/\\\/canal7slp.tv\\\/2022\\\/#website\"},\"primaryImageOfPage\":{\"@id\":\"https:\\\/\\\/canal7slp.tv\\\/2022\\\/joe-biden-declara-zona-de-desastre-territorios-afectados-por-ian\\\/#primaryimage\"},\"image\":{\"@id\":\"https:\\\/\\\/canal7slp.tv\\\/2022\\\/joe-biden-declara-zona-de-desastre-territorios-afectados-por-ian\\\/#primaryimage\"},\"thumbnailUrl\":\"https:\\\/\\\/canal7slp.tv\\\/2022\\\/wp-content\\\/uploads\\\/2022\\\/09\\\/02-21.jpg\",\"datePublished\":\"2022-09-29T21:18:50+00:00\",\"breadcrumb\":{\"@id\":\"https:\\\/\\\/canal7slp.tv\\\/2022\\\/joe-biden-declara-zona-de-desastre-territorios-afectados-por-ian\\\/#breadcrumb\"},\"inLanguage\":\"es\",\"potentialAction\":[{\"@type\":\"ReadAction\",\"target\":[\"https:\\\/\\\/canal7slp.tv\\\/2022\\\/joe-biden-declara-zona-de-desastre-territorios-afectados-por-ian\\\/\"]}]},{\"@type\":\"ImageObject\",\"inLanguage\":\"es\",\"@id\":\"https:\\\/\\\/canal7slp.tv\\\/2022\\\/joe-biden-declara-zona-de-desastre-territorios-afectados-por-ian\\\/#primaryimage\",\"url\":\"https:\\\/\\\/canal7slp.tv\\\/2022\\\/wp-content\\\/uploads\\\/2022\\\/09\\\/02-21.jpg\",\"contentUrl\":\"https:\\\/\\\/canal7slp.tv\\\/2022\\\/wp-content\\\/uploads\\\/2022\\\/09\\\/02-21.jpg\",\"width\":604,\"height\":339},{\"@type\":\"BreadcrumbList\",\"@id\":\"https:\\\/\\\/canal7slp.tv\\\/2022\\\/joe-biden-declara-zona-de-desastre-territorios-afectados-por-ian\\\/#breadcrumb\",\"itemListElement\":[{\"@type\":\"ListItem\",\"position\":1,\"name\":\"Portada\",\"item\":\"https:\\\/\\\/canal7slp.tv\\\/2022\\\/\"},{\"@type\":\"ListItem\",\"position\":2,\"name\":\"Joe Biden declara zona de desastre territorios afectados por \u201cIan\u201d\"}]},{\"@type\":\"WebSite\",\"@id\":\"https:\\\/\\\/canal7slp.tv\\\/2022\\\/#website\",\"url\":\"https:\\\/\\\/canal7slp.tv\\\/2022\\\/\",\"name\":\"N7 - Noticieros Canal 7\",\"description\":\"Somos Televisi\u00f3n\",\"publisher\":{\"@id\":\"https:\\\/\\\/canal7slp.tv\\\/2022\\\/#organization\"},\"potentialAction\":[{\"@type\":\"SearchAction\",\"target\":{\"@type\":\"EntryPoint\",\"urlTemplate\":\"https:\\\/\\\/canal7slp.tv\\\/2022\\\/?s={search_term_string}\"},\"query-input\":{\"@type\":\"PropertyValueSpecification\",\"valueRequired\":true,\"valueName\":\"search_term_string\"}}],\"inLanguage\":\"es\"},{\"@type\":\"Organization\",\"@id\":\"https:\\\/\\\/canal7slp.tv\\\/2022\\\/#organization\",\"name\":\"Noticieros Canal 7\",\"url\":\"https:\\\/\\\/canal7slp.tv\\\/2022\\\/\",\"logo\":{\"@type\":\"ImageObject\",\"inLanguage\":\"es\",\"@id\":\"https:\\\/\\\/canal7slp.tv\\\/2022\\\/#\\\/schema\\\/logo\\\/image\\\/\",\"url\":\"https:\\\/\\\/canal7slp.tv\\\/2022\\\/wp-content\\\/uploads\\\/2021\\\/01\\\/logo-noticieros@2x.png\",\"contentUrl\":\"https:\\\/\\\/canal7slp.tv\\\/2022\\\/wp-content\\\/uploads\\\/2021\\\/01\\\/logo-noticieros@2x.png\",\"width\":1017,\"height\":268,\"caption\":\"Noticieros Canal 7\"},\"image\":{\"@id\":\"https:\\\/\\\/canal7slp.tv\\\/2022\\\/#\\\/schema\\\/logo\\\/image\\\/\"},\"sameAs\":[\"https:\\\/\\\/www.facebook.com\\\/noticieroscanalsiete\",\"https:\\\/\\\/x.com\\\/NOTICIEROS7\",\"https:\\\/\\\/www.instagram.com\\\/canal7_slp\",\"https:\\\/\\\/www.youtube.com\\\/channel\\\/UCliiYs-gP3JfJeqdPrNdd5A\"]},{\"@type\":\"Person\",\"@id\":\"https:\\\/\\\/canal7slp.tv\\\/2022\\\/#\\\/schema\\\/person\\\/429704152a21f5f856ce29aa69a238da\",\"name\":\"Edici\u00f3n Web\",\"image\":{\"@type\":\"ImageObject\",\"inLanguage\":\"es\",\"@id\":\"https:\\\/\\\/secure.gravatar.com\\\/avatar\\\/eee448fc3f7164808013b816ba91ac7e43bbe82a70bebac296f8bc6f0addaa1a?s=96&d=mm&r=g\",\"url\":\"https:\\\/\\\/secure.gravatar.com\\\/avatar\\\/eee448fc3f7164808013b816ba91ac7e43bbe82a70bebac296f8bc6f0addaa1a?s=96&d=mm&r=g\",\"contentUrl\":\"https:\\\/\\\/secure.gravatar.com\\\/avatar\\\/eee448fc3f7164808013b816ba91ac7e43bbe82a70bebac296f8bc6f0addaa1a?s=96&d=mm&r=g\",\"caption\":\"Edici\u00f3n Web\"},\"url\":\"https:\\\/\\\/canal7slp.tv\\\/2022\\\/author\\\/edicionweb\\\/\"}]}<\/script>\n<!-- \/ Yoast SEO plugin. -->","yoast_head_json":{"title":"Joe Biden declara zona de desastre territorios afectados por \u201cIan\u201d - Canal 7 SLP - 2022","robots":{"index":"index","follow":"follow","max-snippet":"max-snippet:-1","max-image-preview":"max-image-preview:large","max-video-preview":"max-video-preview:-1"},"canonical":"https:\/\/canal7slp.tv\/2022\/joe-biden-declara-zona-de-desastre-territorios-afectados-por-ian\/","og_locale":"es_ES","og_type":"article","og_title":"Joe Biden declara zona de desastre territorios afectados por \u201cIan\u201d - Canal 7 SLP - 2022","og_description":"EUA. \u2013 En breve Joseph Robinette Biden Jr, presidente de Estados Unidos, aprobar\u00e1 una declaraci\u00f3n de zona de desastre sobre los territorios de Florida afectados por el hurac\u00e1n \u201cIan\u201d. Con esto, se permitir\u00e1 aumentar la ayuda federal para mitigar sus efectos. La Casa Blanca detall\u00f3 la llamada entre Joe Biden y Ron DeSantis, gobernador de Florida, en la cual hablaron de los pasos a dar en respuesta a las afectaciones que est\u00e1 causando el hurac\u00e1n. Ambos mandatarios se comprometieron a seguir manteniendo el contacto y mantener la coordinaci\u00f3n para dar respuesta a este desastre. Cabe se\u00f1alar que Deanne Criswell, responsable [&hellip;]","og_url":"https:\/\/canal7slp.tv\/2022\/joe-biden-declara-zona-de-desastre-territorios-afectados-por-ian\/","og_site_name":"Canal 7 SLP - 2022","article_publisher":"https:\/\/www.facebook.com\/noticieroscanalsiete","article_published_time":"2022-09-29T21:18:50+00:00","og_image":[{"width":604,"height":339,"url":"https:\/\/canal7slp.tv\/2022\/wp-content\/uploads\/2022\/09\/02-21.jpg","type":"image\/jpeg"}],"author":"Edici\u00f3n Web","twitter_card":"summary_large_image","twitter_creator":"@NOTICIEROS7","twitter_site":"@NOTICIEROS7","twitter_misc":{"Escrito por":"Edici\u00f3n Web","Tiempo de lectura":"1 minuto"},"schema":{"@context":"https:\/\/schema.org","@graph":[{"@type":"Article","@id":"https:\/\/canal7slp.tv\/2022\/joe-biden-declara-zona-de-desastre-territorios-afectados-por-ian\/#article","isPartOf":{"@id":"https:\/\/canal7slp.tv\/2022\/joe-biden-declara-zona-de-desastre-territorios-afectados-por-ian\/"},"author":{"name":"Edici\u00f3n Web","@id":"https:\/\/canal7slp.tv\/2022\/#\/schema\/person\/429704152a21f5f856ce29aa69a238da"},"headline":"Joe Biden declara zona de desastre territorios afectados por \u201cIan\u201d","datePublished":"2022-09-29T21:18:50+00:00","mainEntityOfPage":{"@id":"https:\/\/canal7slp.tv\/2022\/joe-biden-declara-zona-de-desastre-territorios-afectados-por-ian\/"},"wordCount":191,"publisher":{"@id":"https:\/\/canal7slp.tv\/2022\/#organization"},"image":{"@id":"https:\/\/canal7slp.tv\/2022\/joe-biden-declara-zona-de-desastre-territorios-afectados-por-ian\/#primaryimage"},"thumbnailUrl":"https:\/\/canal7slp.tv\/2022\/wp-content\/uploads\/2022\/09\/02-21.jpg","articleSection":["INTERNACIONALES"],"inLanguage":"es"},{"@type":"WebPage","@id":"https:\/\/canal7slp.tv\/2022\/joe-biden-declara-zona-de-desastre-territorios-afectados-por-ian\/","url":"https:\/\/canal7slp.tv\/2022\/joe-biden-declara-zona-de-desastre-territorios-afectados-por-ian\/","name":"Joe Biden declara zona de desastre territorios afectados por \u201cIan\u201d - Canal 7 SLP - 2022","isPartOf":{"@id":"https:\/\/canal7slp.tv\/2022\/#website"},"primaryImageOfPage":{"@id":"https:\/\/canal7slp.tv\/2022\/joe-biden-declara-zona-de-desastre-territorios-afectados-por-ian\/#primaryimage"},"image":{"@id":"https:\/\/canal7slp.tv\/2022\/joe-biden-declara-zona-de-desastre-territorios-afectados-por-ian\/#primaryimage"},"thumbnailUrl":"https:\/\/canal7slp.tv\/2022\/wp-content\/uploads\/2022\/09\/02-21.jpg","datePublished":"2022-09-29T21:18:50+00:00","breadcrumb":{"@id":"https:\/\/canal7slp.tv\/2022\/joe-biden-declara-zona-de-desastre-territorios-afectados-por-ian\/#breadcrumb"},"inLanguage":"es","potentialAction":[{"@type":"ReadAction","target":["https:\/\/canal7slp.tv\/2022\/joe-biden-declara-zona-de-desastre-territorios-afectados-por-ian\/"]}]},{"@type":"ImageObject","inLanguage":"es","@id":"https:\/\/canal7slp.tv\/2022\/joe-biden-declara-zona-de-desastre-territorios-afectados-por-ian\/#primaryimage","url":"https:\/\/canal7slp.tv\/2022\/wp-content\/uploads\/2022\/09\/02-21.jpg","contentUrl":"https:\/\/canal7slp.tv\/2022\/wp-content\/uploads\/2022\/09\/02-21.jpg","width":604,"height":339},{"@type":"BreadcrumbList","@id":"https:\/\/canal7slp.tv\/2022\/joe-biden-declara-zona-de-desastre-territorios-afectados-por-ian\/#breadcrumb","itemListElement":[{"@type":"ListItem","position":1,"name":"Portada","item":"https:\/\/canal7slp.tv\/2022\/"},{"@type":"ListItem","position":2,"name":"Joe Biden declara zona de desastre territorios afectados por \u201cIan\u201d"}]},{"@type":"WebSite","@id":"https:\/\/canal7slp.tv\/2022\/#website","url":"https:\/\/canal7slp.tv\/2022\/","name":"N7 - Noticieros Canal 7","description":"Somos Televisi\u00f3n","publisher":{"@id":"https:\/\/canal7slp.tv\/2022\/#organization"},"potentialAction":[{"@type":"SearchAction","target":{"@type":"EntryPoint","urlTemplate":"https:\/\/canal7slp.tv\/2022\/?s={search_term_string}"},"query-input":{"@type":"PropertyValueSpecification","valueRequired":true,"valueName":"search_term_string"}}],"inLanguage":"es"},{"@type":"Organization","@id":"https:\/\/canal7slp.tv\/2022\/#organization","name":"Noticieros Canal 7","url":"https:\/\/canal7slp.tv\/2022\/","logo":{"@type":"ImageObject","inLanguage":"es","@id":"https:\/\/canal7slp.tv\/2022\/#\/schema\/logo\/image\/","url":"https:\/\/canal7slp.tv\/2022\/wp-content\/uploads\/2021\/01\/logo-noticieros@2x.png","contentUrl":"https:\/\/canal7slp.tv\/2022\/wp-content\/uploads\/2021\/01\/logo-noticieros@2x.png","width":1017,"height":268,"caption":"Noticieros Canal 7"},"image":{"@id":"https:\/\/canal7slp.tv\/2022\/#\/schema\/logo\/image\/"},"sameAs":["https:\/\/www.facebook.com\/noticieroscanalsiete","https:\/\/x.com\/NOTICIEROS7","https:\/\/www.instagram.com\/canal7_slp","https:\/\/www.youtube.com\/channel\/UCliiYs-gP3JfJeqdPrNdd5A"]},{"@type":"Person","@id":"https:\/\/canal7slp.tv\/2022\/#\/schema\/person\/429704152a21f5f856ce29aa69a238da","name":"Edici\u00f3n Web","image":{"@type":"ImageObject","inLanguage":"es","@id":"https:\/\/secure.gravatar.com\/avatar\/eee448fc3f7164808013b816ba91ac7e43bbe82a70bebac296f8bc6f0addaa1a?s=96&d=mm&r=g","url":"https:\/\/secure.gravatar.com\/avatar\/eee448fc3f7164808013b816ba91ac7e43bbe82a70bebac296f8bc6f0addaa1a?s=96&d=mm&r=g","contentUrl":"https:\/\/secure.gravatar.com\/avatar\/eee448fc3f7164808013b816ba91ac7e43bbe82a70bebac296f8bc6f0addaa1a?s=96&d=mm&r=g","caption":"Edici\u00f3n Web"},"url":"https:\/\/canal7slp.tv\/2022\/author\/edicionweb\/"}]}},"amp_enabled":true,"_links":{"self":[{"href":"https:\/\/canal7slp.tv\/2022\/wp-json\/wp\/v2\/posts\/74288","targetHints":{"allow":["GET"]}}],"collection":[{"href":"https:\/\/canal7slp.tv\/2022\/wp-json\/wp\/v2\/posts"}],"about":[{"href":"https:\/\/canal7slp.tv\/2022\/wp-json\/wp\/v2\/types\/post"}],"author":[{"embeddable":true,"href":"https:\/\/canal7slp.tv\/2022\/wp-json\/wp\/v2\/users\/2"}],"replies":[{"embeddable":true,"href":"https:\/\/canal7slp.tv\/2022\/wp-json\/wp\/v2\/comments?post=74288"}],"version-history":[{"count":2,"href":"https:\/\/canal7slp.tv\/2022\/wp-json\/wp\/v2\/posts\/74288\/revisions"}],"predecessor-version":[{"id":74311,"href":"https:\/\/canal7slp.tv\/2022\/wp-json\/wp\/v2\/posts\/74288\/revisions\/74311"}],"wp:featuredmedia":[{"embeddable":true,"href":"https:\/\/canal7slp.tv\/2022\/wp-json\/wp\/v2\/media\/74301"}],"wp:attachment":[{"href":"https:\/\/canal7slp.tv\/2022\/wp-json\/wp\/v2\/media?parent=74288"}],"wp:term":[{"taxonomy":"category","embeddable":true,"href":"https:\/\/canal7slp.tv\/2022\/wp-json\/wp\/v2\/categories?post=74288"},{"taxonomy":"post_tag","embeddable":true,"href":"https:\/\/canal7slp.tv\/2022\/wp-json\/wp\/v2\/tags?post=74288"}],"curies":[{"name":"wp","href":"https:\/\/api.w.org\/{rel}","templated":true}]}}