{"id":74287,"date":"2022-09-29T15:18:52","date_gmt":"2022-09-29T21:18:52","guid":{"rendered":"https:\/\/canal7slp.tv\/2022\/?p=74287"},"modified":"2022-09-29T15:18:52","modified_gmt":"2022-09-29T21:18:52","slug":"archivo-real-de-escocia-revela-causa-de-muerte-de-isabel-ii","status":"publish","type":"post","link":"https:\/\/canal7slp.tv\/2022\/archivo-real-de-escocia-revela-causa-de-muerte-de-isabel-ii\/","title":{"rendered":"Archivo Real de Escocia revela causa de muerte de Isabel II"},"content":{"rendered":"<p style=\"text-align: justify;\">Edimburgo. \u2013 El Archivo Nacional de Escocia public\u00f3 este 29 de septiembre el certificado de defunci\u00f3n de Isabel II, quien falleci\u00f3 el 8 de septiembre a sus 96 a\u00f1os.<\/p>\n<p style=\"text-align: justify;\">En el documento se detalla la causa de muerte de la exreina:<\/p>\n<ul style=\"text-align: justify;\">\n<li>Hora de la muerte: 15:10. Causa: \u00abvejez\u00bb. Profesi\u00f3n: \u00abSu Majestad la Reina\u00bb.<\/li>\n<\/ul>\n<p style=\"text-align: justify;\">El certificado fue firmado por la princesa Ana, hija de Isabel II, que acompa\u00f1\u00f3 a la monarca durante sus \u00faltimas horas de vida.<\/p>\n<p style=\"text-align: justify;\">Cabe se\u00f1alar que, si Isabel II hubiera muerto en Inglaterra, no habr\u00eda sido necesario registrar su fallecimiento, ya que la ley s\u00f3lo se aplica a los s\u00fabditos del soberano.<\/p>\n","protected":false},"excerpt":{"rendered":"<p>Edimburgo. \u2013 El Archivo Nacional de Escocia public\u00f3 este 29 de septiembre el certificado de defunci\u00f3n de Isabel II, quien falleci\u00f3 el 8 de septiembre a sus 96 a\u00f1os. En el documento se detalla la causa de muerte de la exreina: Hora de la muerte: 15:10. Causa: \u00abvejez\u00bb. Profesi\u00f3n: \u00abSu Majestad la Reina\u00bb. El certificado fue firmado por la princesa Ana, hija de Isabel II, que acompa\u00f1\u00f3 a la monarca durante sus \u00faltimas horas de vida. Cabe se\u00f1alar que, si Isabel II hubiera muerto en Inglaterra, no habr\u00eda sido necesario registrar su fallecimiento, ya que la ley s\u00f3lo se aplica [&hellip;]<\/p>\n","protected":false},"author":2,"featured_media":74300,"comment_status":"closed","ping_status":"closed","sticky":false,"template":"","format":"standard","meta":{"footnotes":""},"categories":[44],"tags":[],"class_list":["post-74287","post","type-post","status-publish","format-standard","has-post-thumbnail","hentry","category-internacional","post--single"],"yoast_head":"<!-- This site is optimized with the Yoast SEO plugin v27.4 - https:\/\/yoast.com\/product\/yoast-seo-wordpress\/ -->\n<title>Archivo Real de Escocia revela causa de muerte de Isabel II - Canal 7 SLP - 2022<\/title>\n<meta name=\"robots\" content=\"index, follow, max-snippet:-1, max-image-preview:large, max-video-preview:-1\" \/>\n<link rel=\"canonical\" href=\"https:\/\/canal7slp.tv\/2022\/archivo-real-de-escocia-revela-causa-de-muerte-de-isabel-ii\/\" \/>\n<meta property=\"og:locale\" content=\"es_ES\" \/>\n<meta property=\"og:type\" content=\"article\" \/>\n<meta property=\"og:title\" content=\"Archivo Real de Escocia revela causa de muerte de Isabel II - Canal 7 SLP - 2022\" \/>\n<meta property=\"og:description\" content=\"Edimburgo. \u2013 El Archivo Nacional de Escocia public\u00f3 este 29 de septiembre el certificado de defunci\u00f3n de Isabel II, quien falleci\u00f3 el 8 de septiembre a sus 96 a\u00f1os. En el documento se detalla la causa de muerte de la exreina: Hora de la muerte: 15:10. Causa: \u00abvejez\u00bb. Profesi\u00f3n: \u00abSu Majestad la Reina\u00bb. El certificado fue firmado por la princesa Ana, hija de Isabel II, que acompa\u00f1\u00f3 a la monarca durante sus \u00faltimas horas de vida. Cabe se\u00f1alar que, si Isabel II hubiera muerto en Inglaterra, no habr\u00eda sido necesario registrar su fallecimiento, ya que la ley s\u00f3lo se aplica [&hellip;]\" \/>\n<meta property=\"og:url\" content=\"https:\/\/canal7slp.tv\/2022\/archivo-real-de-escocia-revela-causa-de-muerte-de-isabel-ii\/\" \/>\n<meta property=\"og:site_name\" content=\"Canal 7 SLP - 2022\" \/>\n<meta property=\"article:publisher\" content=\"https:\/\/www.facebook.com\/noticieroscanalsiete\" \/>\n<meta property=\"article:published_time\" content=\"2022-09-29T21:18:52+00:00\" \/>\n<meta property=\"og:image\" content=\"https:\/\/canal7slp.tv\/2022\/wp-content\/uploads\/2022\/09\/01-22.jpg\" \/>\n\t<meta property=\"og:image:width\" content=\"720\" \/>\n\t<meta property=\"og:image:height\" content=\"404\" \/>\n\t<meta property=\"og:image:type\" content=\"image\/jpeg\" \/>\n<meta name=\"author\" content=\"Edici\u00f3n Web\" \/>\n<meta name=\"twitter:card\" content=\"summary_large_image\" \/>\n<meta name=\"twitter:creator\" content=\"@NOTICIEROS7\" \/>\n<meta name=\"twitter:site\" content=\"@NOTICIEROS7\" \/>\n<meta name=\"twitter:label1\" content=\"Escrito por\" \/>\n\t<meta name=\"twitter:data1\" content=\"Edici\u00f3n Web\" \/>\n\t<meta name=\"twitter:label2\" content=\"Tiempo de lectura\" \/>\n\t<meta name=\"twitter:data2\" content=\"1 minuto\" \/>\n<script type=\"application\/ld+json\" class=\"yoast-schema-graph\">{\"@context\":\"https:\\\/\\\/schema.org\",\"@graph\":[{\"@type\":\"Article\",\"@id\":\"https:\\\/\\\/canal7slp.tv\\\/2022\\\/archivo-real-de-escocia-revela-causa-de-muerte-de-isabel-ii\\\/#article\",\"isPartOf\":{\"@id\":\"https:\\\/\\\/canal7slp.tv\\\/2022\\\/archivo-real-de-escocia-revela-causa-de-muerte-de-isabel-ii\\\/\"},\"author\":{\"name\":\"Edici\u00f3n Web\",\"@id\":\"https:\\\/\\\/canal7slp.tv\\\/2022\\\/#\\\/schema\\\/person\\\/429704152a21f5f856ce29aa69a238da\"},\"headline\":\"Archivo Real de Escocia revela causa de muerte de Isabel II\",\"datePublished\":\"2022-09-29T21:18:52+00:00\",\"mainEntityOfPage\":{\"@id\":\"https:\\\/\\\/canal7slp.tv\\\/2022\\\/archivo-real-de-escocia-revela-causa-de-muerte-de-isabel-ii\\\/\"},\"wordCount\":118,\"publisher\":{\"@id\":\"https:\\\/\\\/canal7slp.tv\\\/2022\\\/#organization\"},\"image\":{\"@id\":\"https:\\\/\\\/canal7slp.tv\\\/2022\\\/archivo-real-de-escocia-revela-causa-de-muerte-de-isabel-ii\\\/#primaryimage\"},\"thumbnailUrl\":\"https:\\\/\\\/canal7slp.tv\\\/2022\\\/wp-content\\\/uploads\\\/2022\\\/09\\\/01-22.jpg\",\"articleSection\":[\"INTERNACIONALES\"],\"inLanguage\":\"es\"},{\"@type\":\"WebPage\",\"@id\":\"https:\\\/\\\/canal7slp.tv\\\/2022\\\/archivo-real-de-escocia-revela-causa-de-muerte-de-isabel-ii\\\/\",\"url\":\"https:\\\/\\\/canal7slp.tv\\\/2022\\\/archivo-real-de-escocia-revela-causa-de-muerte-de-isabel-ii\\\/\",\"name\":\"Archivo Real de Escocia revela causa de muerte de Isabel II - Canal 7 SLP - 2022\",\"isPartOf\":{\"@id\":\"https:\\\/\\\/canal7slp.tv\\\/2022\\\/#website\"},\"primaryImageOfPage\":{\"@id\":\"https:\\\/\\\/canal7slp.tv\\\/2022\\\/archivo-real-de-escocia-revela-causa-de-muerte-de-isabel-ii\\\/#primaryimage\"},\"image\":{\"@id\":\"https:\\\/\\\/canal7slp.tv\\\/2022\\\/archivo-real-de-escocia-revela-causa-de-muerte-de-isabel-ii\\\/#primaryimage\"},\"thumbnailUrl\":\"https:\\\/\\\/canal7slp.tv\\\/2022\\\/wp-content\\\/uploads\\\/2022\\\/09\\\/01-22.jpg\",\"datePublished\":\"2022-09-29T21:18:52+00:00\",\"breadcrumb\":{\"@id\":\"https:\\\/\\\/canal7slp.tv\\\/2022\\\/archivo-real-de-escocia-revela-causa-de-muerte-de-isabel-ii\\\/#breadcrumb\"},\"inLanguage\":\"es\",\"potentialAction\":[{\"@type\":\"ReadAction\",\"target\":[\"https:\\\/\\\/canal7slp.tv\\\/2022\\\/archivo-real-de-escocia-revela-causa-de-muerte-de-isabel-ii\\\/\"]}]},{\"@type\":\"ImageObject\",\"inLanguage\":\"es\",\"@id\":\"https:\\\/\\\/canal7slp.tv\\\/2022\\\/archivo-real-de-escocia-revela-causa-de-muerte-de-isabel-ii\\\/#primaryimage\",\"url\":\"https:\\\/\\\/canal7slp.tv\\\/2022\\\/wp-content\\\/uploads\\\/2022\\\/09\\\/01-22.jpg\",\"contentUrl\":\"https:\\\/\\\/canal7slp.tv\\\/2022\\\/wp-content\\\/uploads\\\/2022\\\/09\\\/01-22.jpg\",\"width\":720,\"height\":404},{\"@type\":\"BreadcrumbList\",\"@id\":\"https:\\\/\\\/canal7slp.tv\\\/2022\\\/archivo-real-de-escocia-revela-causa-de-muerte-de-isabel-ii\\\/#breadcrumb\",\"itemListElement\":[{\"@type\":\"ListItem\",\"position\":1,\"name\":\"Portada\",\"item\":\"https:\\\/\\\/canal7slp.tv\\\/2022\\\/\"},{\"@type\":\"ListItem\",\"position\":2,\"name\":\"Archivo Real de Escocia revela causa de muerte de Isabel II\"}]},{\"@type\":\"WebSite\",\"@id\":\"https:\\\/\\\/canal7slp.tv\\\/2022\\\/#website\",\"url\":\"https:\\\/\\\/canal7slp.tv\\\/2022\\\/\",\"name\":\"N7 - Noticieros Canal 7\",\"description\":\"Somos Televisi\u00f3n\",\"publisher\":{\"@id\":\"https:\\\/\\\/canal7slp.tv\\\/2022\\\/#organization\"},\"potentialAction\":[{\"@type\":\"SearchAction\",\"target\":{\"@type\":\"EntryPoint\",\"urlTemplate\":\"https:\\\/\\\/canal7slp.tv\\\/2022\\\/?s={search_term_string}\"},\"query-input\":{\"@type\":\"PropertyValueSpecification\",\"valueRequired\":true,\"valueName\":\"search_term_string\"}}],\"inLanguage\":\"es\"},{\"@type\":\"Organization\",\"@id\":\"https:\\\/\\\/canal7slp.tv\\\/2022\\\/#organization\",\"name\":\"Noticieros Canal 7\",\"url\":\"https:\\\/\\\/canal7slp.tv\\\/2022\\\/\",\"logo\":{\"@type\":\"ImageObject\",\"inLanguage\":\"es\",\"@id\":\"https:\\\/\\\/canal7slp.tv\\\/2022\\\/#\\\/schema\\\/logo\\\/image\\\/\",\"url\":\"https:\\\/\\\/canal7slp.tv\\\/2022\\\/wp-content\\\/uploads\\\/2021\\\/01\\\/logo-noticieros@2x.png\",\"contentUrl\":\"https:\\\/\\\/canal7slp.tv\\\/2022\\\/wp-content\\\/uploads\\\/2021\\\/01\\\/logo-noticieros@2x.png\",\"width\":1017,\"height\":268,\"caption\":\"Noticieros Canal 7\"},\"image\":{\"@id\":\"https:\\\/\\\/canal7slp.tv\\\/2022\\\/#\\\/schema\\\/logo\\\/image\\\/\"},\"sameAs\":[\"https:\\\/\\\/www.facebook.com\\\/noticieroscanalsiete\",\"https:\\\/\\\/x.com\\\/NOTICIEROS7\",\"https:\\\/\\\/www.instagram.com\\\/canal7_slp\",\"https:\\\/\\\/www.youtube.com\\\/channel\\\/UCliiYs-gP3JfJeqdPrNdd5A\"]},{\"@type\":\"Person\",\"@id\":\"https:\\\/\\\/canal7slp.tv\\\/2022\\\/#\\\/schema\\\/person\\\/429704152a21f5f856ce29aa69a238da\",\"name\":\"Edici\u00f3n Web\",\"image\":{\"@type\":\"ImageObject\",\"inLanguage\":\"es\",\"@id\":\"https:\\\/\\\/secure.gravatar.com\\\/avatar\\\/eee448fc3f7164808013b816ba91ac7e43bbe82a70bebac296f8bc6f0addaa1a?s=96&d=mm&r=g\",\"url\":\"https:\\\/\\\/secure.gravatar.com\\\/avatar\\\/eee448fc3f7164808013b816ba91ac7e43bbe82a70bebac296f8bc6f0addaa1a?s=96&d=mm&r=g\",\"contentUrl\":\"https:\\\/\\\/secure.gravatar.com\\\/avatar\\\/eee448fc3f7164808013b816ba91ac7e43bbe82a70bebac296f8bc6f0addaa1a?s=96&d=mm&r=g\",\"caption\":\"Edici\u00f3n Web\"},\"url\":\"https:\\\/\\\/canal7slp.tv\\\/2022\\\/author\\\/edicionweb\\\/\"}]}<\/script>\n<!-- \/ Yoast SEO plugin. -->","yoast_head_json":{"title":"Archivo Real de Escocia revela causa de muerte de Isabel II - Canal 7 SLP - 2022","robots":{"index":"index","follow":"follow","max-snippet":"max-snippet:-1","max-image-preview":"max-image-preview:large","max-video-preview":"max-video-preview:-1"},"canonical":"https:\/\/canal7slp.tv\/2022\/archivo-real-de-escocia-revela-causa-de-muerte-de-isabel-ii\/","og_locale":"es_ES","og_type":"article","og_title":"Archivo Real de Escocia revela causa de muerte de Isabel II - Canal 7 SLP - 2022","og_description":"Edimburgo. \u2013 El Archivo Nacional de Escocia public\u00f3 este 29 de septiembre el certificado de defunci\u00f3n de Isabel II, quien falleci\u00f3 el 8 de septiembre a sus 96 a\u00f1os. En el documento se detalla la causa de muerte de la exreina: Hora de la muerte: 15:10. Causa: \u00abvejez\u00bb. Profesi\u00f3n: \u00abSu Majestad la Reina\u00bb. El certificado fue firmado por la princesa Ana, hija de Isabel II, que acompa\u00f1\u00f3 a la monarca durante sus \u00faltimas horas de vida. Cabe se\u00f1alar que, si Isabel II hubiera muerto en Inglaterra, no habr\u00eda sido necesario registrar su fallecimiento, ya que la ley s\u00f3lo se aplica [&hellip;]","og_url":"https:\/\/canal7slp.tv\/2022\/archivo-real-de-escocia-revela-causa-de-muerte-de-isabel-ii\/","og_site_name":"Canal 7 SLP - 2022","article_publisher":"https:\/\/www.facebook.com\/noticieroscanalsiete","article_published_time":"2022-09-29T21:18:52+00:00","og_image":[{"width":720,"height":404,"url":"https:\/\/canal7slp.tv\/2022\/wp-content\/uploads\/2022\/09\/01-22.jpg","type":"image\/jpeg"}],"author":"Edici\u00f3n Web","twitter_card":"summary_large_image","twitter_creator":"@NOTICIEROS7","twitter_site":"@NOTICIEROS7","twitter_misc":{"Escrito por":"Edici\u00f3n Web","Tiempo de lectura":"1 minuto"},"schema":{"@context":"https:\/\/schema.org","@graph":[{"@type":"Article","@id":"https:\/\/canal7slp.tv\/2022\/archivo-real-de-escocia-revela-causa-de-muerte-de-isabel-ii\/#article","isPartOf":{"@id":"https:\/\/canal7slp.tv\/2022\/archivo-real-de-escocia-revela-causa-de-muerte-de-isabel-ii\/"},"author":{"name":"Edici\u00f3n Web","@id":"https:\/\/canal7slp.tv\/2022\/#\/schema\/person\/429704152a21f5f856ce29aa69a238da"},"headline":"Archivo Real de Escocia revela causa de muerte de Isabel II","datePublished":"2022-09-29T21:18:52+00:00","mainEntityOfPage":{"@id":"https:\/\/canal7slp.tv\/2022\/archivo-real-de-escocia-revela-causa-de-muerte-de-isabel-ii\/"},"wordCount":118,"publisher":{"@id":"https:\/\/canal7slp.tv\/2022\/#organization"},"image":{"@id":"https:\/\/canal7slp.tv\/2022\/archivo-real-de-escocia-revela-causa-de-muerte-de-isabel-ii\/#primaryimage"},"thumbnailUrl":"https:\/\/canal7slp.tv\/2022\/wp-content\/uploads\/2022\/09\/01-22.jpg","articleSection":["INTERNACIONALES"],"inLanguage":"es"},{"@type":"WebPage","@id":"https:\/\/canal7slp.tv\/2022\/archivo-real-de-escocia-revela-causa-de-muerte-de-isabel-ii\/","url":"https:\/\/canal7slp.tv\/2022\/archivo-real-de-escocia-revela-causa-de-muerte-de-isabel-ii\/","name":"Archivo Real de Escocia revela causa de muerte de Isabel II - Canal 7 SLP - 2022","isPartOf":{"@id":"https:\/\/canal7slp.tv\/2022\/#website"},"primaryImageOfPage":{"@id":"https:\/\/canal7slp.tv\/2022\/archivo-real-de-escocia-revela-causa-de-muerte-de-isabel-ii\/#primaryimage"},"image":{"@id":"https:\/\/canal7slp.tv\/2022\/archivo-real-de-escocia-revela-causa-de-muerte-de-isabel-ii\/#primaryimage"},"thumbnailUrl":"https:\/\/canal7slp.tv\/2022\/wp-content\/uploads\/2022\/09\/01-22.jpg","datePublished":"2022-09-29T21:18:52+00:00","breadcrumb":{"@id":"https:\/\/canal7slp.tv\/2022\/archivo-real-de-escocia-revela-causa-de-muerte-de-isabel-ii\/#breadcrumb"},"inLanguage":"es","potentialAction":[{"@type":"ReadAction","target":["https:\/\/canal7slp.tv\/2022\/archivo-real-de-escocia-revela-causa-de-muerte-de-isabel-ii\/"]}]},{"@type":"ImageObject","inLanguage":"es","@id":"https:\/\/canal7slp.tv\/2022\/archivo-real-de-escocia-revela-causa-de-muerte-de-isabel-ii\/#primaryimage","url":"https:\/\/canal7slp.tv\/2022\/wp-content\/uploads\/2022\/09\/01-22.jpg","contentUrl":"https:\/\/canal7slp.tv\/2022\/wp-content\/uploads\/2022\/09\/01-22.jpg","width":720,"height":404},{"@type":"BreadcrumbList","@id":"https:\/\/canal7slp.tv\/2022\/archivo-real-de-escocia-revela-causa-de-muerte-de-isabel-ii\/#breadcrumb","itemListElement":[{"@type":"ListItem","position":1,"name":"Portada","item":"https:\/\/canal7slp.tv\/2022\/"},{"@type":"ListItem","position":2,"name":"Archivo Real de Escocia revela causa de muerte de Isabel II"}]},{"@type":"WebSite","@id":"https:\/\/canal7slp.tv\/2022\/#website","url":"https:\/\/canal7slp.tv\/2022\/","name":"N7 - Noticieros Canal 7","description":"Somos Televisi\u00f3n","publisher":{"@id":"https:\/\/canal7slp.tv\/2022\/#organization"},"potentialAction":[{"@type":"SearchAction","target":{"@type":"EntryPoint","urlTemplate":"https:\/\/canal7slp.tv\/2022\/?s={search_term_string}"},"query-input":{"@type":"PropertyValueSpecification","valueRequired":true,"valueName":"search_term_string"}}],"inLanguage":"es"},{"@type":"Organization","@id":"https:\/\/canal7slp.tv\/2022\/#organization","name":"Noticieros Canal 7","url":"https:\/\/canal7slp.tv\/2022\/","logo":{"@type":"ImageObject","inLanguage":"es","@id":"https:\/\/canal7slp.tv\/2022\/#\/schema\/logo\/image\/","url":"https:\/\/canal7slp.tv\/2022\/wp-content\/uploads\/2021\/01\/logo-noticieros@2x.png","contentUrl":"https:\/\/canal7slp.tv\/2022\/wp-content\/uploads\/2021\/01\/logo-noticieros@2x.png","width":1017,"height":268,"caption":"Noticieros Canal 7"},"image":{"@id":"https:\/\/canal7slp.tv\/2022\/#\/schema\/logo\/image\/"},"sameAs":["https:\/\/www.facebook.com\/noticieroscanalsiete","https:\/\/x.com\/NOTICIEROS7","https:\/\/www.instagram.com\/canal7_slp","https:\/\/www.youtube.com\/channel\/UCliiYs-gP3JfJeqdPrNdd5A"]},{"@type":"Person","@id":"https:\/\/canal7slp.tv\/2022\/#\/schema\/person\/429704152a21f5f856ce29aa69a238da","name":"Edici\u00f3n Web","image":{"@type":"ImageObject","inLanguage":"es","@id":"https:\/\/secure.gravatar.com\/avatar\/eee448fc3f7164808013b816ba91ac7e43bbe82a70bebac296f8bc6f0addaa1a?s=96&d=mm&r=g","url":"https:\/\/secure.gravatar.com\/avatar\/eee448fc3f7164808013b816ba91ac7e43bbe82a70bebac296f8bc6f0addaa1a?s=96&d=mm&r=g","contentUrl":"https:\/\/secure.gravatar.com\/avatar\/eee448fc3f7164808013b816ba91ac7e43bbe82a70bebac296f8bc6f0addaa1a?s=96&d=mm&r=g","caption":"Edici\u00f3n Web"},"url":"https:\/\/canal7slp.tv\/2022\/author\/edicionweb\/"}]}},"amp_enabled":true,"_links":{"self":[{"href":"https:\/\/canal7slp.tv\/2022\/wp-json\/wp\/v2\/posts\/74287","targetHints":{"allow":["GET"]}}],"collection":[{"href":"https:\/\/canal7slp.tv\/2022\/wp-json\/wp\/v2\/posts"}],"about":[{"href":"https:\/\/canal7slp.tv\/2022\/wp-json\/wp\/v2\/types\/post"}],"author":[{"embeddable":true,"href":"https:\/\/canal7slp.tv\/2022\/wp-json\/wp\/v2\/users\/2"}],"replies":[{"embeddable":true,"href":"https:\/\/canal7slp.tv\/2022\/wp-json\/wp\/v2\/comments?post=74287"}],"version-history":[{"count":2,"href":"https:\/\/canal7slp.tv\/2022\/wp-json\/wp\/v2\/posts\/74287\/revisions"}],"predecessor-version":[{"id":74312,"href":"https:\/\/canal7slp.tv\/2022\/wp-json\/wp\/v2\/posts\/74287\/revisions\/74312"}],"wp:featuredmedia":[{"embeddable":true,"href":"https:\/\/canal7slp.tv\/2022\/wp-json\/wp\/v2\/media\/74300"}],"wp:attachment":[{"href":"https:\/\/canal7slp.tv\/2022\/wp-json\/wp\/v2\/media?parent=74287"}],"wp:term":[{"taxonomy":"category","embeddable":true,"href":"https:\/\/canal7slp.tv\/2022\/wp-json\/wp\/v2\/categories?post=74287"},{"taxonomy":"post_tag","embeddable":true,"href":"https:\/\/canal7slp.tv\/2022\/wp-json\/wp\/v2\/tags?post=74287"}],"curies":[{"name":"wp","href":"https:\/\/api.w.org\/{rel}","templated":true}]}}