{"id":74016,"date":"2022-09-27T04:09:10","date_gmt":"2022-09-27T10:09:10","guid":{"rendered":"https:\/\/canal7slp.tv\/2022\/?p=74016"},"modified":"2022-09-27T04:09:10","modified_gmt":"2022-09-27T10:09:10","slug":"necesario-generar-conciencia-sobre-la-importancia-de-asegurar-el-patrimonio-afirma-amasfac","status":"publish","type":"post","link":"https:\/\/canal7slp.tv\/2022\/necesario-generar-conciencia-sobre-la-importancia-de-asegurar-el-patrimonio-afirma-amasfac\/","title":{"rendered":"Necesario generar conciencia sobre la importancia de asegurar el patrimonio, afirma AMASFAC."},"content":{"rendered":"<p style=\"text-align: justify;\">SLP.-\u00a0Se\u00f1ala la Asociaci\u00f3n Mexicana de Agentes de Seguros y Fianzas (AMASFAC) que todav\u00eda hay un \u00edndice bajo de personas que contratan seguros para afrontar situaciones de riesgo en su patrimonio.<\/p>\n<p style=\"text-align: justify;\">El secretario general del organismo en San Luis Potos\u00ed, Ricardo Sandoval advirti\u00f3 que se retoma la experiencia de sentir un sismo, pero falta que la gente genere conciencia.<\/p>\n<p style=\"text-align: justify;\">Hizo una comparaci\u00f3n con la Ciudad de M\u00e9xico o Michoac\u00e1n; adem\u00e1s de destacar que en gran medida aquellos que contratan un seguro lo hacen por obligatoriedad -como ser\u00eda el caso de los negocios-.<\/p>\n<p style=\"text-align: justify;\">Puntualiz\u00f3 que falta cultura de la prevenci\u00f3n.<\/p>\n<p>Por: Paulina Rodr\u00edguez<\/p>\n","protected":false},"excerpt":{"rendered":"<p>SLP.-\u00a0Se\u00f1ala la Asociaci\u00f3n Mexicana de Agentes de Seguros y Fianzas (AMASFAC) que todav\u00eda hay un \u00edndice bajo de personas que contratan seguros para afrontar situaciones de riesgo en su patrimonio. El secretario general del organismo en San Luis Potos\u00ed, Ricardo Sandoval advirti\u00f3 que se retoma la experiencia de sentir un sismo, pero falta que la gente genere conciencia. Hizo una comparaci\u00f3n con la Ciudad de M\u00e9xico o Michoac\u00e1n; adem\u00e1s de destacar que en gran medida aquellos que contratan un seguro lo hacen por obligatoriedad -como ser\u00eda el caso de los negocios-. Puntualiz\u00f3 que falta cultura de la prevenci\u00f3n. Por: Paulina [&hellip;]<\/p>\n","protected":false},"author":2,"featured_media":74017,"comment_status":"closed","ping_status":"closed","sticky":false,"template":"","format":"video","meta":{"footnotes":""},"categories":[5,45],"tags":[],"class_list":["post-74016","post","type-post","status-publish","format-video","has-post-thumbnail","hentry","category-destacadas","category-localesyregionales","post_format-post-format-video","post--single"],"yoast_head":"<!-- This site is optimized with the Yoast SEO plugin v27.5 - https:\/\/yoast.com\/product\/yoast-seo-wordpress\/ -->\n<title>Necesario generar conciencia sobre la importancia de asegurar el patrimonio, afirma AMASFAC. - Canal 7 SLP - 2022<\/title>\n<meta name=\"robots\" content=\"index, follow, max-snippet:-1, max-image-preview:large, max-video-preview:-1\" \/>\n<link rel=\"canonical\" href=\"https:\/\/canal7slp.tv\/2022\/necesario-generar-conciencia-sobre-la-importancia-de-asegurar-el-patrimonio-afirma-amasfac\/\" \/>\n<meta property=\"og:locale\" content=\"es_ES\" \/>\n<meta property=\"og:type\" content=\"article\" \/>\n<meta property=\"og:title\" content=\"Necesario generar conciencia sobre la importancia de asegurar el patrimonio, afirma AMASFAC. - Canal 7 SLP - 2022\" \/>\n<meta property=\"og:description\" content=\"SLP.-\u00a0Se\u00f1ala la Asociaci\u00f3n Mexicana de Agentes de Seguros y Fianzas (AMASFAC) que todav\u00eda hay un \u00edndice bajo de personas que contratan seguros para afrontar situaciones de riesgo en su patrimonio. El secretario general del organismo en San Luis Potos\u00ed, Ricardo Sandoval advirti\u00f3 que se retoma la experiencia de sentir un sismo, pero falta que la gente genere conciencia. Hizo una comparaci\u00f3n con la Ciudad de M\u00e9xico o Michoac\u00e1n; adem\u00e1s de destacar que en gran medida aquellos que contratan un seguro lo hacen por obligatoriedad -como ser\u00eda el caso de los negocios-. Puntualiz\u00f3 que falta cultura de la prevenci\u00f3n. Por: Paulina [&hellip;]\" \/>\n<meta property=\"og:url\" content=\"https:\/\/canal7slp.tv\/2022\/necesario-generar-conciencia-sobre-la-importancia-de-asegurar-el-patrimonio-afirma-amasfac\/\" \/>\n<meta property=\"og:site_name\" content=\"Canal 7 SLP - 2022\" \/>\n<meta property=\"article:publisher\" content=\"https:\/\/www.facebook.com\/noticieroscanalsiete\" \/>\n<meta property=\"article:published_time\" content=\"2022-09-27T10:09:10+00:00\" \/>\n<meta property=\"og:image\" content=\"https:\/\/canal7slp.tv\/2022\/wp-content\/uploads\/2022\/09\/Pau05AMASAFAC.jpg\" \/>\n\t<meta property=\"og:image:width\" content=\"888\" \/>\n\t<meta property=\"og:image:height\" content=\"500\" \/>\n\t<meta property=\"og:image:type\" content=\"image\/jpeg\" \/>\n<meta name=\"author\" content=\"Edici\u00f3n Web\" \/>\n<meta name=\"twitter:card\" content=\"summary_large_image\" \/>\n<meta name=\"twitter:creator\" content=\"@NOTICIEROS7\" \/>\n<meta name=\"twitter:site\" content=\"@NOTICIEROS7\" \/>\n<meta name=\"twitter:label1\" content=\"Escrito por\" \/>\n\t<meta name=\"twitter:data1\" content=\"Edici\u00f3n Web\" \/>\n\t<meta name=\"twitter:label2\" content=\"Tiempo de lectura\" \/>\n\t<meta name=\"twitter:data2\" content=\"1 minuto\" \/>\n<script type=\"application\/ld+json\" class=\"yoast-schema-graph\">{\"@context\":\"https:\\\/\\\/schema.org\",\"@graph\":[{\"@type\":\"Article\",\"@id\":\"https:\\\/\\\/canal7slp.tv\\\/2022\\\/necesario-generar-conciencia-sobre-la-importancia-de-asegurar-el-patrimonio-afirma-amasfac\\\/#article\",\"isPartOf\":{\"@id\":\"https:\\\/\\\/canal7slp.tv\\\/2022\\\/necesario-generar-conciencia-sobre-la-importancia-de-asegurar-el-patrimonio-afirma-amasfac\\\/\"},\"author\":{\"name\":\"Edici\u00f3n Web\",\"@id\":\"https:\\\/\\\/canal7slp.tv\\\/2022\\\/#\\\/schema\\\/person\\\/429704152a21f5f856ce29aa69a238da\"},\"headline\":\"Necesario generar conciencia sobre la importancia de asegurar el patrimonio, afirma AMASFAC.\",\"datePublished\":\"2022-09-27T10:09:10+00:00\",\"mainEntityOfPage\":{\"@id\":\"https:\\\/\\\/canal7slp.tv\\\/2022\\\/necesario-generar-conciencia-sobre-la-importancia-de-asegurar-el-patrimonio-afirma-amasfac\\\/\"},\"wordCount\":125,\"publisher\":{\"@id\":\"https:\\\/\\\/canal7slp.tv\\\/2022\\\/#organization\"},\"image\":{\"@id\":\"https:\\\/\\\/canal7slp.tv\\\/2022\\\/necesario-generar-conciencia-sobre-la-importancia-de-asegurar-el-patrimonio-afirma-amasfac\\\/#primaryimage\"},\"thumbnailUrl\":\"https:\\\/\\\/canal7slp.tv\\\/2022\\\/wp-content\\\/uploads\\\/2022\\\/09\\\/Pau05AMASAFAC.jpg\",\"articleSection\":[\"DESTACADAS\",\"LOCALES Y REGIONALES\"],\"inLanguage\":\"es\"},{\"@type\":\"WebPage\",\"@id\":\"https:\\\/\\\/canal7slp.tv\\\/2022\\\/necesario-generar-conciencia-sobre-la-importancia-de-asegurar-el-patrimonio-afirma-amasfac\\\/\",\"url\":\"https:\\\/\\\/canal7slp.tv\\\/2022\\\/necesario-generar-conciencia-sobre-la-importancia-de-asegurar-el-patrimonio-afirma-amasfac\\\/\",\"name\":\"Necesario generar conciencia sobre la importancia de asegurar el patrimonio, afirma AMASFAC. - Canal 7 SLP - 2022\",\"isPartOf\":{\"@id\":\"https:\\\/\\\/canal7slp.tv\\\/2022\\\/#website\"},\"primaryImageOfPage\":{\"@id\":\"https:\\\/\\\/canal7slp.tv\\\/2022\\\/necesario-generar-conciencia-sobre-la-importancia-de-asegurar-el-patrimonio-afirma-amasfac\\\/#primaryimage\"},\"image\":{\"@id\":\"https:\\\/\\\/canal7slp.tv\\\/2022\\\/necesario-generar-conciencia-sobre-la-importancia-de-asegurar-el-patrimonio-afirma-amasfac\\\/#primaryimage\"},\"thumbnailUrl\":\"https:\\\/\\\/canal7slp.tv\\\/2022\\\/wp-content\\\/uploads\\\/2022\\\/09\\\/Pau05AMASAFAC.jpg\",\"datePublished\":\"2022-09-27T10:09:10+00:00\",\"breadcrumb\":{\"@id\":\"https:\\\/\\\/canal7slp.tv\\\/2022\\\/necesario-generar-conciencia-sobre-la-importancia-de-asegurar-el-patrimonio-afirma-amasfac\\\/#breadcrumb\"},\"inLanguage\":\"es\",\"potentialAction\":[{\"@type\":\"ReadAction\",\"target\":[\"https:\\\/\\\/canal7slp.tv\\\/2022\\\/necesario-generar-conciencia-sobre-la-importancia-de-asegurar-el-patrimonio-afirma-amasfac\\\/\"]}]},{\"@type\":\"ImageObject\",\"inLanguage\":\"es\",\"@id\":\"https:\\\/\\\/canal7slp.tv\\\/2022\\\/necesario-generar-conciencia-sobre-la-importancia-de-asegurar-el-patrimonio-afirma-amasfac\\\/#primaryimage\",\"url\":\"https:\\\/\\\/canal7slp.tv\\\/2022\\\/wp-content\\\/uploads\\\/2022\\\/09\\\/Pau05AMASAFAC.jpg\",\"contentUrl\":\"https:\\\/\\\/canal7slp.tv\\\/2022\\\/wp-content\\\/uploads\\\/2022\\\/09\\\/Pau05AMASAFAC.jpg\",\"width\":888,\"height\":500},{\"@type\":\"BreadcrumbList\",\"@id\":\"https:\\\/\\\/canal7slp.tv\\\/2022\\\/necesario-generar-conciencia-sobre-la-importancia-de-asegurar-el-patrimonio-afirma-amasfac\\\/#breadcrumb\",\"itemListElement\":[{\"@type\":\"ListItem\",\"position\":1,\"name\":\"Portada\",\"item\":\"https:\\\/\\\/canal7slp.tv\\\/2022\\\/\"},{\"@type\":\"ListItem\",\"position\":2,\"name\":\"Necesario generar conciencia sobre la importancia de asegurar el patrimonio, afirma AMASFAC.\"}]},{\"@type\":\"WebSite\",\"@id\":\"https:\\\/\\\/canal7slp.tv\\\/2022\\\/#website\",\"url\":\"https:\\\/\\\/canal7slp.tv\\\/2022\\\/\",\"name\":\"N7 - Noticieros Canal 7\",\"description\":\"Somos Televisi\u00f3n\",\"publisher\":{\"@id\":\"https:\\\/\\\/canal7slp.tv\\\/2022\\\/#organization\"},\"potentialAction\":[{\"@type\":\"SearchAction\",\"target\":{\"@type\":\"EntryPoint\",\"urlTemplate\":\"https:\\\/\\\/canal7slp.tv\\\/2022\\\/?s={search_term_string}\"},\"query-input\":{\"@type\":\"PropertyValueSpecification\",\"valueRequired\":true,\"valueName\":\"search_term_string\"}}],\"inLanguage\":\"es\"},{\"@type\":\"Organization\",\"@id\":\"https:\\\/\\\/canal7slp.tv\\\/2022\\\/#organization\",\"name\":\"Noticieros Canal 7\",\"url\":\"https:\\\/\\\/canal7slp.tv\\\/2022\\\/\",\"logo\":{\"@type\":\"ImageObject\",\"inLanguage\":\"es\",\"@id\":\"https:\\\/\\\/canal7slp.tv\\\/2022\\\/#\\\/schema\\\/logo\\\/image\\\/\",\"url\":\"https:\\\/\\\/canal7slp.tv\\\/2022\\\/wp-content\\\/uploads\\\/2021\\\/01\\\/logo-noticieros@2x.png\",\"contentUrl\":\"https:\\\/\\\/canal7slp.tv\\\/2022\\\/wp-content\\\/uploads\\\/2021\\\/01\\\/logo-noticieros@2x.png\",\"width\":1017,\"height\":268,\"caption\":\"Noticieros Canal 7\"},\"image\":{\"@id\":\"https:\\\/\\\/canal7slp.tv\\\/2022\\\/#\\\/schema\\\/logo\\\/image\\\/\"},\"sameAs\":[\"https:\\\/\\\/www.facebook.com\\\/noticieroscanalsiete\",\"https:\\\/\\\/x.com\\\/NOTICIEROS7\",\"https:\\\/\\\/www.instagram.com\\\/canal7_slp\",\"https:\\\/\\\/www.youtube.com\\\/channel\\\/UCliiYs-gP3JfJeqdPrNdd5A\"]},{\"@type\":\"Person\",\"@id\":\"https:\\\/\\\/canal7slp.tv\\\/2022\\\/#\\\/schema\\\/person\\\/429704152a21f5f856ce29aa69a238da\",\"name\":\"Edici\u00f3n Web\",\"image\":{\"@type\":\"ImageObject\",\"inLanguage\":\"es\",\"@id\":\"https:\\\/\\\/secure.gravatar.com\\\/avatar\\\/eee448fc3f7164808013b816ba91ac7e43bbe82a70bebac296f8bc6f0addaa1a?s=96&d=mm&r=g\",\"url\":\"https:\\\/\\\/secure.gravatar.com\\\/avatar\\\/eee448fc3f7164808013b816ba91ac7e43bbe82a70bebac296f8bc6f0addaa1a?s=96&d=mm&r=g\",\"contentUrl\":\"https:\\\/\\\/secure.gravatar.com\\\/avatar\\\/eee448fc3f7164808013b816ba91ac7e43bbe82a70bebac296f8bc6f0addaa1a?s=96&d=mm&r=g\",\"caption\":\"Edici\u00f3n Web\"},\"url\":\"https:\\\/\\\/canal7slp.tv\\\/2022\\\/author\\\/edicionweb\\\/\"}]}<\/script>\n<!-- \/ Yoast SEO plugin. -->","yoast_head_json":{"title":"Necesario generar conciencia sobre la importancia de asegurar el patrimonio, afirma AMASFAC. - Canal 7 SLP - 2022","robots":{"index":"index","follow":"follow","max-snippet":"max-snippet:-1","max-image-preview":"max-image-preview:large","max-video-preview":"max-video-preview:-1"},"canonical":"https:\/\/canal7slp.tv\/2022\/necesario-generar-conciencia-sobre-la-importancia-de-asegurar-el-patrimonio-afirma-amasfac\/","og_locale":"es_ES","og_type":"article","og_title":"Necesario generar conciencia sobre la importancia de asegurar el patrimonio, afirma AMASFAC. - Canal 7 SLP - 2022","og_description":"SLP.-\u00a0Se\u00f1ala la Asociaci\u00f3n Mexicana de Agentes de Seguros y Fianzas (AMASFAC) que todav\u00eda hay un \u00edndice bajo de personas que contratan seguros para afrontar situaciones de riesgo en su patrimonio. El secretario general del organismo en San Luis Potos\u00ed, Ricardo Sandoval advirti\u00f3 que se retoma la experiencia de sentir un sismo, pero falta que la gente genere conciencia. Hizo una comparaci\u00f3n con la Ciudad de M\u00e9xico o Michoac\u00e1n; adem\u00e1s de destacar que en gran medida aquellos que contratan un seguro lo hacen por obligatoriedad -como ser\u00eda el caso de los negocios-. Puntualiz\u00f3 que falta cultura de la prevenci\u00f3n. Por: Paulina [&hellip;]","og_url":"https:\/\/canal7slp.tv\/2022\/necesario-generar-conciencia-sobre-la-importancia-de-asegurar-el-patrimonio-afirma-amasfac\/","og_site_name":"Canal 7 SLP - 2022","article_publisher":"https:\/\/www.facebook.com\/noticieroscanalsiete","article_published_time":"2022-09-27T10:09:10+00:00","og_image":[{"width":888,"height":500,"url":"https:\/\/canal7slp.tv\/2022\/wp-content\/uploads\/2022\/09\/Pau05AMASAFAC.jpg","type":"image\/jpeg"}],"author":"Edici\u00f3n Web","twitter_card":"summary_large_image","twitter_creator":"@NOTICIEROS7","twitter_site":"@NOTICIEROS7","twitter_misc":{"Escrito por":"Edici\u00f3n Web","Tiempo de lectura":"1 minuto"},"schema":{"@context":"https:\/\/schema.org","@graph":[{"@type":"Article","@id":"https:\/\/canal7slp.tv\/2022\/necesario-generar-conciencia-sobre-la-importancia-de-asegurar-el-patrimonio-afirma-amasfac\/#article","isPartOf":{"@id":"https:\/\/canal7slp.tv\/2022\/necesario-generar-conciencia-sobre-la-importancia-de-asegurar-el-patrimonio-afirma-amasfac\/"},"author":{"name":"Edici\u00f3n Web","@id":"https:\/\/canal7slp.tv\/2022\/#\/schema\/person\/429704152a21f5f856ce29aa69a238da"},"headline":"Necesario generar conciencia sobre la importancia de asegurar el patrimonio, afirma AMASFAC.","datePublished":"2022-09-27T10:09:10+00:00","mainEntityOfPage":{"@id":"https:\/\/canal7slp.tv\/2022\/necesario-generar-conciencia-sobre-la-importancia-de-asegurar-el-patrimonio-afirma-amasfac\/"},"wordCount":125,"publisher":{"@id":"https:\/\/canal7slp.tv\/2022\/#organization"},"image":{"@id":"https:\/\/canal7slp.tv\/2022\/necesario-generar-conciencia-sobre-la-importancia-de-asegurar-el-patrimonio-afirma-amasfac\/#primaryimage"},"thumbnailUrl":"https:\/\/canal7slp.tv\/2022\/wp-content\/uploads\/2022\/09\/Pau05AMASAFAC.jpg","articleSection":["DESTACADAS","LOCALES Y REGIONALES"],"inLanguage":"es"},{"@type":"WebPage","@id":"https:\/\/canal7slp.tv\/2022\/necesario-generar-conciencia-sobre-la-importancia-de-asegurar-el-patrimonio-afirma-amasfac\/","url":"https:\/\/canal7slp.tv\/2022\/necesario-generar-conciencia-sobre-la-importancia-de-asegurar-el-patrimonio-afirma-amasfac\/","name":"Necesario generar conciencia sobre la importancia de asegurar el patrimonio, afirma AMASFAC. - Canal 7 SLP - 2022","isPartOf":{"@id":"https:\/\/canal7slp.tv\/2022\/#website"},"primaryImageOfPage":{"@id":"https:\/\/canal7slp.tv\/2022\/necesario-generar-conciencia-sobre-la-importancia-de-asegurar-el-patrimonio-afirma-amasfac\/#primaryimage"},"image":{"@id":"https:\/\/canal7slp.tv\/2022\/necesario-generar-conciencia-sobre-la-importancia-de-asegurar-el-patrimonio-afirma-amasfac\/#primaryimage"},"thumbnailUrl":"https:\/\/canal7slp.tv\/2022\/wp-content\/uploads\/2022\/09\/Pau05AMASAFAC.jpg","datePublished":"2022-09-27T10:09:10+00:00","breadcrumb":{"@id":"https:\/\/canal7slp.tv\/2022\/necesario-generar-conciencia-sobre-la-importancia-de-asegurar-el-patrimonio-afirma-amasfac\/#breadcrumb"},"inLanguage":"es","potentialAction":[{"@type":"ReadAction","target":["https:\/\/canal7slp.tv\/2022\/necesario-generar-conciencia-sobre-la-importancia-de-asegurar-el-patrimonio-afirma-amasfac\/"]}]},{"@type":"ImageObject","inLanguage":"es","@id":"https:\/\/canal7slp.tv\/2022\/necesario-generar-conciencia-sobre-la-importancia-de-asegurar-el-patrimonio-afirma-amasfac\/#primaryimage","url":"https:\/\/canal7slp.tv\/2022\/wp-content\/uploads\/2022\/09\/Pau05AMASAFAC.jpg","contentUrl":"https:\/\/canal7slp.tv\/2022\/wp-content\/uploads\/2022\/09\/Pau05AMASAFAC.jpg","width":888,"height":500},{"@type":"BreadcrumbList","@id":"https:\/\/canal7slp.tv\/2022\/necesario-generar-conciencia-sobre-la-importancia-de-asegurar-el-patrimonio-afirma-amasfac\/#breadcrumb","itemListElement":[{"@type":"ListItem","position":1,"name":"Portada","item":"https:\/\/canal7slp.tv\/2022\/"},{"@type":"ListItem","position":2,"name":"Necesario generar conciencia sobre la importancia de asegurar el patrimonio, afirma AMASFAC."}]},{"@type":"WebSite","@id":"https:\/\/canal7slp.tv\/2022\/#website","url":"https:\/\/canal7slp.tv\/2022\/","name":"N7 - Noticieros Canal 7","description":"Somos Televisi\u00f3n","publisher":{"@id":"https:\/\/canal7slp.tv\/2022\/#organization"},"potentialAction":[{"@type":"SearchAction","target":{"@type":"EntryPoint","urlTemplate":"https:\/\/canal7slp.tv\/2022\/?s={search_term_string}"},"query-input":{"@type":"PropertyValueSpecification","valueRequired":true,"valueName":"search_term_string"}}],"inLanguage":"es"},{"@type":"Organization","@id":"https:\/\/canal7slp.tv\/2022\/#organization","name":"Noticieros Canal 7","url":"https:\/\/canal7slp.tv\/2022\/","logo":{"@type":"ImageObject","inLanguage":"es","@id":"https:\/\/canal7slp.tv\/2022\/#\/schema\/logo\/image\/","url":"https:\/\/canal7slp.tv\/2022\/wp-content\/uploads\/2021\/01\/logo-noticieros@2x.png","contentUrl":"https:\/\/canal7slp.tv\/2022\/wp-content\/uploads\/2021\/01\/logo-noticieros@2x.png","width":1017,"height":268,"caption":"Noticieros Canal 7"},"image":{"@id":"https:\/\/canal7slp.tv\/2022\/#\/schema\/logo\/image\/"},"sameAs":["https:\/\/www.facebook.com\/noticieroscanalsiete","https:\/\/x.com\/NOTICIEROS7","https:\/\/www.instagram.com\/canal7_slp","https:\/\/www.youtube.com\/channel\/UCliiYs-gP3JfJeqdPrNdd5A"]},{"@type":"Person","@id":"https:\/\/canal7slp.tv\/2022\/#\/schema\/person\/429704152a21f5f856ce29aa69a238da","name":"Edici\u00f3n Web","image":{"@type":"ImageObject","inLanguage":"es","@id":"https:\/\/secure.gravatar.com\/avatar\/eee448fc3f7164808013b816ba91ac7e43bbe82a70bebac296f8bc6f0addaa1a?s=96&d=mm&r=g","url":"https:\/\/secure.gravatar.com\/avatar\/eee448fc3f7164808013b816ba91ac7e43bbe82a70bebac296f8bc6f0addaa1a?s=96&d=mm&r=g","contentUrl":"https:\/\/secure.gravatar.com\/avatar\/eee448fc3f7164808013b816ba91ac7e43bbe82a70bebac296f8bc6f0addaa1a?s=96&d=mm&r=g","caption":"Edici\u00f3n Web"},"url":"https:\/\/canal7slp.tv\/2022\/author\/edicionweb\/"}]}},"amp_enabled":true,"_links":{"self":[{"href":"https:\/\/canal7slp.tv\/2022\/wp-json\/wp\/v2\/posts\/74016","targetHints":{"allow":["GET"]}}],"collection":[{"href":"https:\/\/canal7slp.tv\/2022\/wp-json\/wp\/v2\/posts"}],"about":[{"href":"https:\/\/canal7slp.tv\/2022\/wp-json\/wp\/v2\/types\/post"}],"author":[{"embeddable":true,"href":"https:\/\/canal7slp.tv\/2022\/wp-json\/wp\/v2\/users\/2"}],"replies":[{"embeddable":true,"href":"https:\/\/canal7slp.tv\/2022\/wp-json\/wp\/v2\/comments?post=74016"}],"version-history":[{"count":1,"href":"https:\/\/canal7slp.tv\/2022\/wp-json\/wp\/v2\/posts\/74016\/revisions"}],"predecessor-version":[{"id":74018,"href":"https:\/\/canal7slp.tv\/2022\/wp-json\/wp\/v2\/posts\/74016\/revisions\/74018"}],"wp:featuredmedia":[{"embeddable":true,"href":"https:\/\/canal7slp.tv\/2022\/wp-json\/wp\/v2\/media\/74017"}],"wp:attachment":[{"href":"https:\/\/canal7slp.tv\/2022\/wp-json\/wp\/v2\/media?parent=74016"}],"wp:term":[{"taxonomy":"category","embeddable":true,"href":"https:\/\/canal7slp.tv\/2022\/wp-json\/wp\/v2\/categories?post=74016"},{"taxonomy":"post_tag","embeddable":true,"href":"https:\/\/canal7slp.tv\/2022\/wp-json\/wp\/v2\/tags?post=74016"}],"curies":[{"name":"wp","href":"https:\/\/api.w.org\/{rel}","templated":true}]}}