{"id":74010,"date":"2022-09-27T03:53:04","date_gmt":"2022-09-27T09:53:04","guid":{"rendered":"https:\/\/canal7slp.tv\/2022\/?p=74010"},"modified":"2022-09-27T03:54:37","modified_gmt":"2022-09-27T09:54:37","slug":"un-muerto-y-dos-heridos-deja-balacera-frente-universidad-politecnica","status":"publish","type":"post","link":"https:\/\/canal7slp.tv\/2022\/un-muerto-y-dos-heridos-deja-balacera-frente-universidad-politecnica\/","title":{"rendered":"Un muerto y dos heridos deja balacera frente Universidad Polit\u00e9cnica."},"content":{"rendered":"<p style=\"text-align: justify;\">SLP.-\u00a0Una balacera en Urbano Villal\u00f3n se registr\u00f3 este lunes, a la altura de la Universidad Polit\u00e9cnica.<\/p>\n<p style=\"text-align: justify;\">La situaci\u00f3n dej\u00f3 como saldo a una persona sin vida y por lo menos a dos heridas.<\/p>\n<p style=\"text-align: justify;\">Los hechos propiciaron fuerte movilizaci\u00f3n polic\u00edaca de diferentes \u00f3rdenes de gobierno.<\/p>\n<p style=\"text-align: justify;\">Inicialmente versiones extraoficiales apuntaron que sujetos a bordo de un veh\u00edculo abrieron fuego contra tres personas que realizaban tareas de pintura.<\/p>\n<p style=\"text-align: justify;\">No obstante autoridades afirmaron que todo comenz\u00f3 con una discusi\u00f3n al exterior de un local, donde se pintaba.<\/p>\n<p style=\"text-align: justify;\">As\u00ed, al parecer una de las personas sac\u00f3 un arma y dispar\u00f3 contra quienes discut\u00eda.<\/p>\n<p style=\"text-align: justify;\">Tras lo sucedido, tanto agentes de la Secretar\u00eda de Seguridad y Protecci\u00f3n Ciudadana (SSPC) como de Guardia Civil Estatal se desplegaron en la zona.<\/p>\n<p style=\"text-align: justify;\">Adem\u00e1s, autoridades descartaron que poblaci\u00f3n estudiantil hubiese resultado lesionada.<\/p>\n<p style=\"text-align: justify;\">El \u00e1rea donde yac\u00eda una persona sin vida fue acordonada y se dio apertura a una carpeta de investigaci\u00f3n.<\/p>\n<p style=\"text-align: justify;\">Por: Paulina Rodr\u00edguez<\/p>\n","protected":false},"excerpt":{"rendered":"<p>SLP.-\u00a0Una balacera en Urbano Villal\u00f3n se registr\u00f3 este lunes, a la altura de la Universidad Polit\u00e9cnica. La situaci\u00f3n dej\u00f3 como saldo a una persona sin vida y por lo menos a dos heridas. Los hechos propiciaron fuerte movilizaci\u00f3n polic\u00edaca de diferentes \u00f3rdenes de gobierno. Inicialmente versiones extraoficiales apuntaron que sujetos a bordo de un veh\u00edculo abrieron fuego contra tres personas que realizaban tareas de pintura. No obstante autoridades afirmaron que todo comenz\u00f3 con una discusi\u00f3n al exterior de un local, donde se pintaba. As\u00ed, al parecer una de las personas sac\u00f3 un arma y dispar\u00f3 contra quienes discut\u00eda. Tras lo [&hellip;]<\/p>\n","protected":false},"author":2,"featured_media":74011,"comment_status":"closed","ping_status":"closed","sticky":false,"template":"","format":"video","meta":{"footnotes":""},"categories":[5,45],"tags":[],"class_list":["post-74010","post","type-post","status-publish","format-video","has-post-thumbnail","hentry","category-destacadas","category-localesyregionales","post_format-post-format-video","post--single"],"yoast_head":"<!-- This site is optimized with the Yoast SEO plugin v27.5 - https:\/\/yoast.com\/product\/yoast-seo-wordpress\/ -->\n<title>Un muerto y dos heridos deja balacera frente Universidad Polit\u00e9cnica. - Canal 7 SLP - 2022<\/title>\n<meta name=\"robots\" content=\"index, follow, max-snippet:-1, max-image-preview:large, max-video-preview:-1\" \/>\n<link rel=\"canonical\" href=\"https:\/\/canal7slp.tv\/2022\/un-muerto-y-dos-heridos-deja-balacera-frente-universidad-politecnica\/\" \/>\n<meta property=\"og:locale\" content=\"es_ES\" \/>\n<meta property=\"og:type\" content=\"article\" \/>\n<meta property=\"og:title\" content=\"Un muerto y dos heridos deja balacera frente Universidad Polit\u00e9cnica. - Canal 7 SLP - 2022\" \/>\n<meta property=\"og:description\" content=\"SLP.-\u00a0Una balacera en Urbano Villal\u00f3n se registr\u00f3 este lunes, a la altura de la Universidad Polit\u00e9cnica. La situaci\u00f3n dej\u00f3 como saldo a una persona sin vida y por lo menos a dos heridas. Los hechos propiciaron fuerte movilizaci\u00f3n polic\u00edaca de diferentes \u00f3rdenes de gobierno. Inicialmente versiones extraoficiales apuntaron que sujetos a bordo de un veh\u00edculo abrieron fuego contra tres personas que realizaban tareas de pintura. No obstante autoridades afirmaron que todo comenz\u00f3 con una discusi\u00f3n al exterior de un local, donde se pintaba. As\u00ed, al parecer una de las personas sac\u00f3 un arma y dispar\u00f3 contra quienes discut\u00eda. Tras lo [&hellip;]\" \/>\n<meta property=\"og:url\" content=\"https:\/\/canal7slp.tv\/2022\/un-muerto-y-dos-heridos-deja-balacera-frente-universidad-politecnica\/\" \/>\n<meta property=\"og:site_name\" content=\"Canal 7 SLP - 2022\" \/>\n<meta property=\"article:publisher\" content=\"https:\/\/www.facebook.com\/noticieroscanalsiete\" \/>\n<meta property=\"article:published_time\" content=\"2022-09-27T09:53:04+00:00\" \/>\n<meta property=\"article:modified_time\" content=\"2022-09-27T09:54:37+00:00\" \/>\n<meta property=\"og:image\" content=\"https:\/\/canal7slp.tv\/2022\/wp-content\/uploads\/2022\/09\/Pau03Balacera.jpg\" \/>\n\t<meta property=\"og:image:width\" content=\"888\" \/>\n\t<meta property=\"og:image:height\" content=\"500\" \/>\n\t<meta property=\"og:image:type\" content=\"image\/jpeg\" \/>\n<meta name=\"author\" content=\"Edici\u00f3n Web\" \/>\n<meta name=\"twitter:card\" content=\"summary_large_image\" \/>\n<meta name=\"twitter:creator\" content=\"@NOTICIEROS7\" \/>\n<meta name=\"twitter:site\" content=\"@NOTICIEROS7\" \/>\n<meta name=\"twitter:label1\" content=\"Escrito por\" \/>\n\t<meta name=\"twitter:data1\" content=\"Edici\u00f3n Web\" \/>\n\t<meta name=\"twitter:label2\" content=\"Tiempo de lectura\" \/>\n\t<meta name=\"twitter:data2\" content=\"1 minuto\" \/>\n<script type=\"application\/ld+json\" class=\"yoast-schema-graph\">{\"@context\":\"https:\\\/\\\/schema.org\",\"@graph\":[{\"@type\":\"Article\",\"@id\":\"https:\\\/\\\/canal7slp.tv\\\/2022\\\/un-muerto-y-dos-heridos-deja-balacera-frente-universidad-politecnica\\\/#article\",\"isPartOf\":{\"@id\":\"https:\\\/\\\/canal7slp.tv\\\/2022\\\/un-muerto-y-dos-heridos-deja-balacera-frente-universidad-politecnica\\\/\"},\"author\":{\"name\":\"Edici\u00f3n Web\",\"@id\":\"https:\\\/\\\/canal7slp.tv\\\/2022\\\/#\\\/schema\\\/person\\\/429704152a21f5f856ce29aa69a238da\"},\"headline\":\"Un muerto y dos heridos deja balacera frente Universidad Polit\u00e9cnica.\",\"datePublished\":\"2022-09-27T09:53:04+00:00\",\"dateModified\":\"2022-09-27T09:54:37+00:00\",\"mainEntityOfPage\":{\"@id\":\"https:\\\/\\\/canal7slp.tv\\\/2022\\\/un-muerto-y-dos-heridos-deja-balacera-frente-universidad-politecnica\\\/\"},\"wordCount\":181,\"publisher\":{\"@id\":\"https:\\\/\\\/canal7slp.tv\\\/2022\\\/#organization\"},\"image\":{\"@id\":\"https:\\\/\\\/canal7slp.tv\\\/2022\\\/un-muerto-y-dos-heridos-deja-balacera-frente-universidad-politecnica\\\/#primaryimage\"},\"thumbnailUrl\":\"https:\\\/\\\/canal7slp.tv\\\/2022\\\/wp-content\\\/uploads\\\/2022\\\/09\\\/Pau03Balacera.jpg\",\"articleSection\":[\"DESTACADAS\",\"LOCALES Y REGIONALES\"],\"inLanguage\":\"es\"},{\"@type\":\"WebPage\",\"@id\":\"https:\\\/\\\/canal7slp.tv\\\/2022\\\/un-muerto-y-dos-heridos-deja-balacera-frente-universidad-politecnica\\\/\",\"url\":\"https:\\\/\\\/canal7slp.tv\\\/2022\\\/un-muerto-y-dos-heridos-deja-balacera-frente-universidad-politecnica\\\/\",\"name\":\"Un muerto y dos heridos deja balacera frente Universidad Polit\u00e9cnica. - Canal 7 SLP - 2022\",\"isPartOf\":{\"@id\":\"https:\\\/\\\/canal7slp.tv\\\/2022\\\/#website\"},\"primaryImageOfPage\":{\"@id\":\"https:\\\/\\\/canal7slp.tv\\\/2022\\\/un-muerto-y-dos-heridos-deja-balacera-frente-universidad-politecnica\\\/#primaryimage\"},\"image\":{\"@id\":\"https:\\\/\\\/canal7slp.tv\\\/2022\\\/un-muerto-y-dos-heridos-deja-balacera-frente-universidad-politecnica\\\/#primaryimage\"},\"thumbnailUrl\":\"https:\\\/\\\/canal7slp.tv\\\/2022\\\/wp-content\\\/uploads\\\/2022\\\/09\\\/Pau03Balacera.jpg\",\"datePublished\":\"2022-09-27T09:53:04+00:00\",\"dateModified\":\"2022-09-27T09:54:37+00:00\",\"breadcrumb\":{\"@id\":\"https:\\\/\\\/canal7slp.tv\\\/2022\\\/un-muerto-y-dos-heridos-deja-balacera-frente-universidad-politecnica\\\/#breadcrumb\"},\"inLanguage\":\"es\",\"potentialAction\":[{\"@type\":\"ReadAction\",\"target\":[\"https:\\\/\\\/canal7slp.tv\\\/2022\\\/un-muerto-y-dos-heridos-deja-balacera-frente-universidad-politecnica\\\/\"]}]},{\"@type\":\"ImageObject\",\"inLanguage\":\"es\",\"@id\":\"https:\\\/\\\/canal7slp.tv\\\/2022\\\/un-muerto-y-dos-heridos-deja-balacera-frente-universidad-politecnica\\\/#primaryimage\",\"url\":\"https:\\\/\\\/canal7slp.tv\\\/2022\\\/wp-content\\\/uploads\\\/2022\\\/09\\\/Pau03Balacera.jpg\",\"contentUrl\":\"https:\\\/\\\/canal7slp.tv\\\/2022\\\/wp-content\\\/uploads\\\/2022\\\/09\\\/Pau03Balacera.jpg\",\"width\":888,\"height\":500},{\"@type\":\"BreadcrumbList\",\"@id\":\"https:\\\/\\\/canal7slp.tv\\\/2022\\\/un-muerto-y-dos-heridos-deja-balacera-frente-universidad-politecnica\\\/#breadcrumb\",\"itemListElement\":[{\"@type\":\"ListItem\",\"position\":1,\"name\":\"Portada\",\"item\":\"https:\\\/\\\/canal7slp.tv\\\/2022\\\/\"},{\"@type\":\"ListItem\",\"position\":2,\"name\":\"Un muerto y dos heridos deja balacera frente Universidad Polit\u00e9cnica.\"}]},{\"@type\":\"WebSite\",\"@id\":\"https:\\\/\\\/canal7slp.tv\\\/2022\\\/#website\",\"url\":\"https:\\\/\\\/canal7slp.tv\\\/2022\\\/\",\"name\":\"N7 - Noticieros Canal 7\",\"description\":\"Somos Televisi\u00f3n\",\"publisher\":{\"@id\":\"https:\\\/\\\/canal7slp.tv\\\/2022\\\/#organization\"},\"potentialAction\":[{\"@type\":\"SearchAction\",\"target\":{\"@type\":\"EntryPoint\",\"urlTemplate\":\"https:\\\/\\\/canal7slp.tv\\\/2022\\\/?s={search_term_string}\"},\"query-input\":{\"@type\":\"PropertyValueSpecification\",\"valueRequired\":true,\"valueName\":\"search_term_string\"}}],\"inLanguage\":\"es\"},{\"@type\":\"Organization\",\"@id\":\"https:\\\/\\\/canal7slp.tv\\\/2022\\\/#organization\",\"name\":\"Noticieros Canal 7\",\"url\":\"https:\\\/\\\/canal7slp.tv\\\/2022\\\/\",\"logo\":{\"@type\":\"ImageObject\",\"inLanguage\":\"es\",\"@id\":\"https:\\\/\\\/canal7slp.tv\\\/2022\\\/#\\\/schema\\\/logo\\\/image\\\/\",\"url\":\"https:\\\/\\\/canal7slp.tv\\\/2022\\\/wp-content\\\/uploads\\\/2021\\\/01\\\/logo-noticieros@2x.png\",\"contentUrl\":\"https:\\\/\\\/canal7slp.tv\\\/2022\\\/wp-content\\\/uploads\\\/2021\\\/01\\\/logo-noticieros@2x.png\",\"width\":1017,\"height\":268,\"caption\":\"Noticieros Canal 7\"},\"image\":{\"@id\":\"https:\\\/\\\/canal7slp.tv\\\/2022\\\/#\\\/schema\\\/logo\\\/image\\\/\"},\"sameAs\":[\"https:\\\/\\\/www.facebook.com\\\/noticieroscanalsiete\",\"https:\\\/\\\/x.com\\\/NOTICIEROS7\",\"https:\\\/\\\/www.instagram.com\\\/canal7_slp\",\"https:\\\/\\\/www.youtube.com\\\/channel\\\/UCliiYs-gP3JfJeqdPrNdd5A\"]},{\"@type\":\"Person\",\"@id\":\"https:\\\/\\\/canal7slp.tv\\\/2022\\\/#\\\/schema\\\/person\\\/429704152a21f5f856ce29aa69a238da\",\"name\":\"Edici\u00f3n Web\",\"image\":{\"@type\":\"ImageObject\",\"inLanguage\":\"es\",\"@id\":\"https:\\\/\\\/secure.gravatar.com\\\/avatar\\\/eee448fc3f7164808013b816ba91ac7e43bbe82a70bebac296f8bc6f0addaa1a?s=96&d=mm&r=g\",\"url\":\"https:\\\/\\\/secure.gravatar.com\\\/avatar\\\/eee448fc3f7164808013b816ba91ac7e43bbe82a70bebac296f8bc6f0addaa1a?s=96&d=mm&r=g\",\"contentUrl\":\"https:\\\/\\\/secure.gravatar.com\\\/avatar\\\/eee448fc3f7164808013b816ba91ac7e43bbe82a70bebac296f8bc6f0addaa1a?s=96&d=mm&r=g\",\"caption\":\"Edici\u00f3n Web\"},\"url\":\"https:\\\/\\\/canal7slp.tv\\\/2022\\\/author\\\/edicionweb\\\/\"}]}<\/script>\n<!-- \/ Yoast SEO plugin. -->","yoast_head_json":{"title":"Un muerto y dos heridos deja balacera frente Universidad Polit\u00e9cnica. - Canal 7 SLP - 2022","robots":{"index":"index","follow":"follow","max-snippet":"max-snippet:-1","max-image-preview":"max-image-preview:large","max-video-preview":"max-video-preview:-1"},"canonical":"https:\/\/canal7slp.tv\/2022\/un-muerto-y-dos-heridos-deja-balacera-frente-universidad-politecnica\/","og_locale":"es_ES","og_type":"article","og_title":"Un muerto y dos heridos deja balacera frente Universidad Polit\u00e9cnica. - Canal 7 SLP - 2022","og_description":"SLP.-\u00a0Una balacera en Urbano Villal\u00f3n se registr\u00f3 este lunes, a la altura de la Universidad Polit\u00e9cnica. La situaci\u00f3n dej\u00f3 como saldo a una persona sin vida y por lo menos a dos heridas. Los hechos propiciaron fuerte movilizaci\u00f3n polic\u00edaca de diferentes \u00f3rdenes de gobierno. Inicialmente versiones extraoficiales apuntaron que sujetos a bordo de un veh\u00edculo abrieron fuego contra tres personas que realizaban tareas de pintura. No obstante autoridades afirmaron que todo comenz\u00f3 con una discusi\u00f3n al exterior de un local, donde se pintaba. As\u00ed, al parecer una de las personas sac\u00f3 un arma y dispar\u00f3 contra quienes discut\u00eda. Tras lo [&hellip;]","og_url":"https:\/\/canal7slp.tv\/2022\/un-muerto-y-dos-heridos-deja-balacera-frente-universidad-politecnica\/","og_site_name":"Canal 7 SLP - 2022","article_publisher":"https:\/\/www.facebook.com\/noticieroscanalsiete","article_published_time":"2022-09-27T09:53:04+00:00","article_modified_time":"2022-09-27T09:54:37+00:00","og_image":[{"width":888,"height":500,"url":"https:\/\/canal7slp.tv\/2022\/wp-content\/uploads\/2022\/09\/Pau03Balacera.jpg","type":"image\/jpeg"}],"author":"Edici\u00f3n Web","twitter_card":"summary_large_image","twitter_creator":"@NOTICIEROS7","twitter_site":"@NOTICIEROS7","twitter_misc":{"Escrito por":"Edici\u00f3n Web","Tiempo de lectura":"1 minuto"},"schema":{"@context":"https:\/\/schema.org","@graph":[{"@type":"Article","@id":"https:\/\/canal7slp.tv\/2022\/un-muerto-y-dos-heridos-deja-balacera-frente-universidad-politecnica\/#article","isPartOf":{"@id":"https:\/\/canal7slp.tv\/2022\/un-muerto-y-dos-heridos-deja-balacera-frente-universidad-politecnica\/"},"author":{"name":"Edici\u00f3n Web","@id":"https:\/\/canal7slp.tv\/2022\/#\/schema\/person\/429704152a21f5f856ce29aa69a238da"},"headline":"Un muerto y dos heridos deja balacera frente Universidad Polit\u00e9cnica.","datePublished":"2022-09-27T09:53:04+00:00","dateModified":"2022-09-27T09:54:37+00:00","mainEntityOfPage":{"@id":"https:\/\/canal7slp.tv\/2022\/un-muerto-y-dos-heridos-deja-balacera-frente-universidad-politecnica\/"},"wordCount":181,"publisher":{"@id":"https:\/\/canal7slp.tv\/2022\/#organization"},"image":{"@id":"https:\/\/canal7slp.tv\/2022\/un-muerto-y-dos-heridos-deja-balacera-frente-universidad-politecnica\/#primaryimage"},"thumbnailUrl":"https:\/\/canal7slp.tv\/2022\/wp-content\/uploads\/2022\/09\/Pau03Balacera.jpg","articleSection":["DESTACADAS","LOCALES Y REGIONALES"],"inLanguage":"es"},{"@type":"WebPage","@id":"https:\/\/canal7slp.tv\/2022\/un-muerto-y-dos-heridos-deja-balacera-frente-universidad-politecnica\/","url":"https:\/\/canal7slp.tv\/2022\/un-muerto-y-dos-heridos-deja-balacera-frente-universidad-politecnica\/","name":"Un muerto y dos heridos deja balacera frente Universidad Polit\u00e9cnica. - Canal 7 SLP - 2022","isPartOf":{"@id":"https:\/\/canal7slp.tv\/2022\/#website"},"primaryImageOfPage":{"@id":"https:\/\/canal7slp.tv\/2022\/un-muerto-y-dos-heridos-deja-balacera-frente-universidad-politecnica\/#primaryimage"},"image":{"@id":"https:\/\/canal7slp.tv\/2022\/un-muerto-y-dos-heridos-deja-balacera-frente-universidad-politecnica\/#primaryimage"},"thumbnailUrl":"https:\/\/canal7slp.tv\/2022\/wp-content\/uploads\/2022\/09\/Pau03Balacera.jpg","datePublished":"2022-09-27T09:53:04+00:00","dateModified":"2022-09-27T09:54:37+00:00","breadcrumb":{"@id":"https:\/\/canal7slp.tv\/2022\/un-muerto-y-dos-heridos-deja-balacera-frente-universidad-politecnica\/#breadcrumb"},"inLanguage":"es","potentialAction":[{"@type":"ReadAction","target":["https:\/\/canal7slp.tv\/2022\/un-muerto-y-dos-heridos-deja-balacera-frente-universidad-politecnica\/"]}]},{"@type":"ImageObject","inLanguage":"es","@id":"https:\/\/canal7slp.tv\/2022\/un-muerto-y-dos-heridos-deja-balacera-frente-universidad-politecnica\/#primaryimage","url":"https:\/\/canal7slp.tv\/2022\/wp-content\/uploads\/2022\/09\/Pau03Balacera.jpg","contentUrl":"https:\/\/canal7slp.tv\/2022\/wp-content\/uploads\/2022\/09\/Pau03Balacera.jpg","width":888,"height":500},{"@type":"BreadcrumbList","@id":"https:\/\/canal7slp.tv\/2022\/un-muerto-y-dos-heridos-deja-balacera-frente-universidad-politecnica\/#breadcrumb","itemListElement":[{"@type":"ListItem","position":1,"name":"Portada","item":"https:\/\/canal7slp.tv\/2022\/"},{"@type":"ListItem","position":2,"name":"Un muerto y dos heridos deja balacera frente Universidad Polit\u00e9cnica."}]},{"@type":"WebSite","@id":"https:\/\/canal7slp.tv\/2022\/#website","url":"https:\/\/canal7slp.tv\/2022\/","name":"N7 - Noticieros Canal 7","description":"Somos Televisi\u00f3n","publisher":{"@id":"https:\/\/canal7slp.tv\/2022\/#organization"},"potentialAction":[{"@type":"SearchAction","target":{"@type":"EntryPoint","urlTemplate":"https:\/\/canal7slp.tv\/2022\/?s={search_term_string}"},"query-input":{"@type":"PropertyValueSpecification","valueRequired":true,"valueName":"search_term_string"}}],"inLanguage":"es"},{"@type":"Organization","@id":"https:\/\/canal7slp.tv\/2022\/#organization","name":"Noticieros Canal 7","url":"https:\/\/canal7slp.tv\/2022\/","logo":{"@type":"ImageObject","inLanguage":"es","@id":"https:\/\/canal7slp.tv\/2022\/#\/schema\/logo\/image\/","url":"https:\/\/canal7slp.tv\/2022\/wp-content\/uploads\/2021\/01\/logo-noticieros@2x.png","contentUrl":"https:\/\/canal7slp.tv\/2022\/wp-content\/uploads\/2021\/01\/logo-noticieros@2x.png","width":1017,"height":268,"caption":"Noticieros Canal 7"},"image":{"@id":"https:\/\/canal7slp.tv\/2022\/#\/schema\/logo\/image\/"},"sameAs":["https:\/\/www.facebook.com\/noticieroscanalsiete","https:\/\/x.com\/NOTICIEROS7","https:\/\/www.instagram.com\/canal7_slp","https:\/\/www.youtube.com\/channel\/UCliiYs-gP3JfJeqdPrNdd5A"]},{"@type":"Person","@id":"https:\/\/canal7slp.tv\/2022\/#\/schema\/person\/429704152a21f5f856ce29aa69a238da","name":"Edici\u00f3n Web","image":{"@type":"ImageObject","inLanguage":"es","@id":"https:\/\/secure.gravatar.com\/avatar\/eee448fc3f7164808013b816ba91ac7e43bbe82a70bebac296f8bc6f0addaa1a?s=96&d=mm&r=g","url":"https:\/\/secure.gravatar.com\/avatar\/eee448fc3f7164808013b816ba91ac7e43bbe82a70bebac296f8bc6f0addaa1a?s=96&d=mm&r=g","contentUrl":"https:\/\/secure.gravatar.com\/avatar\/eee448fc3f7164808013b816ba91ac7e43bbe82a70bebac296f8bc6f0addaa1a?s=96&d=mm&r=g","caption":"Edici\u00f3n Web"},"url":"https:\/\/canal7slp.tv\/2022\/author\/edicionweb\/"}]}},"amp_enabled":true,"_links":{"self":[{"href":"https:\/\/canal7slp.tv\/2022\/wp-json\/wp\/v2\/posts\/74010","targetHints":{"allow":["GET"]}}],"collection":[{"href":"https:\/\/canal7slp.tv\/2022\/wp-json\/wp\/v2\/posts"}],"about":[{"href":"https:\/\/canal7slp.tv\/2022\/wp-json\/wp\/v2\/types\/post"}],"author":[{"embeddable":true,"href":"https:\/\/canal7slp.tv\/2022\/wp-json\/wp\/v2\/users\/2"}],"replies":[{"embeddable":true,"href":"https:\/\/canal7slp.tv\/2022\/wp-json\/wp\/v2\/comments?post=74010"}],"version-history":[{"count":1,"href":"https:\/\/canal7slp.tv\/2022\/wp-json\/wp\/v2\/posts\/74010\/revisions"}],"predecessor-version":[{"id":74012,"href":"https:\/\/canal7slp.tv\/2022\/wp-json\/wp\/v2\/posts\/74010\/revisions\/74012"}],"wp:featuredmedia":[{"embeddable":true,"href":"https:\/\/canal7slp.tv\/2022\/wp-json\/wp\/v2\/media\/74011"}],"wp:attachment":[{"href":"https:\/\/canal7slp.tv\/2022\/wp-json\/wp\/v2\/media?parent=74010"}],"wp:term":[{"taxonomy":"category","embeddable":true,"href":"https:\/\/canal7slp.tv\/2022\/wp-json\/wp\/v2\/categories?post=74010"},{"taxonomy":"post_tag","embeddable":true,"href":"https:\/\/canal7slp.tv\/2022\/wp-json\/wp\/v2\/tags?post=74010"}],"curies":[{"name":"wp","href":"https:\/\/api.w.org\/{rel}","templated":true}]}}