{"id":73979,"date":"2022-09-26T17:40:02","date_gmt":"2022-09-26T23:40:02","guid":{"rendered":"https:\/\/canal7slp.tv\/2022\/?p=73979"},"modified":"2022-09-26T17:40:02","modified_gmt":"2022-09-26T23:40:02","slug":"reconocen-autoridades-atraso-en-cambio-de-ducto-de-el-realito","status":"publish","type":"post","link":"https:\/\/canal7slp.tv\/2022\/reconocen-autoridades-atraso-en-cambio-de-ducto-de-el-realito\/","title":{"rendered":"Reconocen autoridades atraso en cambio de ducto de El Realito."},"content":{"rendered":"<p style=\"text-align: justify;\">SLP.- El gobernador del estado de San Luis Potos\u00ed, Jos\u00e9 Ricardo Gallardo Cardona, se\u00f1al\u00f3 que el cambio total del acueducto correspondiente a El Realito debi\u00f3 haber comenzado este mismo mes de septiembre, pero no fue as\u00ed.<\/p>\n<p style=\"text-align: justify;\">Por esta situaci\u00f3n, se citar\u00e1 a los representantes de la empresa encargada para conocer el por qu\u00e9 la demora de iniciar los trabajos correspondientes<\/p>\n<p style=\"text-align: justify;\">La \u00faltima falla de la que se tiene registro fue del pasado 15 de septiembre que dej\u00f3 a cientos de familias sin agua; esta ser\u00eda la falla n\u00famero 24 registrada durante el 2022 y la n\u00famero 52 desde el a\u00f1o 2015.<\/p>\n<p style=\"text-align: justify;\">\u00abEl cambio tendr\u00eda que empezar ya este mes, van retrasados, acabo de mandar una carta a la empresa para citarlos a que comparezcan y nos digan qu\u00e9 va a suceder, pero tambi\u00e9n al Interapas, porque pareciera que est\u00e1 nulo, que est\u00e1 frenado\u00bb, dijo.<\/p>\n<p style=\"text-align: justify;\">En otro tema, el mandatario estatal asegur\u00f3 que hay avances en cuanto al cambio que se busca de que Villa de Pozos se convierta en el municipio n\u00famero 59 de San Luis Potos\u00ed.<\/p>\n<p style=\"text-align: justify;\">\u00abBien, vamos a sacarlo. Tiene que salir para este a\u00f1o, primero Dios; ya se juntaron las firmas, y la poblaci\u00f3n est\u00e1 muy contenta de que lo hagamos municipio\u00bb, agreg\u00f3.<\/p>\n<p>Por: Jos\u00e9 Luis V\u00e1zquez<\/p>\n","protected":false},"excerpt":{"rendered":"<p>SLP.- El gobernador del estado de San Luis Potos\u00ed, Jos\u00e9 Ricardo Gallardo Cardona, se\u00f1al\u00f3 que el cambio total del acueducto correspondiente a El Realito debi\u00f3 haber comenzado este mismo mes de septiembre, pero no fue as\u00ed. Por esta situaci\u00f3n, se citar\u00e1 a los representantes de la empresa encargada para conocer el por qu\u00e9 la demora de iniciar los trabajos correspondientes La \u00faltima falla de la que se tiene registro fue del pasado 15 de septiembre que dej\u00f3 a cientos de familias sin agua; esta ser\u00eda la falla n\u00famero 24 registrada durante el 2022 y la n\u00famero 52 desde el a\u00f1o [&hellip;]<\/p>\n","protected":false},"author":2,"featured_media":73993,"comment_status":"closed","ping_status":"closed","sticky":false,"template":"","format":"video","meta":{"footnotes":""},"categories":[5,510,45],"tags":[],"class_list":["post-73979","post","type-post","status-publish","format-video","has-post-thumbnail","hentry","category-destacadas","category-gobedoslp","category-localesyregionales","post_format-post-format-video","post--single"],"yoast_head":"<!-- This site is optimized with the Yoast SEO plugin v27.5 - https:\/\/yoast.com\/product\/yoast-seo-wordpress\/ -->\n<title>Reconocen autoridades atraso en cambio de ducto de El Realito. - Canal 7 SLP - 2022<\/title>\n<meta name=\"robots\" content=\"index, follow, max-snippet:-1, max-image-preview:large, max-video-preview:-1\" \/>\n<link rel=\"canonical\" href=\"https:\/\/canal7slp.tv\/2022\/reconocen-autoridades-atraso-en-cambio-de-ducto-de-el-realito\/\" \/>\n<meta property=\"og:locale\" content=\"es_ES\" \/>\n<meta property=\"og:type\" content=\"article\" \/>\n<meta property=\"og:title\" content=\"Reconocen autoridades atraso en cambio de ducto de El Realito. - Canal 7 SLP - 2022\" \/>\n<meta property=\"og:description\" content=\"SLP.- El gobernador del estado de San Luis Potos\u00ed, Jos\u00e9 Ricardo Gallardo Cardona, se\u00f1al\u00f3 que el cambio total del acueducto correspondiente a El Realito debi\u00f3 haber comenzado este mismo mes de septiembre, pero no fue as\u00ed. Por esta situaci\u00f3n, se citar\u00e1 a los representantes de la empresa encargada para conocer el por qu\u00e9 la demora de iniciar los trabajos correspondientes La \u00faltima falla de la que se tiene registro fue del pasado 15 de septiembre que dej\u00f3 a cientos de familias sin agua; esta ser\u00eda la falla n\u00famero 24 registrada durante el 2022 y la n\u00famero 52 desde el a\u00f1o [&hellip;]\" \/>\n<meta property=\"og:url\" content=\"https:\/\/canal7slp.tv\/2022\/reconocen-autoridades-atraso-en-cambio-de-ducto-de-el-realito\/\" \/>\n<meta property=\"og:site_name\" content=\"Canal 7 SLP - 2022\" \/>\n<meta property=\"article:publisher\" content=\"https:\/\/www.facebook.com\/noticieroscanalsiete\" \/>\n<meta property=\"article:published_time\" content=\"2022-09-26T23:40:02+00:00\" \/>\n<meta property=\"og:image\" content=\"https:\/\/canal7slp.tv\/2022\/wp-content\/uploads\/2022\/09\/Vazquez02GoberRealito.jpg\" \/>\n\t<meta property=\"og:image:width\" content=\"888\" \/>\n\t<meta property=\"og:image:height\" content=\"500\" \/>\n\t<meta property=\"og:image:type\" content=\"image\/jpeg\" \/>\n<meta name=\"author\" content=\"Edici\u00f3n Web\" \/>\n<meta name=\"twitter:card\" content=\"summary_large_image\" \/>\n<meta name=\"twitter:creator\" content=\"@NOTICIEROS7\" \/>\n<meta name=\"twitter:site\" content=\"@NOTICIEROS7\" \/>\n<meta name=\"twitter:label1\" content=\"Escrito por\" \/>\n\t<meta name=\"twitter:data1\" content=\"Edici\u00f3n Web\" \/>\n\t<meta name=\"twitter:label2\" content=\"Tiempo de lectura\" \/>\n\t<meta name=\"twitter:data2\" content=\"1 minuto\" \/>\n<script type=\"application\/ld+json\" class=\"yoast-schema-graph\">{\"@context\":\"https:\\\/\\\/schema.org\",\"@graph\":[{\"@type\":\"Article\",\"@id\":\"https:\\\/\\\/canal7slp.tv\\\/2022\\\/reconocen-autoridades-atraso-en-cambio-de-ducto-de-el-realito\\\/#article\",\"isPartOf\":{\"@id\":\"https:\\\/\\\/canal7slp.tv\\\/2022\\\/reconocen-autoridades-atraso-en-cambio-de-ducto-de-el-realito\\\/\"},\"author\":{\"name\":\"Edici\u00f3n Web\",\"@id\":\"https:\\\/\\\/canal7slp.tv\\\/2022\\\/#\\\/schema\\\/person\\\/429704152a21f5f856ce29aa69a238da\"},\"headline\":\"Reconocen autoridades atraso en cambio de ducto de El Realito.\",\"datePublished\":\"2022-09-26T23:40:02+00:00\",\"mainEntityOfPage\":{\"@id\":\"https:\\\/\\\/canal7slp.tv\\\/2022\\\/reconocen-autoridades-atraso-en-cambio-de-ducto-de-el-realito\\\/\"},\"wordCount\":227,\"publisher\":{\"@id\":\"https:\\\/\\\/canal7slp.tv\\\/2022\\\/#organization\"},\"image\":{\"@id\":\"https:\\\/\\\/canal7slp.tv\\\/2022\\\/reconocen-autoridades-atraso-en-cambio-de-ducto-de-el-realito\\\/#primaryimage\"},\"thumbnailUrl\":\"https:\\\/\\\/canal7slp.tv\\\/2022\\\/wp-content\\\/uploads\\\/2022\\\/09\\\/Vazquez02GoberRealito.jpg\",\"articleSection\":[\"DESTACADAS\",\"GOBEDOSLP\",\"LOCALES Y REGIONALES\"],\"inLanguage\":\"es\"},{\"@type\":\"WebPage\",\"@id\":\"https:\\\/\\\/canal7slp.tv\\\/2022\\\/reconocen-autoridades-atraso-en-cambio-de-ducto-de-el-realito\\\/\",\"url\":\"https:\\\/\\\/canal7slp.tv\\\/2022\\\/reconocen-autoridades-atraso-en-cambio-de-ducto-de-el-realito\\\/\",\"name\":\"Reconocen autoridades atraso en cambio de ducto de El Realito. - Canal 7 SLP - 2022\",\"isPartOf\":{\"@id\":\"https:\\\/\\\/canal7slp.tv\\\/2022\\\/#website\"},\"primaryImageOfPage\":{\"@id\":\"https:\\\/\\\/canal7slp.tv\\\/2022\\\/reconocen-autoridades-atraso-en-cambio-de-ducto-de-el-realito\\\/#primaryimage\"},\"image\":{\"@id\":\"https:\\\/\\\/canal7slp.tv\\\/2022\\\/reconocen-autoridades-atraso-en-cambio-de-ducto-de-el-realito\\\/#primaryimage\"},\"thumbnailUrl\":\"https:\\\/\\\/canal7slp.tv\\\/2022\\\/wp-content\\\/uploads\\\/2022\\\/09\\\/Vazquez02GoberRealito.jpg\",\"datePublished\":\"2022-09-26T23:40:02+00:00\",\"breadcrumb\":{\"@id\":\"https:\\\/\\\/canal7slp.tv\\\/2022\\\/reconocen-autoridades-atraso-en-cambio-de-ducto-de-el-realito\\\/#breadcrumb\"},\"inLanguage\":\"es\",\"potentialAction\":[{\"@type\":\"ReadAction\",\"target\":[\"https:\\\/\\\/canal7slp.tv\\\/2022\\\/reconocen-autoridades-atraso-en-cambio-de-ducto-de-el-realito\\\/\"]}]},{\"@type\":\"ImageObject\",\"inLanguage\":\"es\",\"@id\":\"https:\\\/\\\/canal7slp.tv\\\/2022\\\/reconocen-autoridades-atraso-en-cambio-de-ducto-de-el-realito\\\/#primaryimage\",\"url\":\"https:\\\/\\\/canal7slp.tv\\\/2022\\\/wp-content\\\/uploads\\\/2022\\\/09\\\/Vazquez02GoberRealito.jpg\",\"contentUrl\":\"https:\\\/\\\/canal7slp.tv\\\/2022\\\/wp-content\\\/uploads\\\/2022\\\/09\\\/Vazquez02GoberRealito.jpg\",\"width\":888,\"height\":500},{\"@type\":\"BreadcrumbList\",\"@id\":\"https:\\\/\\\/canal7slp.tv\\\/2022\\\/reconocen-autoridades-atraso-en-cambio-de-ducto-de-el-realito\\\/#breadcrumb\",\"itemListElement\":[{\"@type\":\"ListItem\",\"position\":1,\"name\":\"Portada\",\"item\":\"https:\\\/\\\/canal7slp.tv\\\/2022\\\/\"},{\"@type\":\"ListItem\",\"position\":2,\"name\":\"Reconocen autoridades atraso en cambio de ducto de El Realito.\"}]},{\"@type\":\"WebSite\",\"@id\":\"https:\\\/\\\/canal7slp.tv\\\/2022\\\/#website\",\"url\":\"https:\\\/\\\/canal7slp.tv\\\/2022\\\/\",\"name\":\"N7 - Noticieros Canal 7\",\"description\":\"Somos Televisi\u00f3n\",\"publisher\":{\"@id\":\"https:\\\/\\\/canal7slp.tv\\\/2022\\\/#organization\"},\"potentialAction\":[{\"@type\":\"SearchAction\",\"target\":{\"@type\":\"EntryPoint\",\"urlTemplate\":\"https:\\\/\\\/canal7slp.tv\\\/2022\\\/?s={search_term_string}\"},\"query-input\":{\"@type\":\"PropertyValueSpecification\",\"valueRequired\":true,\"valueName\":\"search_term_string\"}}],\"inLanguage\":\"es\"},{\"@type\":\"Organization\",\"@id\":\"https:\\\/\\\/canal7slp.tv\\\/2022\\\/#organization\",\"name\":\"Noticieros Canal 7\",\"url\":\"https:\\\/\\\/canal7slp.tv\\\/2022\\\/\",\"logo\":{\"@type\":\"ImageObject\",\"inLanguage\":\"es\",\"@id\":\"https:\\\/\\\/canal7slp.tv\\\/2022\\\/#\\\/schema\\\/logo\\\/image\\\/\",\"url\":\"https:\\\/\\\/canal7slp.tv\\\/2022\\\/wp-content\\\/uploads\\\/2021\\\/01\\\/logo-noticieros@2x.png\",\"contentUrl\":\"https:\\\/\\\/canal7slp.tv\\\/2022\\\/wp-content\\\/uploads\\\/2021\\\/01\\\/logo-noticieros@2x.png\",\"width\":1017,\"height\":268,\"caption\":\"Noticieros Canal 7\"},\"image\":{\"@id\":\"https:\\\/\\\/canal7slp.tv\\\/2022\\\/#\\\/schema\\\/logo\\\/image\\\/\"},\"sameAs\":[\"https:\\\/\\\/www.facebook.com\\\/noticieroscanalsiete\",\"https:\\\/\\\/x.com\\\/NOTICIEROS7\",\"https:\\\/\\\/www.instagram.com\\\/canal7_slp\",\"https:\\\/\\\/www.youtube.com\\\/channel\\\/UCliiYs-gP3JfJeqdPrNdd5A\"]},{\"@type\":\"Person\",\"@id\":\"https:\\\/\\\/canal7slp.tv\\\/2022\\\/#\\\/schema\\\/person\\\/429704152a21f5f856ce29aa69a238da\",\"name\":\"Edici\u00f3n Web\",\"image\":{\"@type\":\"ImageObject\",\"inLanguage\":\"es\",\"@id\":\"https:\\\/\\\/secure.gravatar.com\\\/avatar\\\/eee448fc3f7164808013b816ba91ac7e43bbe82a70bebac296f8bc6f0addaa1a?s=96&d=mm&r=g\",\"url\":\"https:\\\/\\\/secure.gravatar.com\\\/avatar\\\/eee448fc3f7164808013b816ba91ac7e43bbe82a70bebac296f8bc6f0addaa1a?s=96&d=mm&r=g\",\"contentUrl\":\"https:\\\/\\\/secure.gravatar.com\\\/avatar\\\/eee448fc3f7164808013b816ba91ac7e43bbe82a70bebac296f8bc6f0addaa1a?s=96&d=mm&r=g\",\"caption\":\"Edici\u00f3n Web\"},\"url\":\"https:\\\/\\\/canal7slp.tv\\\/2022\\\/author\\\/edicionweb\\\/\"}]}<\/script>\n<!-- \/ Yoast SEO plugin. -->","yoast_head_json":{"title":"Reconocen autoridades atraso en cambio de ducto de El Realito. - Canal 7 SLP - 2022","robots":{"index":"index","follow":"follow","max-snippet":"max-snippet:-1","max-image-preview":"max-image-preview:large","max-video-preview":"max-video-preview:-1"},"canonical":"https:\/\/canal7slp.tv\/2022\/reconocen-autoridades-atraso-en-cambio-de-ducto-de-el-realito\/","og_locale":"es_ES","og_type":"article","og_title":"Reconocen autoridades atraso en cambio de ducto de El Realito. - Canal 7 SLP - 2022","og_description":"SLP.- El gobernador del estado de San Luis Potos\u00ed, Jos\u00e9 Ricardo Gallardo Cardona, se\u00f1al\u00f3 que el cambio total del acueducto correspondiente a El Realito debi\u00f3 haber comenzado este mismo mes de septiembre, pero no fue as\u00ed. Por esta situaci\u00f3n, se citar\u00e1 a los representantes de la empresa encargada para conocer el por qu\u00e9 la demora de iniciar los trabajos correspondientes La \u00faltima falla de la que se tiene registro fue del pasado 15 de septiembre que dej\u00f3 a cientos de familias sin agua; esta ser\u00eda la falla n\u00famero 24 registrada durante el 2022 y la n\u00famero 52 desde el a\u00f1o [&hellip;]","og_url":"https:\/\/canal7slp.tv\/2022\/reconocen-autoridades-atraso-en-cambio-de-ducto-de-el-realito\/","og_site_name":"Canal 7 SLP - 2022","article_publisher":"https:\/\/www.facebook.com\/noticieroscanalsiete","article_published_time":"2022-09-26T23:40:02+00:00","og_image":[{"width":888,"height":500,"url":"https:\/\/canal7slp.tv\/2022\/wp-content\/uploads\/2022\/09\/Vazquez02GoberRealito.jpg","type":"image\/jpeg"}],"author":"Edici\u00f3n Web","twitter_card":"summary_large_image","twitter_creator":"@NOTICIEROS7","twitter_site":"@NOTICIEROS7","twitter_misc":{"Escrito por":"Edici\u00f3n Web","Tiempo de lectura":"1 minuto"},"schema":{"@context":"https:\/\/schema.org","@graph":[{"@type":"Article","@id":"https:\/\/canal7slp.tv\/2022\/reconocen-autoridades-atraso-en-cambio-de-ducto-de-el-realito\/#article","isPartOf":{"@id":"https:\/\/canal7slp.tv\/2022\/reconocen-autoridades-atraso-en-cambio-de-ducto-de-el-realito\/"},"author":{"name":"Edici\u00f3n Web","@id":"https:\/\/canal7slp.tv\/2022\/#\/schema\/person\/429704152a21f5f856ce29aa69a238da"},"headline":"Reconocen autoridades atraso en cambio de ducto de El Realito.","datePublished":"2022-09-26T23:40:02+00:00","mainEntityOfPage":{"@id":"https:\/\/canal7slp.tv\/2022\/reconocen-autoridades-atraso-en-cambio-de-ducto-de-el-realito\/"},"wordCount":227,"publisher":{"@id":"https:\/\/canal7slp.tv\/2022\/#organization"},"image":{"@id":"https:\/\/canal7slp.tv\/2022\/reconocen-autoridades-atraso-en-cambio-de-ducto-de-el-realito\/#primaryimage"},"thumbnailUrl":"https:\/\/canal7slp.tv\/2022\/wp-content\/uploads\/2022\/09\/Vazquez02GoberRealito.jpg","articleSection":["DESTACADAS","GOBEDOSLP","LOCALES Y REGIONALES"],"inLanguage":"es"},{"@type":"WebPage","@id":"https:\/\/canal7slp.tv\/2022\/reconocen-autoridades-atraso-en-cambio-de-ducto-de-el-realito\/","url":"https:\/\/canal7slp.tv\/2022\/reconocen-autoridades-atraso-en-cambio-de-ducto-de-el-realito\/","name":"Reconocen autoridades atraso en cambio de ducto de El Realito. - Canal 7 SLP - 2022","isPartOf":{"@id":"https:\/\/canal7slp.tv\/2022\/#website"},"primaryImageOfPage":{"@id":"https:\/\/canal7slp.tv\/2022\/reconocen-autoridades-atraso-en-cambio-de-ducto-de-el-realito\/#primaryimage"},"image":{"@id":"https:\/\/canal7slp.tv\/2022\/reconocen-autoridades-atraso-en-cambio-de-ducto-de-el-realito\/#primaryimage"},"thumbnailUrl":"https:\/\/canal7slp.tv\/2022\/wp-content\/uploads\/2022\/09\/Vazquez02GoberRealito.jpg","datePublished":"2022-09-26T23:40:02+00:00","breadcrumb":{"@id":"https:\/\/canal7slp.tv\/2022\/reconocen-autoridades-atraso-en-cambio-de-ducto-de-el-realito\/#breadcrumb"},"inLanguage":"es","potentialAction":[{"@type":"ReadAction","target":["https:\/\/canal7slp.tv\/2022\/reconocen-autoridades-atraso-en-cambio-de-ducto-de-el-realito\/"]}]},{"@type":"ImageObject","inLanguage":"es","@id":"https:\/\/canal7slp.tv\/2022\/reconocen-autoridades-atraso-en-cambio-de-ducto-de-el-realito\/#primaryimage","url":"https:\/\/canal7slp.tv\/2022\/wp-content\/uploads\/2022\/09\/Vazquez02GoberRealito.jpg","contentUrl":"https:\/\/canal7slp.tv\/2022\/wp-content\/uploads\/2022\/09\/Vazquez02GoberRealito.jpg","width":888,"height":500},{"@type":"BreadcrumbList","@id":"https:\/\/canal7slp.tv\/2022\/reconocen-autoridades-atraso-en-cambio-de-ducto-de-el-realito\/#breadcrumb","itemListElement":[{"@type":"ListItem","position":1,"name":"Portada","item":"https:\/\/canal7slp.tv\/2022\/"},{"@type":"ListItem","position":2,"name":"Reconocen autoridades atraso en cambio de ducto de El Realito."}]},{"@type":"WebSite","@id":"https:\/\/canal7slp.tv\/2022\/#website","url":"https:\/\/canal7slp.tv\/2022\/","name":"N7 - Noticieros Canal 7","description":"Somos Televisi\u00f3n","publisher":{"@id":"https:\/\/canal7slp.tv\/2022\/#organization"},"potentialAction":[{"@type":"SearchAction","target":{"@type":"EntryPoint","urlTemplate":"https:\/\/canal7slp.tv\/2022\/?s={search_term_string}"},"query-input":{"@type":"PropertyValueSpecification","valueRequired":true,"valueName":"search_term_string"}}],"inLanguage":"es"},{"@type":"Organization","@id":"https:\/\/canal7slp.tv\/2022\/#organization","name":"Noticieros Canal 7","url":"https:\/\/canal7slp.tv\/2022\/","logo":{"@type":"ImageObject","inLanguage":"es","@id":"https:\/\/canal7slp.tv\/2022\/#\/schema\/logo\/image\/","url":"https:\/\/canal7slp.tv\/2022\/wp-content\/uploads\/2021\/01\/logo-noticieros@2x.png","contentUrl":"https:\/\/canal7slp.tv\/2022\/wp-content\/uploads\/2021\/01\/logo-noticieros@2x.png","width":1017,"height":268,"caption":"Noticieros Canal 7"},"image":{"@id":"https:\/\/canal7slp.tv\/2022\/#\/schema\/logo\/image\/"},"sameAs":["https:\/\/www.facebook.com\/noticieroscanalsiete","https:\/\/x.com\/NOTICIEROS7","https:\/\/www.instagram.com\/canal7_slp","https:\/\/www.youtube.com\/channel\/UCliiYs-gP3JfJeqdPrNdd5A"]},{"@type":"Person","@id":"https:\/\/canal7slp.tv\/2022\/#\/schema\/person\/429704152a21f5f856ce29aa69a238da","name":"Edici\u00f3n Web","image":{"@type":"ImageObject","inLanguage":"es","@id":"https:\/\/secure.gravatar.com\/avatar\/eee448fc3f7164808013b816ba91ac7e43bbe82a70bebac296f8bc6f0addaa1a?s=96&d=mm&r=g","url":"https:\/\/secure.gravatar.com\/avatar\/eee448fc3f7164808013b816ba91ac7e43bbe82a70bebac296f8bc6f0addaa1a?s=96&d=mm&r=g","contentUrl":"https:\/\/secure.gravatar.com\/avatar\/eee448fc3f7164808013b816ba91ac7e43bbe82a70bebac296f8bc6f0addaa1a?s=96&d=mm&r=g","caption":"Edici\u00f3n Web"},"url":"https:\/\/canal7slp.tv\/2022\/author\/edicionweb\/"}]}},"amp_enabled":true,"_links":{"self":[{"href":"https:\/\/canal7slp.tv\/2022\/wp-json\/wp\/v2\/posts\/73979","targetHints":{"allow":["GET"]}}],"collection":[{"href":"https:\/\/canal7slp.tv\/2022\/wp-json\/wp\/v2\/posts"}],"about":[{"href":"https:\/\/canal7slp.tv\/2022\/wp-json\/wp\/v2\/types\/post"}],"author":[{"embeddable":true,"href":"https:\/\/canal7slp.tv\/2022\/wp-json\/wp\/v2\/users\/2"}],"replies":[{"embeddable":true,"href":"https:\/\/canal7slp.tv\/2022\/wp-json\/wp\/v2\/comments?post=73979"}],"version-history":[{"count":2,"href":"https:\/\/canal7slp.tv\/2022\/wp-json\/wp\/v2\/posts\/73979\/revisions"}],"predecessor-version":[{"id":73994,"href":"https:\/\/canal7slp.tv\/2022\/wp-json\/wp\/v2\/posts\/73979\/revisions\/73994"}],"wp:featuredmedia":[{"embeddable":true,"href":"https:\/\/canal7slp.tv\/2022\/wp-json\/wp\/v2\/media\/73993"}],"wp:attachment":[{"href":"https:\/\/canal7slp.tv\/2022\/wp-json\/wp\/v2\/media?parent=73979"}],"wp:term":[{"taxonomy":"category","embeddable":true,"href":"https:\/\/canal7slp.tv\/2022\/wp-json\/wp\/v2\/categories?post=73979"},{"taxonomy":"post_tag","embeddable":true,"href":"https:\/\/canal7slp.tv\/2022\/wp-json\/wp\/v2\/tags?post=73979"}],"curies":[{"name":"wp","href":"https:\/\/api.w.org\/{rel}","templated":true}]}}