{"id":73706,"date":"2022-09-23T14:37:19","date_gmt":"2022-09-23T20:37:19","guid":{"rendered":"https:\/\/canal7slp.tv\/2022\/?p=73706"},"modified":"2022-09-23T14:43:16","modified_gmt":"2022-09-23T20:43:16","slug":"sedena-detiene-en-nuevo-leon-a-el-comandante-aleman","status":"publish","type":"post","link":"https:\/\/canal7slp.tv\/2022\/sedena-detiene-en-nuevo-leon-a-el-comandante-aleman\/","title":{"rendered":"SEDENA detiene en Nuevo Le\u00f3n a \u201cEl Comandante Alem\u00e1n\u201d"},"content":{"rendered":"<ul>\n<li style=\"text-align: justify;\">Es se\u00f1alado como presunto l\u00edder y operador de un grupo criminal en SLP<\/li>\n<\/ul>\n<p style=\"text-align: justify;\">Garc\u00eda.- La Secretar\u00eda de la Defensa Nacional (SEDENA) y la Procuradur\u00eda General de la Rep\u00fablica (PGR), informaron la detenci\u00f3n de Alfredo Alem\u00e1n Narv\u00e1ez, alias \u201cEl Comandate Alem\u00e1n\u201d, en el municipio de Garc\u00eda, en el estado de Nuevo Le\u00f3n.<\/p>\n<p>Alem\u00e1n Narv\u00e1ez es se\u00f1alado como presunto responsable de las actividades delictivas en el estado de San Luis Potos\u00ed para el grupo criminal \u201cLos Zetas\u201d.<\/p>\n<p style=\"text-align: justify;\">Por medio de un comunicado, se detall\u00f3 que la detenci\u00f3n de \u201cEl Comandate Alem\u00e1n\u201d se dio gracias a los trabajos de an\u00e1lisis y seguimiento de las organizaciones de narcotr\u00e1fico y en espec\u00edfico de dicho grupo delincuencial, lo que permiti\u00f3 preparar y conducir una Operaci\u00f3n Aerom\u00f3vil para concentrar simultanea y sorpresivamente unidades de maniobra por v\u00eda a\u00e9rea y terrestre.<\/p>\n<p style=\"text-align: justify;\">En el operativo participaron elementos del Ejercito Mexicano, Guardia Nacional y de la Fiscal\u00eda General de la Republica.<\/p>\n<p style=\"text-align: justify;\">Por su parte, Secretar\u00eda de Seguridad y Protecci\u00f3n Ciudadana de SLP puso en funcionamiento un operativo especial ante la posible respuesta por la detenci\u00f3n de Alfredo Alem\u00e1n.<\/p>\n<p style=\"text-align: justify;\">Guzmar \u00c1ngel Gonz\u00e1lez Castillo, titular de la SSPC, apunt\u00f3 que est\u00e1n preparados, para atajar cualquier reacci\u00f3n de la delincuencia, por la detenci\u00f3n del l\u00edder criminal.<\/p>\n<p style=\"text-align: justify;\">Asimismo, Miguel Gallegos Cepeda, vocero de seguridad estatal de SLP, detall\u00f3 que se instruy\u00f3 a implementar un operativo para evitar que haya situaciones como ataques a las v\u00edas de comunicaci\u00f3n o a negocios.<\/p>\n<p style=\"text-align: justify;\">\u201c\u2026esto obliga al estado potosino a reforzar los l\u00edmites y las fronteras del estado, siempre un objetivo criminal de este nivel llama la atenci\u00f3n, por lo que podr\u00eda haber reacciones, estamos listos para la contenci\u00f3n de alguna situaci\u00f3n, pero aunque es plausible esta detenci\u00f3n no podemos echar las campanas al vuelo, este tipo de organizaciones criminales por lo general r\u00e1pidamente sustituyen a los mandos\u201d, coment\u00f3.<\/p>\n","protected":false},"excerpt":{"rendered":"<p>Es se\u00f1alado como presunto l\u00edder y operador de un grupo criminal en SLP Garc\u00eda.- La Secretar\u00eda de la Defensa Nacional (SEDENA) y la Procuradur\u00eda General de la Rep\u00fablica (PGR), informaron la detenci\u00f3n de Alfredo Alem\u00e1n Narv\u00e1ez, alias \u201cEl Comandate Alem\u00e1n\u201d, en el municipio de Garc\u00eda, en el estado de Nuevo Le\u00f3n. Alem\u00e1n Narv\u00e1ez es se\u00f1alado como presunto responsable de las actividades delictivas en el estado de San Luis Potos\u00ed para el grupo criminal \u201cLos Zetas\u201d. Por medio de un comunicado, se detall\u00f3 que la detenci\u00f3n de \u201cEl Comandate Alem\u00e1n\u201d se dio gracias a los trabajos de an\u00e1lisis y seguimiento de [&hellip;]<\/p>\n","protected":false},"author":2,"featured_media":73707,"comment_status":"closed","ping_status":"closed","sticky":false,"template":"","format":"standard","meta":{"footnotes":""},"categories":[46],"tags":[],"class_list":["post-73706","post","type-post","status-publish","format-standard","has-post-thumbnail","hentry","category-nacional","post--single"],"yoast_head":"<!-- This site is optimized with the Yoast SEO plugin v27.5 - https:\/\/yoast.com\/product\/yoast-seo-wordpress\/ -->\n<title>SEDENA detiene en Nuevo Le\u00f3n a \u201cEl Comandante Alem\u00e1n\u201d - Canal 7 SLP - 2022<\/title>\n<meta name=\"robots\" content=\"index, follow, max-snippet:-1, max-image-preview:large, max-video-preview:-1\" \/>\n<link rel=\"canonical\" href=\"https:\/\/canal7slp.tv\/2022\/sedena-detiene-en-nuevo-leon-a-el-comandante-aleman\/\" \/>\n<meta property=\"og:locale\" content=\"es_ES\" \/>\n<meta property=\"og:type\" content=\"article\" \/>\n<meta property=\"og:title\" content=\"SEDENA detiene en Nuevo Le\u00f3n a \u201cEl Comandante Alem\u00e1n\u201d - Canal 7 SLP - 2022\" \/>\n<meta property=\"og:description\" content=\"Es se\u00f1alado como presunto l\u00edder y operador de un grupo criminal en SLP Garc\u00eda.- La Secretar\u00eda de la Defensa Nacional (SEDENA) y la Procuradur\u00eda General de la Rep\u00fablica (PGR), informaron la detenci\u00f3n de Alfredo Alem\u00e1n Narv\u00e1ez, alias \u201cEl Comandate Alem\u00e1n\u201d, en el municipio de Garc\u00eda, en el estado de Nuevo Le\u00f3n. Alem\u00e1n Narv\u00e1ez es se\u00f1alado como presunto responsable de las actividades delictivas en el estado de San Luis Potos\u00ed para el grupo criminal \u201cLos Zetas\u201d. Por medio de un comunicado, se detall\u00f3 que la detenci\u00f3n de \u201cEl Comandate Alem\u00e1n\u201d se dio gracias a los trabajos de an\u00e1lisis y seguimiento de [&hellip;]\" \/>\n<meta property=\"og:url\" content=\"https:\/\/canal7slp.tv\/2022\/sedena-detiene-en-nuevo-leon-a-el-comandante-aleman\/\" \/>\n<meta property=\"og:site_name\" content=\"Canal 7 SLP - 2022\" \/>\n<meta property=\"article:publisher\" content=\"https:\/\/www.facebook.com\/noticieroscanalsiete\" \/>\n<meta property=\"article:published_time\" content=\"2022-09-23T20:37:19+00:00\" \/>\n<meta property=\"article:modified_time\" content=\"2022-09-23T20:43:16+00:00\" \/>\n<meta property=\"og:image\" content=\"https:\/\/canal7slp.tv\/2022\/wp-content\/uploads\/2022\/09\/04-19.jpg\" \/>\n\t<meta property=\"og:image:width\" content=\"900\" \/>\n\t<meta property=\"og:image:height\" content=\"675\" \/>\n\t<meta property=\"og:image:type\" content=\"image\/jpeg\" \/>\n<meta name=\"author\" content=\"Edici\u00f3n Web\" \/>\n<meta name=\"twitter:card\" content=\"summary_large_image\" \/>\n<meta name=\"twitter:creator\" content=\"@NOTICIEROS7\" \/>\n<meta name=\"twitter:site\" content=\"@NOTICIEROS7\" \/>\n<meta name=\"twitter:label1\" content=\"Escrito por\" \/>\n\t<meta name=\"twitter:data1\" content=\"Edici\u00f3n Web\" \/>\n\t<meta name=\"twitter:label2\" content=\"Tiempo de lectura\" \/>\n\t<meta name=\"twitter:data2\" content=\"2 minutos\" \/>\n<script type=\"application\/ld+json\" class=\"yoast-schema-graph\">{\"@context\":\"https:\\\/\\\/schema.org\",\"@graph\":[{\"@type\":\"Article\",\"@id\":\"https:\\\/\\\/canal7slp.tv\\\/2022\\\/sedena-detiene-en-nuevo-leon-a-el-comandante-aleman\\\/#article\",\"isPartOf\":{\"@id\":\"https:\\\/\\\/canal7slp.tv\\\/2022\\\/sedena-detiene-en-nuevo-leon-a-el-comandante-aleman\\\/\"},\"author\":{\"name\":\"Edici\u00f3n Web\",\"@id\":\"https:\\\/\\\/canal7slp.tv\\\/2022\\\/#\\\/schema\\\/person\\\/429704152a21f5f856ce29aa69a238da\"},\"headline\":\"SEDENA detiene en Nuevo Le\u00f3n a \u201cEl Comandante Alem\u00e1n\u201d\",\"datePublished\":\"2022-09-23T20:37:19+00:00\",\"dateModified\":\"2022-09-23T20:43:16+00:00\",\"mainEntityOfPage\":{\"@id\":\"https:\\\/\\\/canal7slp.tv\\\/2022\\\/sedena-detiene-en-nuevo-leon-a-el-comandante-aleman\\\/\"},\"wordCount\":356,\"publisher\":{\"@id\":\"https:\\\/\\\/canal7slp.tv\\\/2022\\\/#organization\"},\"image\":{\"@id\":\"https:\\\/\\\/canal7slp.tv\\\/2022\\\/sedena-detiene-en-nuevo-leon-a-el-comandante-aleman\\\/#primaryimage\"},\"thumbnailUrl\":\"https:\\\/\\\/canal7slp.tv\\\/2022\\\/wp-content\\\/uploads\\\/2022\\\/09\\\/04-19.jpg\",\"articleSection\":[\"NACIONALES\"],\"inLanguage\":\"es\"},{\"@type\":\"WebPage\",\"@id\":\"https:\\\/\\\/canal7slp.tv\\\/2022\\\/sedena-detiene-en-nuevo-leon-a-el-comandante-aleman\\\/\",\"url\":\"https:\\\/\\\/canal7slp.tv\\\/2022\\\/sedena-detiene-en-nuevo-leon-a-el-comandante-aleman\\\/\",\"name\":\"SEDENA detiene en Nuevo Le\u00f3n a \u201cEl Comandante Alem\u00e1n\u201d - Canal 7 SLP - 2022\",\"isPartOf\":{\"@id\":\"https:\\\/\\\/canal7slp.tv\\\/2022\\\/#website\"},\"primaryImageOfPage\":{\"@id\":\"https:\\\/\\\/canal7slp.tv\\\/2022\\\/sedena-detiene-en-nuevo-leon-a-el-comandante-aleman\\\/#primaryimage\"},\"image\":{\"@id\":\"https:\\\/\\\/canal7slp.tv\\\/2022\\\/sedena-detiene-en-nuevo-leon-a-el-comandante-aleman\\\/#primaryimage\"},\"thumbnailUrl\":\"https:\\\/\\\/canal7slp.tv\\\/2022\\\/wp-content\\\/uploads\\\/2022\\\/09\\\/04-19.jpg\",\"datePublished\":\"2022-09-23T20:37:19+00:00\",\"dateModified\":\"2022-09-23T20:43:16+00:00\",\"breadcrumb\":{\"@id\":\"https:\\\/\\\/canal7slp.tv\\\/2022\\\/sedena-detiene-en-nuevo-leon-a-el-comandante-aleman\\\/#breadcrumb\"},\"inLanguage\":\"es\",\"potentialAction\":[{\"@type\":\"ReadAction\",\"target\":[\"https:\\\/\\\/canal7slp.tv\\\/2022\\\/sedena-detiene-en-nuevo-leon-a-el-comandante-aleman\\\/\"]}]},{\"@type\":\"ImageObject\",\"inLanguage\":\"es\",\"@id\":\"https:\\\/\\\/canal7slp.tv\\\/2022\\\/sedena-detiene-en-nuevo-leon-a-el-comandante-aleman\\\/#primaryimage\",\"url\":\"https:\\\/\\\/canal7slp.tv\\\/2022\\\/wp-content\\\/uploads\\\/2022\\\/09\\\/04-19.jpg\",\"contentUrl\":\"https:\\\/\\\/canal7slp.tv\\\/2022\\\/wp-content\\\/uploads\\\/2022\\\/09\\\/04-19.jpg\",\"width\":900,\"height\":675},{\"@type\":\"BreadcrumbList\",\"@id\":\"https:\\\/\\\/canal7slp.tv\\\/2022\\\/sedena-detiene-en-nuevo-leon-a-el-comandante-aleman\\\/#breadcrumb\",\"itemListElement\":[{\"@type\":\"ListItem\",\"position\":1,\"name\":\"Portada\",\"item\":\"https:\\\/\\\/canal7slp.tv\\\/2022\\\/\"},{\"@type\":\"ListItem\",\"position\":2,\"name\":\"SEDENA detiene en Nuevo Le\u00f3n a \u201cEl Comandante Alem\u00e1n\u201d\"}]},{\"@type\":\"WebSite\",\"@id\":\"https:\\\/\\\/canal7slp.tv\\\/2022\\\/#website\",\"url\":\"https:\\\/\\\/canal7slp.tv\\\/2022\\\/\",\"name\":\"N7 - Noticieros Canal 7\",\"description\":\"Somos Televisi\u00f3n\",\"publisher\":{\"@id\":\"https:\\\/\\\/canal7slp.tv\\\/2022\\\/#organization\"},\"potentialAction\":[{\"@type\":\"SearchAction\",\"target\":{\"@type\":\"EntryPoint\",\"urlTemplate\":\"https:\\\/\\\/canal7slp.tv\\\/2022\\\/?s={search_term_string}\"},\"query-input\":{\"@type\":\"PropertyValueSpecification\",\"valueRequired\":true,\"valueName\":\"search_term_string\"}}],\"inLanguage\":\"es\"},{\"@type\":\"Organization\",\"@id\":\"https:\\\/\\\/canal7slp.tv\\\/2022\\\/#organization\",\"name\":\"Noticieros Canal 7\",\"url\":\"https:\\\/\\\/canal7slp.tv\\\/2022\\\/\",\"logo\":{\"@type\":\"ImageObject\",\"inLanguage\":\"es\",\"@id\":\"https:\\\/\\\/canal7slp.tv\\\/2022\\\/#\\\/schema\\\/logo\\\/image\\\/\",\"url\":\"https:\\\/\\\/canal7slp.tv\\\/2022\\\/wp-content\\\/uploads\\\/2021\\\/01\\\/logo-noticieros@2x.png\",\"contentUrl\":\"https:\\\/\\\/canal7slp.tv\\\/2022\\\/wp-content\\\/uploads\\\/2021\\\/01\\\/logo-noticieros@2x.png\",\"width\":1017,\"height\":268,\"caption\":\"Noticieros Canal 7\"},\"image\":{\"@id\":\"https:\\\/\\\/canal7slp.tv\\\/2022\\\/#\\\/schema\\\/logo\\\/image\\\/\"},\"sameAs\":[\"https:\\\/\\\/www.facebook.com\\\/noticieroscanalsiete\",\"https:\\\/\\\/x.com\\\/NOTICIEROS7\",\"https:\\\/\\\/www.instagram.com\\\/canal7_slp\",\"https:\\\/\\\/www.youtube.com\\\/channel\\\/UCliiYs-gP3JfJeqdPrNdd5A\"]},{\"@type\":\"Person\",\"@id\":\"https:\\\/\\\/canal7slp.tv\\\/2022\\\/#\\\/schema\\\/person\\\/429704152a21f5f856ce29aa69a238da\",\"name\":\"Edici\u00f3n Web\",\"image\":{\"@type\":\"ImageObject\",\"inLanguage\":\"es\",\"@id\":\"https:\\\/\\\/secure.gravatar.com\\\/avatar\\\/eee448fc3f7164808013b816ba91ac7e43bbe82a70bebac296f8bc6f0addaa1a?s=96&d=mm&r=g\",\"url\":\"https:\\\/\\\/secure.gravatar.com\\\/avatar\\\/eee448fc3f7164808013b816ba91ac7e43bbe82a70bebac296f8bc6f0addaa1a?s=96&d=mm&r=g\",\"contentUrl\":\"https:\\\/\\\/secure.gravatar.com\\\/avatar\\\/eee448fc3f7164808013b816ba91ac7e43bbe82a70bebac296f8bc6f0addaa1a?s=96&d=mm&r=g\",\"caption\":\"Edici\u00f3n Web\"},\"url\":\"https:\\\/\\\/canal7slp.tv\\\/2022\\\/author\\\/edicionweb\\\/\"}]}<\/script>\n<!-- \/ Yoast SEO plugin. -->","yoast_head_json":{"title":"SEDENA detiene en Nuevo Le\u00f3n a \u201cEl Comandante Alem\u00e1n\u201d - Canal 7 SLP - 2022","robots":{"index":"index","follow":"follow","max-snippet":"max-snippet:-1","max-image-preview":"max-image-preview:large","max-video-preview":"max-video-preview:-1"},"canonical":"https:\/\/canal7slp.tv\/2022\/sedena-detiene-en-nuevo-leon-a-el-comandante-aleman\/","og_locale":"es_ES","og_type":"article","og_title":"SEDENA detiene en Nuevo Le\u00f3n a \u201cEl Comandante Alem\u00e1n\u201d - Canal 7 SLP - 2022","og_description":"Es se\u00f1alado como presunto l\u00edder y operador de un grupo criminal en SLP Garc\u00eda.- La Secretar\u00eda de la Defensa Nacional (SEDENA) y la Procuradur\u00eda General de la Rep\u00fablica (PGR), informaron la detenci\u00f3n de Alfredo Alem\u00e1n Narv\u00e1ez, alias \u201cEl Comandate Alem\u00e1n\u201d, en el municipio de Garc\u00eda, en el estado de Nuevo Le\u00f3n. Alem\u00e1n Narv\u00e1ez es se\u00f1alado como presunto responsable de las actividades delictivas en el estado de San Luis Potos\u00ed para el grupo criminal \u201cLos Zetas\u201d. Por medio de un comunicado, se detall\u00f3 que la detenci\u00f3n de \u201cEl Comandate Alem\u00e1n\u201d se dio gracias a los trabajos de an\u00e1lisis y seguimiento de [&hellip;]","og_url":"https:\/\/canal7slp.tv\/2022\/sedena-detiene-en-nuevo-leon-a-el-comandante-aleman\/","og_site_name":"Canal 7 SLP - 2022","article_publisher":"https:\/\/www.facebook.com\/noticieroscanalsiete","article_published_time":"2022-09-23T20:37:19+00:00","article_modified_time":"2022-09-23T20:43:16+00:00","og_image":[{"width":900,"height":675,"url":"https:\/\/canal7slp.tv\/2022\/wp-content\/uploads\/2022\/09\/04-19.jpg","type":"image\/jpeg"}],"author":"Edici\u00f3n Web","twitter_card":"summary_large_image","twitter_creator":"@NOTICIEROS7","twitter_site":"@NOTICIEROS7","twitter_misc":{"Escrito por":"Edici\u00f3n Web","Tiempo de lectura":"2 minutos"},"schema":{"@context":"https:\/\/schema.org","@graph":[{"@type":"Article","@id":"https:\/\/canal7slp.tv\/2022\/sedena-detiene-en-nuevo-leon-a-el-comandante-aleman\/#article","isPartOf":{"@id":"https:\/\/canal7slp.tv\/2022\/sedena-detiene-en-nuevo-leon-a-el-comandante-aleman\/"},"author":{"name":"Edici\u00f3n Web","@id":"https:\/\/canal7slp.tv\/2022\/#\/schema\/person\/429704152a21f5f856ce29aa69a238da"},"headline":"SEDENA detiene en Nuevo Le\u00f3n a \u201cEl Comandante Alem\u00e1n\u201d","datePublished":"2022-09-23T20:37:19+00:00","dateModified":"2022-09-23T20:43:16+00:00","mainEntityOfPage":{"@id":"https:\/\/canal7slp.tv\/2022\/sedena-detiene-en-nuevo-leon-a-el-comandante-aleman\/"},"wordCount":356,"publisher":{"@id":"https:\/\/canal7slp.tv\/2022\/#organization"},"image":{"@id":"https:\/\/canal7slp.tv\/2022\/sedena-detiene-en-nuevo-leon-a-el-comandante-aleman\/#primaryimage"},"thumbnailUrl":"https:\/\/canal7slp.tv\/2022\/wp-content\/uploads\/2022\/09\/04-19.jpg","articleSection":["NACIONALES"],"inLanguage":"es"},{"@type":"WebPage","@id":"https:\/\/canal7slp.tv\/2022\/sedena-detiene-en-nuevo-leon-a-el-comandante-aleman\/","url":"https:\/\/canal7slp.tv\/2022\/sedena-detiene-en-nuevo-leon-a-el-comandante-aleman\/","name":"SEDENA detiene en Nuevo Le\u00f3n a \u201cEl Comandante Alem\u00e1n\u201d - Canal 7 SLP - 2022","isPartOf":{"@id":"https:\/\/canal7slp.tv\/2022\/#website"},"primaryImageOfPage":{"@id":"https:\/\/canal7slp.tv\/2022\/sedena-detiene-en-nuevo-leon-a-el-comandante-aleman\/#primaryimage"},"image":{"@id":"https:\/\/canal7slp.tv\/2022\/sedena-detiene-en-nuevo-leon-a-el-comandante-aleman\/#primaryimage"},"thumbnailUrl":"https:\/\/canal7slp.tv\/2022\/wp-content\/uploads\/2022\/09\/04-19.jpg","datePublished":"2022-09-23T20:37:19+00:00","dateModified":"2022-09-23T20:43:16+00:00","breadcrumb":{"@id":"https:\/\/canal7slp.tv\/2022\/sedena-detiene-en-nuevo-leon-a-el-comandante-aleman\/#breadcrumb"},"inLanguage":"es","potentialAction":[{"@type":"ReadAction","target":["https:\/\/canal7slp.tv\/2022\/sedena-detiene-en-nuevo-leon-a-el-comandante-aleman\/"]}]},{"@type":"ImageObject","inLanguage":"es","@id":"https:\/\/canal7slp.tv\/2022\/sedena-detiene-en-nuevo-leon-a-el-comandante-aleman\/#primaryimage","url":"https:\/\/canal7slp.tv\/2022\/wp-content\/uploads\/2022\/09\/04-19.jpg","contentUrl":"https:\/\/canal7slp.tv\/2022\/wp-content\/uploads\/2022\/09\/04-19.jpg","width":900,"height":675},{"@type":"BreadcrumbList","@id":"https:\/\/canal7slp.tv\/2022\/sedena-detiene-en-nuevo-leon-a-el-comandante-aleman\/#breadcrumb","itemListElement":[{"@type":"ListItem","position":1,"name":"Portada","item":"https:\/\/canal7slp.tv\/2022\/"},{"@type":"ListItem","position":2,"name":"SEDENA detiene en Nuevo Le\u00f3n a \u201cEl Comandante Alem\u00e1n\u201d"}]},{"@type":"WebSite","@id":"https:\/\/canal7slp.tv\/2022\/#website","url":"https:\/\/canal7slp.tv\/2022\/","name":"N7 - Noticieros Canal 7","description":"Somos Televisi\u00f3n","publisher":{"@id":"https:\/\/canal7slp.tv\/2022\/#organization"},"potentialAction":[{"@type":"SearchAction","target":{"@type":"EntryPoint","urlTemplate":"https:\/\/canal7slp.tv\/2022\/?s={search_term_string}"},"query-input":{"@type":"PropertyValueSpecification","valueRequired":true,"valueName":"search_term_string"}}],"inLanguage":"es"},{"@type":"Organization","@id":"https:\/\/canal7slp.tv\/2022\/#organization","name":"Noticieros Canal 7","url":"https:\/\/canal7slp.tv\/2022\/","logo":{"@type":"ImageObject","inLanguage":"es","@id":"https:\/\/canal7slp.tv\/2022\/#\/schema\/logo\/image\/","url":"https:\/\/canal7slp.tv\/2022\/wp-content\/uploads\/2021\/01\/logo-noticieros@2x.png","contentUrl":"https:\/\/canal7slp.tv\/2022\/wp-content\/uploads\/2021\/01\/logo-noticieros@2x.png","width":1017,"height":268,"caption":"Noticieros Canal 7"},"image":{"@id":"https:\/\/canal7slp.tv\/2022\/#\/schema\/logo\/image\/"},"sameAs":["https:\/\/www.facebook.com\/noticieroscanalsiete","https:\/\/x.com\/NOTICIEROS7","https:\/\/www.instagram.com\/canal7_slp","https:\/\/www.youtube.com\/channel\/UCliiYs-gP3JfJeqdPrNdd5A"]},{"@type":"Person","@id":"https:\/\/canal7slp.tv\/2022\/#\/schema\/person\/429704152a21f5f856ce29aa69a238da","name":"Edici\u00f3n Web","image":{"@type":"ImageObject","inLanguage":"es","@id":"https:\/\/secure.gravatar.com\/avatar\/eee448fc3f7164808013b816ba91ac7e43bbe82a70bebac296f8bc6f0addaa1a?s=96&d=mm&r=g","url":"https:\/\/secure.gravatar.com\/avatar\/eee448fc3f7164808013b816ba91ac7e43bbe82a70bebac296f8bc6f0addaa1a?s=96&d=mm&r=g","contentUrl":"https:\/\/secure.gravatar.com\/avatar\/eee448fc3f7164808013b816ba91ac7e43bbe82a70bebac296f8bc6f0addaa1a?s=96&d=mm&r=g","caption":"Edici\u00f3n Web"},"url":"https:\/\/canal7slp.tv\/2022\/author\/edicionweb\/"}]}},"amp_enabled":true,"_links":{"self":[{"href":"https:\/\/canal7slp.tv\/2022\/wp-json\/wp\/v2\/posts\/73706","targetHints":{"allow":["GET"]}}],"collection":[{"href":"https:\/\/canal7slp.tv\/2022\/wp-json\/wp\/v2\/posts"}],"about":[{"href":"https:\/\/canal7slp.tv\/2022\/wp-json\/wp\/v2\/types\/post"}],"author":[{"embeddable":true,"href":"https:\/\/canal7slp.tv\/2022\/wp-json\/wp\/v2\/users\/2"}],"replies":[{"embeddable":true,"href":"https:\/\/canal7slp.tv\/2022\/wp-json\/wp\/v2\/comments?post=73706"}],"version-history":[{"count":3,"href":"https:\/\/canal7slp.tv\/2022\/wp-json\/wp\/v2\/posts\/73706\/revisions"}],"predecessor-version":[{"id":73710,"href":"https:\/\/canal7slp.tv\/2022\/wp-json\/wp\/v2\/posts\/73706\/revisions\/73710"}],"wp:featuredmedia":[{"embeddable":true,"href":"https:\/\/canal7slp.tv\/2022\/wp-json\/wp\/v2\/media\/73707"}],"wp:attachment":[{"href":"https:\/\/canal7slp.tv\/2022\/wp-json\/wp\/v2\/media?parent=73706"}],"wp:term":[{"taxonomy":"category","embeddable":true,"href":"https:\/\/canal7slp.tv\/2022\/wp-json\/wp\/v2\/categories?post=73706"},{"taxonomy":"post_tag","embeddable":true,"href":"https:\/\/canal7slp.tv\/2022\/wp-json\/wp\/v2\/tags?post=73706"}],"curies":[{"name":"wp","href":"https:\/\/api.w.org\/{rel}","templated":true}]}}