{"id":73695,"date":"2022-09-23T14:39:26","date_gmt":"2022-09-23T20:39:26","guid":{"rendered":"https:\/\/canal7slp.tv\/2022\/?p=73695"},"modified":"2022-09-23T14:39:26","modified_gmt":"2022-09-23T20:39:26","slug":"en-colima-suman-mas-de-tres-mil-500-viviendas-afectadas-por-sismos","status":"publish","type":"post","link":"https:\/\/canal7slp.tv\/2022\/en-colima-suman-mas-de-tres-mil-500-viviendas-afectadas-por-sismos\/","title":{"rendered":"En Colima, suman m\u00e1s de tres mil 500 viviendas afectadas por sismos"},"content":{"rendered":"<p style=\"text-align: justify;\">Colima.- El Gobierno de Colima ha contabilizado m\u00e1s de 3 mil 500 viviendas afectadas en la entidad tras los recientes sismos registrados en el pa\u00eds.<\/p>\n<p style=\"text-align: justify;\">Indira Vizca\u00edno Silva, gobernadora de Colima, se\u00f1al\u00f3 que el presidente Andr\u00e9s Manuel L\u00f3pez Obrador autoriz\u00f3 que el estado forme parte del Programa para el Bienestar de las Personas en Emergencia Social o Natural.<\/p>\n<p style=\"text-align: justify;\">Debido a esto se realizar\u00e1 un censo en cada una de las casas con reporte de da\u00f1os.<\/p>\n<p style=\"text-align: justify;\">La mandataria indic\u00f3 que el objetivo es poder visitar lo m\u00e1s pronto posible cada una de las casas reportadas como afectadas por el sismo, para acelerar el ingreso a ese programa.<\/p>\n<p style=\"text-align: justify;\">Viridiana Valencia, delegada de Programas para el Bienestar, detall\u00f3 que al corte del 22 de septiembre el censo casa por casa fue de mil 137 adicional a las m\u00e1s de 3 mil 500 reportadas.<\/p>\n<p style=\"text-align: justify;\">\u00abTenemos la tarea de publicar toda la programaci\u00f3n de recorridos a qu\u00e9 municipios y comunidades, hasta el domingo; todo estar\u00e1 p\u00fablico hoy, para que puedan todas y todos los colimenses acceder a la informaci\u00f3n y estar pendientes cuando visitemos su colonia, comunidad o municipio\u00bb, coment\u00f3 la delegada.<\/p>\n","protected":false},"excerpt":{"rendered":"<p>Colima.- El Gobierno de Colima ha contabilizado m\u00e1s de 3 mil 500 viviendas afectadas en la entidad tras los recientes sismos registrados en el pa\u00eds. Indira Vizca\u00edno Silva, gobernadora de Colima, se\u00f1al\u00f3 que el presidente Andr\u00e9s Manuel L\u00f3pez Obrador autoriz\u00f3 que el estado forme parte del Programa para el Bienestar de las Personas en Emergencia Social o Natural. Debido a esto se realizar\u00e1 un censo en cada una de las casas con reporte de da\u00f1os. La mandataria indic\u00f3 que el objetivo es poder visitar lo m\u00e1s pronto posible cada una de las casas reportadas como afectadas por el sismo, para [&hellip;]<\/p>\n","protected":false},"author":2,"featured_media":73700,"comment_status":"closed","ping_status":"closed","sticky":false,"template":"","format":"standard","meta":{"footnotes":""},"categories":[46],"tags":[],"class_list":["post-73695","post","type-post","status-publish","format-standard","has-post-thumbnail","hentry","category-nacional","post--single"],"yoast_head":"<!-- This site is optimized with the Yoast SEO plugin v27.5 - https:\/\/yoast.com\/product\/yoast-seo-wordpress\/ -->\n<title>En Colima, suman m\u00e1s de tres mil 500 viviendas afectadas por sismos - Canal 7 SLP - 2022<\/title>\n<meta name=\"robots\" content=\"index, follow, max-snippet:-1, max-image-preview:large, max-video-preview:-1\" \/>\n<link rel=\"canonical\" href=\"https:\/\/canal7slp.tv\/2022\/en-colima-suman-mas-de-tres-mil-500-viviendas-afectadas-por-sismos\/\" \/>\n<meta property=\"og:locale\" content=\"es_ES\" \/>\n<meta property=\"og:type\" content=\"article\" \/>\n<meta property=\"og:title\" content=\"En Colima, suman m\u00e1s de tres mil 500 viviendas afectadas por sismos - Canal 7 SLP - 2022\" \/>\n<meta property=\"og:description\" content=\"Colima.- El Gobierno de Colima ha contabilizado m\u00e1s de 3 mil 500 viviendas afectadas en la entidad tras los recientes sismos registrados en el pa\u00eds. Indira Vizca\u00edno Silva, gobernadora de Colima, se\u00f1al\u00f3 que el presidente Andr\u00e9s Manuel L\u00f3pez Obrador autoriz\u00f3 que el estado forme parte del Programa para el Bienestar de las Personas en Emergencia Social o Natural. Debido a esto se realizar\u00e1 un censo en cada una de las casas con reporte de da\u00f1os. La mandataria indic\u00f3 que el objetivo es poder visitar lo m\u00e1s pronto posible cada una de las casas reportadas como afectadas por el sismo, para [&hellip;]\" \/>\n<meta property=\"og:url\" content=\"https:\/\/canal7slp.tv\/2022\/en-colima-suman-mas-de-tres-mil-500-viviendas-afectadas-por-sismos\/\" \/>\n<meta property=\"og:site_name\" content=\"Canal 7 SLP - 2022\" \/>\n<meta property=\"article:publisher\" content=\"https:\/\/www.facebook.com\/noticieroscanalsiete\" \/>\n<meta property=\"article:published_time\" content=\"2022-09-23T20:39:26+00:00\" \/>\n<meta property=\"og:image\" content=\"https:\/\/canal7slp.tv\/2022\/wp-content\/uploads\/2022\/09\/02-16.jpg\" \/>\n\t<meta property=\"og:image:width\" content=\"800\" \/>\n\t<meta property=\"og:image:height\" content=\"533\" \/>\n\t<meta property=\"og:image:type\" content=\"image\/jpeg\" \/>\n<meta name=\"author\" content=\"Edici\u00f3n Web\" \/>\n<meta name=\"twitter:card\" content=\"summary_large_image\" \/>\n<meta name=\"twitter:creator\" content=\"@NOTICIEROS7\" \/>\n<meta name=\"twitter:site\" content=\"@NOTICIEROS7\" \/>\n<meta name=\"twitter:label1\" content=\"Escrito por\" \/>\n\t<meta name=\"twitter:data1\" content=\"Edici\u00f3n Web\" \/>\n\t<meta name=\"twitter:label2\" content=\"Tiempo de lectura\" \/>\n\t<meta name=\"twitter:data2\" content=\"1 minuto\" \/>\n<script type=\"application\/ld+json\" class=\"yoast-schema-graph\">{\"@context\":\"https:\\\/\\\/schema.org\",\"@graph\":[{\"@type\":\"Article\",\"@id\":\"https:\\\/\\\/canal7slp.tv\\\/2022\\\/en-colima-suman-mas-de-tres-mil-500-viviendas-afectadas-por-sismos\\\/#article\",\"isPartOf\":{\"@id\":\"https:\\\/\\\/canal7slp.tv\\\/2022\\\/en-colima-suman-mas-de-tres-mil-500-viviendas-afectadas-por-sismos\\\/\"},\"author\":{\"name\":\"Edici\u00f3n Web\",\"@id\":\"https:\\\/\\\/canal7slp.tv\\\/2022\\\/#\\\/schema\\\/person\\\/429704152a21f5f856ce29aa69a238da\"},\"headline\":\"En Colima, suman m\u00e1s de tres mil 500 viviendas afectadas por sismos\",\"datePublished\":\"2022-09-23T20:39:26+00:00\",\"mainEntityOfPage\":{\"@id\":\"https:\\\/\\\/canal7slp.tv\\\/2022\\\/en-colima-suman-mas-de-tres-mil-500-viviendas-afectadas-por-sismos\\\/\"},\"wordCount\":206,\"publisher\":{\"@id\":\"https:\\\/\\\/canal7slp.tv\\\/2022\\\/#organization\"},\"image\":{\"@id\":\"https:\\\/\\\/canal7slp.tv\\\/2022\\\/en-colima-suman-mas-de-tres-mil-500-viviendas-afectadas-por-sismos\\\/#primaryimage\"},\"thumbnailUrl\":\"https:\\\/\\\/canal7slp.tv\\\/2022\\\/wp-content\\\/uploads\\\/2022\\\/09\\\/02-16.jpg\",\"articleSection\":[\"NACIONALES\"],\"inLanguage\":\"es\"},{\"@type\":\"WebPage\",\"@id\":\"https:\\\/\\\/canal7slp.tv\\\/2022\\\/en-colima-suman-mas-de-tres-mil-500-viviendas-afectadas-por-sismos\\\/\",\"url\":\"https:\\\/\\\/canal7slp.tv\\\/2022\\\/en-colima-suman-mas-de-tres-mil-500-viviendas-afectadas-por-sismos\\\/\",\"name\":\"En Colima, suman m\u00e1s de tres mil 500 viviendas afectadas por sismos - Canal 7 SLP - 2022\",\"isPartOf\":{\"@id\":\"https:\\\/\\\/canal7slp.tv\\\/2022\\\/#website\"},\"primaryImageOfPage\":{\"@id\":\"https:\\\/\\\/canal7slp.tv\\\/2022\\\/en-colima-suman-mas-de-tres-mil-500-viviendas-afectadas-por-sismos\\\/#primaryimage\"},\"image\":{\"@id\":\"https:\\\/\\\/canal7slp.tv\\\/2022\\\/en-colima-suman-mas-de-tres-mil-500-viviendas-afectadas-por-sismos\\\/#primaryimage\"},\"thumbnailUrl\":\"https:\\\/\\\/canal7slp.tv\\\/2022\\\/wp-content\\\/uploads\\\/2022\\\/09\\\/02-16.jpg\",\"datePublished\":\"2022-09-23T20:39:26+00:00\",\"breadcrumb\":{\"@id\":\"https:\\\/\\\/canal7slp.tv\\\/2022\\\/en-colima-suman-mas-de-tres-mil-500-viviendas-afectadas-por-sismos\\\/#breadcrumb\"},\"inLanguage\":\"es\",\"potentialAction\":[{\"@type\":\"ReadAction\",\"target\":[\"https:\\\/\\\/canal7slp.tv\\\/2022\\\/en-colima-suman-mas-de-tres-mil-500-viviendas-afectadas-por-sismos\\\/\"]}]},{\"@type\":\"ImageObject\",\"inLanguage\":\"es\",\"@id\":\"https:\\\/\\\/canal7slp.tv\\\/2022\\\/en-colima-suman-mas-de-tres-mil-500-viviendas-afectadas-por-sismos\\\/#primaryimage\",\"url\":\"https:\\\/\\\/canal7slp.tv\\\/2022\\\/wp-content\\\/uploads\\\/2022\\\/09\\\/02-16.jpg\",\"contentUrl\":\"https:\\\/\\\/canal7slp.tv\\\/2022\\\/wp-content\\\/uploads\\\/2022\\\/09\\\/02-16.jpg\",\"width\":800,\"height\":533},{\"@type\":\"BreadcrumbList\",\"@id\":\"https:\\\/\\\/canal7slp.tv\\\/2022\\\/en-colima-suman-mas-de-tres-mil-500-viviendas-afectadas-por-sismos\\\/#breadcrumb\",\"itemListElement\":[{\"@type\":\"ListItem\",\"position\":1,\"name\":\"Portada\",\"item\":\"https:\\\/\\\/canal7slp.tv\\\/2022\\\/\"},{\"@type\":\"ListItem\",\"position\":2,\"name\":\"En Colima, suman m\u00e1s de tres mil 500 viviendas afectadas por sismos\"}]},{\"@type\":\"WebSite\",\"@id\":\"https:\\\/\\\/canal7slp.tv\\\/2022\\\/#website\",\"url\":\"https:\\\/\\\/canal7slp.tv\\\/2022\\\/\",\"name\":\"N7 - Noticieros Canal 7\",\"description\":\"Somos Televisi\u00f3n\",\"publisher\":{\"@id\":\"https:\\\/\\\/canal7slp.tv\\\/2022\\\/#organization\"},\"potentialAction\":[{\"@type\":\"SearchAction\",\"target\":{\"@type\":\"EntryPoint\",\"urlTemplate\":\"https:\\\/\\\/canal7slp.tv\\\/2022\\\/?s={search_term_string}\"},\"query-input\":{\"@type\":\"PropertyValueSpecification\",\"valueRequired\":true,\"valueName\":\"search_term_string\"}}],\"inLanguage\":\"es\"},{\"@type\":\"Organization\",\"@id\":\"https:\\\/\\\/canal7slp.tv\\\/2022\\\/#organization\",\"name\":\"Noticieros Canal 7\",\"url\":\"https:\\\/\\\/canal7slp.tv\\\/2022\\\/\",\"logo\":{\"@type\":\"ImageObject\",\"inLanguage\":\"es\",\"@id\":\"https:\\\/\\\/canal7slp.tv\\\/2022\\\/#\\\/schema\\\/logo\\\/image\\\/\",\"url\":\"https:\\\/\\\/canal7slp.tv\\\/2022\\\/wp-content\\\/uploads\\\/2021\\\/01\\\/logo-noticieros@2x.png\",\"contentUrl\":\"https:\\\/\\\/canal7slp.tv\\\/2022\\\/wp-content\\\/uploads\\\/2021\\\/01\\\/logo-noticieros@2x.png\",\"width\":1017,\"height\":268,\"caption\":\"Noticieros Canal 7\"},\"image\":{\"@id\":\"https:\\\/\\\/canal7slp.tv\\\/2022\\\/#\\\/schema\\\/logo\\\/image\\\/\"},\"sameAs\":[\"https:\\\/\\\/www.facebook.com\\\/noticieroscanalsiete\",\"https:\\\/\\\/x.com\\\/NOTICIEROS7\",\"https:\\\/\\\/www.instagram.com\\\/canal7_slp\",\"https:\\\/\\\/www.youtube.com\\\/channel\\\/UCliiYs-gP3JfJeqdPrNdd5A\"]},{\"@type\":\"Person\",\"@id\":\"https:\\\/\\\/canal7slp.tv\\\/2022\\\/#\\\/schema\\\/person\\\/429704152a21f5f856ce29aa69a238da\",\"name\":\"Edici\u00f3n Web\",\"image\":{\"@type\":\"ImageObject\",\"inLanguage\":\"es\",\"@id\":\"https:\\\/\\\/secure.gravatar.com\\\/avatar\\\/eee448fc3f7164808013b816ba91ac7e43bbe82a70bebac296f8bc6f0addaa1a?s=96&d=mm&r=g\",\"url\":\"https:\\\/\\\/secure.gravatar.com\\\/avatar\\\/eee448fc3f7164808013b816ba91ac7e43bbe82a70bebac296f8bc6f0addaa1a?s=96&d=mm&r=g\",\"contentUrl\":\"https:\\\/\\\/secure.gravatar.com\\\/avatar\\\/eee448fc3f7164808013b816ba91ac7e43bbe82a70bebac296f8bc6f0addaa1a?s=96&d=mm&r=g\",\"caption\":\"Edici\u00f3n Web\"},\"url\":\"https:\\\/\\\/canal7slp.tv\\\/2022\\\/author\\\/edicionweb\\\/\"}]}<\/script>\n<!-- \/ Yoast SEO plugin. -->","yoast_head_json":{"title":"En Colima, suman m\u00e1s de tres mil 500 viviendas afectadas por sismos - Canal 7 SLP - 2022","robots":{"index":"index","follow":"follow","max-snippet":"max-snippet:-1","max-image-preview":"max-image-preview:large","max-video-preview":"max-video-preview:-1"},"canonical":"https:\/\/canal7slp.tv\/2022\/en-colima-suman-mas-de-tres-mil-500-viviendas-afectadas-por-sismos\/","og_locale":"es_ES","og_type":"article","og_title":"En Colima, suman m\u00e1s de tres mil 500 viviendas afectadas por sismos - Canal 7 SLP - 2022","og_description":"Colima.- El Gobierno de Colima ha contabilizado m\u00e1s de 3 mil 500 viviendas afectadas en la entidad tras los recientes sismos registrados en el pa\u00eds. Indira Vizca\u00edno Silva, gobernadora de Colima, se\u00f1al\u00f3 que el presidente Andr\u00e9s Manuel L\u00f3pez Obrador autoriz\u00f3 que el estado forme parte del Programa para el Bienestar de las Personas en Emergencia Social o Natural. Debido a esto se realizar\u00e1 un censo en cada una de las casas con reporte de da\u00f1os. La mandataria indic\u00f3 que el objetivo es poder visitar lo m\u00e1s pronto posible cada una de las casas reportadas como afectadas por el sismo, para [&hellip;]","og_url":"https:\/\/canal7slp.tv\/2022\/en-colima-suman-mas-de-tres-mil-500-viviendas-afectadas-por-sismos\/","og_site_name":"Canal 7 SLP - 2022","article_publisher":"https:\/\/www.facebook.com\/noticieroscanalsiete","article_published_time":"2022-09-23T20:39:26+00:00","og_image":[{"width":800,"height":533,"url":"https:\/\/canal7slp.tv\/2022\/wp-content\/uploads\/2022\/09\/02-16.jpg","type":"image\/jpeg"}],"author":"Edici\u00f3n Web","twitter_card":"summary_large_image","twitter_creator":"@NOTICIEROS7","twitter_site":"@NOTICIEROS7","twitter_misc":{"Escrito por":"Edici\u00f3n Web","Tiempo de lectura":"1 minuto"},"schema":{"@context":"https:\/\/schema.org","@graph":[{"@type":"Article","@id":"https:\/\/canal7slp.tv\/2022\/en-colima-suman-mas-de-tres-mil-500-viviendas-afectadas-por-sismos\/#article","isPartOf":{"@id":"https:\/\/canal7slp.tv\/2022\/en-colima-suman-mas-de-tres-mil-500-viviendas-afectadas-por-sismos\/"},"author":{"name":"Edici\u00f3n Web","@id":"https:\/\/canal7slp.tv\/2022\/#\/schema\/person\/429704152a21f5f856ce29aa69a238da"},"headline":"En Colima, suman m\u00e1s de tres mil 500 viviendas afectadas por sismos","datePublished":"2022-09-23T20:39:26+00:00","mainEntityOfPage":{"@id":"https:\/\/canal7slp.tv\/2022\/en-colima-suman-mas-de-tres-mil-500-viviendas-afectadas-por-sismos\/"},"wordCount":206,"publisher":{"@id":"https:\/\/canal7slp.tv\/2022\/#organization"},"image":{"@id":"https:\/\/canal7slp.tv\/2022\/en-colima-suman-mas-de-tres-mil-500-viviendas-afectadas-por-sismos\/#primaryimage"},"thumbnailUrl":"https:\/\/canal7slp.tv\/2022\/wp-content\/uploads\/2022\/09\/02-16.jpg","articleSection":["NACIONALES"],"inLanguage":"es"},{"@type":"WebPage","@id":"https:\/\/canal7slp.tv\/2022\/en-colima-suman-mas-de-tres-mil-500-viviendas-afectadas-por-sismos\/","url":"https:\/\/canal7slp.tv\/2022\/en-colima-suman-mas-de-tres-mil-500-viviendas-afectadas-por-sismos\/","name":"En Colima, suman m\u00e1s de tres mil 500 viviendas afectadas por sismos - Canal 7 SLP - 2022","isPartOf":{"@id":"https:\/\/canal7slp.tv\/2022\/#website"},"primaryImageOfPage":{"@id":"https:\/\/canal7slp.tv\/2022\/en-colima-suman-mas-de-tres-mil-500-viviendas-afectadas-por-sismos\/#primaryimage"},"image":{"@id":"https:\/\/canal7slp.tv\/2022\/en-colima-suman-mas-de-tres-mil-500-viviendas-afectadas-por-sismos\/#primaryimage"},"thumbnailUrl":"https:\/\/canal7slp.tv\/2022\/wp-content\/uploads\/2022\/09\/02-16.jpg","datePublished":"2022-09-23T20:39:26+00:00","breadcrumb":{"@id":"https:\/\/canal7slp.tv\/2022\/en-colima-suman-mas-de-tres-mil-500-viviendas-afectadas-por-sismos\/#breadcrumb"},"inLanguage":"es","potentialAction":[{"@type":"ReadAction","target":["https:\/\/canal7slp.tv\/2022\/en-colima-suman-mas-de-tres-mil-500-viviendas-afectadas-por-sismos\/"]}]},{"@type":"ImageObject","inLanguage":"es","@id":"https:\/\/canal7slp.tv\/2022\/en-colima-suman-mas-de-tres-mil-500-viviendas-afectadas-por-sismos\/#primaryimage","url":"https:\/\/canal7slp.tv\/2022\/wp-content\/uploads\/2022\/09\/02-16.jpg","contentUrl":"https:\/\/canal7slp.tv\/2022\/wp-content\/uploads\/2022\/09\/02-16.jpg","width":800,"height":533},{"@type":"BreadcrumbList","@id":"https:\/\/canal7slp.tv\/2022\/en-colima-suman-mas-de-tres-mil-500-viviendas-afectadas-por-sismos\/#breadcrumb","itemListElement":[{"@type":"ListItem","position":1,"name":"Portada","item":"https:\/\/canal7slp.tv\/2022\/"},{"@type":"ListItem","position":2,"name":"En Colima, suman m\u00e1s de tres mil 500 viviendas afectadas por sismos"}]},{"@type":"WebSite","@id":"https:\/\/canal7slp.tv\/2022\/#website","url":"https:\/\/canal7slp.tv\/2022\/","name":"N7 - Noticieros Canal 7","description":"Somos Televisi\u00f3n","publisher":{"@id":"https:\/\/canal7slp.tv\/2022\/#organization"},"potentialAction":[{"@type":"SearchAction","target":{"@type":"EntryPoint","urlTemplate":"https:\/\/canal7slp.tv\/2022\/?s={search_term_string}"},"query-input":{"@type":"PropertyValueSpecification","valueRequired":true,"valueName":"search_term_string"}}],"inLanguage":"es"},{"@type":"Organization","@id":"https:\/\/canal7slp.tv\/2022\/#organization","name":"Noticieros Canal 7","url":"https:\/\/canal7slp.tv\/2022\/","logo":{"@type":"ImageObject","inLanguage":"es","@id":"https:\/\/canal7slp.tv\/2022\/#\/schema\/logo\/image\/","url":"https:\/\/canal7slp.tv\/2022\/wp-content\/uploads\/2021\/01\/logo-noticieros@2x.png","contentUrl":"https:\/\/canal7slp.tv\/2022\/wp-content\/uploads\/2021\/01\/logo-noticieros@2x.png","width":1017,"height":268,"caption":"Noticieros Canal 7"},"image":{"@id":"https:\/\/canal7slp.tv\/2022\/#\/schema\/logo\/image\/"},"sameAs":["https:\/\/www.facebook.com\/noticieroscanalsiete","https:\/\/x.com\/NOTICIEROS7","https:\/\/www.instagram.com\/canal7_slp","https:\/\/www.youtube.com\/channel\/UCliiYs-gP3JfJeqdPrNdd5A"]},{"@type":"Person","@id":"https:\/\/canal7slp.tv\/2022\/#\/schema\/person\/429704152a21f5f856ce29aa69a238da","name":"Edici\u00f3n Web","image":{"@type":"ImageObject","inLanguage":"es","@id":"https:\/\/secure.gravatar.com\/avatar\/eee448fc3f7164808013b816ba91ac7e43bbe82a70bebac296f8bc6f0addaa1a?s=96&d=mm&r=g","url":"https:\/\/secure.gravatar.com\/avatar\/eee448fc3f7164808013b816ba91ac7e43bbe82a70bebac296f8bc6f0addaa1a?s=96&d=mm&r=g","contentUrl":"https:\/\/secure.gravatar.com\/avatar\/eee448fc3f7164808013b816ba91ac7e43bbe82a70bebac296f8bc6f0addaa1a?s=96&d=mm&r=g","caption":"Edici\u00f3n Web"},"url":"https:\/\/canal7slp.tv\/2022\/author\/edicionweb\/"}]}},"amp_enabled":true,"_links":{"self":[{"href":"https:\/\/canal7slp.tv\/2022\/wp-json\/wp\/v2\/posts\/73695","targetHints":{"allow":["GET"]}}],"collection":[{"href":"https:\/\/canal7slp.tv\/2022\/wp-json\/wp\/v2\/posts"}],"about":[{"href":"https:\/\/canal7slp.tv\/2022\/wp-json\/wp\/v2\/types\/post"}],"author":[{"embeddable":true,"href":"https:\/\/canal7slp.tv\/2022\/wp-json\/wp\/v2\/users\/2"}],"replies":[{"embeddable":true,"href":"https:\/\/canal7slp.tv\/2022\/wp-json\/wp\/v2\/comments?post=73695"}],"version-history":[{"count":2,"href":"https:\/\/canal7slp.tv\/2022\/wp-json\/wp\/v2\/posts\/73695\/revisions"}],"predecessor-version":[{"id":73705,"href":"https:\/\/canal7slp.tv\/2022\/wp-json\/wp\/v2\/posts\/73695\/revisions\/73705"}],"wp:featuredmedia":[{"embeddable":true,"href":"https:\/\/canal7slp.tv\/2022\/wp-json\/wp\/v2\/media\/73700"}],"wp:attachment":[{"href":"https:\/\/canal7slp.tv\/2022\/wp-json\/wp\/v2\/media?parent=73695"}],"wp:term":[{"taxonomy":"category","embeddable":true,"href":"https:\/\/canal7slp.tv\/2022\/wp-json\/wp\/v2\/categories?post=73695"},{"taxonomy":"post_tag","embeddable":true,"href":"https:\/\/canal7slp.tv\/2022\/wp-json\/wp\/v2\/tags?post=73695"}],"curies":[{"name":"wp","href":"https:\/\/api.w.org\/{rel}","templated":true}]}}