{"id":73693,"date":"2022-09-23T14:23:29","date_gmt":"2022-09-23T20:23:29","guid":{"rendered":"https:\/\/canal7slp.tv\/2022\/?p=73693"},"modified":"2022-09-23T14:23:29","modified_gmt":"2022-09-23T20:23:29","slug":"se-registra-sismo-de-magnitud-5-2-en-tecoman-colima","status":"publish","type":"post","link":"https:\/\/canal7slp.tv\/2022\/se-registra-sismo-de-magnitud-5-2-en-tecoman-colima\/","title":{"rendered":"Se registra sismo de magnitud 5.2 en Tecom\u00e1n, Colima"},"content":{"rendered":"<p style=\"text-align: justify;\">Tecom\u00e1n.- El Servicio Sinol\u00f3gico Nacional (SSN), report\u00f3 que a las 3:25 se registr\u00f3 un sismo de magnitud magnitud de 5.2 en Colima.<\/p>\n<blockquote class=\"twitter-tweet\" data-width=\"550\" data-dnt=\"true\">\n<p lang=\"ro\" dir=\"ltr\">Preliminar: SISMO Magnitud 5.6 Loc  70 km al SURESTE de TECOMAN, COL 23\/09\/22 13:25:56 Lat 18.30 Lon -103.69 Pf 10 km <a href=\"https:\/\/t.co\/hBQtzGmkOe\">pic.twitter.com\/hBQtzGmkOe<\/a><\/p>\n<p>&mdash; Sismol\u00f3gico Nacional (@SSNMexico) <a href=\"https:\/\/twitter.com\/SSNMexico\/status\/1573379199473270788?ref_src=twsrc%5Etfw\">September 23, 2022<\/a><\/p><\/blockquote>\n<p><script async src=\"https:\/\/platform.twitter.com\/widgets.js\" charset=\"utf-8\"><\/script><\/p>\n<p style=\"text-align: justify;\">El epicentro del movimiento tel\u00farico se encontr\u00f3 a 63 kil\u00f3metros al sur de Tecom\u00e1n, en las coordenadas Lat 18.36 Lon -103.76, a una profundidad de 10 km.<\/p>\n<p style=\"text-align: justify;\">Por su parte, la Universidad de Colima anunci\u00f3 que la pr\u00f3xima semana las clases se retomar\u00e1n a distancia, hasta que se concluya con la revisi\u00f3n de todos los planteles educativos.<\/p>\n<p style=\"text-align: justify;\">Asimismo, la gobernadora Indira Vizca\u00edno exhort\u00f3 a la ciudadan\u00eda a conservar la calma ante el reciente temblor.<\/p>\n<p style=\"text-align: justify;\">Cabe se\u00f1alar que el sismo pudo percibirse en varios estados del pa\u00eds.<\/p>\n<p style=\"text-align: justify;\">Hasta el corte de las 14:00 horas, no se hab\u00edan reportado defunciones.<\/p>\n","protected":false},"excerpt":{"rendered":"<p>Tecom\u00e1n.- El Servicio Sinol\u00f3gico Nacional (SSN), report\u00f3 que a las 3:25 se registr\u00f3 un sismo de magnitud magnitud de 5.2 en Colima. Preliminar: SISMO Magnitud 5.6 Loc 70 km al SURESTE de TECOMAN, COL 23\/09\/22 13:25:56 Lat 18.30 Lon -103.69 Pf 10 km pic.twitter.com\/hBQtzGmkOe &mdash; Sismol\u00f3gico Nacional (@SSNMexico) September 23, 2022 El epicentro del movimiento tel\u00farico se encontr\u00f3 a 63 kil\u00f3metros al sur de Tecom\u00e1n, en las coordenadas Lat 18.36 Lon -103.76, a una profundidad de 10 km. Por su parte, la Universidad de Colima anunci\u00f3 que la pr\u00f3xima semana las clases se retomar\u00e1n a distancia, hasta que se concluya [&hellip;]<\/p>\n","protected":false},"author":2,"featured_media":73701,"comment_status":"closed","ping_status":"closed","sticky":false,"template":"","format":"standard","meta":{"footnotes":""},"categories":[46],"tags":[],"class_list":["post-73693","post","type-post","status-publish","format-standard","has-post-thumbnail","hentry","category-nacional","post--single"],"yoast_head":"<!-- This site is optimized with the Yoast SEO plugin v27.5 - https:\/\/yoast.com\/product\/yoast-seo-wordpress\/ -->\n<title>Se registra sismo de magnitud 5.2 en Tecom\u00e1n, Colima - Canal 7 SLP - 2022<\/title>\n<meta name=\"robots\" content=\"index, follow, max-snippet:-1, max-image-preview:large, max-video-preview:-1\" \/>\n<link rel=\"canonical\" href=\"https:\/\/canal7slp.tv\/2022\/se-registra-sismo-de-magnitud-5-2-en-tecoman-colima\/\" \/>\n<meta property=\"og:locale\" content=\"es_ES\" \/>\n<meta property=\"og:type\" content=\"article\" \/>\n<meta property=\"og:title\" content=\"Se registra sismo de magnitud 5.2 en Tecom\u00e1n, Colima - Canal 7 SLP - 2022\" \/>\n<meta property=\"og:description\" content=\"Tecom\u00e1n.- El Servicio Sinol\u00f3gico Nacional (SSN), report\u00f3 que a las 3:25 se registr\u00f3 un sismo de magnitud magnitud de 5.2 en Colima. Preliminar: SISMO Magnitud 5.6 Loc 70 km al SURESTE de TECOMAN, COL 23\/09\/22 13:25:56 Lat 18.30 Lon -103.69 Pf 10 km pic.twitter.com\/hBQtzGmkOe &mdash; Sismol\u00f3gico Nacional (@SSNMexico) September 23, 2022 El epicentro del movimiento tel\u00farico se encontr\u00f3 a 63 kil\u00f3metros al sur de Tecom\u00e1n, en las coordenadas Lat 18.36 Lon -103.76, a una profundidad de 10 km. Por su parte, la Universidad de Colima anunci\u00f3 que la pr\u00f3xima semana las clases se retomar\u00e1n a distancia, hasta que se concluya [&hellip;]\" \/>\n<meta property=\"og:url\" content=\"https:\/\/canal7slp.tv\/2022\/se-registra-sismo-de-magnitud-5-2-en-tecoman-colima\/\" \/>\n<meta property=\"og:site_name\" content=\"Canal 7 SLP - 2022\" \/>\n<meta property=\"article:publisher\" content=\"https:\/\/www.facebook.com\/noticieroscanalsiete\" \/>\n<meta property=\"article:published_time\" content=\"2022-09-23T20:23:29+00:00\" \/>\n<meta property=\"og:image\" content=\"https:\/\/canal7slp.tv\/2022\/wp-content\/uploads\/2022\/09\/03.png\" \/>\n\t<meta property=\"og:image:width\" content=\"500\" \/>\n\t<meta property=\"og:image:height\" content=\"300\" \/>\n\t<meta property=\"og:image:type\" content=\"image\/png\" \/>\n<meta name=\"author\" content=\"Edici\u00f3n Web\" \/>\n<meta name=\"twitter:card\" content=\"summary_large_image\" \/>\n<meta name=\"twitter:creator\" content=\"@NOTICIEROS7\" \/>\n<meta name=\"twitter:site\" content=\"@NOTICIEROS7\" \/>\n<meta name=\"twitter:label1\" content=\"Escrito por\" \/>\n\t<meta name=\"twitter:data1\" content=\"Edici\u00f3n Web\" \/>\n\t<meta name=\"twitter:label2\" content=\"Tiempo de lectura\" \/>\n\t<meta name=\"twitter:data2\" content=\"1 minuto\" \/>\n<script type=\"application\/ld+json\" class=\"yoast-schema-graph\">{\"@context\":\"https:\\\/\\\/schema.org\",\"@graph\":[{\"@type\":\"Article\",\"@id\":\"https:\\\/\\\/canal7slp.tv\\\/2022\\\/se-registra-sismo-de-magnitud-5-2-en-tecoman-colima\\\/#article\",\"isPartOf\":{\"@id\":\"https:\\\/\\\/canal7slp.tv\\\/2022\\\/se-registra-sismo-de-magnitud-5-2-en-tecoman-colima\\\/\"},\"author\":{\"name\":\"Edici\u00f3n Web\",\"@id\":\"https:\\\/\\\/canal7slp.tv\\\/2022\\\/#\\\/schema\\\/person\\\/429704152a21f5f856ce29aa69a238da\"},\"headline\":\"Se registra sismo de magnitud 5.2 en Tecom\u00e1n, Colima\",\"datePublished\":\"2022-09-23T20:23:29+00:00\",\"mainEntityOfPage\":{\"@id\":\"https:\\\/\\\/canal7slp.tv\\\/2022\\\/se-registra-sismo-de-magnitud-5-2-en-tecoman-colima\\\/\"},\"wordCount\":142,\"publisher\":{\"@id\":\"https:\\\/\\\/canal7slp.tv\\\/2022\\\/#organization\"},\"image\":{\"@id\":\"https:\\\/\\\/canal7slp.tv\\\/2022\\\/se-registra-sismo-de-magnitud-5-2-en-tecoman-colima\\\/#primaryimage\"},\"thumbnailUrl\":\"https:\\\/\\\/canal7slp.tv\\\/2022\\\/wp-content\\\/uploads\\\/2022\\\/09\\\/03.png\",\"articleSection\":[\"NACIONALES\"],\"inLanguage\":\"es\"},{\"@type\":\"WebPage\",\"@id\":\"https:\\\/\\\/canal7slp.tv\\\/2022\\\/se-registra-sismo-de-magnitud-5-2-en-tecoman-colima\\\/\",\"url\":\"https:\\\/\\\/canal7slp.tv\\\/2022\\\/se-registra-sismo-de-magnitud-5-2-en-tecoman-colima\\\/\",\"name\":\"Se registra sismo de magnitud 5.2 en Tecom\u00e1n, Colima - Canal 7 SLP - 2022\",\"isPartOf\":{\"@id\":\"https:\\\/\\\/canal7slp.tv\\\/2022\\\/#website\"},\"primaryImageOfPage\":{\"@id\":\"https:\\\/\\\/canal7slp.tv\\\/2022\\\/se-registra-sismo-de-magnitud-5-2-en-tecoman-colima\\\/#primaryimage\"},\"image\":{\"@id\":\"https:\\\/\\\/canal7slp.tv\\\/2022\\\/se-registra-sismo-de-magnitud-5-2-en-tecoman-colima\\\/#primaryimage\"},\"thumbnailUrl\":\"https:\\\/\\\/canal7slp.tv\\\/2022\\\/wp-content\\\/uploads\\\/2022\\\/09\\\/03.png\",\"datePublished\":\"2022-09-23T20:23:29+00:00\",\"breadcrumb\":{\"@id\":\"https:\\\/\\\/canal7slp.tv\\\/2022\\\/se-registra-sismo-de-magnitud-5-2-en-tecoman-colima\\\/#breadcrumb\"},\"inLanguage\":\"es\",\"potentialAction\":[{\"@type\":\"ReadAction\",\"target\":[\"https:\\\/\\\/canal7slp.tv\\\/2022\\\/se-registra-sismo-de-magnitud-5-2-en-tecoman-colima\\\/\"]}]},{\"@type\":\"ImageObject\",\"inLanguage\":\"es\",\"@id\":\"https:\\\/\\\/canal7slp.tv\\\/2022\\\/se-registra-sismo-de-magnitud-5-2-en-tecoman-colima\\\/#primaryimage\",\"url\":\"https:\\\/\\\/canal7slp.tv\\\/2022\\\/wp-content\\\/uploads\\\/2022\\\/09\\\/03.png\",\"contentUrl\":\"https:\\\/\\\/canal7slp.tv\\\/2022\\\/wp-content\\\/uploads\\\/2022\\\/09\\\/03.png\",\"width\":500,\"height\":300},{\"@type\":\"BreadcrumbList\",\"@id\":\"https:\\\/\\\/canal7slp.tv\\\/2022\\\/se-registra-sismo-de-magnitud-5-2-en-tecoman-colima\\\/#breadcrumb\",\"itemListElement\":[{\"@type\":\"ListItem\",\"position\":1,\"name\":\"Portada\",\"item\":\"https:\\\/\\\/canal7slp.tv\\\/2022\\\/\"},{\"@type\":\"ListItem\",\"position\":2,\"name\":\"Se registra sismo de magnitud 5.2 en Tecom\u00e1n, Colima\"}]},{\"@type\":\"WebSite\",\"@id\":\"https:\\\/\\\/canal7slp.tv\\\/2022\\\/#website\",\"url\":\"https:\\\/\\\/canal7slp.tv\\\/2022\\\/\",\"name\":\"N7 - Noticieros Canal 7\",\"description\":\"Somos Televisi\u00f3n\",\"publisher\":{\"@id\":\"https:\\\/\\\/canal7slp.tv\\\/2022\\\/#organization\"},\"potentialAction\":[{\"@type\":\"SearchAction\",\"target\":{\"@type\":\"EntryPoint\",\"urlTemplate\":\"https:\\\/\\\/canal7slp.tv\\\/2022\\\/?s={search_term_string}\"},\"query-input\":{\"@type\":\"PropertyValueSpecification\",\"valueRequired\":true,\"valueName\":\"search_term_string\"}}],\"inLanguage\":\"es\"},{\"@type\":\"Organization\",\"@id\":\"https:\\\/\\\/canal7slp.tv\\\/2022\\\/#organization\",\"name\":\"Noticieros Canal 7\",\"url\":\"https:\\\/\\\/canal7slp.tv\\\/2022\\\/\",\"logo\":{\"@type\":\"ImageObject\",\"inLanguage\":\"es\",\"@id\":\"https:\\\/\\\/canal7slp.tv\\\/2022\\\/#\\\/schema\\\/logo\\\/image\\\/\",\"url\":\"https:\\\/\\\/canal7slp.tv\\\/2022\\\/wp-content\\\/uploads\\\/2021\\\/01\\\/logo-noticieros@2x.png\",\"contentUrl\":\"https:\\\/\\\/canal7slp.tv\\\/2022\\\/wp-content\\\/uploads\\\/2021\\\/01\\\/logo-noticieros@2x.png\",\"width\":1017,\"height\":268,\"caption\":\"Noticieros Canal 7\"},\"image\":{\"@id\":\"https:\\\/\\\/canal7slp.tv\\\/2022\\\/#\\\/schema\\\/logo\\\/image\\\/\"},\"sameAs\":[\"https:\\\/\\\/www.facebook.com\\\/noticieroscanalsiete\",\"https:\\\/\\\/x.com\\\/NOTICIEROS7\",\"https:\\\/\\\/www.instagram.com\\\/canal7_slp\",\"https:\\\/\\\/www.youtube.com\\\/channel\\\/UCliiYs-gP3JfJeqdPrNdd5A\"]},{\"@type\":\"Person\",\"@id\":\"https:\\\/\\\/canal7slp.tv\\\/2022\\\/#\\\/schema\\\/person\\\/429704152a21f5f856ce29aa69a238da\",\"name\":\"Edici\u00f3n Web\",\"image\":{\"@type\":\"ImageObject\",\"inLanguage\":\"es\",\"@id\":\"https:\\\/\\\/secure.gravatar.com\\\/avatar\\\/eee448fc3f7164808013b816ba91ac7e43bbe82a70bebac296f8bc6f0addaa1a?s=96&d=mm&r=g\",\"url\":\"https:\\\/\\\/secure.gravatar.com\\\/avatar\\\/eee448fc3f7164808013b816ba91ac7e43bbe82a70bebac296f8bc6f0addaa1a?s=96&d=mm&r=g\",\"contentUrl\":\"https:\\\/\\\/secure.gravatar.com\\\/avatar\\\/eee448fc3f7164808013b816ba91ac7e43bbe82a70bebac296f8bc6f0addaa1a?s=96&d=mm&r=g\",\"caption\":\"Edici\u00f3n Web\"},\"url\":\"https:\\\/\\\/canal7slp.tv\\\/2022\\\/author\\\/edicionweb\\\/\"}]}<\/script>\n<!-- \/ Yoast SEO plugin. -->","yoast_head_json":{"title":"Se registra sismo de magnitud 5.2 en Tecom\u00e1n, Colima - Canal 7 SLP - 2022","robots":{"index":"index","follow":"follow","max-snippet":"max-snippet:-1","max-image-preview":"max-image-preview:large","max-video-preview":"max-video-preview:-1"},"canonical":"https:\/\/canal7slp.tv\/2022\/se-registra-sismo-de-magnitud-5-2-en-tecoman-colima\/","og_locale":"es_ES","og_type":"article","og_title":"Se registra sismo de magnitud 5.2 en Tecom\u00e1n, Colima - Canal 7 SLP - 2022","og_description":"Tecom\u00e1n.- El Servicio Sinol\u00f3gico Nacional (SSN), report\u00f3 que a las 3:25 se registr\u00f3 un sismo de magnitud magnitud de 5.2 en Colima. Preliminar: SISMO Magnitud 5.6 Loc 70 km al SURESTE de TECOMAN, COL 23\/09\/22 13:25:56 Lat 18.30 Lon -103.69 Pf 10 km pic.twitter.com\/hBQtzGmkOe &mdash; Sismol\u00f3gico Nacional (@SSNMexico) September 23, 2022 El epicentro del movimiento tel\u00farico se encontr\u00f3 a 63 kil\u00f3metros al sur de Tecom\u00e1n, en las coordenadas Lat 18.36 Lon -103.76, a una profundidad de 10 km. Por su parte, la Universidad de Colima anunci\u00f3 que la pr\u00f3xima semana las clases se retomar\u00e1n a distancia, hasta que se concluya [&hellip;]","og_url":"https:\/\/canal7slp.tv\/2022\/se-registra-sismo-de-magnitud-5-2-en-tecoman-colima\/","og_site_name":"Canal 7 SLP - 2022","article_publisher":"https:\/\/www.facebook.com\/noticieroscanalsiete","article_published_time":"2022-09-23T20:23:29+00:00","og_image":[{"width":500,"height":300,"url":"https:\/\/canal7slp.tv\/2022\/wp-content\/uploads\/2022\/09\/03.png","type":"image\/png"}],"author":"Edici\u00f3n Web","twitter_card":"summary_large_image","twitter_creator":"@NOTICIEROS7","twitter_site":"@NOTICIEROS7","twitter_misc":{"Escrito por":"Edici\u00f3n Web","Tiempo de lectura":"1 minuto"},"schema":{"@context":"https:\/\/schema.org","@graph":[{"@type":"Article","@id":"https:\/\/canal7slp.tv\/2022\/se-registra-sismo-de-magnitud-5-2-en-tecoman-colima\/#article","isPartOf":{"@id":"https:\/\/canal7slp.tv\/2022\/se-registra-sismo-de-magnitud-5-2-en-tecoman-colima\/"},"author":{"name":"Edici\u00f3n Web","@id":"https:\/\/canal7slp.tv\/2022\/#\/schema\/person\/429704152a21f5f856ce29aa69a238da"},"headline":"Se registra sismo de magnitud 5.2 en Tecom\u00e1n, Colima","datePublished":"2022-09-23T20:23:29+00:00","mainEntityOfPage":{"@id":"https:\/\/canal7slp.tv\/2022\/se-registra-sismo-de-magnitud-5-2-en-tecoman-colima\/"},"wordCount":142,"publisher":{"@id":"https:\/\/canal7slp.tv\/2022\/#organization"},"image":{"@id":"https:\/\/canal7slp.tv\/2022\/se-registra-sismo-de-magnitud-5-2-en-tecoman-colima\/#primaryimage"},"thumbnailUrl":"https:\/\/canal7slp.tv\/2022\/wp-content\/uploads\/2022\/09\/03.png","articleSection":["NACIONALES"],"inLanguage":"es"},{"@type":"WebPage","@id":"https:\/\/canal7slp.tv\/2022\/se-registra-sismo-de-magnitud-5-2-en-tecoman-colima\/","url":"https:\/\/canal7slp.tv\/2022\/se-registra-sismo-de-magnitud-5-2-en-tecoman-colima\/","name":"Se registra sismo de magnitud 5.2 en Tecom\u00e1n, Colima - Canal 7 SLP - 2022","isPartOf":{"@id":"https:\/\/canal7slp.tv\/2022\/#website"},"primaryImageOfPage":{"@id":"https:\/\/canal7slp.tv\/2022\/se-registra-sismo-de-magnitud-5-2-en-tecoman-colima\/#primaryimage"},"image":{"@id":"https:\/\/canal7slp.tv\/2022\/se-registra-sismo-de-magnitud-5-2-en-tecoman-colima\/#primaryimage"},"thumbnailUrl":"https:\/\/canal7slp.tv\/2022\/wp-content\/uploads\/2022\/09\/03.png","datePublished":"2022-09-23T20:23:29+00:00","breadcrumb":{"@id":"https:\/\/canal7slp.tv\/2022\/se-registra-sismo-de-magnitud-5-2-en-tecoman-colima\/#breadcrumb"},"inLanguage":"es","potentialAction":[{"@type":"ReadAction","target":["https:\/\/canal7slp.tv\/2022\/se-registra-sismo-de-magnitud-5-2-en-tecoman-colima\/"]}]},{"@type":"ImageObject","inLanguage":"es","@id":"https:\/\/canal7slp.tv\/2022\/se-registra-sismo-de-magnitud-5-2-en-tecoman-colima\/#primaryimage","url":"https:\/\/canal7slp.tv\/2022\/wp-content\/uploads\/2022\/09\/03.png","contentUrl":"https:\/\/canal7slp.tv\/2022\/wp-content\/uploads\/2022\/09\/03.png","width":500,"height":300},{"@type":"BreadcrumbList","@id":"https:\/\/canal7slp.tv\/2022\/se-registra-sismo-de-magnitud-5-2-en-tecoman-colima\/#breadcrumb","itemListElement":[{"@type":"ListItem","position":1,"name":"Portada","item":"https:\/\/canal7slp.tv\/2022\/"},{"@type":"ListItem","position":2,"name":"Se registra sismo de magnitud 5.2 en Tecom\u00e1n, Colima"}]},{"@type":"WebSite","@id":"https:\/\/canal7slp.tv\/2022\/#website","url":"https:\/\/canal7slp.tv\/2022\/","name":"N7 - Noticieros Canal 7","description":"Somos Televisi\u00f3n","publisher":{"@id":"https:\/\/canal7slp.tv\/2022\/#organization"},"potentialAction":[{"@type":"SearchAction","target":{"@type":"EntryPoint","urlTemplate":"https:\/\/canal7slp.tv\/2022\/?s={search_term_string}"},"query-input":{"@type":"PropertyValueSpecification","valueRequired":true,"valueName":"search_term_string"}}],"inLanguage":"es"},{"@type":"Organization","@id":"https:\/\/canal7slp.tv\/2022\/#organization","name":"Noticieros Canal 7","url":"https:\/\/canal7slp.tv\/2022\/","logo":{"@type":"ImageObject","inLanguage":"es","@id":"https:\/\/canal7slp.tv\/2022\/#\/schema\/logo\/image\/","url":"https:\/\/canal7slp.tv\/2022\/wp-content\/uploads\/2021\/01\/logo-noticieros@2x.png","contentUrl":"https:\/\/canal7slp.tv\/2022\/wp-content\/uploads\/2021\/01\/logo-noticieros@2x.png","width":1017,"height":268,"caption":"Noticieros Canal 7"},"image":{"@id":"https:\/\/canal7slp.tv\/2022\/#\/schema\/logo\/image\/"},"sameAs":["https:\/\/www.facebook.com\/noticieroscanalsiete","https:\/\/x.com\/NOTICIEROS7","https:\/\/www.instagram.com\/canal7_slp","https:\/\/www.youtube.com\/channel\/UCliiYs-gP3JfJeqdPrNdd5A"]},{"@type":"Person","@id":"https:\/\/canal7slp.tv\/2022\/#\/schema\/person\/429704152a21f5f856ce29aa69a238da","name":"Edici\u00f3n Web","image":{"@type":"ImageObject","inLanguage":"es","@id":"https:\/\/secure.gravatar.com\/avatar\/eee448fc3f7164808013b816ba91ac7e43bbe82a70bebac296f8bc6f0addaa1a?s=96&d=mm&r=g","url":"https:\/\/secure.gravatar.com\/avatar\/eee448fc3f7164808013b816ba91ac7e43bbe82a70bebac296f8bc6f0addaa1a?s=96&d=mm&r=g","contentUrl":"https:\/\/secure.gravatar.com\/avatar\/eee448fc3f7164808013b816ba91ac7e43bbe82a70bebac296f8bc6f0addaa1a?s=96&d=mm&r=g","caption":"Edici\u00f3n Web"},"url":"https:\/\/canal7slp.tv\/2022\/author\/edicionweb\/"}]}},"amp_enabled":true,"_links":{"self":[{"href":"https:\/\/canal7slp.tv\/2022\/wp-json\/wp\/v2\/posts\/73693","targetHints":{"allow":["GET"]}}],"collection":[{"href":"https:\/\/canal7slp.tv\/2022\/wp-json\/wp\/v2\/posts"}],"about":[{"href":"https:\/\/canal7slp.tv\/2022\/wp-json\/wp\/v2\/types\/post"}],"author":[{"embeddable":true,"href":"https:\/\/canal7slp.tv\/2022\/wp-json\/wp\/v2\/users\/2"}],"replies":[{"embeddable":true,"href":"https:\/\/canal7slp.tv\/2022\/wp-json\/wp\/v2\/comments?post=73693"}],"version-history":[{"count":3,"href":"https:\/\/canal7slp.tv\/2022\/wp-json\/wp\/v2\/posts\/73693\/revisions"}],"predecessor-version":[{"id":73704,"href":"https:\/\/canal7slp.tv\/2022\/wp-json\/wp\/v2\/posts\/73693\/revisions\/73704"}],"wp:featuredmedia":[{"embeddable":true,"href":"https:\/\/canal7slp.tv\/2022\/wp-json\/wp\/v2\/media\/73701"}],"wp:attachment":[{"href":"https:\/\/canal7slp.tv\/2022\/wp-json\/wp\/v2\/media?parent=73693"}],"wp:term":[{"taxonomy":"category","embeddable":true,"href":"https:\/\/canal7slp.tv\/2022\/wp-json\/wp\/v2\/categories?post=73693"},{"taxonomy":"post_tag","embeddable":true,"href":"https:\/\/canal7slp.tv\/2022\/wp-json\/wp\/v2\/tags?post=73693"}],"curies":[{"name":"wp","href":"https:\/\/api.w.org\/{rel}","templated":true}]}}