{"id":73680,"date":"2022-09-23T13:53:25","date_gmt":"2022-09-23T19:53:25","guid":{"rendered":"https:\/\/canal7slp.tv\/2022\/?p=73680"},"modified":"2022-09-23T13:53:25","modified_gmt":"2022-09-23T19:53:25","slug":"presentan-la-academia-municipal-de-ciclismo","status":"publish","type":"post","link":"https:\/\/canal7slp.tv\/2022\/presentan-la-academia-municipal-de-ciclismo\/","title":{"rendered":"Presentan la Academia Municipal de Ciclismo."},"content":{"rendered":"<ul style=\"text-align: justify;\">\n<li>Ser\u00e1 totalmente gratuita.<\/li>\n<\/ul>\n<p style=\"text-align: justify;\">SLP.- Se llevo a cabo la presentaci\u00f3n oficial de la primera academia de ciclismo municipal, La cual ser\u00e1 totalmente gratuita, teniendo como sede la unidad deportiva municipal la garita.<\/p>\n<p style=\"text-align: justify;\">\u00a0El director de deporte municipal Luis Fernando Alonso destaco la importancia que tendr\u00e1 en la academia en la sociedad potosina adem\u00e1s de los planes y proyectos que se tienen con esta naciente academia.<\/p>\n<p style=\"text-align: justify;\">El director de deporte municipal dio a conocer detalles de la academia donde se impartir\u00e1n las sesiones y quienes pueden participar.<\/p>\n","protected":false},"excerpt":{"rendered":"<p>Ser\u00e1 totalmente gratuita. SLP.- Se llevo a cabo la presentaci\u00f3n oficial de la primera academia de ciclismo municipal, La cual ser\u00e1 totalmente gratuita, teniendo como sede la unidad deportiva municipal la garita. \u00a0El director de deporte municipal Luis Fernando Alonso destaco la importancia que tendr\u00e1 en la academia en la sociedad potosina adem\u00e1s de los planes y proyectos que se tienen con esta naciente academia. El director de deporte municipal dio a conocer detalles de la academia donde se impartir\u00e1n las sesiones y quienes pueden participar.<\/p>\n","protected":false},"author":2,"featured_media":73691,"comment_status":"closed","ping_status":"closed","sticky":false,"template":"","format":"video","meta":{"footnotes":""},"categories":[7,5],"tags":[],"class_list":["post-73680","post","type-post","status-publish","format-video","has-post-thumbnail","hentry","category-deportes","category-destacadas","post_format-post-format-video","post--single"],"yoast_head":"<!-- This site is optimized with the Yoast SEO plugin v27.5 - https:\/\/yoast.com\/product\/yoast-seo-wordpress\/ -->\n<title>Presentan la Academia Municipal de Ciclismo. - Canal 7 SLP - 2022<\/title>\n<meta name=\"robots\" content=\"index, follow, max-snippet:-1, max-image-preview:large, max-video-preview:-1\" \/>\n<link rel=\"canonical\" href=\"https:\/\/canal7slp.tv\/2022\/presentan-la-academia-municipal-de-ciclismo\/\" \/>\n<meta property=\"og:locale\" content=\"es_ES\" \/>\n<meta property=\"og:type\" content=\"article\" \/>\n<meta property=\"og:title\" content=\"Presentan la Academia Municipal de Ciclismo. - Canal 7 SLP - 2022\" \/>\n<meta property=\"og:description\" content=\"Ser\u00e1 totalmente gratuita. SLP.- Se llevo a cabo la presentaci\u00f3n oficial de la primera academia de ciclismo municipal, La cual ser\u00e1 totalmente gratuita, teniendo como sede la unidad deportiva municipal la garita. \u00a0El director de deporte municipal Luis Fernando Alonso destaco la importancia que tendr\u00e1 en la academia en la sociedad potosina adem\u00e1s de los planes y proyectos que se tienen con esta naciente academia. El director de deporte municipal dio a conocer detalles de la academia donde se impartir\u00e1n las sesiones y quienes pueden participar.\" \/>\n<meta property=\"og:url\" content=\"https:\/\/canal7slp.tv\/2022\/presentan-la-academia-municipal-de-ciclismo\/\" \/>\n<meta property=\"og:site_name\" content=\"Canal 7 SLP - 2022\" \/>\n<meta property=\"article:publisher\" content=\"https:\/\/www.facebook.com\/noticieroscanalsiete\" \/>\n<meta property=\"article:published_time\" content=\"2022-09-23T19:53:25+00:00\" \/>\n<meta property=\"og:image\" content=\"https:\/\/canal7slp.tv\/2022\/wp-content\/uploads\/2022\/09\/Froi04Ciclismo.jpg\" \/>\n\t<meta property=\"og:image:width\" content=\"888\" \/>\n\t<meta property=\"og:image:height\" content=\"500\" \/>\n\t<meta property=\"og:image:type\" content=\"image\/jpeg\" \/>\n<meta name=\"author\" content=\"Edici\u00f3n Web\" \/>\n<meta name=\"twitter:card\" content=\"summary_large_image\" \/>\n<meta name=\"twitter:creator\" content=\"@NOTICIEROS7\" \/>\n<meta name=\"twitter:site\" content=\"@NOTICIEROS7\" \/>\n<meta name=\"twitter:label1\" content=\"Escrito por\" \/>\n\t<meta name=\"twitter:data1\" content=\"Edici\u00f3n Web\" \/>\n\t<meta name=\"twitter:label2\" content=\"Tiempo de lectura\" \/>\n\t<meta name=\"twitter:data2\" content=\"1 minuto\" \/>\n<script type=\"application\/ld+json\" class=\"yoast-schema-graph\">{\"@context\":\"https:\\\/\\\/schema.org\",\"@graph\":[{\"@type\":\"Article\",\"@id\":\"https:\\\/\\\/canal7slp.tv\\\/2022\\\/presentan-la-academia-municipal-de-ciclismo\\\/#article\",\"isPartOf\":{\"@id\":\"https:\\\/\\\/canal7slp.tv\\\/2022\\\/presentan-la-academia-municipal-de-ciclismo\\\/\"},\"author\":{\"name\":\"Edici\u00f3n Web\",\"@id\":\"https:\\\/\\\/canal7slp.tv\\\/2022\\\/#\\\/schema\\\/person\\\/429704152a21f5f856ce29aa69a238da\"},\"headline\":\"Presentan la Academia Municipal de Ciclismo.\",\"datePublished\":\"2022-09-23T19:53:25+00:00\",\"mainEntityOfPage\":{\"@id\":\"https:\\\/\\\/canal7slp.tv\\\/2022\\\/presentan-la-academia-municipal-de-ciclismo\\\/\"},\"wordCount\":96,\"publisher\":{\"@id\":\"https:\\\/\\\/canal7slp.tv\\\/2022\\\/#organization\"},\"image\":{\"@id\":\"https:\\\/\\\/canal7slp.tv\\\/2022\\\/presentan-la-academia-municipal-de-ciclismo\\\/#primaryimage\"},\"thumbnailUrl\":\"https:\\\/\\\/canal7slp.tv\\\/2022\\\/wp-content\\\/uploads\\\/2022\\\/09\\\/Froi04Ciclismo.jpg\",\"articleSection\":[\"DEPORTES\",\"DESTACADAS\"],\"inLanguage\":\"es\"},{\"@type\":\"WebPage\",\"@id\":\"https:\\\/\\\/canal7slp.tv\\\/2022\\\/presentan-la-academia-municipal-de-ciclismo\\\/\",\"url\":\"https:\\\/\\\/canal7slp.tv\\\/2022\\\/presentan-la-academia-municipal-de-ciclismo\\\/\",\"name\":\"Presentan la Academia Municipal de Ciclismo. - Canal 7 SLP - 2022\",\"isPartOf\":{\"@id\":\"https:\\\/\\\/canal7slp.tv\\\/2022\\\/#website\"},\"primaryImageOfPage\":{\"@id\":\"https:\\\/\\\/canal7slp.tv\\\/2022\\\/presentan-la-academia-municipal-de-ciclismo\\\/#primaryimage\"},\"image\":{\"@id\":\"https:\\\/\\\/canal7slp.tv\\\/2022\\\/presentan-la-academia-municipal-de-ciclismo\\\/#primaryimage\"},\"thumbnailUrl\":\"https:\\\/\\\/canal7slp.tv\\\/2022\\\/wp-content\\\/uploads\\\/2022\\\/09\\\/Froi04Ciclismo.jpg\",\"datePublished\":\"2022-09-23T19:53:25+00:00\",\"breadcrumb\":{\"@id\":\"https:\\\/\\\/canal7slp.tv\\\/2022\\\/presentan-la-academia-municipal-de-ciclismo\\\/#breadcrumb\"},\"inLanguage\":\"es\",\"potentialAction\":[{\"@type\":\"ReadAction\",\"target\":[\"https:\\\/\\\/canal7slp.tv\\\/2022\\\/presentan-la-academia-municipal-de-ciclismo\\\/\"]}]},{\"@type\":\"ImageObject\",\"inLanguage\":\"es\",\"@id\":\"https:\\\/\\\/canal7slp.tv\\\/2022\\\/presentan-la-academia-municipal-de-ciclismo\\\/#primaryimage\",\"url\":\"https:\\\/\\\/canal7slp.tv\\\/2022\\\/wp-content\\\/uploads\\\/2022\\\/09\\\/Froi04Ciclismo.jpg\",\"contentUrl\":\"https:\\\/\\\/canal7slp.tv\\\/2022\\\/wp-content\\\/uploads\\\/2022\\\/09\\\/Froi04Ciclismo.jpg\",\"width\":888,\"height\":500},{\"@type\":\"BreadcrumbList\",\"@id\":\"https:\\\/\\\/canal7slp.tv\\\/2022\\\/presentan-la-academia-municipal-de-ciclismo\\\/#breadcrumb\",\"itemListElement\":[{\"@type\":\"ListItem\",\"position\":1,\"name\":\"Portada\",\"item\":\"https:\\\/\\\/canal7slp.tv\\\/2022\\\/\"},{\"@type\":\"ListItem\",\"position\":2,\"name\":\"Presentan la Academia Municipal de Ciclismo.\"}]},{\"@type\":\"WebSite\",\"@id\":\"https:\\\/\\\/canal7slp.tv\\\/2022\\\/#website\",\"url\":\"https:\\\/\\\/canal7slp.tv\\\/2022\\\/\",\"name\":\"N7 - Noticieros Canal 7\",\"description\":\"Somos Televisi\u00f3n\",\"publisher\":{\"@id\":\"https:\\\/\\\/canal7slp.tv\\\/2022\\\/#organization\"},\"potentialAction\":[{\"@type\":\"SearchAction\",\"target\":{\"@type\":\"EntryPoint\",\"urlTemplate\":\"https:\\\/\\\/canal7slp.tv\\\/2022\\\/?s={search_term_string}\"},\"query-input\":{\"@type\":\"PropertyValueSpecification\",\"valueRequired\":true,\"valueName\":\"search_term_string\"}}],\"inLanguage\":\"es\"},{\"@type\":\"Organization\",\"@id\":\"https:\\\/\\\/canal7slp.tv\\\/2022\\\/#organization\",\"name\":\"Noticieros Canal 7\",\"url\":\"https:\\\/\\\/canal7slp.tv\\\/2022\\\/\",\"logo\":{\"@type\":\"ImageObject\",\"inLanguage\":\"es\",\"@id\":\"https:\\\/\\\/canal7slp.tv\\\/2022\\\/#\\\/schema\\\/logo\\\/image\\\/\",\"url\":\"https:\\\/\\\/canal7slp.tv\\\/2022\\\/wp-content\\\/uploads\\\/2021\\\/01\\\/logo-noticieros@2x.png\",\"contentUrl\":\"https:\\\/\\\/canal7slp.tv\\\/2022\\\/wp-content\\\/uploads\\\/2021\\\/01\\\/logo-noticieros@2x.png\",\"width\":1017,\"height\":268,\"caption\":\"Noticieros Canal 7\"},\"image\":{\"@id\":\"https:\\\/\\\/canal7slp.tv\\\/2022\\\/#\\\/schema\\\/logo\\\/image\\\/\"},\"sameAs\":[\"https:\\\/\\\/www.facebook.com\\\/noticieroscanalsiete\",\"https:\\\/\\\/x.com\\\/NOTICIEROS7\",\"https:\\\/\\\/www.instagram.com\\\/canal7_slp\",\"https:\\\/\\\/www.youtube.com\\\/channel\\\/UCliiYs-gP3JfJeqdPrNdd5A\"]},{\"@type\":\"Person\",\"@id\":\"https:\\\/\\\/canal7slp.tv\\\/2022\\\/#\\\/schema\\\/person\\\/429704152a21f5f856ce29aa69a238da\",\"name\":\"Edici\u00f3n Web\",\"image\":{\"@type\":\"ImageObject\",\"inLanguage\":\"es\",\"@id\":\"https:\\\/\\\/secure.gravatar.com\\\/avatar\\\/eee448fc3f7164808013b816ba91ac7e43bbe82a70bebac296f8bc6f0addaa1a?s=96&d=mm&r=g\",\"url\":\"https:\\\/\\\/secure.gravatar.com\\\/avatar\\\/eee448fc3f7164808013b816ba91ac7e43bbe82a70bebac296f8bc6f0addaa1a?s=96&d=mm&r=g\",\"contentUrl\":\"https:\\\/\\\/secure.gravatar.com\\\/avatar\\\/eee448fc3f7164808013b816ba91ac7e43bbe82a70bebac296f8bc6f0addaa1a?s=96&d=mm&r=g\",\"caption\":\"Edici\u00f3n Web\"},\"url\":\"https:\\\/\\\/canal7slp.tv\\\/2022\\\/author\\\/edicionweb\\\/\"}]}<\/script>\n<!-- \/ Yoast SEO plugin. -->","yoast_head_json":{"title":"Presentan la Academia Municipal de Ciclismo. - Canal 7 SLP - 2022","robots":{"index":"index","follow":"follow","max-snippet":"max-snippet:-1","max-image-preview":"max-image-preview:large","max-video-preview":"max-video-preview:-1"},"canonical":"https:\/\/canal7slp.tv\/2022\/presentan-la-academia-municipal-de-ciclismo\/","og_locale":"es_ES","og_type":"article","og_title":"Presentan la Academia Municipal de Ciclismo. - Canal 7 SLP - 2022","og_description":"Ser\u00e1 totalmente gratuita. SLP.- Se llevo a cabo la presentaci\u00f3n oficial de la primera academia de ciclismo municipal, La cual ser\u00e1 totalmente gratuita, teniendo como sede la unidad deportiva municipal la garita. \u00a0El director de deporte municipal Luis Fernando Alonso destaco la importancia que tendr\u00e1 en la academia en la sociedad potosina adem\u00e1s de los planes y proyectos que se tienen con esta naciente academia. El director de deporte municipal dio a conocer detalles de la academia donde se impartir\u00e1n las sesiones y quienes pueden participar.","og_url":"https:\/\/canal7slp.tv\/2022\/presentan-la-academia-municipal-de-ciclismo\/","og_site_name":"Canal 7 SLP - 2022","article_publisher":"https:\/\/www.facebook.com\/noticieroscanalsiete","article_published_time":"2022-09-23T19:53:25+00:00","og_image":[{"width":888,"height":500,"url":"https:\/\/canal7slp.tv\/2022\/wp-content\/uploads\/2022\/09\/Froi04Ciclismo.jpg","type":"image\/jpeg"}],"author":"Edici\u00f3n Web","twitter_card":"summary_large_image","twitter_creator":"@NOTICIEROS7","twitter_site":"@NOTICIEROS7","twitter_misc":{"Escrito por":"Edici\u00f3n Web","Tiempo de lectura":"1 minuto"},"schema":{"@context":"https:\/\/schema.org","@graph":[{"@type":"Article","@id":"https:\/\/canal7slp.tv\/2022\/presentan-la-academia-municipal-de-ciclismo\/#article","isPartOf":{"@id":"https:\/\/canal7slp.tv\/2022\/presentan-la-academia-municipal-de-ciclismo\/"},"author":{"name":"Edici\u00f3n Web","@id":"https:\/\/canal7slp.tv\/2022\/#\/schema\/person\/429704152a21f5f856ce29aa69a238da"},"headline":"Presentan la Academia Municipal de Ciclismo.","datePublished":"2022-09-23T19:53:25+00:00","mainEntityOfPage":{"@id":"https:\/\/canal7slp.tv\/2022\/presentan-la-academia-municipal-de-ciclismo\/"},"wordCount":96,"publisher":{"@id":"https:\/\/canal7slp.tv\/2022\/#organization"},"image":{"@id":"https:\/\/canal7slp.tv\/2022\/presentan-la-academia-municipal-de-ciclismo\/#primaryimage"},"thumbnailUrl":"https:\/\/canal7slp.tv\/2022\/wp-content\/uploads\/2022\/09\/Froi04Ciclismo.jpg","articleSection":["DEPORTES","DESTACADAS"],"inLanguage":"es"},{"@type":"WebPage","@id":"https:\/\/canal7slp.tv\/2022\/presentan-la-academia-municipal-de-ciclismo\/","url":"https:\/\/canal7slp.tv\/2022\/presentan-la-academia-municipal-de-ciclismo\/","name":"Presentan la Academia Municipal de Ciclismo. - Canal 7 SLP - 2022","isPartOf":{"@id":"https:\/\/canal7slp.tv\/2022\/#website"},"primaryImageOfPage":{"@id":"https:\/\/canal7slp.tv\/2022\/presentan-la-academia-municipal-de-ciclismo\/#primaryimage"},"image":{"@id":"https:\/\/canal7slp.tv\/2022\/presentan-la-academia-municipal-de-ciclismo\/#primaryimage"},"thumbnailUrl":"https:\/\/canal7slp.tv\/2022\/wp-content\/uploads\/2022\/09\/Froi04Ciclismo.jpg","datePublished":"2022-09-23T19:53:25+00:00","breadcrumb":{"@id":"https:\/\/canal7slp.tv\/2022\/presentan-la-academia-municipal-de-ciclismo\/#breadcrumb"},"inLanguage":"es","potentialAction":[{"@type":"ReadAction","target":["https:\/\/canal7slp.tv\/2022\/presentan-la-academia-municipal-de-ciclismo\/"]}]},{"@type":"ImageObject","inLanguage":"es","@id":"https:\/\/canal7slp.tv\/2022\/presentan-la-academia-municipal-de-ciclismo\/#primaryimage","url":"https:\/\/canal7slp.tv\/2022\/wp-content\/uploads\/2022\/09\/Froi04Ciclismo.jpg","contentUrl":"https:\/\/canal7slp.tv\/2022\/wp-content\/uploads\/2022\/09\/Froi04Ciclismo.jpg","width":888,"height":500},{"@type":"BreadcrumbList","@id":"https:\/\/canal7slp.tv\/2022\/presentan-la-academia-municipal-de-ciclismo\/#breadcrumb","itemListElement":[{"@type":"ListItem","position":1,"name":"Portada","item":"https:\/\/canal7slp.tv\/2022\/"},{"@type":"ListItem","position":2,"name":"Presentan la Academia Municipal de Ciclismo."}]},{"@type":"WebSite","@id":"https:\/\/canal7slp.tv\/2022\/#website","url":"https:\/\/canal7slp.tv\/2022\/","name":"N7 - Noticieros Canal 7","description":"Somos Televisi\u00f3n","publisher":{"@id":"https:\/\/canal7slp.tv\/2022\/#organization"},"potentialAction":[{"@type":"SearchAction","target":{"@type":"EntryPoint","urlTemplate":"https:\/\/canal7slp.tv\/2022\/?s={search_term_string}"},"query-input":{"@type":"PropertyValueSpecification","valueRequired":true,"valueName":"search_term_string"}}],"inLanguage":"es"},{"@type":"Organization","@id":"https:\/\/canal7slp.tv\/2022\/#organization","name":"Noticieros Canal 7","url":"https:\/\/canal7slp.tv\/2022\/","logo":{"@type":"ImageObject","inLanguage":"es","@id":"https:\/\/canal7slp.tv\/2022\/#\/schema\/logo\/image\/","url":"https:\/\/canal7slp.tv\/2022\/wp-content\/uploads\/2021\/01\/logo-noticieros@2x.png","contentUrl":"https:\/\/canal7slp.tv\/2022\/wp-content\/uploads\/2021\/01\/logo-noticieros@2x.png","width":1017,"height":268,"caption":"Noticieros Canal 7"},"image":{"@id":"https:\/\/canal7slp.tv\/2022\/#\/schema\/logo\/image\/"},"sameAs":["https:\/\/www.facebook.com\/noticieroscanalsiete","https:\/\/x.com\/NOTICIEROS7","https:\/\/www.instagram.com\/canal7_slp","https:\/\/www.youtube.com\/channel\/UCliiYs-gP3JfJeqdPrNdd5A"]},{"@type":"Person","@id":"https:\/\/canal7slp.tv\/2022\/#\/schema\/person\/429704152a21f5f856ce29aa69a238da","name":"Edici\u00f3n Web","image":{"@type":"ImageObject","inLanguage":"es","@id":"https:\/\/secure.gravatar.com\/avatar\/eee448fc3f7164808013b816ba91ac7e43bbe82a70bebac296f8bc6f0addaa1a?s=96&d=mm&r=g","url":"https:\/\/secure.gravatar.com\/avatar\/eee448fc3f7164808013b816ba91ac7e43bbe82a70bebac296f8bc6f0addaa1a?s=96&d=mm&r=g","contentUrl":"https:\/\/secure.gravatar.com\/avatar\/eee448fc3f7164808013b816ba91ac7e43bbe82a70bebac296f8bc6f0addaa1a?s=96&d=mm&r=g","caption":"Edici\u00f3n Web"},"url":"https:\/\/canal7slp.tv\/2022\/author\/edicionweb\/"}]}},"amp_enabled":true,"_links":{"self":[{"href":"https:\/\/canal7slp.tv\/2022\/wp-json\/wp\/v2\/posts\/73680","targetHints":{"allow":["GET"]}}],"collection":[{"href":"https:\/\/canal7slp.tv\/2022\/wp-json\/wp\/v2\/posts"}],"about":[{"href":"https:\/\/canal7slp.tv\/2022\/wp-json\/wp\/v2\/types\/post"}],"author":[{"embeddable":true,"href":"https:\/\/canal7slp.tv\/2022\/wp-json\/wp\/v2\/users\/2"}],"replies":[{"embeddable":true,"href":"https:\/\/canal7slp.tv\/2022\/wp-json\/wp\/v2\/comments?post=73680"}],"version-history":[{"count":2,"href":"https:\/\/canal7slp.tv\/2022\/wp-json\/wp\/v2\/posts\/73680\/revisions"}],"predecessor-version":[{"id":73692,"href":"https:\/\/canal7slp.tv\/2022\/wp-json\/wp\/v2\/posts\/73680\/revisions\/73692"}],"wp:featuredmedia":[{"embeddable":true,"href":"https:\/\/canal7slp.tv\/2022\/wp-json\/wp\/v2\/media\/73691"}],"wp:attachment":[{"href":"https:\/\/canal7slp.tv\/2022\/wp-json\/wp\/v2\/media?parent=73680"}],"wp:term":[{"taxonomy":"category","embeddable":true,"href":"https:\/\/canal7slp.tv\/2022\/wp-json\/wp\/v2\/categories?post=73680"},{"taxonomy":"post_tag","embeddable":true,"href":"https:\/\/canal7slp.tv\/2022\/wp-json\/wp\/v2\/tags?post=73680"}],"curies":[{"name":"wp","href":"https:\/\/api.w.org\/{rel}","templated":true}]}}