{"id":73678,"date":"2022-09-23T13:48:22","date_gmt":"2022-09-23T19:48:22","guid":{"rendered":"https:\/\/canal7slp.tv\/2022\/?p=73678"},"modified":"2022-09-23T13:48:22","modified_gmt":"2022-09-23T19:48:22","slug":"regata-conmemorativa-a-la-fundacion-de-la-ciudad-se-llevara-a-cabo-este-domingo-25-de-septiembre","status":"publish","type":"post","link":"https:\/\/canal7slp.tv\/2022\/regata-conmemorativa-a-la-fundacion-de-la-ciudad-se-llevara-a-cabo-este-domingo-25-de-septiembre\/","title":{"rendered":"Regata conmemorativa a la fundaci\u00f3n de la ciudad se llevar\u00e1 a cabo este domingo 25 de septiembre."},"content":{"rendered":"<p style=\"text-align: justify;\">SLP.- El domingo 25 de septiembre se estar\u00e1 desarrollando la primera \u201cRegata conmemorativa a la Fundaci\u00f3n de la Ciudad\u201d, misma que ser\u00e1 en homenaje al Profr. Manuel Lozano Flores.<\/p>\n<p style=\"text-align: justify;\">El evento, esta a cargo del Club Cocoones de San Luis y respaldado por la Direcci\u00f3n de Deporte Municipal, y se espera contar con cerca de medio centenar de participantes, quienes contendr\u00e1n en dos pruebas, una de 3 kil\u00f3metros recreativa y una m\u00e1s de 6 kil\u00f3metros que ser\u00e1 la prueba estelar de la regata.<\/p>\n<p style=\"text-align: justify;\">Las acciones dar\u00e1n comienzo desde las 8:00 de la ma\u00f1ana, cuando se efect\u00faen los registros, para posteriormente una hora m\u00e1s tarde se desarrolle la primera competencia en el paraje de la Ca\u00f1ada del Lobo, donde se tendr\u00e1 un recorrido de cuatro vueltas.<\/p>\n<p style=\"text-align: justify;\">En la prueba estelar de los 6 mil metros se tendr\u00e1n ocho vueltas al trazado y se competir\u00e1 con kayak krm de mar r\u00e1pido.<\/p>\n<p style=\"text-align: justify;\">Se contar\u00e1 con tres categor\u00edas, infantiles y juveniles, seniors y super seniors de m\u00e1s de 80 a\u00f1os. El juez principal ser\u00e1 Eduardo Narv\u00e1ez Renter\u00eda y ya han confirmado su participaci\u00f3n clubes como el de Chapala, Jalisco; la Ciudad de M\u00e9xico y Club Quer\u00e9taro.<\/p>\n<p style=\"text-align: justify;\">Cabe se\u00f1alar que los participantes deber\u00e1n portar de manera obligatoria chaleco salvavidas durante toda la competencia, adem\u00e1s de contar con pala-remo propia.<\/p>\n","protected":false},"excerpt":{"rendered":"<p>SLP.- El domingo 25 de septiembre se estar\u00e1 desarrollando la primera \u201cRegata conmemorativa a la Fundaci\u00f3n de la Ciudad\u201d, misma que ser\u00e1 en homenaje al Profr. Manuel Lozano Flores. El evento, esta a cargo del Club Cocoones de San Luis y respaldado por la Direcci\u00f3n de Deporte Municipal, y se espera contar con cerca de medio centenar de participantes, quienes contendr\u00e1n en dos pruebas, una de 3 kil\u00f3metros recreativa y una m\u00e1s de 6 kil\u00f3metros que ser\u00e1 la prueba estelar de la regata. Las acciones dar\u00e1n comienzo desde las 8:00 de la ma\u00f1ana, cuando se efect\u00faen los registros, para posteriormente [&hellip;]<\/p>\n","protected":false},"author":2,"featured_media":73687,"comment_status":"closed","ping_status":"closed","sticky":false,"template":"","format":"video","meta":{"footnotes":""},"categories":[7,5],"tags":[],"class_list":["post-73678","post","type-post","status-publish","format-video","has-post-thumbnail","hentry","category-deportes","category-destacadas","post_format-post-format-video","post--single"],"yoast_head":"<!-- This site is optimized with the Yoast SEO plugin v27.5 - https:\/\/yoast.com\/product\/yoast-seo-wordpress\/ -->\n<title>Regata conmemorativa a la fundaci\u00f3n de la ciudad se llevar\u00e1 a cabo este domingo 25 de septiembre. - Canal 7 SLP - 2022<\/title>\n<meta name=\"robots\" content=\"index, follow, max-snippet:-1, max-image-preview:large, max-video-preview:-1\" \/>\n<link rel=\"canonical\" href=\"https:\/\/canal7slp.tv\/2022\/regata-conmemorativa-a-la-fundacion-de-la-ciudad-se-llevara-a-cabo-este-domingo-25-de-septiembre\/\" \/>\n<meta property=\"og:locale\" content=\"es_ES\" \/>\n<meta property=\"og:type\" content=\"article\" \/>\n<meta property=\"og:title\" content=\"Regata conmemorativa a la fundaci\u00f3n de la ciudad se llevar\u00e1 a cabo este domingo 25 de septiembre. - Canal 7 SLP - 2022\" \/>\n<meta property=\"og:description\" content=\"SLP.- El domingo 25 de septiembre se estar\u00e1 desarrollando la primera \u201cRegata conmemorativa a la Fundaci\u00f3n de la Ciudad\u201d, misma que ser\u00e1 en homenaje al Profr. Manuel Lozano Flores. El evento, esta a cargo del Club Cocoones de San Luis y respaldado por la Direcci\u00f3n de Deporte Municipal, y se espera contar con cerca de medio centenar de participantes, quienes contendr\u00e1n en dos pruebas, una de 3 kil\u00f3metros recreativa y una m\u00e1s de 6 kil\u00f3metros que ser\u00e1 la prueba estelar de la regata. Las acciones dar\u00e1n comienzo desde las 8:00 de la ma\u00f1ana, cuando se efect\u00faen los registros, para posteriormente [&hellip;]\" \/>\n<meta property=\"og:url\" content=\"https:\/\/canal7slp.tv\/2022\/regata-conmemorativa-a-la-fundacion-de-la-ciudad-se-llevara-a-cabo-este-domingo-25-de-septiembre\/\" \/>\n<meta property=\"og:site_name\" content=\"Canal 7 SLP - 2022\" \/>\n<meta property=\"article:publisher\" content=\"https:\/\/www.facebook.com\/noticieroscanalsiete\" \/>\n<meta property=\"article:published_time\" content=\"2022-09-23T19:48:22+00:00\" \/>\n<meta property=\"og:image\" content=\"https:\/\/canal7slp.tv\/2022\/wp-content\/uploads\/2022\/09\/Froi02Regate.jpg\" \/>\n\t<meta property=\"og:image:width\" content=\"888\" \/>\n\t<meta property=\"og:image:height\" content=\"500\" \/>\n\t<meta property=\"og:image:type\" content=\"image\/jpeg\" \/>\n<meta name=\"author\" content=\"Edici\u00f3n Web\" \/>\n<meta name=\"twitter:card\" content=\"summary_large_image\" \/>\n<meta name=\"twitter:creator\" content=\"@NOTICIEROS7\" \/>\n<meta name=\"twitter:site\" content=\"@NOTICIEROS7\" \/>\n<meta name=\"twitter:label1\" content=\"Escrito por\" \/>\n\t<meta name=\"twitter:data1\" content=\"Edici\u00f3n Web\" \/>\n\t<meta name=\"twitter:label2\" content=\"Tiempo de lectura\" \/>\n\t<meta name=\"twitter:data2\" content=\"1 minuto\" \/>\n<script type=\"application\/ld+json\" class=\"yoast-schema-graph\">{\"@context\":\"https:\\\/\\\/schema.org\",\"@graph\":[{\"@type\":\"Article\",\"@id\":\"https:\\\/\\\/canal7slp.tv\\\/2022\\\/regata-conmemorativa-a-la-fundacion-de-la-ciudad-se-llevara-a-cabo-este-domingo-25-de-septiembre\\\/#article\",\"isPartOf\":{\"@id\":\"https:\\\/\\\/canal7slp.tv\\\/2022\\\/regata-conmemorativa-a-la-fundacion-de-la-ciudad-se-llevara-a-cabo-este-domingo-25-de-septiembre\\\/\"},\"author\":{\"name\":\"Edici\u00f3n Web\",\"@id\":\"https:\\\/\\\/canal7slp.tv\\\/2022\\\/#\\\/schema\\\/person\\\/429704152a21f5f856ce29aa69a238da\"},\"headline\":\"Regata conmemorativa a la fundaci\u00f3n de la ciudad se llevar\u00e1 a cabo este domingo 25 de septiembre.\",\"datePublished\":\"2022-09-23T19:48:22+00:00\",\"mainEntityOfPage\":{\"@id\":\"https:\\\/\\\/canal7slp.tv\\\/2022\\\/regata-conmemorativa-a-la-fundacion-de-la-ciudad-se-llevara-a-cabo-este-domingo-25-de-septiembre\\\/\"},\"wordCount\":250,\"publisher\":{\"@id\":\"https:\\\/\\\/canal7slp.tv\\\/2022\\\/#organization\"},\"image\":{\"@id\":\"https:\\\/\\\/canal7slp.tv\\\/2022\\\/regata-conmemorativa-a-la-fundacion-de-la-ciudad-se-llevara-a-cabo-este-domingo-25-de-septiembre\\\/#primaryimage\"},\"thumbnailUrl\":\"https:\\\/\\\/canal7slp.tv\\\/2022\\\/wp-content\\\/uploads\\\/2022\\\/09\\\/Froi02Regate.jpg\",\"articleSection\":[\"DEPORTES\",\"DESTACADAS\"],\"inLanguage\":\"es\"},{\"@type\":\"WebPage\",\"@id\":\"https:\\\/\\\/canal7slp.tv\\\/2022\\\/regata-conmemorativa-a-la-fundacion-de-la-ciudad-se-llevara-a-cabo-este-domingo-25-de-septiembre\\\/\",\"url\":\"https:\\\/\\\/canal7slp.tv\\\/2022\\\/regata-conmemorativa-a-la-fundacion-de-la-ciudad-se-llevara-a-cabo-este-domingo-25-de-septiembre\\\/\",\"name\":\"Regata conmemorativa a la fundaci\u00f3n de la ciudad se llevar\u00e1 a cabo este domingo 25 de septiembre. - Canal 7 SLP - 2022\",\"isPartOf\":{\"@id\":\"https:\\\/\\\/canal7slp.tv\\\/2022\\\/#website\"},\"primaryImageOfPage\":{\"@id\":\"https:\\\/\\\/canal7slp.tv\\\/2022\\\/regata-conmemorativa-a-la-fundacion-de-la-ciudad-se-llevara-a-cabo-este-domingo-25-de-septiembre\\\/#primaryimage\"},\"image\":{\"@id\":\"https:\\\/\\\/canal7slp.tv\\\/2022\\\/regata-conmemorativa-a-la-fundacion-de-la-ciudad-se-llevara-a-cabo-este-domingo-25-de-septiembre\\\/#primaryimage\"},\"thumbnailUrl\":\"https:\\\/\\\/canal7slp.tv\\\/2022\\\/wp-content\\\/uploads\\\/2022\\\/09\\\/Froi02Regate.jpg\",\"datePublished\":\"2022-09-23T19:48:22+00:00\",\"breadcrumb\":{\"@id\":\"https:\\\/\\\/canal7slp.tv\\\/2022\\\/regata-conmemorativa-a-la-fundacion-de-la-ciudad-se-llevara-a-cabo-este-domingo-25-de-septiembre\\\/#breadcrumb\"},\"inLanguage\":\"es\",\"potentialAction\":[{\"@type\":\"ReadAction\",\"target\":[\"https:\\\/\\\/canal7slp.tv\\\/2022\\\/regata-conmemorativa-a-la-fundacion-de-la-ciudad-se-llevara-a-cabo-este-domingo-25-de-septiembre\\\/\"]}]},{\"@type\":\"ImageObject\",\"inLanguage\":\"es\",\"@id\":\"https:\\\/\\\/canal7slp.tv\\\/2022\\\/regata-conmemorativa-a-la-fundacion-de-la-ciudad-se-llevara-a-cabo-este-domingo-25-de-septiembre\\\/#primaryimage\",\"url\":\"https:\\\/\\\/canal7slp.tv\\\/2022\\\/wp-content\\\/uploads\\\/2022\\\/09\\\/Froi02Regate.jpg\",\"contentUrl\":\"https:\\\/\\\/canal7slp.tv\\\/2022\\\/wp-content\\\/uploads\\\/2022\\\/09\\\/Froi02Regate.jpg\",\"width\":888,\"height\":500},{\"@type\":\"BreadcrumbList\",\"@id\":\"https:\\\/\\\/canal7slp.tv\\\/2022\\\/regata-conmemorativa-a-la-fundacion-de-la-ciudad-se-llevara-a-cabo-este-domingo-25-de-septiembre\\\/#breadcrumb\",\"itemListElement\":[{\"@type\":\"ListItem\",\"position\":1,\"name\":\"Portada\",\"item\":\"https:\\\/\\\/canal7slp.tv\\\/2022\\\/\"},{\"@type\":\"ListItem\",\"position\":2,\"name\":\"Regata conmemorativa a la fundaci\u00f3n de la ciudad se llevar\u00e1 a cabo este domingo 25 de septiembre.\"}]},{\"@type\":\"WebSite\",\"@id\":\"https:\\\/\\\/canal7slp.tv\\\/2022\\\/#website\",\"url\":\"https:\\\/\\\/canal7slp.tv\\\/2022\\\/\",\"name\":\"N7 - Noticieros Canal 7\",\"description\":\"Somos Televisi\u00f3n\",\"publisher\":{\"@id\":\"https:\\\/\\\/canal7slp.tv\\\/2022\\\/#organization\"},\"potentialAction\":[{\"@type\":\"SearchAction\",\"target\":{\"@type\":\"EntryPoint\",\"urlTemplate\":\"https:\\\/\\\/canal7slp.tv\\\/2022\\\/?s={search_term_string}\"},\"query-input\":{\"@type\":\"PropertyValueSpecification\",\"valueRequired\":true,\"valueName\":\"search_term_string\"}}],\"inLanguage\":\"es\"},{\"@type\":\"Organization\",\"@id\":\"https:\\\/\\\/canal7slp.tv\\\/2022\\\/#organization\",\"name\":\"Noticieros Canal 7\",\"url\":\"https:\\\/\\\/canal7slp.tv\\\/2022\\\/\",\"logo\":{\"@type\":\"ImageObject\",\"inLanguage\":\"es\",\"@id\":\"https:\\\/\\\/canal7slp.tv\\\/2022\\\/#\\\/schema\\\/logo\\\/image\\\/\",\"url\":\"https:\\\/\\\/canal7slp.tv\\\/2022\\\/wp-content\\\/uploads\\\/2021\\\/01\\\/logo-noticieros@2x.png\",\"contentUrl\":\"https:\\\/\\\/canal7slp.tv\\\/2022\\\/wp-content\\\/uploads\\\/2021\\\/01\\\/logo-noticieros@2x.png\",\"width\":1017,\"height\":268,\"caption\":\"Noticieros Canal 7\"},\"image\":{\"@id\":\"https:\\\/\\\/canal7slp.tv\\\/2022\\\/#\\\/schema\\\/logo\\\/image\\\/\"},\"sameAs\":[\"https:\\\/\\\/www.facebook.com\\\/noticieroscanalsiete\",\"https:\\\/\\\/x.com\\\/NOTICIEROS7\",\"https:\\\/\\\/www.instagram.com\\\/canal7_slp\",\"https:\\\/\\\/www.youtube.com\\\/channel\\\/UCliiYs-gP3JfJeqdPrNdd5A\"]},{\"@type\":\"Person\",\"@id\":\"https:\\\/\\\/canal7slp.tv\\\/2022\\\/#\\\/schema\\\/person\\\/429704152a21f5f856ce29aa69a238da\",\"name\":\"Edici\u00f3n Web\",\"image\":{\"@type\":\"ImageObject\",\"inLanguage\":\"es\",\"@id\":\"https:\\\/\\\/secure.gravatar.com\\\/avatar\\\/eee448fc3f7164808013b816ba91ac7e43bbe82a70bebac296f8bc6f0addaa1a?s=96&d=mm&r=g\",\"url\":\"https:\\\/\\\/secure.gravatar.com\\\/avatar\\\/eee448fc3f7164808013b816ba91ac7e43bbe82a70bebac296f8bc6f0addaa1a?s=96&d=mm&r=g\",\"contentUrl\":\"https:\\\/\\\/secure.gravatar.com\\\/avatar\\\/eee448fc3f7164808013b816ba91ac7e43bbe82a70bebac296f8bc6f0addaa1a?s=96&d=mm&r=g\",\"caption\":\"Edici\u00f3n Web\"},\"url\":\"https:\\\/\\\/canal7slp.tv\\\/2022\\\/author\\\/edicionweb\\\/\"}]}<\/script>\n<!-- \/ Yoast SEO plugin. -->","yoast_head_json":{"title":"Regata conmemorativa a la fundaci\u00f3n de la ciudad se llevar\u00e1 a cabo este domingo 25 de septiembre. - Canal 7 SLP - 2022","robots":{"index":"index","follow":"follow","max-snippet":"max-snippet:-1","max-image-preview":"max-image-preview:large","max-video-preview":"max-video-preview:-1"},"canonical":"https:\/\/canal7slp.tv\/2022\/regata-conmemorativa-a-la-fundacion-de-la-ciudad-se-llevara-a-cabo-este-domingo-25-de-septiembre\/","og_locale":"es_ES","og_type":"article","og_title":"Regata conmemorativa a la fundaci\u00f3n de la ciudad se llevar\u00e1 a cabo este domingo 25 de septiembre. - Canal 7 SLP - 2022","og_description":"SLP.- El domingo 25 de septiembre se estar\u00e1 desarrollando la primera \u201cRegata conmemorativa a la Fundaci\u00f3n de la Ciudad\u201d, misma que ser\u00e1 en homenaje al Profr. Manuel Lozano Flores. El evento, esta a cargo del Club Cocoones de San Luis y respaldado por la Direcci\u00f3n de Deporte Municipal, y se espera contar con cerca de medio centenar de participantes, quienes contendr\u00e1n en dos pruebas, una de 3 kil\u00f3metros recreativa y una m\u00e1s de 6 kil\u00f3metros que ser\u00e1 la prueba estelar de la regata. Las acciones dar\u00e1n comienzo desde las 8:00 de la ma\u00f1ana, cuando se efect\u00faen los registros, para posteriormente [&hellip;]","og_url":"https:\/\/canal7slp.tv\/2022\/regata-conmemorativa-a-la-fundacion-de-la-ciudad-se-llevara-a-cabo-este-domingo-25-de-septiembre\/","og_site_name":"Canal 7 SLP - 2022","article_publisher":"https:\/\/www.facebook.com\/noticieroscanalsiete","article_published_time":"2022-09-23T19:48:22+00:00","og_image":[{"width":888,"height":500,"url":"https:\/\/canal7slp.tv\/2022\/wp-content\/uploads\/2022\/09\/Froi02Regate.jpg","type":"image\/jpeg"}],"author":"Edici\u00f3n Web","twitter_card":"summary_large_image","twitter_creator":"@NOTICIEROS7","twitter_site":"@NOTICIEROS7","twitter_misc":{"Escrito por":"Edici\u00f3n Web","Tiempo de lectura":"1 minuto"},"schema":{"@context":"https:\/\/schema.org","@graph":[{"@type":"Article","@id":"https:\/\/canal7slp.tv\/2022\/regata-conmemorativa-a-la-fundacion-de-la-ciudad-se-llevara-a-cabo-este-domingo-25-de-septiembre\/#article","isPartOf":{"@id":"https:\/\/canal7slp.tv\/2022\/regata-conmemorativa-a-la-fundacion-de-la-ciudad-se-llevara-a-cabo-este-domingo-25-de-septiembre\/"},"author":{"name":"Edici\u00f3n Web","@id":"https:\/\/canal7slp.tv\/2022\/#\/schema\/person\/429704152a21f5f856ce29aa69a238da"},"headline":"Regata conmemorativa a la fundaci\u00f3n de la ciudad se llevar\u00e1 a cabo este domingo 25 de septiembre.","datePublished":"2022-09-23T19:48:22+00:00","mainEntityOfPage":{"@id":"https:\/\/canal7slp.tv\/2022\/regata-conmemorativa-a-la-fundacion-de-la-ciudad-se-llevara-a-cabo-este-domingo-25-de-septiembre\/"},"wordCount":250,"publisher":{"@id":"https:\/\/canal7slp.tv\/2022\/#organization"},"image":{"@id":"https:\/\/canal7slp.tv\/2022\/regata-conmemorativa-a-la-fundacion-de-la-ciudad-se-llevara-a-cabo-este-domingo-25-de-septiembre\/#primaryimage"},"thumbnailUrl":"https:\/\/canal7slp.tv\/2022\/wp-content\/uploads\/2022\/09\/Froi02Regate.jpg","articleSection":["DEPORTES","DESTACADAS"],"inLanguage":"es"},{"@type":"WebPage","@id":"https:\/\/canal7slp.tv\/2022\/regata-conmemorativa-a-la-fundacion-de-la-ciudad-se-llevara-a-cabo-este-domingo-25-de-septiembre\/","url":"https:\/\/canal7slp.tv\/2022\/regata-conmemorativa-a-la-fundacion-de-la-ciudad-se-llevara-a-cabo-este-domingo-25-de-septiembre\/","name":"Regata conmemorativa a la fundaci\u00f3n de la ciudad se llevar\u00e1 a cabo este domingo 25 de septiembre. - Canal 7 SLP - 2022","isPartOf":{"@id":"https:\/\/canal7slp.tv\/2022\/#website"},"primaryImageOfPage":{"@id":"https:\/\/canal7slp.tv\/2022\/regata-conmemorativa-a-la-fundacion-de-la-ciudad-se-llevara-a-cabo-este-domingo-25-de-septiembre\/#primaryimage"},"image":{"@id":"https:\/\/canal7slp.tv\/2022\/regata-conmemorativa-a-la-fundacion-de-la-ciudad-se-llevara-a-cabo-este-domingo-25-de-septiembre\/#primaryimage"},"thumbnailUrl":"https:\/\/canal7slp.tv\/2022\/wp-content\/uploads\/2022\/09\/Froi02Regate.jpg","datePublished":"2022-09-23T19:48:22+00:00","breadcrumb":{"@id":"https:\/\/canal7slp.tv\/2022\/regata-conmemorativa-a-la-fundacion-de-la-ciudad-se-llevara-a-cabo-este-domingo-25-de-septiembre\/#breadcrumb"},"inLanguage":"es","potentialAction":[{"@type":"ReadAction","target":["https:\/\/canal7slp.tv\/2022\/regata-conmemorativa-a-la-fundacion-de-la-ciudad-se-llevara-a-cabo-este-domingo-25-de-septiembre\/"]}]},{"@type":"ImageObject","inLanguage":"es","@id":"https:\/\/canal7slp.tv\/2022\/regata-conmemorativa-a-la-fundacion-de-la-ciudad-se-llevara-a-cabo-este-domingo-25-de-septiembre\/#primaryimage","url":"https:\/\/canal7slp.tv\/2022\/wp-content\/uploads\/2022\/09\/Froi02Regate.jpg","contentUrl":"https:\/\/canal7slp.tv\/2022\/wp-content\/uploads\/2022\/09\/Froi02Regate.jpg","width":888,"height":500},{"@type":"BreadcrumbList","@id":"https:\/\/canal7slp.tv\/2022\/regata-conmemorativa-a-la-fundacion-de-la-ciudad-se-llevara-a-cabo-este-domingo-25-de-septiembre\/#breadcrumb","itemListElement":[{"@type":"ListItem","position":1,"name":"Portada","item":"https:\/\/canal7slp.tv\/2022\/"},{"@type":"ListItem","position":2,"name":"Regata conmemorativa a la fundaci\u00f3n de la ciudad se llevar\u00e1 a cabo este domingo 25 de septiembre."}]},{"@type":"WebSite","@id":"https:\/\/canal7slp.tv\/2022\/#website","url":"https:\/\/canal7slp.tv\/2022\/","name":"N7 - Noticieros Canal 7","description":"Somos Televisi\u00f3n","publisher":{"@id":"https:\/\/canal7slp.tv\/2022\/#organization"},"potentialAction":[{"@type":"SearchAction","target":{"@type":"EntryPoint","urlTemplate":"https:\/\/canal7slp.tv\/2022\/?s={search_term_string}"},"query-input":{"@type":"PropertyValueSpecification","valueRequired":true,"valueName":"search_term_string"}}],"inLanguage":"es"},{"@type":"Organization","@id":"https:\/\/canal7slp.tv\/2022\/#organization","name":"Noticieros Canal 7","url":"https:\/\/canal7slp.tv\/2022\/","logo":{"@type":"ImageObject","inLanguage":"es","@id":"https:\/\/canal7slp.tv\/2022\/#\/schema\/logo\/image\/","url":"https:\/\/canal7slp.tv\/2022\/wp-content\/uploads\/2021\/01\/logo-noticieros@2x.png","contentUrl":"https:\/\/canal7slp.tv\/2022\/wp-content\/uploads\/2021\/01\/logo-noticieros@2x.png","width":1017,"height":268,"caption":"Noticieros Canal 7"},"image":{"@id":"https:\/\/canal7slp.tv\/2022\/#\/schema\/logo\/image\/"},"sameAs":["https:\/\/www.facebook.com\/noticieroscanalsiete","https:\/\/x.com\/NOTICIEROS7","https:\/\/www.instagram.com\/canal7_slp","https:\/\/www.youtube.com\/channel\/UCliiYs-gP3JfJeqdPrNdd5A"]},{"@type":"Person","@id":"https:\/\/canal7slp.tv\/2022\/#\/schema\/person\/429704152a21f5f856ce29aa69a238da","name":"Edici\u00f3n Web","image":{"@type":"ImageObject","inLanguage":"es","@id":"https:\/\/secure.gravatar.com\/avatar\/eee448fc3f7164808013b816ba91ac7e43bbe82a70bebac296f8bc6f0addaa1a?s=96&d=mm&r=g","url":"https:\/\/secure.gravatar.com\/avatar\/eee448fc3f7164808013b816ba91ac7e43bbe82a70bebac296f8bc6f0addaa1a?s=96&d=mm&r=g","contentUrl":"https:\/\/secure.gravatar.com\/avatar\/eee448fc3f7164808013b816ba91ac7e43bbe82a70bebac296f8bc6f0addaa1a?s=96&d=mm&r=g","caption":"Edici\u00f3n Web"},"url":"https:\/\/canal7slp.tv\/2022\/author\/edicionweb\/"}]}},"amp_enabled":true,"_links":{"self":[{"href":"https:\/\/canal7slp.tv\/2022\/wp-json\/wp\/v2\/posts\/73678","targetHints":{"allow":["GET"]}}],"collection":[{"href":"https:\/\/canal7slp.tv\/2022\/wp-json\/wp\/v2\/posts"}],"about":[{"href":"https:\/\/canal7slp.tv\/2022\/wp-json\/wp\/v2\/types\/post"}],"author":[{"embeddable":true,"href":"https:\/\/canal7slp.tv\/2022\/wp-json\/wp\/v2\/users\/2"}],"replies":[{"embeddable":true,"href":"https:\/\/canal7slp.tv\/2022\/wp-json\/wp\/v2\/comments?post=73678"}],"version-history":[{"count":2,"href":"https:\/\/canal7slp.tv\/2022\/wp-json\/wp\/v2\/posts\/73678\/revisions"}],"predecessor-version":[{"id":73688,"href":"https:\/\/canal7slp.tv\/2022\/wp-json\/wp\/v2\/posts\/73678\/revisions\/73688"}],"wp:featuredmedia":[{"embeddable":true,"href":"https:\/\/canal7slp.tv\/2022\/wp-json\/wp\/v2\/media\/73687"}],"wp:attachment":[{"href":"https:\/\/canal7slp.tv\/2022\/wp-json\/wp\/v2\/media?parent=73678"}],"wp:term":[{"taxonomy":"category","embeddable":true,"href":"https:\/\/canal7slp.tv\/2022\/wp-json\/wp\/v2\/categories?post=73678"},{"taxonomy":"post_tag","embeddable":true,"href":"https:\/\/canal7slp.tv\/2022\/wp-json\/wp\/v2\/tags?post=73678"}],"curies":[{"name":"wp","href":"https:\/\/api.w.org\/{rel}","templated":true}]}}