{"id":73643,"date":"2022-09-23T10:34:17","date_gmt":"2022-09-23T16:34:17","guid":{"rendered":"https:\/\/canal7slp.tv\/2022\/?p=73643"},"modified":"2022-09-23T10:34:17","modified_gmt":"2022-09-23T16:34:17","slug":"en-coordinacion-con-gobierno-del-estado-autoridades-soledenses-rehabilitaran-accesos-del-municipio","status":"publish","type":"post","link":"https:\/\/canal7slp.tv\/2022\/en-coordinacion-con-gobierno-del-estado-autoridades-soledenses-rehabilitaran-accesos-del-municipio\/","title":{"rendered":"En coordinaci\u00f3n con Gobierno del Estado, autoridades soledenses rehabilitar\u00e1n accesos del municipio."},"content":{"rendered":"<div class=\"\" data-block=\"true\" data-editor=\"2bfp3\" data-offset-key=\"62sre-0-0\">\n<ul>\n<li class=\"_1mf _1mj\" data-offset-key=\"62sre-0-0\"><span style=\"font-size: 1.21429rem;\">Se pondr\u00eda \u00e9nfasis al correspondiente a la Joya Honda.<\/span><\/li>\n<\/ul>\n<\/div>\n<p style=\"text-align: justify;\">SGS.- Posterior a la entrega de dos calles reci\u00e9n pavimentadas en la colonia Genovevo Rivas Guill\u00e9n la presidenta municipal de Soledad de Graciano S\u00e1nchez, Leonor Noyola Cervantes, dio a conocer que en convenio con el gobierno estatal se trabaja en un proyecto para el mejoramiento de accesos, en algunas comunidades pertenecientes a este municipio.<\/p>\n<p style=\"text-align: justify;\">Se\u00f1al\u00f3 que este convenio se realizar\u00e1 con la Junta Estatal de Caminos al decir que ha sido una petici\u00f3n que sus mismos habitantes, han estado demandando desde hace tiempo.<\/p>\n<p style=\"text-align: justify;\">En el mismo tema, la edil soledense destac\u00f3 la importancia de este proyecto al revelar, aunque no dio m\u00e1s detalles, que en el mes de Octubre se llevar\u00e1 a cabo un evento tur\u00edstico en este municipio y que uno de los caminos que ser\u00e1n rehabilitados, ser\u00e1 precisamente el que lleva a la Joya Honda.<\/p>\n<p style=\"text-align: justify;\">Indic\u00f3 que esto permitir\u00e1 atraer m\u00e1s turistas a este sitio adem\u00e1s de que detonar\u00e1 la econom\u00eda de esta regi\u00f3n de Soledad de Graciano S\u00e1nchez.<\/p>\n<p>Por: Claudio Ibarra<\/p>\n","protected":false},"excerpt":{"rendered":"<p>Se pondr\u00eda \u00e9nfasis al correspondiente a la Joya Honda. SGS.- Posterior a la entrega de dos calles reci\u00e9n pavimentadas en la colonia Genovevo Rivas Guill\u00e9n la presidenta municipal de Soledad de Graciano S\u00e1nchez, Leonor Noyola Cervantes, dio a conocer que en convenio con el gobierno estatal se trabaja en un proyecto para el mejoramiento de accesos, en algunas comunidades pertenecientes a este municipio. Se\u00f1al\u00f3 que este convenio se realizar\u00e1 con la Junta Estatal de Caminos al decir que ha sido una petici\u00f3n que sus mismos habitantes, han estado demandando desde hace tiempo. En el mismo tema, la edil soledense destac\u00f3 [&hellip;]<\/p>\n","protected":false},"author":2,"featured_media":73674,"comment_status":"closed","ping_status":"closed","sticky":false,"template":"","format":"video","meta":{"footnotes":""},"categories":[512,5,45],"tags":[],"class_list":["post-73643","post","type-post","status-publish","format-video","has-post-thumbnail","hentry","category-ayosgs","category-destacadas","category-localesyregionales","post_format-post-format-video","post--single"],"yoast_head":"<!-- This site is optimized with the Yoast SEO plugin v27.4 - https:\/\/yoast.com\/product\/yoast-seo-wordpress\/ -->\n<title>En coordinaci\u00f3n con Gobierno del Estado, autoridades soledenses rehabilitar\u00e1n accesos del municipio. - Canal 7 SLP - 2022<\/title>\n<meta name=\"robots\" content=\"index, follow, max-snippet:-1, max-image-preview:large, max-video-preview:-1\" \/>\n<link rel=\"canonical\" href=\"https:\/\/canal7slp.tv\/2022\/en-coordinacion-con-gobierno-del-estado-autoridades-soledenses-rehabilitaran-accesos-del-municipio\/\" \/>\n<meta property=\"og:locale\" content=\"es_ES\" \/>\n<meta property=\"og:type\" content=\"article\" \/>\n<meta property=\"og:title\" content=\"En coordinaci\u00f3n con Gobierno del Estado, autoridades soledenses rehabilitar\u00e1n accesos del municipio. - Canal 7 SLP - 2022\" \/>\n<meta property=\"og:description\" content=\"Se pondr\u00eda \u00e9nfasis al correspondiente a la Joya Honda. SGS.- Posterior a la entrega de dos calles reci\u00e9n pavimentadas en la colonia Genovevo Rivas Guill\u00e9n la presidenta municipal de Soledad de Graciano S\u00e1nchez, Leonor Noyola Cervantes, dio a conocer que en convenio con el gobierno estatal se trabaja en un proyecto para el mejoramiento de accesos, en algunas comunidades pertenecientes a este municipio. Se\u00f1al\u00f3 que este convenio se realizar\u00e1 con la Junta Estatal de Caminos al decir que ha sido una petici\u00f3n que sus mismos habitantes, han estado demandando desde hace tiempo. En el mismo tema, la edil soledense destac\u00f3 [&hellip;]\" \/>\n<meta property=\"og:url\" content=\"https:\/\/canal7slp.tv\/2022\/en-coordinacion-con-gobierno-del-estado-autoridades-soledenses-rehabilitaran-accesos-del-municipio\/\" \/>\n<meta property=\"og:site_name\" content=\"Canal 7 SLP - 2022\" \/>\n<meta property=\"article:publisher\" content=\"https:\/\/www.facebook.com\/noticieroscanalsiete\" \/>\n<meta property=\"article:published_time\" content=\"2022-09-23T16:34:17+00:00\" \/>\n<meta property=\"og:image\" content=\"https:\/\/canal7slp.tv\/2022\/wp-content\/uploads\/2022\/09\/Claudio02Proyectos.jpg\" \/>\n\t<meta property=\"og:image:width\" content=\"888\" \/>\n\t<meta property=\"og:image:height\" content=\"500\" \/>\n\t<meta property=\"og:image:type\" content=\"image\/jpeg\" \/>\n<meta name=\"author\" content=\"Edici\u00f3n Web\" \/>\n<meta name=\"twitter:card\" content=\"summary_large_image\" \/>\n<meta name=\"twitter:creator\" content=\"@NOTICIEROS7\" \/>\n<meta name=\"twitter:site\" content=\"@NOTICIEROS7\" \/>\n<meta name=\"twitter:label1\" content=\"Escrito por\" \/>\n\t<meta name=\"twitter:data1\" content=\"Edici\u00f3n Web\" \/>\n\t<meta name=\"twitter:label2\" content=\"Tiempo de lectura\" \/>\n\t<meta name=\"twitter:data2\" content=\"1 minuto\" \/>\n<script type=\"application\/ld+json\" class=\"yoast-schema-graph\">{\"@context\":\"https:\\\/\\\/schema.org\",\"@graph\":[{\"@type\":\"Article\",\"@id\":\"https:\\\/\\\/canal7slp.tv\\\/2022\\\/en-coordinacion-con-gobierno-del-estado-autoridades-soledenses-rehabilitaran-accesos-del-municipio\\\/#article\",\"isPartOf\":{\"@id\":\"https:\\\/\\\/canal7slp.tv\\\/2022\\\/en-coordinacion-con-gobierno-del-estado-autoridades-soledenses-rehabilitaran-accesos-del-municipio\\\/\"},\"author\":{\"name\":\"Edici\u00f3n Web\",\"@id\":\"https:\\\/\\\/canal7slp.tv\\\/2022\\\/#\\\/schema\\\/person\\\/429704152a21f5f856ce29aa69a238da\"},\"headline\":\"En coordinaci\u00f3n con Gobierno del Estado, autoridades soledenses rehabilitar\u00e1n accesos del municipio.\",\"datePublished\":\"2022-09-23T16:34:17+00:00\",\"mainEntityOfPage\":{\"@id\":\"https:\\\/\\\/canal7slp.tv\\\/2022\\\/en-coordinacion-con-gobierno-del-estado-autoridades-soledenses-rehabilitaran-accesos-del-municipio\\\/\"},\"wordCount\":202,\"publisher\":{\"@id\":\"https:\\\/\\\/canal7slp.tv\\\/2022\\\/#organization\"},\"image\":{\"@id\":\"https:\\\/\\\/canal7slp.tv\\\/2022\\\/en-coordinacion-con-gobierno-del-estado-autoridades-soledenses-rehabilitaran-accesos-del-municipio\\\/#primaryimage\"},\"thumbnailUrl\":\"https:\\\/\\\/canal7slp.tv\\\/2022\\\/wp-content\\\/uploads\\\/2022\\\/09\\\/Claudio02Proyectos.jpg\",\"articleSection\":[\"AYOSGS\",\"DESTACADAS\",\"LOCALES Y REGIONALES\"],\"inLanguage\":\"es\"},{\"@type\":\"WebPage\",\"@id\":\"https:\\\/\\\/canal7slp.tv\\\/2022\\\/en-coordinacion-con-gobierno-del-estado-autoridades-soledenses-rehabilitaran-accesos-del-municipio\\\/\",\"url\":\"https:\\\/\\\/canal7slp.tv\\\/2022\\\/en-coordinacion-con-gobierno-del-estado-autoridades-soledenses-rehabilitaran-accesos-del-municipio\\\/\",\"name\":\"En coordinaci\u00f3n con Gobierno del Estado, autoridades soledenses rehabilitar\u00e1n accesos del municipio. - Canal 7 SLP - 2022\",\"isPartOf\":{\"@id\":\"https:\\\/\\\/canal7slp.tv\\\/2022\\\/#website\"},\"primaryImageOfPage\":{\"@id\":\"https:\\\/\\\/canal7slp.tv\\\/2022\\\/en-coordinacion-con-gobierno-del-estado-autoridades-soledenses-rehabilitaran-accesos-del-municipio\\\/#primaryimage\"},\"image\":{\"@id\":\"https:\\\/\\\/canal7slp.tv\\\/2022\\\/en-coordinacion-con-gobierno-del-estado-autoridades-soledenses-rehabilitaran-accesos-del-municipio\\\/#primaryimage\"},\"thumbnailUrl\":\"https:\\\/\\\/canal7slp.tv\\\/2022\\\/wp-content\\\/uploads\\\/2022\\\/09\\\/Claudio02Proyectos.jpg\",\"datePublished\":\"2022-09-23T16:34:17+00:00\",\"breadcrumb\":{\"@id\":\"https:\\\/\\\/canal7slp.tv\\\/2022\\\/en-coordinacion-con-gobierno-del-estado-autoridades-soledenses-rehabilitaran-accesos-del-municipio\\\/#breadcrumb\"},\"inLanguage\":\"es\",\"potentialAction\":[{\"@type\":\"ReadAction\",\"target\":[\"https:\\\/\\\/canal7slp.tv\\\/2022\\\/en-coordinacion-con-gobierno-del-estado-autoridades-soledenses-rehabilitaran-accesos-del-municipio\\\/\"]}]},{\"@type\":\"ImageObject\",\"inLanguage\":\"es\",\"@id\":\"https:\\\/\\\/canal7slp.tv\\\/2022\\\/en-coordinacion-con-gobierno-del-estado-autoridades-soledenses-rehabilitaran-accesos-del-municipio\\\/#primaryimage\",\"url\":\"https:\\\/\\\/canal7slp.tv\\\/2022\\\/wp-content\\\/uploads\\\/2022\\\/09\\\/Claudio02Proyectos.jpg\",\"contentUrl\":\"https:\\\/\\\/canal7slp.tv\\\/2022\\\/wp-content\\\/uploads\\\/2022\\\/09\\\/Claudio02Proyectos.jpg\",\"width\":888,\"height\":500},{\"@type\":\"BreadcrumbList\",\"@id\":\"https:\\\/\\\/canal7slp.tv\\\/2022\\\/en-coordinacion-con-gobierno-del-estado-autoridades-soledenses-rehabilitaran-accesos-del-municipio\\\/#breadcrumb\",\"itemListElement\":[{\"@type\":\"ListItem\",\"position\":1,\"name\":\"Portada\",\"item\":\"https:\\\/\\\/canal7slp.tv\\\/2022\\\/\"},{\"@type\":\"ListItem\",\"position\":2,\"name\":\"En coordinaci\u00f3n con Gobierno del Estado, autoridades soledenses rehabilitar\u00e1n accesos del municipio.\"}]},{\"@type\":\"WebSite\",\"@id\":\"https:\\\/\\\/canal7slp.tv\\\/2022\\\/#website\",\"url\":\"https:\\\/\\\/canal7slp.tv\\\/2022\\\/\",\"name\":\"N7 - Noticieros Canal 7\",\"description\":\"Somos Televisi\u00f3n\",\"publisher\":{\"@id\":\"https:\\\/\\\/canal7slp.tv\\\/2022\\\/#organization\"},\"potentialAction\":[{\"@type\":\"SearchAction\",\"target\":{\"@type\":\"EntryPoint\",\"urlTemplate\":\"https:\\\/\\\/canal7slp.tv\\\/2022\\\/?s={search_term_string}\"},\"query-input\":{\"@type\":\"PropertyValueSpecification\",\"valueRequired\":true,\"valueName\":\"search_term_string\"}}],\"inLanguage\":\"es\"},{\"@type\":\"Organization\",\"@id\":\"https:\\\/\\\/canal7slp.tv\\\/2022\\\/#organization\",\"name\":\"Noticieros Canal 7\",\"url\":\"https:\\\/\\\/canal7slp.tv\\\/2022\\\/\",\"logo\":{\"@type\":\"ImageObject\",\"inLanguage\":\"es\",\"@id\":\"https:\\\/\\\/canal7slp.tv\\\/2022\\\/#\\\/schema\\\/logo\\\/image\\\/\",\"url\":\"https:\\\/\\\/canal7slp.tv\\\/2022\\\/wp-content\\\/uploads\\\/2021\\\/01\\\/logo-noticieros@2x.png\",\"contentUrl\":\"https:\\\/\\\/canal7slp.tv\\\/2022\\\/wp-content\\\/uploads\\\/2021\\\/01\\\/logo-noticieros@2x.png\",\"width\":1017,\"height\":268,\"caption\":\"Noticieros Canal 7\"},\"image\":{\"@id\":\"https:\\\/\\\/canal7slp.tv\\\/2022\\\/#\\\/schema\\\/logo\\\/image\\\/\"},\"sameAs\":[\"https:\\\/\\\/www.facebook.com\\\/noticieroscanalsiete\",\"https:\\\/\\\/x.com\\\/NOTICIEROS7\",\"https:\\\/\\\/www.instagram.com\\\/canal7_slp\",\"https:\\\/\\\/www.youtube.com\\\/channel\\\/UCliiYs-gP3JfJeqdPrNdd5A\"]},{\"@type\":\"Person\",\"@id\":\"https:\\\/\\\/canal7slp.tv\\\/2022\\\/#\\\/schema\\\/person\\\/429704152a21f5f856ce29aa69a238da\",\"name\":\"Edici\u00f3n Web\",\"image\":{\"@type\":\"ImageObject\",\"inLanguage\":\"es\",\"@id\":\"https:\\\/\\\/secure.gravatar.com\\\/avatar\\\/eee448fc3f7164808013b816ba91ac7e43bbe82a70bebac296f8bc6f0addaa1a?s=96&d=mm&r=g\",\"url\":\"https:\\\/\\\/secure.gravatar.com\\\/avatar\\\/eee448fc3f7164808013b816ba91ac7e43bbe82a70bebac296f8bc6f0addaa1a?s=96&d=mm&r=g\",\"contentUrl\":\"https:\\\/\\\/secure.gravatar.com\\\/avatar\\\/eee448fc3f7164808013b816ba91ac7e43bbe82a70bebac296f8bc6f0addaa1a?s=96&d=mm&r=g\",\"caption\":\"Edici\u00f3n Web\"},\"url\":\"https:\\\/\\\/canal7slp.tv\\\/2022\\\/author\\\/edicionweb\\\/\"}]}<\/script>\n<!-- \/ Yoast SEO plugin. -->","yoast_head_json":{"title":"En coordinaci\u00f3n con Gobierno del Estado, autoridades soledenses rehabilitar\u00e1n accesos del municipio. - Canal 7 SLP - 2022","robots":{"index":"index","follow":"follow","max-snippet":"max-snippet:-1","max-image-preview":"max-image-preview:large","max-video-preview":"max-video-preview:-1"},"canonical":"https:\/\/canal7slp.tv\/2022\/en-coordinacion-con-gobierno-del-estado-autoridades-soledenses-rehabilitaran-accesos-del-municipio\/","og_locale":"es_ES","og_type":"article","og_title":"En coordinaci\u00f3n con Gobierno del Estado, autoridades soledenses rehabilitar\u00e1n accesos del municipio. - Canal 7 SLP - 2022","og_description":"Se pondr\u00eda \u00e9nfasis al correspondiente a la Joya Honda. SGS.- Posterior a la entrega de dos calles reci\u00e9n pavimentadas en la colonia Genovevo Rivas Guill\u00e9n la presidenta municipal de Soledad de Graciano S\u00e1nchez, Leonor Noyola Cervantes, dio a conocer que en convenio con el gobierno estatal se trabaja en un proyecto para el mejoramiento de accesos, en algunas comunidades pertenecientes a este municipio. Se\u00f1al\u00f3 que este convenio se realizar\u00e1 con la Junta Estatal de Caminos al decir que ha sido una petici\u00f3n que sus mismos habitantes, han estado demandando desde hace tiempo. En el mismo tema, la edil soledense destac\u00f3 [&hellip;]","og_url":"https:\/\/canal7slp.tv\/2022\/en-coordinacion-con-gobierno-del-estado-autoridades-soledenses-rehabilitaran-accesos-del-municipio\/","og_site_name":"Canal 7 SLP - 2022","article_publisher":"https:\/\/www.facebook.com\/noticieroscanalsiete","article_published_time":"2022-09-23T16:34:17+00:00","og_image":[{"width":888,"height":500,"url":"https:\/\/canal7slp.tv\/2022\/wp-content\/uploads\/2022\/09\/Claudio02Proyectos.jpg","type":"image\/jpeg"}],"author":"Edici\u00f3n Web","twitter_card":"summary_large_image","twitter_creator":"@NOTICIEROS7","twitter_site":"@NOTICIEROS7","twitter_misc":{"Escrito por":"Edici\u00f3n Web","Tiempo de lectura":"1 minuto"},"schema":{"@context":"https:\/\/schema.org","@graph":[{"@type":"Article","@id":"https:\/\/canal7slp.tv\/2022\/en-coordinacion-con-gobierno-del-estado-autoridades-soledenses-rehabilitaran-accesos-del-municipio\/#article","isPartOf":{"@id":"https:\/\/canal7slp.tv\/2022\/en-coordinacion-con-gobierno-del-estado-autoridades-soledenses-rehabilitaran-accesos-del-municipio\/"},"author":{"name":"Edici\u00f3n Web","@id":"https:\/\/canal7slp.tv\/2022\/#\/schema\/person\/429704152a21f5f856ce29aa69a238da"},"headline":"En coordinaci\u00f3n con Gobierno del Estado, autoridades soledenses rehabilitar\u00e1n accesos del municipio.","datePublished":"2022-09-23T16:34:17+00:00","mainEntityOfPage":{"@id":"https:\/\/canal7slp.tv\/2022\/en-coordinacion-con-gobierno-del-estado-autoridades-soledenses-rehabilitaran-accesos-del-municipio\/"},"wordCount":202,"publisher":{"@id":"https:\/\/canal7slp.tv\/2022\/#organization"},"image":{"@id":"https:\/\/canal7slp.tv\/2022\/en-coordinacion-con-gobierno-del-estado-autoridades-soledenses-rehabilitaran-accesos-del-municipio\/#primaryimage"},"thumbnailUrl":"https:\/\/canal7slp.tv\/2022\/wp-content\/uploads\/2022\/09\/Claudio02Proyectos.jpg","articleSection":["AYOSGS","DESTACADAS","LOCALES Y REGIONALES"],"inLanguage":"es"},{"@type":"WebPage","@id":"https:\/\/canal7slp.tv\/2022\/en-coordinacion-con-gobierno-del-estado-autoridades-soledenses-rehabilitaran-accesos-del-municipio\/","url":"https:\/\/canal7slp.tv\/2022\/en-coordinacion-con-gobierno-del-estado-autoridades-soledenses-rehabilitaran-accesos-del-municipio\/","name":"En coordinaci\u00f3n con Gobierno del Estado, autoridades soledenses rehabilitar\u00e1n accesos del municipio. - Canal 7 SLP - 2022","isPartOf":{"@id":"https:\/\/canal7slp.tv\/2022\/#website"},"primaryImageOfPage":{"@id":"https:\/\/canal7slp.tv\/2022\/en-coordinacion-con-gobierno-del-estado-autoridades-soledenses-rehabilitaran-accesos-del-municipio\/#primaryimage"},"image":{"@id":"https:\/\/canal7slp.tv\/2022\/en-coordinacion-con-gobierno-del-estado-autoridades-soledenses-rehabilitaran-accesos-del-municipio\/#primaryimage"},"thumbnailUrl":"https:\/\/canal7slp.tv\/2022\/wp-content\/uploads\/2022\/09\/Claudio02Proyectos.jpg","datePublished":"2022-09-23T16:34:17+00:00","breadcrumb":{"@id":"https:\/\/canal7slp.tv\/2022\/en-coordinacion-con-gobierno-del-estado-autoridades-soledenses-rehabilitaran-accesos-del-municipio\/#breadcrumb"},"inLanguage":"es","potentialAction":[{"@type":"ReadAction","target":["https:\/\/canal7slp.tv\/2022\/en-coordinacion-con-gobierno-del-estado-autoridades-soledenses-rehabilitaran-accesos-del-municipio\/"]}]},{"@type":"ImageObject","inLanguage":"es","@id":"https:\/\/canal7slp.tv\/2022\/en-coordinacion-con-gobierno-del-estado-autoridades-soledenses-rehabilitaran-accesos-del-municipio\/#primaryimage","url":"https:\/\/canal7slp.tv\/2022\/wp-content\/uploads\/2022\/09\/Claudio02Proyectos.jpg","contentUrl":"https:\/\/canal7slp.tv\/2022\/wp-content\/uploads\/2022\/09\/Claudio02Proyectos.jpg","width":888,"height":500},{"@type":"BreadcrumbList","@id":"https:\/\/canal7slp.tv\/2022\/en-coordinacion-con-gobierno-del-estado-autoridades-soledenses-rehabilitaran-accesos-del-municipio\/#breadcrumb","itemListElement":[{"@type":"ListItem","position":1,"name":"Portada","item":"https:\/\/canal7slp.tv\/2022\/"},{"@type":"ListItem","position":2,"name":"En coordinaci\u00f3n con Gobierno del Estado, autoridades soledenses rehabilitar\u00e1n accesos del municipio."}]},{"@type":"WebSite","@id":"https:\/\/canal7slp.tv\/2022\/#website","url":"https:\/\/canal7slp.tv\/2022\/","name":"N7 - Noticieros Canal 7","description":"Somos Televisi\u00f3n","publisher":{"@id":"https:\/\/canal7slp.tv\/2022\/#organization"},"potentialAction":[{"@type":"SearchAction","target":{"@type":"EntryPoint","urlTemplate":"https:\/\/canal7slp.tv\/2022\/?s={search_term_string}"},"query-input":{"@type":"PropertyValueSpecification","valueRequired":true,"valueName":"search_term_string"}}],"inLanguage":"es"},{"@type":"Organization","@id":"https:\/\/canal7slp.tv\/2022\/#organization","name":"Noticieros Canal 7","url":"https:\/\/canal7slp.tv\/2022\/","logo":{"@type":"ImageObject","inLanguage":"es","@id":"https:\/\/canal7slp.tv\/2022\/#\/schema\/logo\/image\/","url":"https:\/\/canal7slp.tv\/2022\/wp-content\/uploads\/2021\/01\/logo-noticieros@2x.png","contentUrl":"https:\/\/canal7slp.tv\/2022\/wp-content\/uploads\/2021\/01\/logo-noticieros@2x.png","width":1017,"height":268,"caption":"Noticieros Canal 7"},"image":{"@id":"https:\/\/canal7slp.tv\/2022\/#\/schema\/logo\/image\/"},"sameAs":["https:\/\/www.facebook.com\/noticieroscanalsiete","https:\/\/x.com\/NOTICIEROS7","https:\/\/www.instagram.com\/canal7_slp","https:\/\/www.youtube.com\/channel\/UCliiYs-gP3JfJeqdPrNdd5A"]},{"@type":"Person","@id":"https:\/\/canal7slp.tv\/2022\/#\/schema\/person\/429704152a21f5f856ce29aa69a238da","name":"Edici\u00f3n Web","image":{"@type":"ImageObject","inLanguage":"es","@id":"https:\/\/secure.gravatar.com\/avatar\/eee448fc3f7164808013b816ba91ac7e43bbe82a70bebac296f8bc6f0addaa1a?s=96&d=mm&r=g","url":"https:\/\/secure.gravatar.com\/avatar\/eee448fc3f7164808013b816ba91ac7e43bbe82a70bebac296f8bc6f0addaa1a?s=96&d=mm&r=g","contentUrl":"https:\/\/secure.gravatar.com\/avatar\/eee448fc3f7164808013b816ba91ac7e43bbe82a70bebac296f8bc6f0addaa1a?s=96&d=mm&r=g","caption":"Edici\u00f3n Web"},"url":"https:\/\/canal7slp.tv\/2022\/author\/edicionweb\/"}]}},"amp_enabled":true,"_links":{"self":[{"href":"https:\/\/canal7slp.tv\/2022\/wp-json\/wp\/v2\/posts\/73643","targetHints":{"allow":["GET"]}}],"collection":[{"href":"https:\/\/canal7slp.tv\/2022\/wp-json\/wp\/v2\/posts"}],"about":[{"href":"https:\/\/canal7slp.tv\/2022\/wp-json\/wp\/v2\/types\/post"}],"author":[{"embeddable":true,"href":"https:\/\/canal7slp.tv\/2022\/wp-json\/wp\/v2\/users\/2"}],"replies":[{"embeddable":true,"href":"https:\/\/canal7slp.tv\/2022\/wp-json\/wp\/v2\/comments?post=73643"}],"version-history":[{"count":3,"href":"https:\/\/canal7slp.tv\/2022\/wp-json\/wp\/v2\/posts\/73643\/revisions"}],"predecessor-version":[{"id":73675,"href":"https:\/\/canal7slp.tv\/2022\/wp-json\/wp\/v2\/posts\/73643\/revisions\/73675"}],"wp:featuredmedia":[{"embeddable":true,"href":"https:\/\/canal7slp.tv\/2022\/wp-json\/wp\/v2\/media\/73674"}],"wp:attachment":[{"href":"https:\/\/canal7slp.tv\/2022\/wp-json\/wp\/v2\/media?parent=73643"}],"wp:term":[{"taxonomy":"category","embeddable":true,"href":"https:\/\/canal7slp.tv\/2022\/wp-json\/wp\/v2\/categories?post=73643"},{"taxonomy":"post_tag","embeddable":true,"href":"https:\/\/canal7slp.tv\/2022\/wp-json\/wp\/v2\/tags?post=73643"}],"curies":[{"name":"wp","href":"https:\/\/api.w.org\/{rel}","templated":true}]}}