{"id":73518,"date":"2022-09-21T15:39:52","date_gmt":"2022-09-21T21:39:52","guid":{"rendered":"https:\/\/canal7slp.tv\/2022\/?p=73518"},"modified":"2022-09-21T15:39:52","modified_gmt":"2022-09-21T21:39:52","slug":"anuncian-marcha-por-la-paz-para-este-domingo-25-de-septiembre-en-la-capital-potosina","status":"publish","type":"post","link":"https:\/\/canal7slp.tv\/2022\/anuncian-marcha-por-la-paz-para-este-domingo-25-de-septiembre-en-la-capital-potosina\/","title":{"rendered":"Anuncian marcha por la paz para este domingo 25 de septiembre en la capital potosina."},"content":{"rendered":"<ul>\n<li>Con la movilizaci\u00f3n asimismo se dejar\u00e1 un mensaje contra militarizaci\u00f3n del pa\u00eds.<\/li>\n<\/ul>\n<p style=\"text-align: justify;\">SLP.- Este domingo 25 de Septiembre cerca de 40 organizaciones civiles participar\u00e1n en un evento denominado \u201cMarcha Por La Paz y la Uni\u00f3n de M\u00e9xico\u201d y que partir\u00e1 del jard\u00edn de Tequis.<\/p>\n<p style=\"text-align: justify;\">Al respecto habl\u00f3 el expresidente municipal Mario Leal Campos que se\u00f1alo que la intenci\u00f3n es dejar claro que M\u00e9xico vive una de sus peores etapas de violencia e inseguridad en el actual gobierno federal, al afirmar que se han superado los 150 mil muertos por homicidios dolosos y 100 mil desaparecidos por parte del crimen organizado.<\/p>\n<p style=\"text-align: justify;\">En el mismo contexto, el vocero de la organizaci\u00f3n\u00a0 \u201cPotosinos Con Valor\u201d dijo tambi\u00e9n que esta marcha es en contra de la militarizaci\u00f3n del pa\u00eds, al afirmar que el combate a la violencia y a la inseguridad requiere de estrategias eficientes, bajo el mando de una polic\u00eda civil y no militar.<\/p>\n<p style=\"text-align: justify;\">Leal Campos afirm\u00f3 que en el tema de la seguridad p\u00fablica el presidente de la Rep\u00fablica ha dejado a la deriva al pa\u00eds y que los delincuentes deben ser combatidos, procesados y encarcelados y no abrazados.<\/p>\n<p>Por: Claudio Ibarra<\/p>\n","protected":false},"excerpt":{"rendered":"<p>Con la movilizaci\u00f3n asimismo se dejar\u00e1 un mensaje contra militarizaci\u00f3n del pa\u00eds. SLP.- Este domingo 25 de Septiembre cerca de 40 organizaciones civiles participar\u00e1n en un evento denominado \u201cMarcha Por La Paz y la Uni\u00f3n de M\u00e9xico\u201d y que partir\u00e1 del jard\u00edn de Tequis. Al respecto habl\u00f3 el expresidente municipal Mario Leal Campos que se\u00f1alo que la intenci\u00f3n es dejar claro que M\u00e9xico vive una de sus peores etapas de violencia e inseguridad en el actual gobierno federal, al afirmar que se han superado los 150 mil muertos por homicidios dolosos y 100 mil desaparecidos por parte del crimen organizado. [&hellip;]<\/p>\n","protected":false},"author":2,"featured_media":73534,"comment_status":"closed","ping_status":"closed","sticky":false,"template":"","format":"video","meta":{"footnotes":""},"categories":[5,45],"tags":[],"class_list":["post-73518","post","type-post","status-publish","format-video","has-post-thumbnail","hentry","category-destacadas","category-localesyregionales","post_format-post-format-video","post--single"],"yoast_head":"<!-- This site is optimized with the Yoast SEO plugin v27.5 - https:\/\/yoast.com\/product\/yoast-seo-wordpress\/ -->\n<title>Anuncian marcha por la paz para este domingo 25 de septiembre en la capital potosina. - Canal 7 SLP - 2022<\/title>\n<meta name=\"robots\" content=\"index, follow, max-snippet:-1, max-image-preview:large, max-video-preview:-1\" \/>\n<link rel=\"canonical\" href=\"https:\/\/canal7slp.tv\/2022\/anuncian-marcha-por-la-paz-para-este-domingo-25-de-septiembre-en-la-capital-potosina\/\" \/>\n<meta property=\"og:locale\" content=\"es_ES\" \/>\n<meta property=\"og:type\" content=\"article\" \/>\n<meta property=\"og:title\" content=\"Anuncian marcha por la paz para este domingo 25 de septiembre en la capital potosina. - Canal 7 SLP - 2022\" \/>\n<meta property=\"og:description\" content=\"Con la movilizaci\u00f3n asimismo se dejar\u00e1 un mensaje contra militarizaci\u00f3n del pa\u00eds. SLP.- Este domingo 25 de Septiembre cerca de 40 organizaciones civiles participar\u00e1n en un evento denominado \u201cMarcha Por La Paz y la Uni\u00f3n de M\u00e9xico\u201d y que partir\u00e1 del jard\u00edn de Tequis. Al respecto habl\u00f3 el expresidente municipal Mario Leal Campos que se\u00f1alo que la intenci\u00f3n es dejar claro que M\u00e9xico vive una de sus peores etapas de violencia e inseguridad en el actual gobierno federal, al afirmar que se han superado los 150 mil muertos por homicidios dolosos y 100 mil desaparecidos por parte del crimen organizado. [&hellip;]\" \/>\n<meta property=\"og:url\" content=\"https:\/\/canal7slp.tv\/2022\/anuncian-marcha-por-la-paz-para-este-domingo-25-de-septiembre-en-la-capital-potosina\/\" \/>\n<meta property=\"og:site_name\" content=\"Canal 7 SLP - 2022\" \/>\n<meta property=\"article:publisher\" content=\"https:\/\/www.facebook.com\/noticieroscanalsiete\" \/>\n<meta property=\"article:published_time\" content=\"2022-09-21T21:39:52+00:00\" \/>\n<meta property=\"og:image\" content=\"https:\/\/canal7slp.tv\/2022\/wp-content\/uploads\/2022\/09\/Claudio02PorLaPaz.jpg\" \/>\n\t<meta property=\"og:image:width\" content=\"888\" \/>\n\t<meta property=\"og:image:height\" content=\"500\" \/>\n\t<meta property=\"og:image:type\" content=\"image\/jpeg\" \/>\n<meta name=\"author\" content=\"Edici\u00f3n Web\" \/>\n<meta name=\"twitter:card\" content=\"summary_large_image\" \/>\n<meta name=\"twitter:creator\" content=\"@NOTICIEROS7\" \/>\n<meta name=\"twitter:site\" content=\"@NOTICIEROS7\" \/>\n<meta name=\"twitter:label1\" content=\"Escrito por\" \/>\n\t<meta name=\"twitter:data1\" content=\"Edici\u00f3n Web\" \/>\n\t<meta name=\"twitter:label2\" content=\"Tiempo de lectura\" \/>\n\t<meta name=\"twitter:data2\" content=\"1 minuto\" \/>\n<script type=\"application\/ld+json\" class=\"yoast-schema-graph\">{\"@context\":\"https:\\\/\\\/schema.org\",\"@graph\":[{\"@type\":\"Article\",\"@id\":\"https:\\\/\\\/canal7slp.tv\\\/2022\\\/anuncian-marcha-por-la-paz-para-este-domingo-25-de-septiembre-en-la-capital-potosina\\\/#article\",\"isPartOf\":{\"@id\":\"https:\\\/\\\/canal7slp.tv\\\/2022\\\/anuncian-marcha-por-la-paz-para-este-domingo-25-de-septiembre-en-la-capital-potosina\\\/\"},\"author\":{\"name\":\"Edici\u00f3n Web\",\"@id\":\"https:\\\/\\\/canal7slp.tv\\\/2022\\\/#\\\/schema\\\/person\\\/429704152a21f5f856ce29aa69a238da\"},\"headline\":\"Anuncian marcha por la paz para este domingo 25 de septiembre en la capital potosina.\",\"datePublished\":\"2022-09-21T21:39:52+00:00\",\"mainEntityOfPage\":{\"@id\":\"https:\\\/\\\/canal7slp.tv\\\/2022\\\/anuncian-marcha-por-la-paz-para-este-domingo-25-de-septiembre-en-la-capital-potosina\\\/\"},\"wordCount\":219,\"publisher\":{\"@id\":\"https:\\\/\\\/canal7slp.tv\\\/2022\\\/#organization\"},\"image\":{\"@id\":\"https:\\\/\\\/canal7slp.tv\\\/2022\\\/anuncian-marcha-por-la-paz-para-este-domingo-25-de-septiembre-en-la-capital-potosina\\\/#primaryimage\"},\"thumbnailUrl\":\"https:\\\/\\\/canal7slp.tv\\\/2022\\\/wp-content\\\/uploads\\\/2022\\\/09\\\/Claudio02PorLaPaz.jpg\",\"articleSection\":[\"DESTACADAS\",\"LOCALES Y REGIONALES\"],\"inLanguage\":\"es\"},{\"@type\":\"WebPage\",\"@id\":\"https:\\\/\\\/canal7slp.tv\\\/2022\\\/anuncian-marcha-por-la-paz-para-este-domingo-25-de-septiembre-en-la-capital-potosina\\\/\",\"url\":\"https:\\\/\\\/canal7slp.tv\\\/2022\\\/anuncian-marcha-por-la-paz-para-este-domingo-25-de-septiembre-en-la-capital-potosina\\\/\",\"name\":\"Anuncian marcha por la paz para este domingo 25 de septiembre en la capital potosina. - Canal 7 SLP - 2022\",\"isPartOf\":{\"@id\":\"https:\\\/\\\/canal7slp.tv\\\/2022\\\/#website\"},\"primaryImageOfPage\":{\"@id\":\"https:\\\/\\\/canal7slp.tv\\\/2022\\\/anuncian-marcha-por-la-paz-para-este-domingo-25-de-septiembre-en-la-capital-potosina\\\/#primaryimage\"},\"image\":{\"@id\":\"https:\\\/\\\/canal7slp.tv\\\/2022\\\/anuncian-marcha-por-la-paz-para-este-domingo-25-de-septiembre-en-la-capital-potosina\\\/#primaryimage\"},\"thumbnailUrl\":\"https:\\\/\\\/canal7slp.tv\\\/2022\\\/wp-content\\\/uploads\\\/2022\\\/09\\\/Claudio02PorLaPaz.jpg\",\"datePublished\":\"2022-09-21T21:39:52+00:00\",\"breadcrumb\":{\"@id\":\"https:\\\/\\\/canal7slp.tv\\\/2022\\\/anuncian-marcha-por-la-paz-para-este-domingo-25-de-septiembre-en-la-capital-potosina\\\/#breadcrumb\"},\"inLanguage\":\"es\",\"potentialAction\":[{\"@type\":\"ReadAction\",\"target\":[\"https:\\\/\\\/canal7slp.tv\\\/2022\\\/anuncian-marcha-por-la-paz-para-este-domingo-25-de-septiembre-en-la-capital-potosina\\\/\"]}]},{\"@type\":\"ImageObject\",\"inLanguage\":\"es\",\"@id\":\"https:\\\/\\\/canal7slp.tv\\\/2022\\\/anuncian-marcha-por-la-paz-para-este-domingo-25-de-septiembre-en-la-capital-potosina\\\/#primaryimage\",\"url\":\"https:\\\/\\\/canal7slp.tv\\\/2022\\\/wp-content\\\/uploads\\\/2022\\\/09\\\/Claudio02PorLaPaz.jpg\",\"contentUrl\":\"https:\\\/\\\/canal7slp.tv\\\/2022\\\/wp-content\\\/uploads\\\/2022\\\/09\\\/Claudio02PorLaPaz.jpg\",\"width\":888,\"height\":500},{\"@type\":\"BreadcrumbList\",\"@id\":\"https:\\\/\\\/canal7slp.tv\\\/2022\\\/anuncian-marcha-por-la-paz-para-este-domingo-25-de-septiembre-en-la-capital-potosina\\\/#breadcrumb\",\"itemListElement\":[{\"@type\":\"ListItem\",\"position\":1,\"name\":\"Portada\",\"item\":\"https:\\\/\\\/canal7slp.tv\\\/2022\\\/\"},{\"@type\":\"ListItem\",\"position\":2,\"name\":\"Anuncian marcha por la paz para este domingo 25 de septiembre en la capital potosina.\"}]},{\"@type\":\"WebSite\",\"@id\":\"https:\\\/\\\/canal7slp.tv\\\/2022\\\/#website\",\"url\":\"https:\\\/\\\/canal7slp.tv\\\/2022\\\/\",\"name\":\"N7 - Noticieros Canal 7\",\"description\":\"Somos Televisi\u00f3n\",\"publisher\":{\"@id\":\"https:\\\/\\\/canal7slp.tv\\\/2022\\\/#organization\"},\"potentialAction\":[{\"@type\":\"SearchAction\",\"target\":{\"@type\":\"EntryPoint\",\"urlTemplate\":\"https:\\\/\\\/canal7slp.tv\\\/2022\\\/?s={search_term_string}\"},\"query-input\":{\"@type\":\"PropertyValueSpecification\",\"valueRequired\":true,\"valueName\":\"search_term_string\"}}],\"inLanguage\":\"es\"},{\"@type\":\"Organization\",\"@id\":\"https:\\\/\\\/canal7slp.tv\\\/2022\\\/#organization\",\"name\":\"Noticieros Canal 7\",\"url\":\"https:\\\/\\\/canal7slp.tv\\\/2022\\\/\",\"logo\":{\"@type\":\"ImageObject\",\"inLanguage\":\"es\",\"@id\":\"https:\\\/\\\/canal7slp.tv\\\/2022\\\/#\\\/schema\\\/logo\\\/image\\\/\",\"url\":\"https:\\\/\\\/canal7slp.tv\\\/2022\\\/wp-content\\\/uploads\\\/2021\\\/01\\\/logo-noticieros@2x.png\",\"contentUrl\":\"https:\\\/\\\/canal7slp.tv\\\/2022\\\/wp-content\\\/uploads\\\/2021\\\/01\\\/logo-noticieros@2x.png\",\"width\":1017,\"height\":268,\"caption\":\"Noticieros Canal 7\"},\"image\":{\"@id\":\"https:\\\/\\\/canal7slp.tv\\\/2022\\\/#\\\/schema\\\/logo\\\/image\\\/\"},\"sameAs\":[\"https:\\\/\\\/www.facebook.com\\\/noticieroscanalsiete\",\"https:\\\/\\\/x.com\\\/NOTICIEROS7\",\"https:\\\/\\\/www.instagram.com\\\/canal7_slp\",\"https:\\\/\\\/www.youtube.com\\\/channel\\\/UCliiYs-gP3JfJeqdPrNdd5A\"]},{\"@type\":\"Person\",\"@id\":\"https:\\\/\\\/canal7slp.tv\\\/2022\\\/#\\\/schema\\\/person\\\/429704152a21f5f856ce29aa69a238da\",\"name\":\"Edici\u00f3n Web\",\"image\":{\"@type\":\"ImageObject\",\"inLanguage\":\"es\",\"@id\":\"https:\\\/\\\/secure.gravatar.com\\\/avatar\\\/eee448fc3f7164808013b816ba91ac7e43bbe82a70bebac296f8bc6f0addaa1a?s=96&d=mm&r=g\",\"url\":\"https:\\\/\\\/secure.gravatar.com\\\/avatar\\\/eee448fc3f7164808013b816ba91ac7e43bbe82a70bebac296f8bc6f0addaa1a?s=96&d=mm&r=g\",\"contentUrl\":\"https:\\\/\\\/secure.gravatar.com\\\/avatar\\\/eee448fc3f7164808013b816ba91ac7e43bbe82a70bebac296f8bc6f0addaa1a?s=96&d=mm&r=g\",\"caption\":\"Edici\u00f3n Web\"},\"url\":\"https:\\\/\\\/canal7slp.tv\\\/2022\\\/author\\\/edicionweb\\\/\"}]}<\/script>\n<!-- \/ Yoast SEO plugin. -->","yoast_head_json":{"title":"Anuncian marcha por la paz para este domingo 25 de septiembre en la capital potosina. - Canal 7 SLP - 2022","robots":{"index":"index","follow":"follow","max-snippet":"max-snippet:-1","max-image-preview":"max-image-preview:large","max-video-preview":"max-video-preview:-1"},"canonical":"https:\/\/canal7slp.tv\/2022\/anuncian-marcha-por-la-paz-para-este-domingo-25-de-septiembre-en-la-capital-potosina\/","og_locale":"es_ES","og_type":"article","og_title":"Anuncian marcha por la paz para este domingo 25 de septiembre en la capital potosina. - Canal 7 SLP - 2022","og_description":"Con la movilizaci\u00f3n asimismo se dejar\u00e1 un mensaje contra militarizaci\u00f3n del pa\u00eds. SLP.- Este domingo 25 de Septiembre cerca de 40 organizaciones civiles participar\u00e1n en un evento denominado \u201cMarcha Por La Paz y la Uni\u00f3n de M\u00e9xico\u201d y que partir\u00e1 del jard\u00edn de Tequis. Al respecto habl\u00f3 el expresidente municipal Mario Leal Campos que se\u00f1alo que la intenci\u00f3n es dejar claro que M\u00e9xico vive una de sus peores etapas de violencia e inseguridad en el actual gobierno federal, al afirmar que se han superado los 150 mil muertos por homicidios dolosos y 100 mil desaparecidos por parte del crimen organizado. [&hellip;]","og_url":"https:\/\/canal7slp.tv\/2022\/anuncian-marcha-por-la-paz-para-este-domingo-25-de-septiembre-en-la-capital-potosina\/","og_site_name":"Canal 7 SLP - 2022","article_publisher":"https:\/\/www.facebook.com\/noticieroscanalsiete","article_published_time":"2022-09-21T21:39:52+00:00","og_image":[{"width":888,"height":500,"url":"https:\/\/canal7slp.tv\/2022\/wp-content\/uploads\/2022\/09\/Claudio02PorLaPaz.jpg","type":"image\/jpeg"}],"author":"Edici\u00f3n Web","twitter_card":"summary_large_image","twitter_creator":"@NOTICIEROS7","twitter_site":"@NOTICIEROS7","twitter_misc":{"Escrito por":"Edici\u00f3n Web","Tiempo de lectura":"1 minuto"},"schema":{"@context":"https:\/\/schema.org","@graph":[{"@type":"Article","@id":"https:\/\/canal7slp.tv\/2022\/anuncian-marcha-por-la-paz-para-este-domingo-25-de-septiembre-en-la-capital-potosina\/#article","isPartOf":{"@id":"https:\/\/canal7slp.tv\/2022\/anuncian-marcha-por-la-paz-para-este-domingo-25-de-septiembre-en-la-capital-potosina\/"},"author":{"name":"Edici\u00f3n Web","@id":"https:\/\/canal7slp.tv\/2022\/#\/schema\/person\/429704152a21f5f856ce29aa69a238da"},"headline":"Anuncian marcha por la paz para este domingo 25 de septiembre en la capital potosina.","datePublished":"2022-09-21T21:39:52+00:00","mainEntityOfPage":{"@id":"https:\/\/canal7slp.tv\/2022\/anuncian-marcha-por-la-paz-para-este-domingo-25-de-septiembre-en-la-capital-potosina\/"},"wordCount":219,"publisher":{"@id":"https:\/\/canal7slp.tv\/2022\/#organization"},"image":{"@id":"https:\/\/canal7slp.tv\/2022\/anuncian-marcha-por-la-paz-para-este-domingo-25-de-septiembre-en-la-capital-potosina\/#primaryimage"},"thumbnailUrl":"https:\/\/canal7slp.tv\/2022\/wp-content\/uploads\/2022\/09\/Claudio02PorLaPaz.jpg","articleSection":["DESTACADAS","LOCALES Y REGIONALES"],"inLanguage":"es"},{"@type":"WebPage","@id":"https:\/\/canal7slp.tv\/2022\/anuncian-marcha-por-la-paz-para-este-domingo-25-de-septiembre-en-la-capital-potosina\/","url":"https:\/\/canal7slp.tv\/2022\/anuncian-marcha-por-la-paz-para-este-domingo-25-de-septiembre-en-la-capital-potosina\/","name":"Anuncian marcha por la paz para este domingo 25 de septiembre en la capital potosina. - Canal 7 SLP - 2022","isPartOf":{"@id":"https:\/\/canal7slp.tv\/2022\/#website"},"primaryImageOfPage":{"@id":"https:\/\/canal7slp.tv\/2022\/anuncian-marcha-por-la-paz-para-este-domingo-25-de-septiembre-en-la-capital-potosina\/#primaryimage"},"image":{"@id":"https:\/\/canal7slp.tv\/2022\/anuncian-marcha-por-la-paz-para-este-domingo-25-de-septiembre-en-la-capital-potosina\/#primaryimage"},"thumbnailUrl":"https:\/\/canal7slp.tv\/2022\/wp-content\/uploads\/2022\/09\/Claudio02PorLaPaz.jpg","datePublished":"2022-09-21T21:39:52+00:00","breadcrumb":{"@id":"https:\/\/canal7slp.tv\/2022\/anuncian-marcha-por-la-paz-para-este-domingo-25-de-septiembre-en-la-capital-potosina\/#breadcrumb"},"inLanguage":"es","potentialAction":[{"@type":"ReadAction","target":["https:\/\/canal7slp.tv\/2022\/anuncian-marcha-por-la-paz-para-este-domingo-25-de-septiembre-en-la-capital-potosina\/"]}]},{"@type":"ImageObject","inLanguage":"es","@id":"https:\/\/canal7slp.tv\/2022\/anuncian-marcha-por-la-paz-para-este-domingo-25-de-septiembre-en-la-capital-potosina\/#primaryimage","url":"https:\/\/canal7slp.tv\/2022\/wp-content\/uploads\/2022\/09\/Claudio02PorLaPaz.jpg","contentUrl":"https:\/\/canal7slp.tv\/2022\/wp-content\/uploads\/2022\/09\/Claudio02PorLaPaz.jpg","width":888,"height":500},{"@type":"BreadcrumbList","@id":"https:\/\/canal7slp.tv\/2022\/anuncian-marcha-por-la-paz-para-este-domingo-25-de-septiembre-en-la-capital-potosina\/#breadcrumb","itemListElement":[{"@type":"ListItem","position":1,"name":"Portada","item":"https:\/\/canal7slp.tv\/2022\/"},{"@type":"ListItem","position":2,"name":"Anuncian marcha por la paz para este domingo 25 de septiembre en la capital potosina."}]},{"@type":"WebSite","@id":"https:\/\/canal7slp.tv\/2022\/#website","url":"https:\/\/canal7slp.tv\/2022\/","name":"N7 - Noticieros Canal 7","description":"Somos Televisi\u00f3n","publisher":{"@id":"https:\/\/canal7slp.tv\/2022\/#organization"},"potentialAction":[{"@type":"SearchAction","target":{"@type":"EntryPoint","urlTemplate":"https:\/\/canal7slp.tv\/2022\/?s={search_term_string}"},"query-input":{"@type":"PropertyValueSpecification","valueRequired":true,"valueName":"search_term_string"}}],"inLanguage":"es"},{"@type":"Organization","@id":"https:\/\/canal7slp.tv\/2022\/#organization","name":"Noticieros Canal 7","url":"https:\/\/canal7slp.tv\/2022\/","logo":{"@type":"ImageObject","inLanguage":"es","@id":"https:\/\/canal7slp.tv\/2022\/#\/schema\/logo\/image\/","url":"https:\/\/canal7slp.tv\/2022\/wp-content\/uploads\/2021\/01\/logo-noticieros@2x.png","contentUrl":"https:\/\/canal7slp.tv\/2022\/wp-content\/uploads\/2021\/01\/logo-noticieros@2x.png","width":1017,"height":268,"caption":"Noticieros Canal 7"},"image":{"@id":"https:\/\/canal7slp.tv\/2022\/#\/schema\/logo\/image\/"},"sameAs":["https:\/\/www.facebook.com\/noticieroscanalsiete","https:\/\/x.com\/NOTICIEROS7","https:\/\/www.instagram.com\/canal7_slp","https:\/\/www.youtube.com\/channel\/UCliiYs-gP3JfJeqdPrNdd5A"]},{"@type":"Person","@id":"https:\/\/canal7slp.tv\/2022\/#\/schema\/person\/429704152a21f5f856ce29aa69a238da","name":"Edici\u00f3n Web","image":{"@type":"ImageObject","inLanguage":"es","@id":"https:\/\/secure.gravatar.com\/avatar\/eee448fc3f7164808013b816ba91ac7e43bbe82a70bebac296f8bc6f0addaa1a?s=96&d=mm&r=g","url":"https:\/\/secure.gravatar.com\/avatar\/eee448fc3f7164808013b816ba91ac7e43bbe82a70bebac296f8bc6f0addaa1a?s=96&d=mm&r=g","contentUrl":"https:\/\/secure.gravatar.com\/avatar\/eee448fc3f7164808013b816ba91ac7e43bbe82a70bebac296f8bc6f0addaa1a?s=96&d=mm&r=g","caption":"Edici\u00f3n Web"},"url":"https:\/\/canal7slp.tv\/2022\/author\/edicionweb\/"}]}},"amp_enabled":true,"_links":{"self":[{"href":"https:\/\/canal7slp.tv\/2022\/wp-json\/wp\/v2\/posts\/73518","targetHints":{"allow":["GET"]}}],"collection":[{"href":"https:\/\/canal7slp.tv\/2022\/wp-json\/wp\/v2\/posts"}],"about":[{"href":"https:\/\/canal7slp.tv\/2022\/wp-json\/wp\/v2\/types\/post"}],"author":[{"embeddable":true,"href":"https:\/\/canal7slp.tv\/2022\/wp-json\/wp\/v2\/users\/2"}],"replies":[{"embeddable":true,"href":"https:\/\/canal7slp.tv\/2022\/wp-json\/wp\/v2\/comments?post=73518"}],"version-history":[{"count":3,"href":"https:\/\/canal7slp.tv\/2022\/wp-json\/wp\/v2\/posts\/73518\/revisions"}],"predecessor-version":[{"id":73535,"href":"https:\/\/canal7slp.tv\/2022\/wp-json\/wp\/v2\/posts\/73518\/revisions\/73535"}],"wp:featuredmedia":[{"embeddable":true,"href":"https:\/\/canal7slp.tv\/2022\/wp-json\/wp\/v2\/media\/73534"}],"wp:attachment":[{"href":"https:\/\/canal7slp.tv\/2022\/wp-json\/wp\/v2\/media?parent=73518"}],"wp:term":[{"taxonomy":"category","embeddable":true,"href":"https:\/\/canal7slp.tv\/2022\/wp-json\/wp\/v2\/categories?post=73518"},{"taxonomy":"post_tag","embeddable":true,"href":"https:\/\/canal7slp.tv\/2022\/wp-json\/wp\/v2\/tags?post=73518"}],"curies":[{"name":"wp","href":"https:\/\/api.w.org\/{rel}","templated":true}]}}