{"id":73509,"date":"2022-09-21T17:58:44","date_gmt":"2022-09-21T23:58:44","guid":{"rendered":"https:\/\/canal7slp.tv\/2022\/?p=73509"},"modified":"2022-09-21T17:58:44","modified_gmt":"2022-09-21T23:58:44","slug":"extitular-de-finanzas-bajo-investigacion-por-presuntas-irregularidades-afirma-fiscalia-2","status":"publish","type":"post","link":"https:\/\/canal7slp.tv\/2022\/extitular-de-finanzas-bajo-investigacion-por-presuntas-irregularidades-afirma-fiscalia-2\/","title":{"rendered":"Extitular de Finanzas bajo investigaci\u00f3n por presuntas irregularidades, afirma Fiscal\u00eda."},"content":{"rendered":"<p style=\"text-align: justify;\">SLP.- El fiscal general del estado de San Luis Potos\u00ed, Jos\u00e9 Luis Ru\u00edz Contreras, confirm\u00f3 que se investiga al ex titular de la Secretar\u00eda de Finanzas durante el mandato de Juan Manuel Carreras L\u00f3pez por varios delitos, sin embargo, aclar\u00f3 que existe un par de amparos que present\u00f3 la defensa los cuales est\u00e1n siendo combatidos por la propia Fiscal\u00eda.<\/p>\n<p style=\"text-align: justify;\">\u00abHay dos amparos, uno est\u00e1 sobrese\u00eddo, el otro amparo evidentemente se est\u00e1 combatiendo por parte de Fiscal\u00eda al no coincidir con la postura del juez de Distrito que s\u00ed contin\u00faa con el tr\u00e1mite correspondiente, no obstante que procede un sobreseimiento de ese segundo amparo\u00bb, detall\u00f3.<\/p>\n<p style=\"text-align: justify;\">Luego agreg\u00f3: \u00abLa defensa del ex secretario est\u00e1 haciendo su trabajo, nosotros el propio con la finalidad de que una vez que se concluyan esos dos juicios de amparo tomar una determinaci\u00f3n la fiscal\u00eda dentro de esa carpeta de investigaci\u00f3n&#8230; Por colusi\u00f3n o asociaci\u00f3n respecto de diversos hechos delictivos\u00bb.<\/p>\n<p style=\"text-align: justify;\">Tambi\u00e9n habl\u00f3 sobre la investigaci\u00f3n que se desarrolla en contra del ex secretario de desarrollo urbano, vivienda y obras p\u00fablicas.<\/p>\n<p style=\"text-align: justify;\">\u00abEst\u00e1n avanzando, el se\u00f1or de Seduvop est\u00e1 en la etapa de investigaci\u00f3n complementaria, ya hubo un acercamiento con la defensa, vamos a dialogar la pr\u00f3xima semana, respecto de estrategias que pudieran concluir la causa\u00bb, dijo.<\/p>\n<p style=\"text-align: justify;\">Sobre el caso del ex titular de los servicios de salud, inform\u00f3 que una de las causas est\u00e1 concluida, mientras otra est\u00e1 en la etapa de investigaci\u00f3n complementaria; Ruiz Contreras a\u00f1adi\u00f3 que se tienen avances importantes que en su momento el ex funcionario se presente ante un juez de control.<\/p>\n<p style=\"text-align: justify;\">Por otro lado tambi\u00e9n se confirm\u00f3 que ya se abri\u00f3 una carpeta de investigaci\u00f3n en contra del ex director de la Comisi\u00f3n Estatal del Agua, pero indic\u00f3 que posteriormente se dar\u00e1n mas detalles.<\/p>\n<p>Por: Jos\u00e9 Luis V\u00e1zquez<\/p>\n","protected":false},"excerpt":{"rendered":"<p>SLP.- El fiscal general del estado de San Luis Potos\u00ed, Jos\u00e9 Luis Ru\u00edz Contreras, confirm\u00f3 que se investiga al ex titular de la Secretar\u00eda de Finanzas durante el mandato de Juan Manuel Carreras L\u00f3pez por varios delitos, sin embargo, aclar\u00f3 que existe un par de amparos que present\u00f3 la defensa los cuales est\u00e1n siendo combatidos por la propia Fiscal\u00eda. \u00abHay dos amparos, uno est\u00e1 sobrese\u00eddo, el otro amparo evidentemente se est\u00e1 combatiendo por parte de Fiscal\u00eda al no coincidir con la postura del juez de Distrito que s\u00ed contin\u00faa con el tr\u00e1mite correspondiente, no obstante que procede un sobreseimiento de [&hellip;]<\/p>\n","protected":false},"author":2,"featured_media":73553,"comment_status":"closed","ping_status":"closed","sticky":false,"template":"","format":"video","meta":{"footnotes":""},"categories":[5,45],"tags":[],"class_list":["post-73509","post","type-post","status-publish","format-video","has-post-thumbnail","hentry","category-destacadas","category-localesyregionales","post_format-post-format-video","post--single"],"yoast_head":"<!-- This site is optimized with the Yoast SEO plugin v27.5 - https:\/\/yoast.com\/product\/yoast-seo-wordpress\/ -->\n<title>Extitular de Finanzas bajo investigaci\u00f3n por presuntas irregularidades, afirma Fiscal\u00eda. - Canal 7 SLP - 2022<\/title>\n<meta name=\"robots\" content=\"index, follow, max-snippet:-1, max-image-preview:large, max-video-preview:-1\" \/>\n<link rel=\"canonical\" href=\"https:\/\/canal7slp.tv\/2022\/extitular-de-finanzas-bajo-investigacion-por-presuntas-irregularidades-afirma-fiscalia-2\/\" \/>\n<meta property=\"og:locale\" content=\"es_ES\" \/>\n<meta property=\"og:type\" content=\"article\" \/>\n<meta property=\"og:title\" content=\"Extitular de Finanzas bajo investigaci\u00f3n por presuntas irregularidades, afirma Fiscal\u00eda. - Canal 7 SLP - 2022\" \/>\n<meta property=\"og:description\" content=\"SLP.- El fiscal general del estado de San Luis Potos\u00ed, Jos\u00e9 Luis Ru\u00edz Contreras, confirm\u00f3 que se investiga al ex titular de la Secretar\u00eda de Finanzas durante el mandato de Juan Manuel Carreras L\u00f3pez por varios delitos, sin embargo, aclar\u00f3 que existe un par de amparos que present\u00f3 la defensa los cuales est\u00e1n siendo combatidos por la propia Fiscal\u00eda. \u00abHay dos amparos, uno est\u00e1 sobrese\u00eddo, el otro amparo evidentemente se est\u00e1 combatiendo por parte de Fiscal\u00eda al no coincidir con la postura del juez de Distrito que s\u00ed contin\u00faa con el tr\u00e1mite correspondiente, no obstante que procede un sobreseimiento de [&hellip;]\" \/>\n<meta property=\"og:url\" content=\"https:\/\/canal7slp.tv\/2022\/extitular-de-finanzas-bajo-investigacion-por-presuntas-irregularidades-afirma-fiscalia-2\/\" \/>\n<meta property=\"og:site_name\" content=\"Canal 7 SLP - 2022\" \/>\n<meta property=\"article:publisher\" content=\"https:\/\/www.facebook.com\/noticieroscanalsiete\" \/>\n<meta property=\"article:published_time\" content=\"2022-09-21T23:58:44+00:00\" \/>\n<meta property=\"og:image\" content=\"https:\/\/canal7slp.tv\/2022\/wp-content\/uploads\/2022\/09\/Vazquez04FiscalFinanzas.jpg\" \/>\n\t<meta property=\"og:image:width\" content=\"888\" \/>\n\t<meta property=\"og:image:height\" content=\"500\" \/>\n\t<meta property=\"og:image:type\" content=\"image\/jpeg\" \/>\n<meta name=\"author\" content=\"Edici\u00f3n Web\" \/>\n<meta name=\"twitter:card\" content=\"summary_large_image\" \/>\n<meta name=\"twitter:creator\" content=\"@NOTICIEROS7\" \/>\n<meta name=\"twitter:site\" content=\"@NOTICIEROS7\" \/>\n<meta name=\"twitter:label1\" content=\"Escrito por\" \/>\n\t<meta name=\"twitter:data1\" content=\"Edici\u00f3n Web\" \/>\n\t<meta name=\"twitter:label2\" content=\"Tiempo de lectura\" \/>\n\t<meta name=\"twitter:data2\" content=\"2 minutos\" \/>\n<script type=\"application\/ld+json\" class=\"yoast-schema-graph\">{\"@context\":\"https:\\\/\\\/schema.org\",\"@graph\":[{\"@type\":\"Article\",\"@id\":\"https:\\\/\\\/canal7slp.tv\\\/2022\\\/extitular-de-finanzas-bajo-investigacion-por-presuntas-irregularidades-afirma-fiscalia-2\\\/#article\",\"isPartOf\":{\"@id\":\"https:\\\/\\\/canal7slp.tv\\\/2022\\\/extitular-de-finanzas-bajo-investigacion-por-presuntas-irregularidades-afirma-fiscalia-2\\\/\"},\"author\":{\"name\":\"Edici\u00f3n Web\",\"@id\":\"https:\\\/\\\/canal7slp.tv\\\/2022\\\/#\\\/schema\\\/person\\\/429704152a21f5f856ce29aa69a238da\"},\"headline\":\"Extitular de Finanzas bajo investigaci\u00f3n por presuntas irregularidades, afirma Fiscal\u00eda.\",\"datePublished\":\"2022-09-21T23:58:44+00:00\",\"mainEntityOfPage\":{\"@id\":\"https:\\\/\\\/canal7slp.tv\\\/2022\\\/extitular-de-finanzas-bajo-investigacion-por-presuntas-irregularidades-afirma-fiscalia-2\\\/\"},\"wordCount\":336,\"publisher\":{\"@id\":\"https:\\\/\\\/canal7slp.tv\\\/2022\\\/#organization\"},\"image\":{\"@id\":\"https:\\\/\\\/canal7slp.tv\\\/2022\\\/extitular-de-finanzas-bajo-investigacion-por-presuntas-irregularidades-afirma-fiscalia-2\\\/#primaryimage\"},\"thumbnailUrl\":\"https:\\\/\\\/canal7slp.tv\\\/2022\\\/wp-content\\\/uploads\\\/2022\\\/09\\\/Vazquez04FiscalFinanzas.jpg\",\"articleSection\":[\"DESTACADAS\",\"LOCALES Y REGIONALES\"],\"inLanguage\":\"es\"},{\"@type\":\"WebPage\",\"@id\":\"https:\\\/\\\/canal7slp.tv\\\/2022\\\/extitular-de-finanzas-bajo-investigacion-por-presuntas-irregularidades-afirma-fiscalia-2\\\/\",\"url\":\"https:\\\/\\\/canal7slp.tv\\\/2022\\\/extitular-de-finanzas-bajo-investigacion-por-presuntas-irregularidades-afirma-fiscalia-2\\\/\",\"name\":\"Extitular de Finanzas bajo investigaci\u00f3n por presuntas irregularidades, afirma Fiscal\u00eda. - Canal 7 SLP - 2022\",\"isPartOf\":{\"@id\":\"https:\\\/\\\/canal7slp.tv\\\/2022\\\/#website\"},\"primaryImageOfPage\":{\"@id\":\"https:\\\/\\\/canal7slp.tv\\\/2022\\\/extitular-de-finanzas-bajo-investigacion-por-presuntas-irregularidades-afirma-fiscalia-2\\\/#primaryimage\"},\"image\":{\"@id\":\"https:\\\/\\\/canal7slp.tv\\\/2022\\\/extitular-de-finanzas-bajo-investigacion-por-presuntas-irregularidades-afirma-fiscalia-2\\\/#primaryimage\"},\"thumbnailUrl\":\"https:\\\/\\\/canal7slp.tv\\\/2022\\\/wp-content\\\/uploads\\\/2022\\\/09\\\/Vazquez04FiscalFinanzas.jpg\",\"datePublished\":\"2022-09-21T23:58:44+00:00\",\"breadcrumb\":{\"@id\":\"https:\\\/\\\/canal7slp.tv\\\/2022\\\/extitular-de-finanzas-bajo-investigacion-por-presuntas-irregularidades-afirma-fiscalia-2\\\/#breadcrumb\"},\"inLanguage\":\"es\",\"potentialAction\":[{\"@type\":\"ReadAction\",\"target\":[\"https:\\\/\\\/canal7slp.tv\\\/2022\\\/extitular-de-finanzas-bajo-investigacion-por-presuntas-irregularidades-afirma-fiscalia-2\\\/\"]}]},{\"@type\":\"ImageObject\",\"inLanguage\":\"es\",\"@id\":\"https:\\\/\\\/canal7slp.tv\\\/2022\\\/extitular-de-finanzas-bajo-investigacion-por-presuntas-irregularidades-afirma-fiscalia-2\\\/#primaryimage\",\"url\":\"https:\\\/\\\/canal7slp.tv\\\/2022\\\/wp-content\\\/uploads\\\/2022\\\/09\\\/Vazquez04FiscalFinanzas.jpg\",\"contentUrl\":\"https:\\\/\\\/canal7slp.tv\\\/2022\\\/wp-content\\\/uploads\\\/2022\\\/09\\\/Vazquez04FiscalFinanzas.jpg\",\"width\":888,\"height\":500},{\"@type\":\"BreadcrumbList\",\"@id\":\"https:\\\/\\\/canal7slp.tv\\\/2022\\\/extitular-de-finanzas-bajo-investigacion-por-presuntas-irregularidades-afirma-fiscalia-2\\\/#breadcrumb\",\"itemListElement\":[{\"@type\":\"ListItem\",\"position\":1,\"name\":\"Portada\",\"item\":\"https:\\\/\\\/canal7slp.tv\\\/2022\\\/\"},{\"@type\":\"ListItem\",\"position\":2,\"name\":\"Extitular de Finanzas bajo investigaci\u00f3n por presuntas irregularidades, afirma Fiscal\u00eda.\"}]},{\"@type\":\"WebSite\",\"@id\":\"https:\\\/\\\/canal7slp.tv\\\/2022\\\/#website\",\"url\":\"https:\\\/\\\/canal7slp.tv\\\/2022\\\/\",\"name\":\"N7 - Noticieros Canal 7\",\"description\":\"Somos Televisi\u00f3n\",\"publisher\":{\"@id\":\"https:\\\/\\\/canal7slp.tv\\\/2022\\\/#organization\"},\"potentialAction\":[{\"@type\":\"SearchAction\",\"target\":{\"@type\":\"EntryPoint\",\"urlTemplate\":\"https:\\\/\\\/canal7slp.tv\\\/2022\\\/?s={search_term_string}\"},\"query-input\":{\"@type\":\"PropertyValueSpecification\",\"valueRequired\":true,\"valueName\":\"search_term_string\"}}],\"inLanguage\":\"es\"},{\"@type\":\"Organization\",\"@id\":\"https:\\\/\\\/canal7slp.tv\\\/2022\\\/#organization\",\"name\":\"Noticieros Canal 7\",\"url\":\"https:\\\/\\\/canal7slp.tv\\\/2022\\\/\",\"logo\":{\"@type\":\"ImageObject\",\"inLanguage\":\"es\",\"@id\":\"https:\\\/\\\/canal7slp.tv\\\/2022\\\/#\\\/schema\\\/logo\\\/image\\\/\",\"url\":\"https:\\\/\\\/canal7slp.tv\\\/2022\\\/wp-content\\\/uploads\\\/2021\\\/01\\\/logo-noticieros@2x.png\",\"contentUrl\":\"https:\\\/\\\/canal7slp.tv\\\/2022\\\/wp-content\\\/uploads\\\/2021\\\/01\\\/logo-noticieros@2x.png\",\"width\":1017,\"height\":268,\"caption\":\"Noticieros Canal 7\"},\"image\":{\"@id\":\"https:\\\/\\\/canal7slp.tv\\\/2022\\\/#\\\/schema\\\/logo\\\/image\\\/\"},\"sameAs\":[\"https:\\\/\\\/www.facebook.com\\\/noticieroscanalsiete\",\"https:\\\/\\\/x.com\\\/NOTICIEROS7\",\"https:\\\/\\\/www.instagram.com\\\/canal7_slp\",\"https:\\\/\\\/www.youtube.com\\\/channel\\\/UCliiYs-gP3JfJeqdPrNdd5A\"]},{\"@type\":\"Person\",\"@id\":\"https:\\\/\\\/canal7slp.tv\\\/2022\\\/#\\\/schema\\\/person\\\/429704152a21f5f856ce29aa69a238da\",\"name\":\"Edici\u00f3n Web\",\"image\":{\"@type\":\"ImageObject\",\"inLanguage\":\"es\",\"@id\":\"https:\\\/\\\/secure.gravatar.com\\\/avatar\\\/eee448fc3f7164808013b816ba91ac7e43bbe82a70bebac296f8bc6f0addaa1a?s=96&d=mm&r=g\",\"url\":\"https:\\\/\\\/secure.gravatar.com\\\/avatar\\\/eee448fc3f7164808013b816ba91ac7e43bbe82a70bebac296f8bc6f0addaa1a?s=96&d=mm&r=g\",\"contentUrl\":\"https:\\\/\\\/secure.gravatar.com\\\/avatar\\\/eee448fc3f7164808013b816ba91ac7e43bbe82a70bebac296f8bc6f0addaa1a?s=96&d=mm&r=g\",\"caption\":\"Edici\u00f3n Web\"},\"url\":\"https:\\\/\\\/canal7slp.tv\\\/2022\\\/author\\\/edicionweb\\\/\"}]}<\/script>\n<!-- \/ Yoast SEO plugin. -->","yoast_head_json":{"title":"Extitular de Finanzas bajo investigaci\u00f3n por presuntas irregularidades, afirma Fiscal\u00eda. - Canal 7 SLP - 2022","robots":{"index":"index","follow":"follow","max-snippet":"max-snippet:-1","max-image-preview":"max-image-preview:large","max-video-preview":"max-video-preview:-1"},"canonical":"https:\/\/canal7slp.tv\/2022\/extitular-de-finanzas-bajo-investigacion-por-presuntas-irregularidades-afirma-fiscalia-2\/","og_locale":"es_ES","og_type":"article","og_title":"Extitular de Finanzas bajo investigaci\u00f3n por presuntas irregularidades, afirma Fiscal\u00eda. - Canal 7 SLP - 2022","og_description":"SLP.- El fiscal general del estado de San Luis Potos\u00ed, Jos\u00e9 Luis Ru\u00edz Contreras, confirm\u00f3 que se investiga al ex titular de la Secretar\u00eda de Finanzas durante el mandato de Juan Manuel Carreras L\u00f3pez por varios delitos, sin embargo, aclar\u00f3 que existe un par de amparos que present\u00f3 la defensa los cuales est\u00e1n siendo combatidos por la propia Fiscal\u00eda. \u00abHay dos amparos, uno est\u00e1 sobrese\u00eddo, el otro amparo evidentemente se est\u00e1 combatiendo por parte de Fiscal\u00eda al no coincidir con la postura del juez de Distrito que s\u00ed contin\u00faa con el tr\u00e1mite correspondiente, no obstante que procede un sobreseimiento de [&hellip;]","og_url":"https:\/\/canal7slp.tv\/2022\/extitular-de-finanzas-bajo-investigacion-por-presuntas-irregularidades-afirma-fiscalia-2\/","og_site_name":"Canal 7 SLP - 2022","article_publisher":"https:\/\/www.facebook.com\/noticieroscanalsiete","article_published_time":"2022-09-21T23:58:44+00:00","og_image":[{"width":888,"height":500,"url":"https:\/\/canal7slp.tv\/2022\/wp-content\/uploads\/2022\/09\/Vazquez04FiscalFinanzas.jpg","type":"image\/jpeg"}],"author":"Edici\u00f3n Web","twitter_card":"summary_large_image","twitter_creator":"@NOTICIEROS7","twitter_site":"@NOTICIEROS7","twitter_misc":{"Escrito por":"Edici\u00f3n Web","Tiempo de lectura":"2 minutos"},"schema":{"@context":"https:\/\/schema.org","@graph":[{"@type":"Article","@id":"https:\/\/canal7slp.tv\/2022\/extitular-de-finanzas-bajo-investigacion-por-presuntas-irregularidades-afirma-fiscalia-2\/#article","isPartOf":{"@id":"https:\/\/canal7slp.tv\/2022\/extitular-de-finanzas-bajo-investigacion-por-presuntas-irregularidades-afirma-fiscalia-2\/"},"author":{"name":"Edici\u00f3n Web","@id":"https:\/\/canal7slp.tv\/2022\/#\/schema\/person\/429704152a21f5f856ce29aa69a238da"},"headline":"Extitular de Finanzas bajo investigaci\u00f3n por presuntas irregularidades, afirma Fiscal\u00eda.","datePublished":"2022-09-21T23:58:44+00:00","mainEntityOfPage":{"@id":"https:\/\/canal7slp.tv\/2022\/extitular-de-finanzas-bajo-investigacion-por-presuntas-irregularidades-afirma-fiscalia-2\/"},"wordCount":336,"publisher":{"@id":"https:\/\/canal7slp.tv\/2022\/#organization"},"image":{"@id":"https:\/\/canal7slp.tv\/2022\/extitular-de-finanzas-bajo-investigacion-por-presuntas-irregularidades-afirma-fiscalia-2\/#primaryimage"},"thumbnailUrl":"https:\/\/canal7slp.tv\/2022\/wp-content\/uploads\/2022\/09\/Vazquez04FiscalFinanzas.jpg","articleSection":["DESTACADAS","LOCALES Y REGIONALES"],"inLanguage":"es"},{"@type":"WebPage","@id":"https:\/\/canal7slp.tv\/2022\/extitular-de-finanzas-bajo-investigacion-por-presuntas-irregularidades-afirma-fiscalia-2\/","url":"https:\/\/canal7slp.tv\/2022\/extitular-de-finanzas-bajo-investigacion-por-presuntas-irregularidades-afirma-fiscalia-2\/","name":"Extitular de Finanzas bajo investigaci\u00f3n por presuntas irregularidades, afirma Fiscal\u00eda. - Canal 7 SLP - 2022","isPartOf":{"@id":"https:\/\/canal7slp.tv\/2022\/#website"},"primaryImageOfPage":{"@id":"https:\/\/canal7slp.tv\/2022\/extitular-de-finanzas-bajo-investigacion-por-presuntas-irregularidades-afirma-fiscalia-2\/#primaryimage"},"image":{"@id":"https:\/\/canal7slp.tv\/2022\/extitular-de-finanzas-bajo-investigacion-por-presuntas-irregularidades-afirma-fiscalia-2\/#primaryimage"},"thumbnailUrl":"https:\/\/canal7slp.tv\/2022\/wp-content\/uploads\/2022\/09\/Vazquez04FiscalFinanzas.jpg","datePublished":"2022-09-21T23:58:44+00:00","breadcrumb":{"@id":"https:\/\/canal7slp.tv\/2022\/extitular-de-finanzas-bajo-investigacion-por-presuntas-irregularidades-afirma-fiscalia-2\/#breadcrumb"},"inLanguage":"es","potentialAction":[{"@type":"ReadAction","target":["https:\/\/canal7slp.tv\/2022\/extitular-de-finanzas-bajo-investigacion-por-presuntas-irregularidades-afirma-fiscalia-2\/"]}]},{"@type":"ImageObject","inLanguage":"es","@id":"https:\/\/canal7slp.tv\/2022\/extitular-de-finanzas-bajo-investigacion-por-presuntas-irregularidades-afirma-fiscalia-2\/#primaryimage","url":"https:\/\/canal7slp.tv\/2022\/wp-content\/uploads\/2022\/09\/Vazquez04FiscalFinanzas.jpg","contentUrl":"https:\/\/canal7slp.tv\/2022\/wp-content\/uploads\/2022\/09\/Vazquez04FiscalFinanzas.jpg","width":888,"height":500},{"@type":"BreadcrumbList","@id":"https:\/\/canal7slp.tv\/2022\/extitular-de-finanzas-bajo-investigacion-por-presuntas-irregularidades-afirma-fiscalia-2\/#breadcrumb","itemListElement":[{"@type":"ListItem","position":1,"name":"Portada","item":"https:\/\/canal7slp.tv\/2022\/"},{"@type":"ListItem","position":2,"name":"Extitular de Finanzas bajo investigaci\u00f3n por presuntas irregularidades, afirma Fiscal\u00eda."}]},{"@type":"WebSite","@id":"https:\/\/canal7slp.tv\/2022\/#website","url":"https:\/\/canal7slp.tv\/2022\/","name":"N7 - Noticieros Canal 7","description":"Somos Televisi\u00f3n","publisher":{"@id":"https:\/\/canal7slp.tv\/2022\/#organization"},"potentialAction":[{"@type":"SearchAction","target":{"@type":"EntryPoint","urlTemplate":"https:\/\/canal7slp.tv\/2022\/?s={search_term_string}"},"query-input":{"@type":"PropertyValueSpecification","valueRequired":true,"valueName":"search_term_string"}}],"inLanguage":"es"},{"@type":"Organization","@id":"https:\/\/canal7slp.tv\/2022\/#organization","name":"Noticieros Canal 7","url":"https:\/\/canal7slp.tv\/2022\/","logo":{"@type":"ImageObject","inLanguage":"es","@id":"https:\/\/canal7slp.tv\/2022\/#\/schema\/logo\/image\/","url":"https:\/\/canal7slp.tv\/2022\/wp-content\/uploads\/2021\/01\/logo-noticieros@2x.png","contentUrl":"https:\/\/canal7slp.tv\/2022\/wp-content\/uploads\/2021\/01\/logo-noticieros@2x.png","width":1017,"height":268,"caption":"Noticieros Canal 7"},"image":{"@id":"https:\/\/canal7slp.tv\/2022\/#\/schema\/logo\/image\/"},"sameAs":["https:\/\/www.facebook.com\/noticieroscanalsiete","https:\/\/x.com\/NOTICIEROS7","https:\/\/www.instagram.com\/canal7_slp","https:\/\/www.youtube.com\/channel\/UCliiYs-gP3JfJeqdPrNdd5A"]},{"@type":"Person","@id":"https:\/\/canal7slp.tv\/2022\/#\/schema\/person\/429704152a21f5f856ce29aa69a238da","name":"Edici\u00f3n Web","image":{"@type":"ImageObject","inLanguage":"es","@id":"https:\/\/secure.gravatar.com\/avatar\/eee448fc3f7164808013b816ba91ac7e43bbe82a70bebac296f8bc6f0addaa1a?s=96&d=mm&r=g","url":"https:\/\/secure.gravatar.com\/avatar\/eee448fc3f7164808013b816ba91ac7e43bbe82a70bebac296f8bc6f0addaa1a?s=96&d=mm&r=g","contentUrl":"https:\/\/secure.gravatar.com\/avatar\/eee448fc3f7164808013b816ba91ac7e43bbe82a70bebac296f8bc6f0addaa1a?s=96&d=mm&r=g","caption":"Edici\u00f3n Web"},"url":"https:\/\/canal7slp.tv\/2022\/author\/edicionweb\/"}]}},"amp_enabled":true,"_links":{"self":[{"href":"https:\/\/canal7slp.tv\/2022\/wp-json\/wp\/v2\/posts\/73509","targetHints":{"allow":["GET"]}}],"collection":[{"href":"https:\/\/canal7slp.tv\/2022\/wp-json\/wp\/v2\/posts"}],"about":[{"href":"https:\/\/canal7slp.tv\/2022\/wp-json\/wp\/v2\/types\/post"}],"author":[{"embeddable":true,"href":"https:\/\/canal7slp.tv\/2022\/wp-json\/wp\/v2\/users\/2"}],"replies":[{"embeddable":true,"href":"https:\/\/canal7slp.tv\/2022\/wp-json\/wp\/v2\/comments?post=73509"}],"version-history":[{"count":2,"href":"https:\/\/canal7slp.tv\/2022\/wp-json\/wp\/v2\/posts\/73509\/revisions"}],"predecessor-version":[{"id":73554,"href":"https:\/\/canal7slp.tv\/2022\/wp-json\/wp\/v2\/posts\/73509\/revisions\/73554"}],"wp:featuredmedia":[{"embeddable":true,"href":"https:\/\/canal7slp.tv\/2022\/wp-json\/wp\/v2\/media\/73553"}],"wp:attachment":[{"href":"https:\/\/canal7slp.tv\/2022\/wp-json\/wp\/v2\/media?parent=73509"}],"wp:term":[{"taxonomy":"category","embeddable":true,"href":"https:\/\/canal7slp.tv\/2022\/wp-json\/wp\/v2\/categories?post=73509"},{"taxonomy":"post_tag","embeddable":true,"href":"https:\/\/canal7slp.tv\/2022\/wp-json\/wp\/v2\/tags?post=73509"}],"curies":[{"name":"wp","href":"https:\/\/api.w.org\/{rel}","templated":true}]}}