{"id":73507,"date":"2022-09-21T17:54:31","date_gmt":"2022-09-21T23:54:31","guid":{"rendered":"https:\/\/canal7slp.tv\/2022\/?p=73507"},"modified":"2022-09-21T17:54:31","modified_gmt":"2022-09-21T23:54:31","slug":"autoridades-en-villa-de-arista-se-negaron-a-iniciar-procedimiento-por-la-desaparicion-de-chuyita-con-pretexto-de-que-se-habia-ido-con-el-novio-externan-familiares-de-la-joven-asesinada-en-villa-de-a-2","status":"publish","type":"post","link":"https:\/\/canal7slp.tv\/2022\/autoridades-en-villa-de-arista-se-negaron-a-iniciar-procedimiento-por-la-desaparicion-de-chuyita-con-pretexto-de-que-se-habia-ido-con-el-novio-externan-familiares-de-la-joven-asesinada-en-villa-de-a-2\/","title":{"rendered":"Autoridades en Villa de Arista se negaron a iniciar procedimiento por la desaparici\u00f3n de Chuyita, con pretexto de que se hab\u00eda ido con el novio; externan familiares de la joven asesinada en Villa de Arista."},"content":{"rendered":"<ul>\n<li>La familia de la v\u00edctima advierte que no se dio acceso a la carpeta de investigaci\u00f3n, ni se permiti\u00f3 que se reconociera el cuerpo.<\/li>\n<\/ul>\n<p style=\"text-align: justify;\">SLP.- En rueda de prensa, el padre de Chuyita Rodr\u00edguez y sus abogados denunciaron una serie de irregularidades y omisiones cometidas por las autoridades desde que se tuvo conocimiento de su desaparici\u00f3n y cuando se confirmo su asesinato.<\/p>\n<p style=\"text-align: justify;\">Chuyita era una joven de 14 a\u00f1os de edad originaria del municipio de Villa de Arista, cuyo cuerpo sin vida fue encontrado en unos ba\u00f1os al interior de una unidad deportiva con visibles huellas de violencia.<\/p>\n<p style=\"text-align: justify;\">Fueron los abogados del caso quienes detallaron las anomal\u00edas que se han presentado durante las investigaciones.<\/p>\n<p style=\"text-align: justify;\">\u00abNo se ha tomado en cuenta la familia de la v\u00edctima, no se han seguido los procesos de acuerdo a lo que nosotros hemos estado revisando del caso desde que tenemos el contacto con Don Chuy&#8230; No hubo el acompa\u00f1amiento por parte de la autoridad hacia el padre de la v\u00edctima, no hubo la empat\u00eda que se debe de seguir y que debe de prestar las instancias gubernamentales partiendo desde ministerio p\u00fablico que est\u00e1 en cada municipio\u00bb, dijo uno de ellos.<\/p>\n<p style=\"text-align: justify;\">Y es que de acuerdo con sus declaraciones, los ministerios p\u00fablicos adscritos al municipio, no quisieron tomar la denuncia con el pretexto de que la v\u00edctima se hab\u00eda fugado con su pareja sentimental.<\/p>\n<p style=\"text-align: justify;\">\u00abNo le quisieron tomar la denuncia porque supuestamente se hab\u00eda ido con el novio, ya ven que eso es lo que atribuye para quitarse responsabilidades las autoridades, cuando sabemos que desde el momento en que se pone a la denuncia de la desaparici\u00f3n de un familiar o de cualquier persona se debe de activar el protocolo de la alerta Amber\u00bb, agreg\u00f3.<\/p>\n<p style=\"text-align: justify;\">Asimismo, Don Chuy mencion\u00f3 tener dudas sobre la persona que actualmente se encuentra detenida como presunto responsable del feminicidio de su hija.<\/p>\n<p style=\"text-align: justify;\">\u00abSiempre me cambian las cosas de que ac\u00e1 est\u00e1, que est\u00e1 en San Luis, que est\u00e1 en Matehuala que ya lo agarramos y no yo no creo que sea eso&#8230; de repente si me cambian y por eso yo ando con esto yo no doy con que sea cierto lo que me est\u00e1n diciendo. . Mi hija se dedicaba al estudio, ella nunca ten\u00eda problemas de nada, ella siempre nos dec\u00eda lo que le pasaba y por eso a m\u00ed se me hace injusto que me hayan dicho que se fue con el novio que me ten\u00eda que esperar cierto tiempo para empezar la b\u00fasqueda\u00bb, lament\u00f3.<\/p>\n<p style=\"text-align: justify;\">Por otra parte, tambi\u00e9n se critic\u00f3 el hecho de que no se ha podido acceder a la carpeta de investigaci\u00f3n y la omisi\u00f3n por parte de otras dependencias para apoyar a las v\u00edctimas indirectas.<\/p>\n<p style=\"text-align: justify;\">\u00abHay un c\u00famulo de regularidades, Don Jes\u00fas nunca pudo reconocer el cuerpo de su hija, nunca le fue presentado, no tuvo acompa\u00f1amiento del CEEAV, ya hubo una audiencia supuestamente de vinculaci\u00f3n donde Don Chuy ten\u00eda todo el derecho de estar presente, desde ah\u00ed una carpeta de investigaci\u00f3n, mataron a su hija y el se\u00f1or solamente tiene el acta de defunci\u00f3n y estas tres hojitas, yo creo que esta de m\u00e1s decirles todas las violaciones qu\u00e9 habido en perjuicio de la v\u00edctima\u00bb, culmin\u00f3 el abogado.<\/p>\n<p>Por: Jos\u00e9 Luis V\u00e1zquez<\/p>\n","protected":false},"excerpt":{"rendered":"<p>La familia de la v\u00edctima advierte que no se dio acceso a la carpeta de investigaci\u00f3n, ni se permiti\u00f3 que se reconociera el cuerpo. SLP.- En rueda de prensa, el padre de Chuyita Rodr\u00edguez y sus abogados denunciaron una serie de irregularidades y omisiones cometidas por las autoridades desde que se tuvo conocimiento de su desaparici\u00f3n y cuando se confirmo su asesinato. Chuyita era una joven de 14 a\u00f1os de edad originaria del municipio de Villa de Arista, cuyo cuerpo sin vida fue encontrado en unos ba\u00f1os al interior de una unidad deportiva con visibles huellas de violencia. Fueron los [&hellip;]<\/p>\n","protected":false},"author":2,"featured_media":73552,"comment_status":"closed","ping_status":"closed","sticky":false,"template":"","format":"video","meta":{"footnotes":""},"categories":[5,45],"tags":[],"class_list":["post-73507","post","type-post","status-publish","format-video","has-post-thumbnail","hentry","category-destacadas","category-localesyregionales","post_format-post-format-video","post--single"],"yoast_head":"<!-- This site is optimized with the Yoast SEO plugin v27.5 - https:\/\/yoast.com\/product\/yoast-seo-wordpress\/ -->\n<title>Autoridades en Villa de Arista se negaron a iniciar procedimiento por la desaparici\u00f3n de Chuyita, con pretexto de que se hab\u00eda ido con el novio; externan familiares de la joven asesinada en Villa de Arista. - Canal 7 SLP - 2022<\/title>\n<meta name=\"robots\" content=\"index, follow, max-snippet:-1, max-image-preview:large, max-video-preview:-1\" \/>\n<link rel=\"canonical\" href=\"https:\/\/canal7slp.tv\/2022\/autoridades-en-villa-de-arista-se-negaron-a-iniciar-procedimiento-por-la-desaparicion-de-chuyita-con-pretexto-de-que-se-habia-ido-con-el-novio-externan-familiares-de-la-joven-asesinada-en-villa-de-a-2\/\" \/>\n<meta property=\"og:locale\" content=\"es_ES\" \/>\n<meta property=\"og:type\" content=\"article\" \/>\n<meta property=\"og:title\" content=\"Autoridades en Villa de Arista se negaron a iniciar procedimiento por la desaparici\u00f3n de Chuyita, con pretexto de que se hab\u00eda ido con el novio; externan familiares de la joven asesinada en Villa de Arista. - Canal 7 SLP - 2022\" \/>\n<meta property=\"og:description\" content=\"La familia de la v\u00edctima advierte que no se dio acceso a la carpeta de investigaci\u00f3n, ni se permiti\u00f3 que se reconociera el cuerpo. SLP.- En rueda de prensa, el padre de Chuyita Rodr\u00edguez y sus abogados denunciaron una serie de irregularidades y omisiones cometidas por las autoridades desde que se tuvo conocimiento de su desaparici\u00f3n y cuando se confirmo su asesinato. Chuyita era una joven de 14 a\u00f1os de edad originaria del municipio de Villa de Arista, cuyo cuerpo sin vida fue encontrado en unos ba\u00f1os al interior de una unidad deportiva con visibles huellas de violencia. Fueron los [&hellip;]\" \/>\n<meta property=\"og:url\" content=\"https:\/\/canal7slp.tv\/2022\/autoridades-en-villa-de-arista-se-negaron-a-iniciar-procedimiento-por-la-desaparicion-de-chuyita-con-pretexto-de-que-se-habia-ido-con-el-novio-externan-familiares-de-la-joven-asesinada-en-villa-de-a-2\/\" \/>\n<meta property=\"og:site_name\" content=\"Canal 7 SLP - 2022\" \/>\n<meta property=\"article:publisher\" content=\"https:\/\/www.facebook.com\/noticieroscanalsiete\" \/>\n<meta property=\"article:published_time\" content=\"2022-09-21T23:54:31+00:00\" \/>\n<meta property=\"og:image\" content=\"https:\/\/canal7slp.tv\/2022\/wp-content\/uploads\/2022\/09\/Vazquez03Irregularidades.jpg\" \/>\n\t<meta property=\"og:image:width\" content=\"888\" \/>\n\t<meta property=\"og:image:height\" content=\"500\" \/>\n\t<meta property=\"og:image:type\" content=\"image\/jpeg\" \/>\n<meta name=\"author\" content=\"Edici\u00f3n Web\" \/>\n<meta name=\"twitter:card\" content=\"summary_large_image\" \/>\n<meta name=\"twitter:creator\" content=\"@NOTICIEROS7\" \/>\n<meta name=\"twitter:site\" content=\"@NOTICIEROS7\" \/>\n<meta name=\"twitter:label1\" content=\"Escrito por\" \/>\n\t<meta name=\"twitter:data1\" content=\"Edici\u00f3n Web\" \/>\n\t<meta name=\"twitter:label2\" content=\"Tiempo de lectura\" \/>\n\t<meta name=\"twitter:data2\" content=\"3 minutos\" \/>\n<script type=\"application\/ld+json\" class=\"yoast-schema-graph\">{\"@context\":\"https:\\\/\\\/schema.org\",\"@graph\":[{\"@type\":\"Article\",\"@id\":\"https:\\\/\\\/canal7slp.tv\\\/2022\\\/autoridades-en-villa-de-arista-se-negaron-a-iniciar-procedimiento-por-la-desaparicion-de-chuyita-con-pretexto-de-que-se-habia-ido-con-el-novio-externan-familiares-de-la-joven-asesinada-en-villa-de-a-2\\\/#article\",\"isPartOf\":{\"@id\":\"https:\\\/\\\/canal7slp.tv\\\/2022\\\/autoridades-en-villa-de-arista-se-negaron-a-iniciar-procedimiento-por-la-desaparicion-de-chuyita-con-pretexto-de-que-se-habia-ido-con-el-novio-externan-familiares-de-la-joven-asesinada-en-villa-de-a-2\\\/\"},\"author\":{\"name\":\"Edici\u00f3n Web\",\"@id\":\"https:\\\/\\\/canal7slp.tv\\\/2022\\\/#\\\/schema\\\/person\\\/429704152a21f5f856ce29aa69a238da\"},\"headline\":\"Autoridades en Villa de Arista se negaron a iniciar procedimiento por la desaparici\u00f3n de Chuyita, con pretexto de que se hab\u00eda ido con el novio; externan familiares de la joven asesinada en Villa de Arista.\",\"datePublished\":\"2022-09-21T23:54:31+00:00\",\"mainEntityOfPage\":{\"@id\":\"https:\\\/\\\/canal7slp.tv\\\/2022\\\/autoridades-en-villa-de-arista-se-negaron-a-iniciar-procedimiento-por-la-desaparicion-de-chuyita-con-pretexto-de-que-se-habia-ido-con-el-novio-externan-familiares-de-la-joven-asesinada-en-villa-de-a-2\\\/\"},\"wordCount\":612,\"publisher\":{\"@id\":\"https:\\\/\\\/canal7slp.tv\\\/2022\\\/#organization\"},\"image\":{\"@id\":\"https:\\\/\\\/canal7slp.tv\\\/2022\\\/autoridades-en-villa-de-arista-se-negaron-a-iniciar-procedimiento-por-la-desaparicion-de-chuyita-con-pretexto-de-que-se-habia-ido-con-el-novio-externan-familiares-de-la-joven-asesinada-en-villa-de-a-2\\\/#primaryimage\"},\"thumbnailUrl\":\"https:\\\/\\\/canal7slp.tv\\\/2022\\\/wp-content\\\/uploads\\\/2022\\\/09\\\/Vazquez03Irregularidades.jpg\",\"articleSection\":[\"DESTACADAS\",\"LOCALES Y REGIONALES\"],\"inLanguage\":\"es\"},{\"@type\":\"WebPage\",\"@id\":\"https:\\\/\\\/canal7slp.tv\\\/2022\\\/autoridades-en-villa-de-arista-se-negaron-a-iniciar-procedimiento-por-la-desaparicion-de-chuyita-con-pretexto-de-que-se-habia-ido-con-el-novio-externan-familiares-de-la-joven-asesinada-en-villa-de-a-2\\\/\",\"url\":\"https:\\\/\\\/canal7slp.tv\\\/2022\\\/autoridades-en-villa-de-arista-se-negaron-a-iniciar-procedimiento-por-la-desaparicion-de-chuyita-con-pretexto-de-que-se-habia-ido-con-el-novio-externan-familiares-de-la-joven-asesinada-en-villa-de-a-2\\\/\",\"name\":\"Autoridades en Villa de Arista se negaron a iniciar procedimiento por la desaparici\u00f3n de Chuyita, con pretexto de que se hab\u00eda ido con el novio; externan familiares de la joven asesinada en Villa de Arista. - Canal 7 SLP - 2022\",\"isPartOf\":{\"@id\":\"https:\\\/\\\/canal7slp.tv\\\/2022\\\/#website\"},\"primaryImageOfPage\":{\"@id\":\"https:\\\/\\\/canal7slp.tv\\\/2022\\\/autoridades-en-villa-de-arista-se-negaron-a-iniciar-procedimiento-por-la-desaparicion-de-chuyita-con-pretexto-de-que-se-habia-ido-con-el-novio-externan-familiares-de-la-joven-asesinada-en-villa-de-a-2\\\/#primaryimage\"},\"image\":{\"@id\":\"https:\\\/\\\/canal7slp.tv\\\/2022\\\/autoridades-en-villa-de-arista-se-negaron-a-iniciar-procedimiento-por-la-desaparicion-de-chuyita-con-pretexto-de-que-se-habia-ido-con-el-novio-externan-familiares-de-la-joven-asesinada-en-villa-de-a-2\\\/#primaryimage\"},\"thumbnailUrl\":\"https:\\\/\\\/canal7slp.tv\\\/2022\\\/wp-content\\\/uploads\\\/2022\\\/09\\\/Vazquez03Irregularidades.jpg\",\"datePublished\":\"2022-09-21T23:54:31+00:00\",\"breadcrumb\":{\"@id\":\"https:\\\/\\\/canal7slp.tv\\\/2022\\\/autoridades-en-villa-de-arista-se-negaron-a-iniciar-procedimiento-por-la-desaparicion-de-chuyita-con-pretexto-de-que-se-habia-ido-con-el-novio-externan-familiares-de-la-joven-asesinada-en-villa-de-a-2\\\/#breadcrumb\"},\"inLanguage\":\"es\",\"potentialAction\":[{\"@type\":\"ReadAction\",\"target\":[\"https:\\\/\\\/canal7slp.tv\\\/2022\\\/autoridades-en-villa-de-arista-se-negaron-a-iniciar-procedimiento-por-la-desaparicion-de-chuyita-con-pretexto-de-que-se-habia-ido-con-el-novio-externan-familiares-de-la-joven-asesinada-en-villa-de-a-2\\\/\"]}]},{\"@type\":\"ImageObject\",\"inLanguage\":\"es\",\"@id\":\"https:\\\/\\\/canal7slp.tv\\\/2022\\\/autoridades-en-villa-de-arista-se-negaron-a-iniciar-procedimiento-por-la-desaparicion-de-chuyita-con-pretexto-de-que-se-habia-ido-con-el-novio-externan-familiares-de-la-joven-asesinada-en-villa-de-a-2\\\/#primaryimage\",\"url\":\"https:\\\/\\\/canal7slp.tv\\\/2022\\\/wp-content\\\/uploads\\\/2022\\\/09\\\/Vazquez03Irregularidades.jpg\",\"contentUrl\":\"https:\\\/\\\/canal7slp.tv\\\/2022\\\/wp-content\\\/uploads\\\/2022\\\/09\\\/Vazquez03Irregularidades.jpg\",\"width\":888,\"height\":500},{\"@type\":\"BreadcrumbList\",\"@id\":\"https:\\\/\\\/canal7slp.tv\\\/2022\\\/autoridades-en-villa-de-arista-se-negaron-a-iniciar-procedimiento-por-la-desaparicion-de-chuyita-con-pretexto-de-que-se-habia-ido-con-el-novio-externan-familiares-de-la-joven-asesinada-en-villa-de-a-2\\\/#breadcrumb\",\"itemListElement\":[{\"@type\":\"ListItem\",\"position\":1,\"name\":\"Portada\",\"item\":\"https:\\\/\\\/canal7slp.tv\\\/2022\\\/\"},{\"@type\":\"ListItem\",\"position\":2,\"name\":\"Autoridades en Villa de Arista se negaron a iniciar procedimiento por la desaparici\u00f3n de Chuyita, con pretexto de que se hab\u00eda ido con el novio; externan familiares de la joven asesinada en Villa de Arista.\"}]},{\"@type\":\"WebSite\",\"@id\":\"https:\\\/\\\/canal7slp.tv\\\/2022\\\/#website\",\"url\":\"https:\\\/\\\/canal7slp.tv\\\/2022\\\/\",\"name\":\"N7 - Noticieros Canal 7\",\"description\":\"Somos Televisi\u00f3n\",\"publisher\":{\"@id\":\"https:\\\/\\\/canal7slp.tv\\\/2022\\\/#organization\"},\"potentialAction\":[{\"@type\":\"SearchAction\",\"target\":{\"@type\":\"EntryPoint\",\"urlTemplate\":\"https:\\\/\\\/canal7slp.tv\\\/2022\\\/?s={search_term_string}\"},\"query-input\":{\"@type\":\"PropertyValueSpecification\",\"valueRequired\":true,\"valueName\":\"search_term_string\"}}],\"inLanguage\":\"es\"},{\"@type\":\"Organization\",\"@id\":\"https:\\\/\\\/canal7slp.tv\\\/2022\\\/#organization\",\"name\":\"Noticieros Canal 7\",\"url\":\"https:\\\/\\\/canal7slp.tv\\\/2022\\\/\",\"logo\":{\"@type\":\"ImageObject\",\"inLanguage\":\"es\",\"@id\":\"https:\\\/\\\/canal7slp.tv\\\/2022\\\/#\\\/schema\\\/logo\\\/image\\\/\",\"url\":\"https:\\\/\\\/canal7slp.tv\\\/2022\\\/wp-content\\\/uploads\\\/2021\\\/01\\\/logo-noticieros@2x.png\",\"contentUrl\":\"https:\\\/\\\/canal7slp.tv\\\/2022\\\/wp-content\\\/uploads\\\/2021\\\/01\\\/logo-noticieros@2x.png\",\"width\":1017,\"height\":268,\"caption\":\"Noticieros Canal 7\"},\"image\":{\"@id\":\"https:\\\/\\\/canal7slp.tv\\\/2022\\\/#\\\/schema\\\/logo\\\/image\\\/\"},\"sameAs\":[\"https:\\\/\\\/www.facebook.com\\\/noticieroscanalsiete\",\"https:\\\/\\\/x.com\\\/NOTICIEROS7\",\"https:\\\/\\\/www.instagram.com\\\/canal7_slp\",\"https:\\\/\\\/www.youtube.com\\\/channel\\\/UCliiYs-gP3JfJeqdPrNdd5A\"]},{\"@type\":\"Person\",\"@id\":\"https:\\\/\\\/canal7slp.tv\\\/2022\\\/#\\\/schema\\\/person\\\/429704152a21f5f856ce29aa69a238da\",\"name\":\"Edici\u00f3n Web\",\"image\":{\"@type\":\"ImageObject\",\"inLanguage\":\"es\",\"@id\":\"https:\\\/\\\/secure.gravatar.com\\\/avatar\\\/eee448fc3f7164808013b816ba91ac7e43bbe82a70bebac296f8bc6f0addaa1a?s=96&d=mm&r=g\",\"url\":\"https:\\\/\\\/secure.gravatar.com\\\/avatar\\\/eee448fc3f7164808013b816ba91ac7e43bbe82a70bebac296f8bc6f0addaa1a?s=96&d=mm&r=g\",\"contentUrl\":\"https:\\\/\\\/secure.gravatar.com\\\/avatar\\\/eee448fc3f7164808013b816ba91ac7e43bbe82a70bebac296f8bc6f0addaa1a?s=96&d=mm&r=g\",\"caption\":\"Edici\u00f3n Web\"},\"url\":\"https:\\\/\\\/canal7slp.tv\\\/2022\\\/author\\\/edicionweb\\\/\"}]}<\/script>\n<!-- \/ Yoast SEO plugin. -->","yoast_head_json":{"title":"Autoridades en Villa de Arista se negaron a iniciar procedimiento por la desaparici\u00f3n de Chuyita, con pretexto de que se hab\u00eda ido con el novio; externan familiares de la joven asesinada en Villa de Arista. - Canal 7 SLP - 2022","robots":{"index":"index","follow":"follow","max-snippet":"max-snippet:-1","max-image-preview":"max-image-preview:large","max-video-preview":"max-video-preview:-1"},"canonical":"https:\/\/canal7slp.tv\/2022\/autoridades-en-villa-de-arista-se-negaron-a-iniciar-procedimiento-por-la-desaparicion-de-chuyita-con-pretexto-de-que-se-habia-ido-con-el-novio-externan-familiares-de-la-joven-asesinada-en-villa-de-a-2\/","og_locale":"es_ES","og_type":"article","og_title":"Autoridades en Villa de Arista se negaron a iniciar procedimiento por la desaparici\u00f3n de Chuyita, con pretexto de que se hab\u00eda ido con el novio; externan familiares de la joven asesinada en Villa de Arista. - Canal 7 SLP - 2022","og_description":"La familia de la v\u00edctima advierte que no se dio acceso a la carpeta de investigaci\u00f3n, ni se permiti\u00f3 que se reconociera el cuerpo. SLP.- En rueda de prensa, el padre de Chuyita Rodr\u00edguez y sus abogados denunciaron una serie de irregularidades y omisiones cometidas por las autoridades desde que se tuvo conocimiento de su desaparici\u00f3n y cuando se confirmo su asesinato. Chuyita era una joven de 14 a\u00f1os de edad originaria del municipio de Villa de Arista, cuyo cuerpo sin vida fue encontrado en unos ba\u00f1os al interior de una unidad deportiva con visibles huellas de violencia. Fueron los [&hellip;]","og_url":"https:\/\/canal7slp.tv\/2022\/autoridades-en-villa-de-arista-se-negaron-a-iniciar-procedimiento-por-la-desaparicion-de-chuyita-con-pretexto-de-que-se-habia-ido-con-el-novio-externan-familiares-de-la-joven-asesinada-en-villa-de-a-2\/","og_site_name":"Canal 7 SLP - 2022","article_publisher":"https:\/\/www.facebook.com\/noticieroscanalsiete","article_published_time":"2022-09-21T23:54:31+00:00","og_image":[{"width":888,"height":500,"url":"https:\/\/canal7slp.tv\/2022\/wp-content\/uploads\/2022\/09\/Vazquez03Irregularidades.jpg","type":"image\/jpeg"}],"author":"Edici\u00f3n Web","twitter_card":"summary_large_image","twitter_creator":"@NOTICIEROS7","twitter_site":"@NOTICIEROS7","twitter_misc":{"Escrito por":"Edici\u00f3n Web","Tiempo de lectura":"3 minutos"},"schema":{"@context":"https:\/\/schema.org","@graph":[{"@type":"Article","@id":"https:\/\/canal7slp.tv\/2022\/autoridades-en-villa-de-arista-se-negaron-a-iniciar-procedimiento-por-la-desaparicion-de-chuyita-con-pretexto-de-que-se-habia-ido-con-el-novio-externan-familiares-de-la-joven-asesinada-en-villa-de-a-2\/#article","isPartOf":{"@id":"https:\/\/canal7slp.tv\/2022\/autoridades-en-villa-de-arista-se-negaron-a-iniciar-procedimiento-por-la-desaparicion-de-chuyita-con-pretexto-de-que-se-habia-ido-con-el-novio-externan-familiares-de-la-joven-asesinada-en-villa-de-a-2\/"},"author":{"name":"Edici\u00f3n Web","@id":"https:\/\/canal7slp.tv\/2022\/#\/schema\/person\/429704152a21f5f856ce29aa69a238da"},"headline":"Autoridades en Villa de Arista se negaron a iniciar procedimiento por la desaparici\u00f3n de Chuyita, con pretexto de que se hab\u00eda ido con el novio; externan familiares de la joven asesinada en Villa de Arista.","datePublished":"2022-09-21T23:54:31+00:00","mainEntityOfPage":{"@id":"https:\/\/canal7slp.tv\/2022\/autoridades-en-villa-de-arista-se-negaron-a-iniciar-procedimiento-por-la-desaparicion-de-chuyita-con-pretexto-de-que-se-habia-ido-con-el-novio-externan-familiares-de-la-joven-asesinada-en-villa-de-a-2\/"},"wordCount":612,"publisher":{"@id":"https:\/\/canal7slp.tv\/2022\/#organization"},"image":{"@id":"https:\/\/canal7slp.tv\/2022\/autoridades-en-villa-de-arista-se-negaron-a-iniciar-procedimiento-por-la-desaparicion-de-chuyita-con-pretexto-de-que-se-habia-ido-con-el-novio-externan-familiares-de-la-joven-asesinada-en-villa-de-a-2\/#primaryimage"},"thumbnailUrl":"https:\/\/canal7slp.tv\/2022\/wp-content\/uploads\/2022\/09\/Vazquez03Irregularidades.jpg","articleSection":["DESTACADAS","LOCALES Y REGIONALES"],"inLanguage":"es"},{"@type":"WebPage","@id":"https:\/\/canal7slp.tv\/2022\/autoridades-en-villa-de-arista-se-negaron-a-iniciar-procedimiento-por-la-desaparicion-de-chuyita-con-pretexto-de-que-se-habia-ido-con-el-novio-externan-familiares-de-la-joven-asesinada-en-villa-de-a-2\/","url":"https:\/\/canal7slp.tv\/2022\/autoridades-en-villa-de-arista-se-negaron-a-iniciar-procedimiento-por-la-desaparicion-de-chuyita-con-pretexto-de-que-se-habia-ido-con-el-novio-externan-familiares-de-la-joven-asesinada-en-villa-de-a-2\/","name":"Autoridades en Villa de Arista se negaron a iniciar procedimiento por la desaparici\u00f3n de Chuyita, con pretexto de que se hab\u00eda ido con el novio; externan familiares de la joven asesinada en Villa de Arista. - Canal 7 SLP - 2022","isPartOf":{"@id":"https:\/\/canal7slp.tv\/2022\/#website"},"primaryImageOfPage":{"@id":"https:\/\/canal7slp.tv\/2022\/autoridades-en-villa-de-arista-se-negaron-a-iniciar-procedimiento-por-la-desaparicion-de-chuyita-con-pretexto-de-que-se-habia-ido-con-el-novio-externan-familiares-de-la-joven-asesinada-en-villa-de-a-2\/#primaryimage"},"image":{"@id":"https:\/\/canal7slp.tv\/2022\/autoridades-en-villa-de-arista-se-negaron-a-iniciar-procedimiento-por-la-desaparicion-de-chuyita-con-pretexto-de-que-se-habia-ido-con-el-novio-externan-familiares-de-la-joven-asesinada-en-villa-de-a-2\/#primaryimage"},"thumbnailUrl":"https:\/\/canal7slp.tv\/2022\/wp-content\/uploads\/2022\/09\/Vazquez03Irregularidades.jpg","datePublished":"2022-09-21T23:54:31+00:00","breadcrumb":{"@id":"https:\/\/canal7slp.tv\/2022\/autoridades-en-villa-de-arista-se-negaron-a-iniciar-procedimiento-por-la-desaparicion-de-chuyita-con-pretexto-de-que-se-habia-ido-con-el-novio-externan-familiares-de-la-joven-asesinada-en-villa-de-a-2\/#breadcrumb"},"inLanguage":"es","potentialAction":[{"@type":"ReadAction","target":["https:\/\/canal7slp.tv\/2022\/autoridades-en-villa-de-arista-se-negaron-a-iniciar-procedimiento-por-la-desaparicion-de-chuyita-con-pretexto-de-que-se-habia-ido-con-el-novio-externan-familiares-de-la-joven-asesinada-en-villa-de-a-2\/"]}]},{"@type":"ImageObject","inLanguage":"es","@id":"https:\/\/canal7slp.tv\/2022\/autoridades-en-villa-de-arista-se-negaron-a-iniciar-procedimiento-por-la-desaparicion-de-chuyita-con-pretexto-de-que-se-habia-ido-con-el-novio-externan-familiares-de-la-joven-asesinada-en-villa-de-a-2\/#primaryimage","url":"https:\/\/canal7slp.tv\/2022\/wp-content\/uploads\/2022\/09\/Vazquez03Irregularidades.jpg","contentUrl":"https:\/\/canal7slp.tv\/2022\/wp-content\/uploads\/2022\/09\/Vazquez03Irregularidades.jpg","width":888,"height":500},{"@type":"BreadcrumbList","@id":"https:\/\/canal7slp.tv\/2022\/autoridades-en-villa-de-arista-se-negaron-a-iniciar-procedimiento-por-la-desaparicion-de-chuyita-con-pretexto-de-que-se-habia-ido-con-el-novio-externan-familiares-de-la-joven-asesinada-en-villa-de-a-2\/#breadcrumb","itemListElement":[{"@type":"ListItem","position":1,"name":"Portada","item":"https:\/\/canal7slp.tv\/2022\/"},{"@type":"ListItem","position":2,"name":"Autoridades en Villa de Arista se negaron a iniciar procedimiento por la desaparici\u00f3n de Chuyita, con pretexto de que se hab\u00eda ido con el novio; externan familiares de la joven asesinada en Villa de Arista."}]},{"@type":"WebSite","@id":"https:\/\/canal7slp.tv\/2022\/#website","url":"https:\/\/canal7slp.tv\/2022\/","name":"N7 - Noticieros Canal 7","description":"Somos Televisi\u00f3n","publisher":{"@id":"https:\/\/canal7slp.tv\/2022\/#organization"},"potentialAction":[{"@type":"SearchAction","target":{"@type":"EntryPoint","urlTemplate":"https:\/\/canal7slp.tv\/2022\/?s={search_term_string}"},"query-input":{"@type":"PropertyValueSpecification","valueRequired":true,"valueName":"search_term_string"}}],"inLanguage":"es"},{"@type":"Organization","@id":"https:\/\/canal7slp.tv\/2022\/#organization","name":"Noticieros Canal 7","url":"https:\/\/canal7slp.tv\/2022\/","logo":{"@type":"ImageObject","inLanguage":"es","@id":"https:\/\/canal7slp.tv\/2022\/#\/schema\/logo\/image\/","url":"https:\/\/canal7slp.tv\/2022\/wp-content\/uploads\/2021\/01\/logo-noticieros@2x.png","contentUrl":"https:\/\/canal7slp.tv\/2022\/wp-content\/uploads\/2021\/01\/logo-noticieros@2x.png","width":1017,"height":268,"caption":"Noticieros Canal 7"},"image":{"@id":"https:\/\/canal7slp.tv\/2022\/#\/schema\/logo\/image\/"},"sameAs":["https:\/\/www.facebook.com\/noticieroscanalsiete","https:\/\/x.com\/NOTICIEROS7","https:\/\/www.instagram.com\/canal7_slp","https:\/\/www.youtube.com\/channel\/UCliiYs-gP3JfJeqdPrNdd5A"]},{"@type":"Person","@id":"https:\/\/canal7slp.tv\/2022\/#\/schema\/person\/429704152a21f5f856ce29aa69a238da","name":"Edici\u00f3n Web","image":{"@type":"ImageObject","inLanguage":"es","@id":"https:\/\/secure.gravatar.com\/avatar\/eee448fc3f7164808013b816ba91ac7e43bbe82a70bebac296f8bc6f0addaa1a?s=96&d=mm&r=g","url":"https:\/\/secure.gravatar.com\/avatar\/eee448fc3f7164808013b816ba91ac7e43bbe82a70bebac296f8bc6f0addaa1a?s=96&d=mm&r=g","contentUrl":"https:\/\/secure.gravatar.com\/avatar\/eee448fc3f7164808013b816ba91ac7e43bbe82a70bebac296f8bc6f0addaa1a?s=96&d=mm&r=g","caption":"Edici\u00f3n Web"},"url":"https:\/\/canal7slp.tv\/2022\/author\/edicionweb\/"}]}},"amp_enabled":true,"_links":{"self":[{"href":"https:\/\/canal7slp.tv\/2022\/wp-json\/wp\/v2\/posts\/73507","targetHints":{"allow":["GET"]}}],"collection":[{"href":"https:\/\/canal7slp.tv\/2022\/wp-json\/wp\/v2\/posts"}],"about":[{"href":"https:\/\/canal7slp.tv\/2022\/wp-json\/wp\/v2\/types\/post"}],"author":[{"embeddable":true,"href":"https:\/\/canal7slp.tv\/2022\/wp-json\/wp\/v2\/users\/2"}],"replies":[{"embeddable":true,"href":"https:\/\/canal7slp.tv\/2022\/wp-json\/wp\/v2\/comments?post=73507"}],"version-history":[{"count":2,"href":"https:\/\/canal7slp.tv\/2022\/wp-json\/wp\/v2\/posts\/73507\/revisions"}],"predecessor-version":[{"id":73551,"href":"https:\/\/canal7slp.tv\/2022\/wp-json\/wp\/v2\/posts\/73507\/revisions\/73551"}],"wp:featuredmedia":[{"embeddable":true,"href":"https:\/\/canal7slp.tv\/2022\/wp-json\/wp\/v2\/media\/73552"}],"wp:attachment":[{"href":"https:\/\/canal7slp.tv\/2022\/wp-json\/wp\/v2\/media?parent=73507"}],"wp:term":[{"taxonomy":"category","embeddable":true,"href":"https:\/\/canal7slp.tv\/2022\/wp-json\/wp\/v2\/categories?post=73507"},{"taxonomy":"post_tag","embeddable":true,"href":"https:\/\/canal7slp.tv\/2022\/wp-json\/wp\/v2\/tags?post=73507"}],"curies":[{"name":"wp","href":"https:\/\/api.w.org\/{rel}","templated":true}]}}