{"id":73505,"date":"2022-09-21T15:43:28","date_gmt":"2022-09-21T21:43:28","guid":{"rendered":"https:\/\/canal7slp.tv\/2022\/?p=73505"},"modified":"2022-09-21T15:43:28","modified_gmt":"2022-09-21T21:43:28","slug":"inaugura-gobierno-del-estado-tortilleria-subsidiada-en-las-trancas-y-da-arranque-a-la-rehabilitacion-de-avenida-san-pedro","status":"publish","type":"post","link":"https:\/\/canal7slp.tv\/2022\/inaugura-gobierno-del-estado-tortilleria-subsidiada-en-las-trancas-y-da-arranque-a-la-rehabilitacion-de-avenida-san-pedro\/","title":{"rendered":"Inaugura Gobierno del Estado tortiller\u00eda subsidiada en Las Trancas y da arranque a la rehabilitaci\u00f3n de avenida San Pedro."},"content":{"rendered":"<p style=\"text-align: justify;\">SLP.- El Gobierno del Estado de San Luis Potos\u00ed inaugur\u00f3 una tortiller\u00eda subsidiada m\u00e1s en la Colonia Las Trancas correspondiente a la capital potosina, la misma est\u00e1 ubicada sobre la calle Orqu\u00eddea #410.<\/p>\n<p style=\"text-align: justify;\">El evento estuvo encabezado por el mandatario estatal, Jos\u00e9 Ricardo Gallardo Cardona, quien destac\u00f3 que diariamente se producir\u00e1n hasta 600 kilos de tortilla para los habitantes de esta zona.<\/p>\n<p style=\"text-align: justify;\">\u00abEste programa de la tortiller\u00eda va a ir a todas las colonias de la capital potosina sin excepci\u00f3n alguna porque todos tienen derecho a llevar tortilla subsidiada del gobierno a menos de la mitad de precio, porque ya anunciaron que va a subir a m\u00e1s de 20 pesos el kilo de tortilla y se pronostica a 27 pesos para el pr\u00f3ximo a\u00f1o, pero ustedes van a salir aqu\u00ed con su tortilla de 10 pesos\u00bb, agreg\u00f3.<\/p>\n<p style=\"text-align: justify;\">Aunado a ello, adelant\u00f3 que en la misma colonia se instalar\u00e1 una purificadora de agua totalmente gratuita en beneficio de la ciudadan\u00eda:<\/p>\n<p style=\"text-align: justify;\">\u00abVamos a regresar porque vamos a poner purificadoras de agua gratuita en Las Flores, en la Tercera, en todas las colonias de San Luis Potos\u00ed van a regresar m\u00e1s de 100 purificadores\u00bb, dijo.<\/p>\n<p style=\"text-align: justify;\">Posterior al evento de inauguraci\u00f3n, el ejecutivo estatal acudi\u00f3 al arranque de rehabilitaci\u00f3n integral de la Avenida San Pedro en su tramo de Mariano Hern\u00e1ndez a circuito Potos\u00ed Oriente en Soledad de Graciano S\u00e1nchez.<\/p>\n<p style=\"text-align: justify;\">Para este proyecto se invertir\u00e1n poco m\u00e1s de 25 millones de pesos, en el que se realizaran diversos trabajos entre los que se contempla: pavimento asf\u00e1ltico, banquetas, guarniciones, alumbrado p\u00fablico y se\u00f1al\u00e9tica.<\/p>\n<p>Por: Jos\u00e9 Luis V\u00e1zquez<\/p>\n","protected":false},"excerpt":{"rendered":"<p>SLP.- El Gobierno del Estado de San Luis Potos\u00ed inaugur\u00f3 una tortiller\u00eda subsidiada m\u00e1s en la Colonia Las Trancas correspondiente a la capital potosina, la misma est\u00e1 ubicada sobre la calle Orqu\u00eddea #410. El evento estuvo encabezado por el mandatario estatal, Jos\u00e9 Ricardo Gallardo Cardona, quien destac\u00f3 que diariamente se producir\u00e1n hasta 600 kilos de tortilla para los habitantes de esta zona. \u00abEste programa de la tortiller\u00eda va a ir a todas las colonias de la capital potosina sin excepci\u00f3n alguna porque todos tienen derecho a llevar tortilla subsidiada del gobierno a menos de la mitad de precio, porque ya [&hellip;]<\/p>\n","protected":false},"author":2,"featured_media":73537,"comment_status":"closed","ping_status":"closed","sticky":false,"template":"","format":"video","meta":{"footnotes":""},"categories":[5,510,45],"tags":[],"class_list":["post-73505","post","type-post","status-publish","format-video","has-post-thumbnail","hentry","category-destacadas","category-gobedoslp","category-localesyregionales","post_format-post-format-video","post--single"],"yoast_head":"<!-- This site is optimized with the Yoast SEO plugin v27.5 - https:\/\/yoast.com\/product\/yoast-seo-wordpress\/ -->\n<title>Inaugura Gobierno del Estado tortiller\u00eda subsidiada en Las Trancas y da arranque a la rehabilitaci\u00f3n de avenida San Pedro. - Canal 7 SLP - 2022<\/title>\n<meta name=\"robots\" content=\"index, follow, max-snippet:-1, max-image-preview:large, max-video-preview:-1\" \/>\n<link rel=\"canonical\" href=\"https:\/\/canal7slp.tv\/2022\/inaugura-gobierno-del-estado-tortilleria-subsidiada-en-las-trancas-y-da-arranque-a-la-rehabilitacion-de-avenida-san-pedro\/\" \/>\n<meta property=\"og:locale\" content=\"es_ES\" \/>\n<meta property=\"og:type\" content=\"article\" \/>\n<meta property=\"og:title\" content=\"Inaugura Gobierno del Estado tortiller\u00eda subsidiada en Las Trancas y da arranque a la rehabilitaci\u00f3n de avenida San Pedro. - Canal 7 SLP - 2022\" \/>\n<meta property=\"og:description\" content=\"SLP.- El Gobierno del Estado de San Luis Potos\u00ed inaugur\u00f3 una tortiller\u00eda subsidiada m\u00e1s en la Colonia Las Trancas correspondiente a la capital potosina, la misma est\u00e1 ubicada sobre la calle Orqu\u00eddea #410. El evento estuvo encabezado por el mandatario estatal, Jos\u00e9 Ricardo Gallardo Cardona, quien destac\u00f3 que diariamente se producir\u00e1n hasta 600 kilos de tortilla para los habitantes de esta zona. \u00abEste programa de la tortiller\u00eda va a ir a todas las colonias de la capital potosina sin excepci\u00f3n alguna porque todos tienen derecho a llevar tortilla subsidiada del gobierno a menos de la mitad de precio, porque ya [&hellip;]\" \/>\n<meta property=\"og:url\" content=\"https:\/\/canal7slp.tv\/2022\/inaugura-gobierno-del-estado-tortilleria-subsidiada-en-las-trancas-y-da-arranque-a-la-rehabilitacion-de-avenida-san-pedro\/\" \/>\n<meta property=\"og:site_name\" content=\"Canal 7 SLP - 2022\" \/>\n<meta property=\"article:publisher\" content=\"https:\/\/www.facebook.com\/noticieroscanalsiete\" \/>\n<meta property=\"article:published_time\" content=\"2022-09-21T21:43:28+00:00\" \/>\n<meta property=\"og:image\" content=\"https:\/\/canal7slp.tv\/2022\/wp-content\/uploads\/2022\/09\/Vazquez02Tortilleria.jpg\" \/>\n\t<meta property=\"og:image:width\" content=\"888\" \/>\n\t<meta property=\"og:image:height\" content=\"500\" \/>\n\t<meta property=\"og:image:type\" content=\"image\/jpeg\" \/>\n<meta name=\"author\" content=\"Edici\u00f3n Web\" \/>\n<meta name=\"twitter:card\" content=\"summary_large_image\" \/>\n<meta name=\"twitter:creator\" content=\"@NOTICIEROS7\" \/>\n<meta name=\"twitter:site\" content=\"@NOTICIEROS7\" \/>\n<meta name=\"twitter:label1\" content=\"Escrito por\" \/>\n\t<meta name=\"twitter:data1\" content=\"Edici\u00f3n Web\" \/>\n\t<meta name=\"twitter:label2\" content=\"Tiempo de lectura\" \/>\n\t<meta name=\"twitter:data2\" content=\"2 minutos\" \/>\n<script type=\"application\/ld+json\" class=\"yoast-schema-graph\">{\"@context\":\"https:\\\/\\\/schema.org\",\"@graph\":[{\"@type\":\"Article\",\"@id\":\"https:\\\/\\\/canal7slp.tv\\\/2022\\\/inaugura-gobierno-del-estado-tortilleria-subsidiada-en-las-trancas-y-da-arranque-a-la-rehabilitacion-de-avenida-san-pedro\\\/#article\",\"isPartOf\":{\"@id\":\"https:\\\/\\\/canal7slp.tv\\\/2022\\\/inaugura-gobierno-del-estado-tortilleria-subsidiada-en-las-trancas-y-da-arranque-a-la-rehabilitacion-de-avenida-san-pedro\\\/\"},\"author\":{\"name\":\"Edici\u00f3n Web\",\"@id\":\"https:\\\/\\\/canal7slp.tv\\\/2022\\\/#\\\/schema\\\/person\\\/429704152a21f5f856ce29aa69a238da\"},\"headline\":\"Inaugura Gobierno del Estado tortiller\u00eda subsidiada en Las Trancas y da arranque a la rehabilitaci\u00f3n de avenida San Pedro.\",\"datePublished\":\"2022-09-21T21:43:28+00:00\",\"mainEntityOfPage\":{\"@id\":\"https:\\\/\\\/canal7slp.tv\\\/2022\\\/inaugura-gobierno-del-estado-tortilleria-subsidiada-en-las-trancas-y-da-arranque-a-la-rehabilitacion-de-avenida-san-pedro\\\/\"},\"wordCount\":299,\"publisher\":{\"@id\":\"https:\\\/\\\/canal7slp.tv\\\/2022\\\/#organization\"},\"image\":{\"@id\":\"https:\\\/\\\/canal7slp.tv\\\/2022\\\/inaugura-gobierno-del-estado-tortilleria-subsidiada-en-las-trancas-y-da-arranque-a-la-rehabilitacion-de-avenida-san-pedro\\\/#primaryimage\"},\"thumbnailUrl\":\"https:\\\/\\\/canal7slp.tv\\\/2022\\\/wp-content\\\/uploads\\\/2022\\\/09\\\/Vazquez02Tortilleria.jpg\",\"articleSection\":[\"DESTACADAS\",\"GOBEDOSLP\",\"LOCALES Y REGIONALES\"],\"inLanguage\":\"es\"},{\"@type\":\"WebPage\",\"@id\":\"https:\\\/\\\/canal7slp.tv\\\/2022\\\/inaugura-gobierno-del-estado-tortilleria-subsidiada-en-las-trancas-y-da-arranque-a-la-rehabilitacion-de-avenida-san-pedro\\\/\",\"url\":\"https:\\\/\\\/canal7slp.tv\\\/2022\\\/inaugura-gobierno-del-estado-tortilleria-subsidiada-en-las-trancas-y-da-arranque-a-la-rehabilitacion-de-avenida-san-pedro\\\/\",\"name\":\"Inaugura Gobierno del Estado tortiller\u00eda subsidiada en Las Trancas y da arranque a la rehabilitaci\u00f3n de avenida San Pedro. - Canal 7 SLP - 2022\",\"isPartOf\":{\"@id\":\"https:\\\/\\\/canal7slp.tv\\\/2022\\\/#website\"},\"primaryImageOfPage\":{\"@id\":\"https:\\\/\\\/canal7slp.tv\\\/2022\\\/inaugura-gobierno-del-estado-tortilleria-subsidiada-en-las-trancas-y-da-arranque-a-la-rehabilitacion-de-avenida-san-pedro\\\/#primaryimage\"},\"image\":{\"@id\":\"https:\\\/\\\/canal7slp.tv\\\/2022\\\/inaugura-gobierno-del-estado-tortilleria-subsidiada-en-las-trancas-y-da-arranque-a-la-rehabilitacion-de-avenida-san-pedro\\\/#primaryimage\"},\"thumbnailUrl\":\"https:\\\/\\\/canal7slp.tv\\\/2022\\\/wp-content\\\/uploads\\\/2022\\\/09\\\/Vazquez02Tortilleria.jpg\",\"datePublished\":\"2022-09-21T21:43:28+00:00\",\"breadcrumb\":{\"@id\":\"https:\\\/\\\/canal7slp.tv\\\/2022\\\/inaugura-gobierno-del-estado-tortilleria-subsidiada-en-las-trancas-y-da-arranque-a-la-rehabilitacion-de-avenida-san-pedro\\\/#breadcrumb\"},\"inLanguage\":\"es\",\"potentialAction\":[{\"@type\":\"ReadAction\",\"target\":[\"https:\\\/\\\/canal7slp.tv\\\/2022\\\/inaugura-gobierno-del-estado-tortilleria-subsidiada-en-las-trancas-y-da-arranque-a-la-rehabilitacion-de-avenida-san-pedro\\\/\"]}]},{\"@type\":\"ImageObject\",\"inLanguage\":\"es\",\"@id\":\"https:\\\/\\\/canal7slp.tv\\\/2022\\\/inaugura-gobierno-del-estado-tortilleria-subsidiada-en-las-trancas-y-da-arranque-a-la-rehabilitacion-de-avenida-san-pedro\\\/#primaryimage\",\"url\":\"https:\\\/\\\/canal7slp.tv\\\/2022\\\/wp-content\\\/uploads\\\/2022\\\/09\\\/Vazquez02Tortilleria.jpg\",\"contentUrl\":\"https:\\\/\\\/canal7slp.tv\\\/2022\\\/wp-content\\\/uploads\\\/2022\\\/09\\\/Vazquez02Tortilleria.jpg\",\"width\":888,\"height\":500},{\"@type\":\"BreadcrumbList\",\"@id\":\"https:\\\/\\\/canal7slp.tv\\\/2022\\\/inaugura-gobierno-del-estado-tortilleria-subsidiada-en-las-trancas-y-da-arranque-a-la-rehabilitacion-de-avenida-san-pedro\\\/#breadcrumb\",\"itemListElement\":[{\"@type\":\"ListItem\",\"position\":1,\"name\":\"Portada\",\"item\":\"https:\\\/\\\/canal7slp.tv\\\/2022\\\/\"},{\"@type\":\"ListItem\",\"position\":2,\"name\":\"Inaugura Gobierno del Estado tortiller\u00eda subsidiada en Las Trancas y da arranque a la rehabilitaci\u00f3n de avenida San Pedro.\"}]},{\"@type\":\"WebSite\",\"@id\":\"https:\\\/\\\/canal7slp.tv\\\/2022\\\/#website\",\"url\":\"https:\\\/\\\/canal7slp.tv\\\/2022\\\/\",\"name\":\"N7 - Noticieros Canal 7\",\"description\":\"Somos Televisi\u00f3n\",\"publisher\":{\"@id\":\"https:\\\/\\\/canal7slp.tv\\\/2022\\\/#organization\"},\"potentialAction\":[{\"@type\":\"SearchAction\",\"target\":{\"@type\":\"EntryPoint\",\"urlTemplate\":\"https:\\\/\\\/canal7slp.tv\\\/2022\\\/?s={search_term_string}\"},\"query-input\":{\"@type\":\"PropertyValueSpecification\",\"valueRequired\":true,\"valueName\":\"search_term_string\"}}],\"inLanguage\":\"es\"},{\"@type\":\"Organization\",\"@id\":\"https:\\\/\\\/canal7slp.tv\\\/2022\\\/#organization\",\"name\":\"Noticieros Canal 7\",\"url\":\"https:\\\/\\\/canal7slp.tv\\\/2022\\\/\",\"logo\":{\"@type\":\"ImageObject\",\"inLanguage\":\"es\",\"@id\":\"https:\\\/\\\/canal7slp.tv\\\/2022\\\/#\\\/schema\\\/logo\\\/image\\\/\",\"url\":\"https:\\\/\\\/canal7slp.tv\\\/2022\\\/wp-content\\\/uploads\\\/2021\\\/01\\\/logo-noticieros@2x.png\",\"contentUrl\":\"https:\\\/\\\/canal7slp.tv\\\/2022\\\/wp-content\\\/uploads\\\/2021\\\/01\\\/logo-noticieros@2x.png\",\"width\":1017,\"height\":268,\"caption\":\"Noticieros Canal 7\"},\"image\":{\"@id\":\"https:\\\/\\\/canal7slp.tv\\\/2022\\\/#\\\/schema\\\/logo\\\/image\\\/\"},\"sameAs\":[\"https:\\\/\\\/www.facebook.com\\\/noticieroscanalsiete\",\"https:\\\/\\\/x.com\\\/NOTICIEROS7\",\"https:\\\/\\\/www.instagram.com\\\/canal7_slp\",\"https:\\\/\\\/www.youtube.com\\\/channel\\\/UCliiYs-gP3JfJeqdPrNdd5A\"]},{\"@type\":\"Person\",\"@id\":\"https:\\\/\\\/canal7slp.tv\\\/2022\\\/#\\\/schema\\\/person\\\/429704152a21f5f856ce29aa69a238da\",\"name\":\"Edici\u00f3n Web\",\"image\":{\"@type\":\"ImageObject\",\"inLanguage\":\"es\",\"@id\":\"https:\\\/\\\/secure.gravatar.com\\\/avatar\\\/eee448fc3f7164808013b816ba91ac7e43bbe82a70bebac296f8bc6f0addaa1a?s=96&d=mm&r=g\",\"url\":\"https:\\\/\\\/secure.gravatar.com\\\/avatar\\\/eee448fc3f7164808013b816ba91ac7e43bbe82a70bebac296f8bc6f0addaa1a?s=96&d=mm&r=g\",\"contentUrl\":\"https:\\\/\\\/secure.gravatar.com\\\/avatar\\\/eee448fc3f7164808013b816ba91ac7e43bbe82a70bebac296f8bc6f0addaa1a?s=96&d=mm&r=g\",\"caption\":\"Edici\u00f3n Web\"},\"url\":\"https:\\\/\\\/canal7slp.tv\\\/2022\\\/author\\\/edicionweb\\\/\"}]}<\/script>\n<!-- \/ Yoast SEO plugin. -->","yoast_head_json":{"title":"Inaugura Gobierno del Estado tortiller\u00eda subsidiada en Las Trancas y da arranque a la rehabilitaci\u00f3n de avenida San Pedro. - Canal 7 SLP - 2022","robots":{"index":"index","follow":"follow","max-snippet":"max-snippet:-1","max-image-preview":"max-image-preview:large","max-video-preview":"max-video-preview:-1"},"canonical":"https:\/\/canal7slp.tv\/2022\/inaugura-gobierno-del-estado-tortilleria-subsidiada-en-las-trancas-y-da-arranque-a-la-rehabilitacion-de-avenida-san-pedro\/","og_locale":"es_ES","og_type":"article","og_title":"Inaugura Gobierno del Estado tortiller\u00eda subsidiada en Las Trancas y da arranque a la rehabilitaci\u00f3n de avenida San Pedro. - Canal 7 SLP - 2022","og_description":"SLP.- El Gobierno del Estado de San Luis Potos\u00ed inaugur\u00f3 una tortiller\u00eda subsidiada m\u00e1s en la Colonia Las Trancas correspondiente a la capital potosina, la misma est\u00e1 ubicada sobre la calle Orqu\u00eddea #410. El evento estuvo encabezado por el mandatario estatal, Jos\u00e9 Ricardo Gallardo Cardona, quien destac\u00f3 que diariamente se producir\u00e1n hasta 600 kilos de tortilla para los habitantes de esta zona. \u00abEste programa de la tortiller\u00eda va a ir a todas las colonias de la capital potosina sin excepci\u00f3n alguna porque todos tienen derecho a llevar tortilla subsidiada del gobierno a menos de la mitad de precio, porque ya [&hellip;]","og_url":"https:\/\/canal7slp.tv\/2022\/inaugura-gobierno-del-estado-tortilleria-subsidiada-en-las-trancas-y-da-arranque-a-la-rehabilitacion-de-avenida-san-pedro\/","og_site_name":"Canal 7 SLP - 2022","article_publisher":"https:\/\/www.facebook.com\/noticieroscanalsiete","article_published_time":"2022-09-21T21:43:28+00:00","og_image":[{"width":888,"height":500,"url":"https:\/\/canal7slp.tv\/2022\/wp-content\/uploads\/2022\/09\/Vazquez02Tortilleria.jpg","type":"image\/jpeg"}],"author":"Edici\u00f3n Web","twitter_card":"summary_large_image","twitter_creator":"@NOTICIEROS7","twitter_site":"@NOTICIEROS7","twitter_misc":{"Escrito por":"Edici\u00f3n Web","Tiempo de lectura":"2 minutos"},"schema":{"@context":"https:\/\/schema.org","@graph":[{"@type":"Article","@id":"https:\/\/canal7slp.tv\/2022\/inaugura-gobierno-del-estado-tortilleria-subsidiada-en-las-trancas-y-da-arranque-a-la-rehabilitacion-de-avenida-san-pedro\/#article","isPartOf":{"@id":"https:\/\/canal7slp.tv\/2022\/inaugura-gobierno-del-estado-tortilleria-subsidiada-en-las-trancas-y-da-arranque-a-la-rehabilitacion-de-avenida-san-pedro\/"},"author":{"name":"Edici\u00f3n Web","@id":"https:\/\/canal7slp.tv\/2022\/#\/schema\/person\/429704152a21f5f856ce29aa69a238da"},"headline":"Inaugura Gobierno del Estado tortiller\u00eda subsidiada en Las Trancas y da arranque a la rehabilitaci\u00f3n de avenida San Pedro.","datePublished":"2022-09-21T21:43:28+00:00","mainEntityOfPage":{"@id":"https:\/\/canal7slp.tv\/2022\/inaugura-gobierno-del-estado-tortilleria-subsidiada-en-las-trancas-y-da-arranque-a-la-rehabilitacion-de-avenida-san-pedro\/"},"wordCount":299,"publisher":{"@id":"https:\/\/canal7slp.tv\/2022\/#organization"},"image":{"@id":"https:\/\/canal7slp.tv\/2022\/inaugura-gobierno-del-estado-tortilleria-subsidiada-en-las-trancas-y-da-arranque-a-la-rehabilitacion-de-avenida-san-pedro\/#primaryimage"},"thumbnailUrl":"https:\/\/canal7slp.tv\/2022\/wp-content\/uploads\/2022\/09\/Vazquez02Tortilleria.jpg","articleSection":["DESTACADAS","GOBEDOSLP","LOCALES Y REGIONALES"],"inLanguage":"es"},{"@type":"WebPage","@id":"https:\/\/canal7slp.tv\/2022\/inaugura-gobierno-del-estado-tortilleria-subsidiada-en-las-trancas-y-da-arranque-a-la-rehabilitacion-de-avenida-san-pedro\/","url":"https:\/\/canal7slp.tv\/2022\/inaugura-gobierno-del-estado-tortilleria-subsidiada-en-las-trancas-y-da-arranque-a-la-rehabilitacion-de-avenida-san-pedro\/","name":"Inaugura Gobierno del Estado tortiller\u00eda subsidiada en Las Trancas y da arranque a la rehabilitaci\u00f3n de avenida San Pedro. - Canal 7 SLP - 2022","isPartOf":{"@id":"https:\/\/canal7slp.tv\/2022\/#website"},"primaryImageOfPage":{"@id":"https:\/\/canal7slp.tv\/2022\/inaugura-gobierno-del-estado-tortilleria-subsidiada-en-las-trancas-y-da-arranque-a-la-rehabilitacion-de-avenida-san-pedro\/#primaryimage"},"image":{"@id":"https:\/\/canal7slp.tv\/2022\/inaugura-gobierno-del-estado-tortilleria-subsidiada-en-las-trancas-y-da-arranque-a-la-rehabilitacion-de-avenida-san-pedro\/#primaryimage"},"thumbnailUrl":"https:\/\/canal7slp.tv\/2022\/wp-content\/uploads\/2022\/09\/Vazquez02Tortilleria.jpg","datePublished":"2022-09-21T21:43:28+00:00","breadcrumb":{"@id":"https:\/\/canal7slp.tv\/2022\/inaugura-gobierno-del-estado-tortilleria-subsidiada-en-las-trancas-y-da-arranque-a-la-rehabilitacion-de-avenida-san-pedro\/#breadcrumb"},"inLanguage":"es","potentialAction":[{"@type":"ReadAction","target":["https:\/\/canal7slp.tv\/2022\/inaugura-gobierno-del-estado-tortilleria-subsidiada-en-las-trancas-y-da-arranque-a-la-rehabilitacion-de-avenida-san-pedro\/"]}]},{"@type":"ImageObject","inLanguage":"es","@id":"https:\/\/canal7slp.tv\/2022\/inaugura-gobierno-del-estado-tortilleria-subsidiada-en-las-trancas-y-da-arranque-a-la-rehabilitacion-de-avenida-san-pedro\/#primaryimage","url":"https:\/\/canal7slp.tv\/2022\/wp-content\/uploads\/2022\/09\/Vazquez02Tortilleria.jpg","contentUrl":"https:\/\/canal7slp.tv\/2022\/wp-content\/uploads\/2022\/09\/Vazquez02Tortilleria.jpg","width":888,"height":500},{"@type":"BreadcrumbList","@id":"https:\/\/canal7slp.tv\/2022\/inaugura-gobierno-del-estado-tortilleria-subsidiada-en-las-trancas-y-da-arranque-a-la-rehabilitacion-de-avenida-san-pedro\/#breadcrumb","itemListElement":[{"@type":"ListItem","position":1,"name":"Portada","item":"https:\/\/canal7slp.tv\/2022\/"},{"@type":"ListItem","position":2,"name":"Inaugura Gobierno del Estado tortiller\u00eda subsidiada en Las Trancas y da arranque a la rehabilitaci\u00f3n de avenida San Pedro."}]},{"@type":"WebSite","@id":"https:\/\/canal7slp.tv\/2022\/#website","url":"https:\/\/canal7slp.tv\/2022\/","name":"N7 - Noticieros Canal 7","description":"Somos Televisi\u00f3n","publisher":{"@id":"https:\/\/canal7slp.tv\/2022\/#organization"},"potentialAction":[{"@type":"SearchAction","target":{"@type":"EntryPoint","urlTemplate":"https:\/\/canal7slp.tv\/2022\/?s={search_term_string}"},"query-input":{"@type":"PropertyValueSpecification","valueRequired":true,"valueName":"search_term_string"}}],"inLanguage":"es"},{"@type":"Organization","@id":"https:\/\/canal7slp.tv\/2022\/#organization","name":"Noticieros Canal 7","url":"https:\/\/canal7slp.tv\/2022\/","logo":{"@type":"ImageObject","inLanguage":"es","@id":"https:\/\/canal7slp.tv\/2022\/#\/schema\/logo\/image\/","url":"https:\/\/canal7slp.tv\/2022\/wp-content\/uploads\/2021\/01\/logo-noticieros@2x.png","contentUrl":"https:\/\/canal7slp.tv\/2022\/wp-content\/uploads\/2021\/01\/logo-noticieros@2x.png","width":1017,"height":268,"caption":"Noticieros Canal 7"},"image":{"@id":"https:\/\/canal7slp.tv\/2022\/#\/schema\/logo\/image\/"},"sameAs":["https:\/\/www.facebook.com\/noticieroscanalsiete","https:\/\/x.com\/NOTICIEROS7","https:\/\/www.instagram.com\/canal7_slp","https:\/\/www.youtube.com\/channel\/UCliiYs-gP3JfJeqdPrNdd5A"]},{"@type":"Person","@id":"https:\/\/canal7slp.tv\/2022\/#\/schema\/person\/429704152a21f5f856ce29aa69a238da","name":"Edici\u00f3n Web","image":{"@type":"ImageObject","inLanguage":"es","@id":"https:\/\/secure.gravatar.com\/avatar\/eee448fc3f7164808013b816ba91ac7e43bbe82a70bebac296f8bc6f0addaa1a?s=96&d=mm&r=g","url":"https:\/\/secure.gravatar.com\/avatar\/eee448fc3f7164808013b816ba91ac7e43bbe82a70bebac296f8bc6f0addaa1a?s=96&d=mm&r=g","contentUrl":"https:\/\/secure.gravatar.com\/avatar\/eee448fc3f7164808013b816ba91ac7e43bbe82a70bebac296f8bc6f0addaa1a?s=96&d=mm&r=g","caption":"Edici\u00f3n Web"},"url":"https:\/\/canal7slp.tv\/2022\/author\/edicionweb\/"}]}},"amp_enabled":true,"_links":{"self":[{"href":"https:\/\/canal7slp.tv\/2022\/wp-json\/wp\/v2\/posts\/73505","targetHints":{"allow":["GET"]}}],"collection":[{"href":"https:\/\/canal7slp.tv\/2022\/wp-json\/wp\/v2\/posts"}],"about":[{"href":"https:\/\/canal7slp.tv\/2022\/wp-json\/wp\/v2\/types\/post"}],"author":[{"embeddable":true,"href":"https:\/\/canal7slp.tv\/2022\/wp-json\/wp\/v2\/users\/2"}],"replies":[{"embeddable":true,"href":"https:\/\/canal7slp.tv\/2022\/wp-json\/wp\/v2\/comments?post=73505"}],"version-history":[{"count":4,"href":"https:\/\/canal7slp.tv\/2022\/wp-json\/wp\/v2\/posts\/73505\/revisions"}],"predecessor-version":[{"id":73539,"href":"https:\/\/canal7slp.tv\/2022\/wp-json\/wp\/v2\/posts\/73505\/revisions\/73539"}],"wp:featuredmedia":[{"embeddable":true,"href":"https:\/\/canal7slp.tv\/2022\/wp-json\/wp\/v2\/media\/73537"}],"wp:attachment":[{"href":"https:\/\/canal7slp.tv\/2022\/wp-json\/wp\/v2\/media?parent=73505"}],"wp:term":[{"taxonomy":"category","embeddable":true,"href":"https:\/\/canal7slp.tv\/2022\/wp-json\/wp\/v2\/categories?post=73505"},{"taxonomy":"post_tag","embeddable":true,"href":"https:\/\/canal7slp.tv\/2022\/wp-json\/wp\/v2\/tags?post=73505"}],"curies":[{"name":"wp","href":"https:\/\/api.w.org\/{rel}","templated":true}]}}