{"id":73289,"date":"2022-09-19T17:36:26","date_gmt":"2022-09-19T23:36:26","guid":{"rendered":"https:\/\/canal7slp.tv\/2022\/?p=73289"},"modified":"2022-09-19T17:36:26","modified_gmt":"2022-09-19T23:36:26","slug":"continua-proceso-de-renovacion-de-comites-municipales-en-el-pan","status":"publish","type":"post","link":"https:\/\/canal7slp.tv\/2022\/continua-proceso-de-renovacion-de-comites-municipales-en-el-pan\/","title":{"rendered":"Contin\u00faa proceso de renovaci\u00f3n de Comit\u00e9s Municipales en el PAN."},"content":{"rendered":"<p style=\"text-align: justify;\">SLP.- Los d\u00edas 17 y 18 de este mes de Septiembre militantes del Partido Acci\u00f3n Nacional participaron en las Asambleas Municipales para elegir a las y los candidatos al Consejo Nacional y Estatal, as\u00ed como a las presidencias e integrantes de los Comit\u00e9s Directivos Municipales para el periodo 2022-2025.<\/p>\n<p style=\"text-align: justify;\">En este contexto la presidenta del Comit\u00e9 Directivo Estatal Ver\u00f3nica Rodr\u00edguez se\u00f1al\u00f3 que habr\u00e1 una coordinaci\u00f3n permanente con las nuevas dirigencias para fortalecer la estructura del partido.<\/p>\n<p style=\"text-align: justify;\">Dijo tambi\u00e9n que dentro del marco de renovaciones de los \u00f3rganos municipales que se est\u00e1n celebrando se est\u00e1 avanzando tambi\u00e9n en la conformaci\u00f3n de las nuevas estructuras regionales.<\/p>\n<p style=\"text-align: justify;\">Los comit\u00e9s que hasta la fecha se han renovado son de los municipios de San Martin Chalchicuautla, Tanqui\u00e1n de Escobedo, Real de Catorce, Ciudad del Ma\u00edz y Vanegas.<\/p>\n<p style=\"text-align: justify;\">Asimismo, se renovaron los comit\u00e9s municipales de El Naranjo, Axtla de Terrazas, Ciudad Valles, Cerritos, Villa de Arriaga y Xilitla.<\/p>\n<p>Por: Claudio Ibarra<\/p>\n","protected":false},"excerpt":{"rendered":"<p>SLP.- Los d\u00edas 17 y 18 de este mes de Septiembre militantes del Partido Acci\u00f3n Nacional participaron en las Asambleas Municipales para elegir a las y los candidatos al Consejo Nacional y Estatal, as\u00ed como a las presidencias e integrantes de los Comit\u00e9s Directivos Municipales para el periodo 2022-2025. En este contexto la presidenta del Comit\u00e9 Directivo Estatal Ver\u00f3nica Rodr\u00edguez se\u00f1al\u00f3 que habr\u00e1 una coordinaci\u00f3n permanente con las nuevas dirigencias para fortalecer la estructura del partido. Dijo tambi\u00e9n que dentro del marco de renovaciones de los \u00f3rganos municipales que se est\u00e1n celebrando se est\u00e1 avanzando tambi\u00e9n en la conformaci\u00f3n de [&hellip;]<\/p>\n","protected":false},"author":2,"featured_media":73311,"comment_status":"closed","ping_status":"closed","sticky":false,"template":"","format":"video","meta":{"footnotes":""},"categories":[5,45],"tags":[],"class_list":["post-73289","post","type-post","status-publish","format-video","has-post-thumbnail","hentry","category-destacadas","category-localesyregionales","post_format-post-format-video","post--single"],"yoast_head":"<!-- This site is optimized with the Yoast SEO plugin v27.5 - https:\/\/yoast.com\/product\/yoast-seo-wordpress\/ -->\n<title>Contin\u00faa proceso de renovaci\u00f3n de Comit\u00e9s Municipales en el PAN. - Canal 7 SLP - 2022<\/title>\n<meta name=\"robots\" content=\"index, follow, max-snippet:-1, max-image-preview:large, max-video-preview:-1\" \/>\n<link rel=\"canonical\" href=\"https:\/\/canal7slp.tv\/2022\/continua-proceso-de-renovacion-de-comites-municipales-en-el-pan\/\" \/>\n<meta property=\"og:locale\" content=\"es_ES\" \/>\n<meta property=\"og:type\" content=\"article\" \/>\n<meta property=\"og:title\" content=\"Contin\u00faa proceso de renovaci\u00f3n de Comit\u00e9s Municipales en el PAN. - Canal 7 SLP - 2022\" \/>\n<meta property=\"og:description\" content=\"SLP.- Los d\u00edas 17 y 18 de este mes de Septiembre militantes del Partido Acci\u00f3n Nacional participaron en las Asambleas Municipales para elegir a las y los candidatos al Consejo Nacional y Estatal, as\u00ed como a las presidencias e integrantes de los Comit\u00e9s Directivos Municipales para el periodo 2022-2025. En este contexto la presidenta del Comit\u00e9 Directivo Estatal Ver\u00f3nica Rodr\u00edguez se\u00f1al\u00f3 que habr\u00e1 una coordinaci\u00f3n permanente con las nuevas dirigencias para fortalecer la estructura del partido. Dijo tambi\u00e9n que dentro del marco de renovaciones de los \u00f3rganos municipales que se est\u00e1n celebrando se est\u00e1 avanzando tambi\u00e9n en la conformaci\u00f3n de [&hellip;]\" \/>\n<meta property=\"og:url\" content=\"https:\/\/canal7slp.tv\/2022\/continua-proceso-de-renovacion-de-comites-municipales-en-el-pan\/\" \/>\n<meta property=\"og:site_name\" content=\"Canal 7 SLP - 2022\" \/>\n<meta property=\"article:publisher\" content=\"https:\/\/www.facebook.com\/noticieroscanalsiete\" \/>\n<meta property=\"article:published_time\" content=\"2022-09-19T23:36:26+00:00\" \/>\n<meta property=\"og:image\" content=\"https:\/\/canal7slp.tv\/2022\/wp-content\/uploads\/2022\/09\/Claudio02Renovacion.jpg\" \/>\n\t<meta property=\"og:image:width\" content=\"888\" \/>\n\t<meta property=\"og:image:height\" content=\"500\" \/>\n\t<meta property=\"og:image:type\" content=\"image\/jpeg\" \/>\n<meta name=\"author\" content=\"Edici\u00f3n Web\" \/>\n<meta name=\"twitter:card\" content=\"summary_large_image\" \/>\n<meta name=\"twitter:creator\" content=\"@NOTICIEROS7\" \/>\n<meta name=\"twitter:site\" content=\"@NOTICIEROS7\" \/>\n<meta name=\"twitter:label1\" content=\"Escrito por\" \/>\n\t<meta name=\"twitter:data1\" content=\"Edici\u00f3n Web\" \/>\n\t<meta name=\"twitter:label2\" content=\"Tiempo de lectura\" \/>\n\t<meta name=\"twitter:data2\" content=\"1 minuto\" \/>\n<script type=\"application\/ld+json\" class=\"yoast-schema-graph\">{\"@context\":\"https:\\\/\\\/schema.org\",\"@graph\":[{\"@type\":\"Article\",\"@id\":\"https:\\\/\\\/canal7slp.tv\\\/2022\\\/continua-proceso-de-renovacion-de-comites-municipales-en-el-pan\\\/#article\",\"isPartOf\":{\"@id\":\"https:\\\/\\\/canal7slp.tv\\\/2022\\\/continua-proceso-de-renovacion-de-comites-municipales-en-el-pan\\\/\"},\"author\":{\"name\":\"Edici\u00f3n Web\",\"@id\":\"https:\\\/\\\/canal7slp.tv\\\/2022\\\/#\\\/schema\\\/person\\\/429704152a21f5f856ce29aa69a238da\"},\"headline\":\"Contin\u00faa proceso de renovaci\u00f3n de Comit\u00e9s Municipales en el PAN.\",\"datePublished\":\"2022-09-19T23:36:26+00:00\",\"mainEntityOfPage\":{\"@id\":\"https:\\\/\\\/canal7slp.tv\\\/2022\\\/continua-proceso-de-renovacion-de-comites-municipales-en-el-pan\\\/\"},\"wordCount\":182,\"publisher\":{\"@id\":\"https:\\\/\\\/canal7slp.tv\\\/2022\\\/#organization\"},\"image\":{\"@id\":\"https:\\\/\\\/canal7slp.tv\\\/2022\\\/continua-proceso-de-renovacion-de-comites-municipales-en-el-pan\\\/#primaryimage\"},\"thumbnailUrl\":\"https:\\\/\\\/canal7slp.tv\\\/2022\\\/wp-content\\\/uploads\\\/2022\\\/09\\\/Claudio02Renovacion.jpg\",\"articleSection\":[\"DESTACADAS\",\"LOCALES Y REGIONALES\"],\"inLanguage\":\"es\"},{\"@type\":\"WebPage\",\"@id\":\"https:\\\/\\\/canal7slp.tv\\\/2022\\\/continua-proceso-de-renovacion-de-comites-municipales-en-el-pan\\\/\",\"url\":\"https:\\\/\\\/canal7slp.tv\\\/2022\\\/continua-proceso-de-renovacion-de-comites-municipales-en-el-pan\\\/\",\"name\":\"Contin\u00faa proceso de renovaci\u00f3n de Comit\u00e9s Municipales en el PAN. - Canal 7 SLP - 2022\",\"isPartOf\":{\"@id\":\"https:\\\/\\\/canal7slp.tv\\\/2022\\\/#website\"},\"primaryImageOfPage\":{\"@id\":\"https:\\\/\\\/canal7slp.tv\\\/2022\\\/continua-proceso-de-renovacion-de-comites-municipales-en-el-pan\\\/#primaryimage\"},\"image\":{\"@id\":\"https:\\\/\\\/canal7slp.tv\\\/2022\\\/continua-proceso-de-renovacion-de-comites-municipales-en-el-pan\\\/#primaryimage\"},\"thumbnailUrl\":\"https:\\\/\\\/canal7slp.tv\\\/2022\\\/wp-content\\\/uploads\\\/2022\\\/09\\\/Claudio02Renovacion.jpg\",\"datePublished\":\"2022-09-19T23:36:26+00:00\",\"breadcrumb\":{\"@id\":\"https:\\\/\\\/canal7slp.tv\\\/2022\\\/continua-proceso-de-renovacion-de-comites-municipales-en-el-pan\\\/#breadcrumb\"},\"inLanguage\":\"es\",\"potentialAction\":[{\"@type\":\"ReadAction\",\"target\":[\"https:\\\/\\\/canal7slp.tv\\\/2022\\\/continua-proceso-de-renovacion-de-comites-municipales-en-el-pan\\\/\"]}]},{\"@type\":\"ImageObject\",\"inLanguage\":\"es\",\"@id\":\"https:\\\/\\\/canal7slp.tv\\\/2022\\\/continua-proceso-de-renovacion-de-comites-municipales-en-el-pan\\\/#primaryimage\",\"url\":\"https:\\\/\\\/canal7slp.tv\\\/2022\\\/wp-content\\\/uploads\\\/2022\\\/09\\\/Claudio02Renovacion.jpg\",\"contentUrl\":\"https:\\\/\\\/canal7slp.tv\\\/2022\\\/wp-content\\\/uploads\\\/2022\\\/09\\\/Claudio02Renovacion.jpg\",\"width\":888,\"height\":500},{\"@type\":\"BreadcrumbList\",\"@id\":\"https:\\\/\\\/canal7slp.tv\\\/2022\\\/continua-proceso-de-renovacion-de-comites-municipales-en-el-pan\\\/#breadcrumb\",\"itemListElement\":[{\"@type\":\"ListItem\",\"position\":1,\"name\":\"Portada\",\"item\":\"https:\\\/\\\/canal7slp.tv\\\/2022\\\/\"},{\"@type\":\"ListItem\",\"position\":2,\"name\":\"Contin\u00faa proceso de renovaci\u00f3n de Comit\u00e9s Municipales en el PAN.\"}]},{\"@type\":\"WebSite\",\"@id\":\"https:\\\/\\\/canal7slp.tv\\\/2022\\\/#website\",\"url\":\"https:\\\/\\\/canal7slp.tv\\\/2022\\\/\",\"name\":\"N7 - Noticieros Canal 7\",\"description\":\"Somos Televisi\u00f3n\",\"publisher\":{\"@id\":\"https:\\\/\\\/canal7slp.tv\\\/2022\\\/#organization\"},\"potentialAction\":[{\"@type\":\"SearchAction\",\"target\":{\"@type\":\"EntryPoint\",\"urlTemplate\":\"https:\\\/\\\/canal7slp.tv\\\/2022\\\/?s={search_term_string}\"},\"query-input\":{\"@type\":\"PropertyValueSpecification\",\"valueRequired\":true,\"valueName\":\"search_term_string\"}}],\"inLanguage\":\"es\"},{\"@type\":\"Organization\",\"@id\":\"https:\\\/\\\/canal7slp.tv\\\/2022\\\/#organization\",\"name\":\"Noticieros Canal 7\",\"url\":\"https:\\\/\\\/canal7slp.tv\\\/2022\\\/\",\"logo\":{\"@type\":\"ImageObject\",\"inLanguage\":\"es\",\"@id\":\"https:\\\/\\\/canal7slp.tv\\\/2022\\\/#\\\/schema\\\/logo\\\/image\\\/\",\"url\":\"https:\\\/\\\/canal7slp.tv\\\/2022\\\/wp-content\\\/uploads\\\/2021\\\/01\\\/logo-noticieros@2x.png\",\"contentUrl\":\"https:\\\/\\\/canal7slp.tv\\\/2022\\\/wp-content\\\/uploads\\\/2021\\\/01\\\/logo-noticieros@2x.png\",\"width\":1017,\"height\":268,\"caption\":\"Noticieros Canal 7\"},\"image\":{\"@id\":\"https:\\\/\\\/canal7slp.tv\\\/2022\\\/#\\\/schema\\\/logo\\\/image\\\/\"},\"sameAs\":[\"https:\\\/\\\/www.facebook.com\\\/noticieroscanalsiete\",\"https:\\\/\\\/x.com\\\/NOTICIEROS7\",\"https:\\\/\\\/www.instagram.com\\\/canal7_slp\",\"https:\\\/\\\/www.youtube.com\\\/channel\\\/UCliiYs-gP3JfJeqdPrNdd5A\"]},{\"@type\":\"Person\",\"@id\":\"https:\\\/\\\/canal7slp.tv\\\/2022\\\/#\\\/schema\\\/person\\\/429704152a21f5f856ce29aa69a238da\",\"name\":\"Edici\u00f3n Web\",\"image\":{\"@type\":\"ImageObject\",\"inLanguage\":\"es\",\"@id\":\"https:\\\/\\\/secure.gravatar.com\\\/avatar\\\/eee448fc3f7164808013b816ba91ac7e43bbe82a70bebac296f8bc6f0addaa1a?s=96&d=mm&r=g\",\"url\":\"https:\\\/\\\/secure.gravatar.com\\\/avatar\\\/eee448fc3f7164808013b816ba91ac7e43bbe82a70bebac296f8bc6f0addaa1a?s=96&d=mm&r=g\",\"contentUrl\":\"https:\\\/\\\/secure.gravatar.com\\\/avatar\\\/eee448fc3f7164808013b816ba91ac7e43bbe82a70bebac296f8bc6f0addaa1a?s=96&d=mm&r=g\",\"caption\":\"Edici\u00f3n Web\"},\"url\":\"https:\\\/\\\/canal7slp.tv\\\/2022\\\/author\\\/edicionweb\\\/\"}]}<\/script>\n<!-- \/ Yoast SEO plugin. -->","yoast_head_json":{"title":"Contin\u00faa proceso de renovaci\u00f3n de Comit\u00e9s Municipales en el PAN. - Canal 7 SLP - 2022","robots":{"index":"index","follow":"follow","max-snippet":"max-snippet:-1","max-image-preview":"max-image-preview:large","max-video-preview":"max-video-preview:-1"},"canonical":"https:\/\/canal7slp.tv\/2022\/continua-proceso-de-renovacion-de-comites-municipales-en-el-pan\/","og_locale":"es_ES","og_type":"article","og_title":"Contin\u00faa proceso de renovaci\u00f3n de Comit\u00e9s Municipales en el PAN. - Canal 7 SLP - 2022","og_description":"SLP.- Los d\u00edas 17 y 18 de este mes de Septiembre militantes del Partido Acci\u00f3n Nacional participaron en las Asambleas Municipales para elegir a las y los candidatos al Consejo Nacional y Estatal, as\u00ed como a las presidencias e integrantes de los Comit\u00e9s Directivos Municipales para el periodo 2022-2025. En este contexto la presidenta del Comit\u00e9 Directivo Estatal Ver\u00f3nica Rodr\u00edguez se\u00f1al\u00f3 que habr\u00e1 una coordinaci\u00f3n permanente con las nuevas dirigencias para fortalecer la estructura del partido. Dijo tambi\u00e9n que dentro del marco de renovaciones de los \u00f3rganos municipales que se est\u00e1n celebrando se est\u00e1 avanzando tambi\u00e9n en la conformaci\u00f3n de [&hellip;]","og_url":"https:\/\/canal7slp.tv\/2022\/continua-proceso-de-renovacion-de-comites-municipales-en-el-pan\/","og_site_name":"Canal 7 SLP - 2022","article_publisher":"https:\/\/www.facebook.com\/noticieroscanalsiete","article_published_time":"2022-09-19T23:36:26+00:00","og_image":[{"width":888,"height":500,"url":"https:\/\/canal7slp.tv\/2022\/wp-content\/uploads\/2022\/09\/Claudio02Renovacion.jpg","type":"image\/jpeg"}],"author":"Edici\u00f3n Web","twitter_card":"summary_large_image","twitter_creator":"@NOTICIEROS7","twitter_site":"@NOTICIEROS7","twitter_misc":{"Escrito por":"Edici\u00f3n Web","Tiempo de lectura":"1 minuto"},"schema":{"@context":"https:\/\/schema.org","@graph":[{"@type":"Article","@id":"https:\/\/canal7slp.tv\/2022\/continua-proceso-de-renovacion-de-comites-municipales-en-el-pan\/#article","isPartOf":{"@id":"https:\/\/canal7slp.tv\/2022\/continua-proceso-de-renovacion-de-comites-municipales-en-el-pan\/"},"author":{"name":"Edici\u00f3n Web","@id":"https:\/\/canal7slp.tv\/2022\/#\/schema\/person\/429704152a21f5f856ce29aa69a238da"},"headline":"Contin\u00faa proceso de renovaci\u00f3n de Comit\u00e9s Municipales en el PAN.","datePublished":"2022-09-19T23:36:26+00:00","mainEntityOfPage":{"@id":"https:\/\/canal7slp.tv\/2022\/continua-proceso-de-renovacion-de-comites-municipales-en-el-pan\/"},"wordCount":182,"publisher":{"@id":"https:\/\/canal7slp.tv\/2022\/#organization"},"image":{"@id":"https:\/\/canal7slp.tv\/2022\/continua-proceso-de-renovacion-de-comites-municipales-en-el-pan\/#primaryimage"},"thumbnailUrl":"https:\/\/canal7slp.tv\/2022\/wp-content\/uploads\/2022\/09\/Claudio02Renovacion.jpg","articleSection":["DESTACADAS","LOCALES Y REGIONALES"],"inLanguage":"es"},{"@type":"WebPage","@id":"https:\/\/canal7slp.tv\/2022\/continua-proceso-de-renovacion-de-comites-municipales-en-el-pan\/","url":"https:\/\/canal7slp.tv\/2022\/continua-proceso-de-renovacion-de-comites-municipales-en-el-pan\/","name":"Contin\u00faa proceso de renovaci\u00f3n de Comit\u00e9s Municipales en el PAN. - Canal 7 SLP - 2022","isPartOf":{"@id":"https:\/\/canal7slp.tv\/2022\/#website"},"primaryImageOfPage":{"@id":"https:\/\/canal7slp.tv\/2022\/continua-proceso-de-renovacion-de-comites-municipales-en-el-pan\/#primaryimage"},"image":{"@id":"https:\/\/canal7slp.tv\/2022\/continua-proceso-de-renovacion-de-comites-municipales-en-el-pan\/#primaryimage"},"thumbnailUrl":"https:\/\/canal7slp.tv\/2022\/wp-content\/uploads\/2022\/09\/Claudio02Renovacion.jpg","datePublished":"2022-09-19T23:36:26+00:00","breadcrumb":{"@id":"https:\/\/canal7slp.tv\/2022\/continua-proceso-de-renovacion-de-comites-municipales-en-el-pan\/#breadcrumb"},"inLanguage":"es","potentialAction":[{"@type":"ReadAction","target":["https:\/\/canal7slp.tv\/2022\/continua-proceso-de-renovacion-de-comites-municipales-en-el-pan\/"]}]},{"@type":"ImageObject","inLanguage":"es","@id":"https:\/\/canal7slp.tv\/2022\/continua-proceso-de-renovacion-de-comites-municipales-en-el-pan\/#primaryimage","url":"https:\/\/canal7slp.tv\/2022\/wp-content\/uploads\/2022\/09\/Claudio02Renovacion.jpg","contentUrl":"https:\/\/canal7slp.tv\/2022\/wp-content\/uploads\/2022\/09\/Claudio02Renovacion.jpg","width":888,"height":500},{"@type":"BreadcrumbList","@id":"https:\/\/canal7slp.tv\/2022\/continua-proceso-de-renovacion-de-comites-municipales-en-el-pan\/#breadcrumb","itemListElement":[{"@type":"ListItem","position":1,"name":"Portada","item":"https:\/\/canal7slp.tv\/2022\/"},{"@type":"ListItem","position":2,"name":"Contin\u00faa proceso de renovaci\u00f3n de Comit\u00e9s Municipales en el PAN."}]},{"@type":"WebSite","@id":"https:\/\/canal7slp.tv\/2022\/#website","url":"https:\/\/canal7slp.tv\/2022\/","name":"N7 - Noticieros Canal 7","description":"Somos Televisi\u00f3n","publisher":{"@id":"https:\/\/canal7slp.tv\/2022\/#organization"},"potentialAction":[{"@type":"SearchAction","target":{"@type":"EntryPoint","urlTemplate":"https:\/\/canal7slp.tv\/2022\/?s={search_term_string}"},"query-input":{"@type":"PropertyValueSpecification","valueRequired":true,"valueName":"search_term_string"}}],"inLanguage":"es"},{"@type":"Organization","@id":"https:\/\/canal7slp.tv\/2022\/#organization","name":"Noticieros Canal 7","url":"https:\/\/canal7slp.tv\/2022\/","logo":{"@type":"ImageObject","inLanguage":"es","@id":"https:\/\/canal7slp.tv\/2022\/#\/schema\/logo\/image\/","url":"https:\/\/canal7slp.tv\/2022\/wp-content\/uploads\/2021\/01\/logo-noticieros@2x.png","contentUrl":"https:\/\/canal7slp.tv\/2022\/wp-content\/uploads\/2021\/01\/logo-noticieros@2x.png","width":1017,"height":268,"caption":"Noticieros Canal 7"},"image":{"@id":"https:\/\/canal7slp.tv\/2022\/#\/schema\/logo\/image\/"},"sameAs":["https:\/\/www.facebook.com\/noticieroscanalsiete","https:\/\/x.com\/NOTICIEROS7","https:\/\/www.instagram.com\/canal7_slp","https:\/\/www.youtube.com\/channel\/UCliiYs-gP3JfJeqdPrNdd5A"]},{"@type":"Person","@id":"https:\/\/canal7slp.tv\/2022\/#\/schema\/person\/429704152a21f5f856ce29aa69a238da","name":"Edici\u00f3n Web","image":{"@type":"ImageObject","inLanguage":"es","@id":"https:\/\/secure.gravatar.com\/avatar\/eee448fc3f7164808013b816ba91ac7e43bbe82a70bebac296f8bc6f0addaa1a?s=96&d=mm&r=g","url":"https:\/\/secure.gravatar.com\/avatar\/eee448fc3f7164808013b816ba91ac7e43bbe82a70bebac296f8bc6f0addaa1a?s=96&d=mm&r=g","contentUrl":"https:\/\/secure.gravatar.com\/avatar\/eee448fc3f7164808013b816ba91ac7e43bbe82a70bebac296f8bc6f0addaa1a?s=96&d=mm&r=g","caption":"Edici\u00f3n Web"},"url":"https:\/\/canal7slp.tv\/2022\/author\/edicionweb\/"}]}},"amp_enabled":true,"_links":{"self":[{"href":"https:\/\/canal7slp.tv\/2022\/wp-json\/wp\/v2\/posts\/73289","targetHints":{"allow":["GET"]}}],"collection":[{"href":"https:\/\/canal7slp.tv\/2022\/wp-json\/wp\/v2\/posts"}],"about":[{"href":"https:\/\/canal7slp.tv\/2022\/wp-json\/wp\/v2\/types\/post"}],"author":[{"embeddable":true,"href":"https:\/\/canal7slp.tv\/2022\/wp-json\/wp\/v2\/users\/2"}],"replies":[{"embeddable":true,"href":"https:\/\/canal7slp.tv\/2022\/wp-json\/wp\/v2\/comments?post=73289"}],"version-history":[{"count":3,"href":"https:\/\/canal7slp.tv\/2022\/wp-json\/wp\/v2\/posts\/73289\/revisions"}],"predecessor-version":[{"id":73312,"href":"https:\/\/canal7slp.tv\/2022\/wp-json\/wp\/v2\/posts\/73289\/revisions\/73312"}],"wp:featuredmedia":[{"embeddable":true,"href":"https:\/\/canal7slp.tv\/2022\/wp-json\/wp\/v2\/media\/73311"}],"wp:attachment":[{"href":"https:\/\/canal7slp.tv\/2022\/wp-json\/wp\/v2\/media?parent=73289"}],"wp:term":[{"taxonomy":"category","embeddable":true,"href":"https:\/\/canal7slp.tv\/2022\/wp-json\/wp\/v2\/categories?post=73289"},{"taxonomy":"post_tag","embeddable":true,"href":"https:\/\/canal7slp.tv\/2022\/wp-json\/wp\/v2\/tags?post=73289"}],"curies":[{"name":"wp","href":"https:\/\/api.w.org\/{rel}","templated":true}]}}