{"id":73276,"date":"2022-09-19T17:12:02","date_gmt":"2022-09-19T23:12:02","guid":{"rendered":"https:\/\/canal7slp.tv\/2022\/?p=73276"},"modified":"2022-09-19T17:12:02","modified_gmt":"2022-09-19T23:12:02","slug":"detienen-a-presunto-responsable-del-feminicidio-de-chuyita","status":"publish","type":"post","link":"https:\/\/canal7slp.tv\/2022\/detienen-a-presunto-responsable-del-feminicidio-de-chuyita\/","title":{"rendered":"Detienen a presunto responsable del feminicidio de Chuyita."},"content":{"rendered":"<ul>\n<li>El supuesto es originario de Guerrero, revela Fiscal\u00eda.<\/li>\n<\/ul>\n<p style=\"text-align: justify;\">SLP.- El titular de la Fiscal\u00eda General de San Luis Potos\u00ed, Jos\u00e9 Luis Ru\u00edz Contreras, declar\u00f3 que el presunto responsable del feminicidio de Chuyita en el municipio de Villa de Arista ya fue detenido.<\/p>\n<p style=\"text-align: justify;\">Seg\u00fan se refiere, se tratar\u00eda de un hombre que viv\u00eda en condici\u00f3n de calle y proveniente del Estado de Guerrero que no tiene relaci\u00f3n alguna con la victima.<\/p>\n<p style=\"text-align: justify;\">El presunto ser\u00e1 puesto a disposici\u00f3n de un juez de control para esclarecer los hechos.<\/p>\n<p style=\"text-align: justify;\">\u00abNinguna, es una persona que es se\u00f1alada tambi\u00e9n en el mismo municipio de Villa de Arista como generador de otro evento en d\u00f3nde tambi\u00e9n lo estamos investigando, pero no ten\u00eda ninguna relaci\u00f3n\u00bb, detall\u00f3.<\/p>\n<p style=\"text-align: justify;\">Ru\u00edz Contreras indic\u00f3 que la muerte de esta menor de edad se investiga bajo el protocolo de feminicidio, aunque asegur\u00f3 que los hallazgos e indicios indican que se quedar\u00e1 con dicha clasificaci\u00f3n.<\/p>\n<p style=\"text-align: justify;\">Con el asesinato de Chuyita de 14 a\u00f1os de edad, ya suman ocho feminicidios registrados en la entidad potosina.<\/p>\n<p style=\"text-align: justify;\">\u00abOcho feminicidios que tenemos catalogados como tal, hay m\u00e1s muertes violentas, no tengo el n\u00famero, pero con gusto te lo comparto, toda muerte violenta, como les aclaraba hace unos d\u00edas, se inici\u00f3 bajo protocolo de feminicidio, todos sin excepci\u00f3n; de estos ocho, son cuatro los que se han esclarecido y tenemos identificados a los probables\u00bb, termin\u00f3.<\/p>\n<p>Por: Claudio Ibarra<\/p>\n","protected":false},"excerpt":{"rendered":"<p>El supuesto es originario de Guerrero, revela Fiscal\u00eda. SLP.- El titular de la Fiscal\u00eda General de San Luis Potos\u00ed, Jos\u00e9 Luis Ru\u00edz Contreras, declar\u00f3 que el presunto responsable del feminicidio de Chuyita en el municipio de Villa de Arista ya fue detenido. Seg\u00fan se refiere, se tratar\u00eda de un hombre que viv\u00eda en condici\u00f3n de calle y proveniente del Estado de Guerrero que no tiene relaci\u00f3n alguna con la victima. El presunto ser\u00e1 puesto a disposici\u00f3n de un juez de control para esclarecer los hechos. \u00abNinguna, es una persona que es se\u00f1alada tambi\u00e9n en el mismo municipio de Villa de [&hellip;]<\/p>\n","protected":false},"author":2,"featured_media":73305,"comment_status":"closed","ping_status":"closed","sticky":false,"template":"","format":"video","meta":{"footnotes":""},"categories":[5,45],"tags":[],"class_list":["post-73276","post","type-post","status-publish","format-video","has-post-thumbnail","hentry","category-destacadas","category-localesyregionales","post_format-post-format-video","post--single"],"yoast_head":"<!-- This site is optimized with the Yoast SEO plugin v27.5 - https:\/\/yoast.com\/product\/yoast-seo-wordpress\/ -->\n<title>Detienen a presunto responsable del feminicidio de Chuyita. - Canal 7 SLP - 2022<\/title>\n<meta name=\"robots\" content=\"index, follow, max-snippet:-1, max-image-preview:large, max-video-preview:-1\" \/>\n<link rel=\"canonical\" href=\"https:\/\/canal7slp.tv\/2022\/detienen-a-presunto-responsable-del-feminicidio-de-chuyita\/\" \/>\n<meta property=\"og:locale\" content=\"es_ES\" \/>\n<meta property=\"og:type\" content=\"article\" \/>\n<meta property=\"og:title\" content=\"Detienen a presunto responsable del feminicidio de Chuyita. - Canal 7 SLP - 2022\" \/>\n<meta property=\"og:description\" content=\"El supuesto es originario de Guerrero, revela Fiscal\u00eda. SLP.- El titular de la Fiscal\u00eda General de San Luis Potos\u00ed, Jos\u00e9 Luis Ru\u00edz Contreras, declar\u00f3 que el presunto responsable del feminicidio de Chuyita en el municipio de Villa de Arista ya fue detenido. Seg\u00fan se refiere, se tratar\u00eda de un hombre que viv\u00eda en condici\u00f3n de calle y proveniente del Estado de Guerrero que no tiene relaci\u00f3n alguna con la victima. El presunto ser\u00e1 puesto a disposici\u00f3n de un juez de control para esclarecer los hechos. \u00abNinguna, es una persona que es se\u00f1alada tambi\u00e9n en el mismo municipio de Villa de [&hellip;]\" \/>\n<meta property=\"og:url\" content=\"https:\/\/canal7slp.tv\/2022\/detienen-a-presunto-responsable-del-feminicidio-de-chuyita\/\" \/>\n<meta property=\"og:site_name\" content=\"Canal 7 SLP - 2022\" \/>\n<meta property=\"article:publisher\" content=\"https:\/\/www.facebook.com\/noticieroscanalsiete\" \/>\n<meta property=\"article:published_time\" content=\"2022-09-19T23:12:02+00:00\" \/>\n<meta property=\"og:image\" content=\"https:\/\/canal7slp.tv\/2022\/wp-content\/uploads\/2022\/09\/Vazquez03ChuyitaDetenido.jpg\" \/>\n\t<meta property=\"og:image:width\" content=\"888\" \/>\n\t<meta property=\"og:image:height\" content=\"500\" \/>\n\t<meta property=\"og:image:type\" content=\"image\/jpeg\" \/>\n<meta name=\"author\" content=\"Edici\u00f3n Web\" \/>\n<meta name=\"twitter:card\" content=\"summary_large_image\" \/>\n<meta name=\"twitter:creator\" content=\"@NOTICIEROS7\" \/>\n<meta name=\"twitter:site\" content=\"@NOTICIEROS7\" \/>\n<meta name=\"twitter:label1\" content=\"Escrito por\" \/>\n\t<meta name=\"twitter:data1\" content=\"Edici\u00f3n Web\" \/>\n\t<meta name=\"twitter:label2\" content=\"Tiempo de lectura\" \/>\n\t<meta name=\"twitter:data2\" content=\"2 minutos\" \/>\n<script type=\"application\/ld+json\" class=\"yoast-schema-graph\">{\"@context\":\"https:\\\/\\\/schema.org\",\"@graph\":[{\"@type\":\"Article\",\"@id\":\"https:\\\/\\\/canal7slp.tv\\\/2022\\\/detienen-a-presunto-responsable-del-feminicidio-de-chuyita\\\/#article\",\"isPartOf\":{\"@id\":\"https:\\\/\\\/canal7slp.tv\\\/2022\\\/detienen-a-presunto-responsable-del-feminicidio-de-chuyita\\\/\"},\"author\":{\"name\":\"Edici\u00f3n Web\",\"@id\":\"https:\\\/\\\/canal7slp.tv\\\/2022\\\/#\\\/schema\\\/person\\\/429704152a21f5f856ce29aa69a238da\"},\"headline\":\"Detienen a presunto responsable del feminicidio de Chuyita.\",\"datePublished\":\"2022-09-19T23:12:02+00:00\",\"mainEntityOfPage\":{\"@id\":\"https:\\\/\\\/canal7slp.tv\\\/2022\\\/detienen-a-presunto-responsable-del-feminicidio-de-chuyita\\\/\"},\"wordCount\":258,\"publisher\":{\"@id\":\"https:\\\/\\\/canal7slp.tv\\\/2022\\\/#organization\"},\"image\":{\"@id\":\"https:\\\/\\\/canal7slp.tv\\\/2022\\\/detienen-a-presunto-responsable-del-feminicidio-de-chuyita\\\/#primaryimage\"},\"thumbnailUrl\":\"https:\\\/\\\/canal7slp.tv\\\/2022\\\/wp-content\\\/uploads\\\/2022\\\/09\\\/Vazquez03ChuyitaDetenido.jpg\",\"articleSection\":[\"DESTACADAS\",\"LOCALES Y REGIONALES\"],\"inLanguage\":\"es\"},{\"@type\":\"WebPage\",\"@id\":\"https:\\\/\\\/canal7slp.tv\\\/2022\\\/detienen-a-presunto-responsable-del-feminicidio-de-chuyita\\\/\",\"url\":\"https:\\\/\\\/canal7slp.tv\\\/2022\\\/detienen-a-presunto-responsable-del-feminicidio-de-chuyita\\\/\",\"name\":\"Detienen a presunto responsable del feminicidio de Chuyita. - Canal 7 SLP - 2022\",\"isPartOf\":{\"@id\":\"https:\\\/\\\/canal7slp.tv\\\/2022\\\/#website\"},\"primaryImageOfPage\":{\"@id\":\"https:\\\/\\\/canal7slp.tv\\\/2022\\\/detienen-a-presunto-responsable-del-feminicidio-de-chuyita\\\/#primaryimage\"},\"image\":{\"@id\":\"https:\\\/\\\/canal7slp.tv\\\/2022\\\/detienen-a-presunto-responsable-del-feminicidio-de-chuyita\\\/#primaryimage\"},\"thumbnailUrl\":\"https:\\\/\\\/canal7slp.tv\\\/2022\\\/wp-content\\\/uploads\\\/2022\\\/09\\\/Vazquez03ChuyitaDetenido.jpg\",\"datePublished\":\"2022-09-19T23:12:02+00:00\",\"breadcrumb\":{\"@id\":\"https:\\\/\\\/canal7slp.tv\\\/2022\\\/detienen-a-presunto-responsable-del-feminicidio-de-chuyita\\\/#breadcrumb\"},\"inLanguage\":\"es\",\"potentialAction\":[{\"@type\":\"ReadAction\",\"target\":[\"https:\\\/\\\/canal7slp.tv\\\/2022\\\/detienen-a-presunto-responsable-del-feminicidio-de-chuyita\\\/\"]}]},{\"@type\":\"ImageObject\",\"inLanguage\":\"es\",\"@id\":\"https:\\\/\\\/canal7slp.tv\\\/2022\\\/detienen-a-presunto-responsable-del-feminicidio-de-chuyita\\\/#primaryimage\",\"url\":\"https:\\\/\\\/canal7slp.tv\\\/2022\\\/wp-content\\\/uploads\\\/2022\\\/09\\\/Vazquez03ChuyitaDetenido.jpg\",\"contentUrl\":\"https:\\\/\\\/canal7slp.tv\\\/2022\\\/wp-content\\\/uploads\\\/2022\\\/09\\\/Vazquez03ChuyitaDetenido.jpg\",\"width\":888,\"height\":500},{\"@type\":\"BreadcrumbList\",\"@id\":\"https:\\\/\\\/canal7slp.tv\\\/2022\\\/detienen-a-presunto-responsable-del-feminicidio-de-chuyita\\\/#breadcrumb\",\"itemListElement\":[{\"@type\":\"ListItem\",\"position\":1,\"name\":\"Portada\",\"item\":\"https:\\\/\\\/canal7slp.tv\\\/2022\\\/\"},{\"@type\":\"ListItem\",\"position\":2,\"name\":\"Detienen a presunto responsable del feminicidio de Chuyita.\"}]},{\"@type\":\"WebSite\",\"@id\":\"https:\\\/\\\/canal7slp.tv\\\/2022\\\/#website\",\"url\":\"https:\\\/\\\/canal7slp.tv\\\/2022\\\/\",\"name\":\"N7 - Noticieros Canal 7\",\"description\":\"Somos Televisi\u00f3n\",\"publisher\":{\"@id\":\"https:\\\/\\\/canal7slp.tv\\\/2022\\\/#organization\"},\"potentialAction\":[{\"@type\":\"SearchAction\",\"target\":{\"@type\":\"EntryPoint\",\"urlTemplate\":\"https:\\\/\\\/canal7slp.tv\\\/2022\\\/?s={search_term_string}\"},\"query-input\":{\"@type\":\"PropertyValueSpecification\",\"valueRequired\":true,\"valueName\":\"search_term_string\"}}],\"inLanguage\":\"es\"},{\"@type\":\"Organization\",\"@id\":\"https:\\\/\\\/canal7slp.tv\\\/2022\\\/#organization\",\"name\":\"Noticieros Canal 7\",\"url\":\"https:\\\/\\\/canal7slp.tv\\\/2022\\\/\",\"logo\":{\"@type\":\"ImageObject\",\"inLanguage\":\"es\",\"@id\":\"https:\\\/\\\/canal7slp.tv\\\/2022\\\/#\\\/schema\\\/logo\\\/image\\\/\",\"url\":\"https:\\\/\\\/canal7slp.tv\\\/2022\\\/wp-content\\\/uploads\\\/2021\\\/01\\\/logo-noticieros@2x.png\",\"contentUrl\":\"https:\\\/\\\/canal7slp.tv\\\/2022\\\/wp-content\\\/uploads\\\/2021\\\/01\\\/logo-noticieros@2x.png\",\"width\":1017,\"height\":268,\"caption\":\"Noticieros Canal 7\"},\"image\":{\"@id\":\"https:\\\/\\\/canal7slp.tv\\\/2022\\\/#\\\/schema\\\/logo\\\/image\\\/\"},\"sameAs\":[\"https:\\\/\\\/www.facebook.com\\\/noticieroscanalsiete\",\"https:\\\/\\\/x.com\\\/NOTICIEROS7\",\"https:\\\/\\\/www.instagram.com\\\/canal7_slp\",\"https:\\\/\\\/www.youtube.com\\\/channel\\\/UCliiYs-gP3JfJeqdPrNdd5A\"]},{\"@type\":\"Person\",\"@id\":\"https:\\\/\\\/canal7slp.tv\\\/2022\\\/#\\\/schema\\\/person\\\/429704152a21f5f856ce29aa69a238da\",\"name\":\"Edici\u00f3n Web\",\"image\":{\"@type\":\"ImageObject\",\"inLanguage\":\"es\",\"@id\":\"https:\\\/\\\/secure.gravatar.com\\\/avatar\\\/eee448fc3f7164808013b816ba91ac7e43bbe82a70bebac296f8bc6f0addaa1a?s=96&d=mm&r=g\",\"url\":\"https:\\\/\\\/secure.gravatar.com\\\/avatar\\\/eee448fc3f7164808013b816ba91ac7e43bbe82a70bebac296f8bc6f0addaa1a?s=96&d=mm&r=g\",\"contentUrl\":\"https:\\\/\\\/secure.gravatar.com\\\/avatar\\\/eee448fc3f7164808013b816ba91ac7e43bbe82a70bebac296f8bc6f0addaa1a?s=96&d=mm&r=g\",\"caption\":\"Edici\u00f3n Web\"},\"url\":\"https:\\\/\\\/canal7slp.tv\\\/2022\\\/author\\\/edicionweb\\\/\"}]}<\/script>\n<!-- \/ Yoast SEO plugin. -->","yoast_head_json":{"title":"Detienen a presunto responsable del feminicidio de Chuyita. - Canal 7 SLP - 2022","robots":{"index":"index","follow":"follow","max-snippet":"max-snippet:-1","max-image-preview":"max-image-preview:large","max-video-preview":"max-video-preview:-1"},"canonical":"https:\/\/canal7slp.tv\/2022\/detienen-a-presunto-responsable-del-feminicidio-de-chuyita\/","og_locale":"es_ES","og_type":"article","og_title":"Detienen a presunto responsable del feminicidio de Chuyita. - Canal 7 SLP - 2022","og_description":"El supuesto es originario de Guerrero, revela Fiscal\u00eda. SLP.- El titular de la Fiscal\u00eda General de San Luis Potos\u00ed, Jos\u00e9 Luis Ru\u00edz Contreras, declar\u00f3 que el presunto responsable del feminicidio de Chuyita en el municipio de Villa de Arista ya fue detenido. Seg\u00fan se refiere, se tratar\u00eda de un hombre que viv\u00eda en condici\u00f3n de calle y proveniente del Estado de Guerrero que no tiene relaci\u00f3n alguna con la victima. El presunto ser\u00e1 puesto a disposici\u00f3n de un juez de control para esclarecer los hechos. \u00abNinguna, es una persona que es se\u00f1alada tambi\u00e9n en el mismo municipio de Villa de [&hellip;]","og_url":"https:\/\/canal7slp.tv\/2022\/detienen-a-presunto-responsable-del-feminicidio-de-chuyita\/","og_site_name":"Canal 7 SLP - 2022","article_publisher":"https:\/\/www.facebook.com\/noticieroscanalsiete","article_published_time":"2022-09-19T23:12:02+00:00","og_image":[{"width":888,"height":500,"url":"https:\/\/canal7slp.tv\/2022\/wp-content\/uploads\/2022\/09\/Vazquez03ChuyitaDetenido.jpg","type":"image\/jpeg"}],"author":"Edici\u00f3n Web","twitter_card":"summary_large_image","twitter_creator":"@NOTICIEROS7","twitter_site":"@NOTICIEROS7","twitter_misc":{"Escrito por":"Edici\u00f3n Web","Tiempo de lectura":"2 minutos"},"schema":{"@context":"https:\/\/schema.org","@graph":[{"@type":"Article","@id":"https:\/\/canal7slp.tv\/2022\/detienen-a-presunto-responsable-del-feminicidio-de-chuyita\/#article","isPartOf":{"@id":"https:\/\/canal7slp.tv\/2022\/detienen-a-presunto-responsable-del-feminicidio-de-chuyita\/"},"author":{"name":"Edici\u00f3n Web","@id":"https:\/\/canal7slp.tv\/2022\/#\/schema\/person\/429704152a21f5f856ce29aa69a238da"},"headline":"Detienen a presunto responsable del feminicidio de Chuyita.","datePublished":"2022-09-19T23:12:02+00:00","mainEntityOfPage":{"@id":"https:\/\/canal7slp.tv\/2022\/detienen-a-presunto-responsable-del-feminicidio-de-chuyita\/"},"wordCount":258,"publisher":{"@id":"https:\/\/canal7slp.tv\/2022\/#organization"},"image":{"@id":"https:\/\/canal7slp.tv\/2022\/detienen-a-presunto-responsable-del-feminicidio-de-chuyita\/#primaryimage"},"thumbnailUrl":"https:\/\/canal7slp.tv\/2022\/wp-content\/uploads\/2022\/09\/Vazquez03ChuyitaDetenido.jpg","articleSection":["DESTACADAS","LOCALES Y REGIONALES"],"inLanguage":"es"},{"@type":"WebPage","@id":"https:\/\/canal7slp.tv\/2022\/detienen-a-presunto-responsable-del-feminicidio-de-chuyita\/","url":"https:\/\/canal7slp.tv\/2022\/detienen-a-presunto-responsable-del-feminicidio-de-chuyita\/","name":"Detienen a presunto responsable del feminicidio de Chuyita. - Canal 7 SLP - 2022","isPartOf":{"@id":"https:\/\/canal7slp.tv\/2022\/#website"},"primaryImageOfPage":{"@id":"https:\/\/canal7slp.tv\/2022\/detienen-a-presunto-responsable-del-feminicidio-de-chuyita\/#primaryimage"},"image":{"@id":"https:\/\/canal7slp.tv\/2022\/detienen-a-presunto-responsable-del-feminicidio-de-chuyita\/#primaryimage"},"thumbnailUrl":"https:\/\/canal7slp.tv\/2022\/wp-content\/uploads\/2022\/09\/Vazquez03ChuyitaDetenido.jpg","datePublished":"2022-09-19T23:12:02+00:00","breadcrumb":{"@id":"https:\/\/canal7slp.tv\/2022\/detienen-a-presunto-responsable-del-feminicidio-de-chuyita\/#breadcrumb"},"inLanguage":"es","potentialAction":[{"@type":"ReadAction","target":["https:\/\/canal7slp.tv\/2022\/detienen-a-presunto-responsable-del-feminicidio-de-chuyita\/"]}]},{"@type":"ImageObject","inLanguage":"es","@id":"https:\/\/canal7slp.tv\/2022\/detienen-a-presunto-responsable-del-feminicidio-de-chuyita\/#primaryimage","url":"https:\/\/canal7slp.tv\/2022\/wp-content\/uploads\/2022\/09\/Vazquez03ChuyitaDetenido.jpg","contentUrl":"https:\/\/canal7slp.tv\/2022\/wp-content\/uploads\/2022\/09\/Vazquez03ChuyitaDetenido.jpg","width":888,"height":500},{"@type":"BreadcrumbList","@id":"https:\/\/canal7slp.tv\/2022\/detienen-a-presunto-responsable-del-feminicidio-de-chuyita\/#breadcrumb","itemListElement":[{"@type":"ListItem","position":1,"name":"Portada","item":"https:\/\/canal7slp.tv\/2022\/"},{"@type":"ListItem","position":2,"name":"Detienen a presunto responsable del feminicidio de Chuyita."}]},{"@type":"WebSite","@id":"https:\/\/canal7slp.tv\/2022\/#website","url":"https:\/\/canal7slp.tv\/2022\/","name":"N7 - Noticieros Canal 7","description":"Somos Televisi\u00f3n","publisher":{"@id":"https:\/\/canal7slp.tv\/2022\/#organization"},"potentialAction":[{"@type":"SearchAction","target":{"@type":"EntryPoint","urlTemplate":"https:\/\/canal7slp.tv\/2022\/?s={search_term_string}"},"query-input":{"@type":"PropertyValueSpecification","valueRequired":true,"valueName":"search_term_string"}}],"inLanguage":"es"},{"@type":"Organization","@id":"https:\/\/canal7slp.tv\/2022\/#organization","name":"Noticieros Canal 7","url":"https:\/\/canal7slp.tv\/2022\/","logo":{"@type":"ImageObject","inLanguage":"es","@id":"https:\/\/canal7slp.tv\/2022\/#\/schema\/logo\/image\/","url":"https:\/\/canal7slp.tv\/2022\/wp-content\/uploads\/2021\/01\/logo-noticieros@2x.png","contentUrl":"https:\/\/canal7slp.tv\/2022\/wp-content\/uploads\/2021\/01\/logo-noticieros@2x.png","width":1017,"height":268,"caption":"Noticieros Canal 7"},"image":{"@id":"https:\/\/canal7slp.tv\/2022\/#\/schema\/logo\/image\/"},"sameAs":["https:\/\/www.facebook.com\/noticieroscanalsiete","https:\/\/x.com\/NOTICIEROS7","https:\/\/www.instagram.com\/canal7_slp","https:\/\/www.youtube.com\/channel\/UCliiYs-gP3JfJeqdPrNdd5A"]},{"@type":"Person","@id":"https:\/\/canal7slp.tv\/2022\/#\/schema\/person\/429704152a21f5f856ce29aa69a238da","name":"Edici\u00f3n Web","image":{"@type":"ImageObject","inLanguage":"es","@id":"https:\/\/secure.gravatar.com\/avatar\/eee448fc3f7164808013b816ba91ac7e43bbe82a70bebac296f8bc6f0addaa1a?s=96&d=mm&r=g","url":"https:\/\/secure.gravatar.com\/avatar\/eee448fc3f7164808013b816ba91ac7e43bbe82a70bebac296f8bc6f0addaa1a?s=96&d=mm&r=g","contentUrl":"https:\/\/secure.gravatar.com\/avatar\/eee448fc3f7164808013b816ba91ac7e43bbe82a70bebac296f8bc6f0addaa1a?s=96&d=mm&r=g","caption":"Edici\u00f3n Web"},"url":"https:\/\/canal7slp.tv\/2022\/author\/edicionweb\/"}]}},"amp_enabled":true,"_links":{"self":[{"href":"https:\/\/canal7slp.tv\/2022\/wp-json\/wp\/v2\/posts\/73276","targetHints":{"allow":["GET"]}}],"collection":[{"href":"https:\/\/canal7slp.tv\/2022\/wp-json\/wp\/v2\/posts"}],"about":[{"href":"https:\/\/canal7slp.tv\/2022\/wp-json\/wp\/v2\/types\/post"}],"author":[{"embeddable":true,"href":"https:\/\/canal7slp.tv\/2022\/wp-json\/wp\/v2\/users\/2"}],"replies":[{"embeddable":true,"href":"https:\/\/canal7slp.tv\/2022\/wp-json\/wp\/v2\/comments?post=73276"}],"version-history":[{"count":3,"href":"https:\/\/canal7slp.tv\/2022\/wp-json\/wp\/v2\/posts\/73276\/revisions"}],"predecessor-version":[{"id":73306,"href":"https:\/\/canal7slp.tv\/2022\/wp-json\/wp\/v2\/posts\/73276\/revisions\/73306"}],"wp:featuredmedia":[{"embeddable":true,"href":"https:\/\/canal7slp.tv\/2022\/wp-json\/wp\/v2\/media\/73305"}],"wp:attachment":[{"href":"https:\/\/canal7slp.tv\/2022\/wp-json\/wp\/v2\/media?parent=73276"}],"wp:term":[{"taxonomy":"category","embeddable":true,"href":"https:\/\/canal7slp.tv\/2022\/wp-json\/wp\/v2\/categories?post=73276"},{"taxonomy":"post_tag","embeddable":true,"href":"https:\/\/canal7slp.tv\/2022\/wp-json\/wp\/v2\/tags?post=73276"}],"curies":[{"name":"wp","href":"https:\/\/api.w.org\/{rel}","templated":true}]}}