{"id":73275,"date":"2022-09-19T17:04:52","date_gmt":"2022-09-19T23:04:52","guid":{"rendered":"https:\/\/canal7slp.tv\/2022\/?p=73275"},"modified":"2022-09-19T17:05:36","modified_gmt":"2022-09-19T23:05:36","slug":"inicia-proyecto-de-rehabilitacion-de-laterales-de-la-carretera-57-2","status":"publish","type":"post","link":"https:\/\/canal7slp.tv\/2022\/inicia-proyecto-de-rehabilitacion-de-laterales-de-la-carretera-57-2\/","title":{"rendered":"Inicia proyecto de rehabilitaci\u00f3n de laterales de la carretera 57."},"content":{"rendered":"<ul>\n<li>La intervenci\u00f3n abarcar\u00e1 m\u00e1s de tres mil 700 metros lineales.<\/li>\n<\/ul>\n<p style=\"text-align: justify;\">SLP.- Este lunes, autoridades de San Luis Potos\u00ed iniciaron con la rehabilitaci\u00f3n integral de las laterales a la Carretera 57 en la que se invertir\u00e1n m\u00e1s de 100 millones de pesos que beneficiar\u00e1n a miles de personas que transitan diariamente por ambas vialidades.<\/p>\n<p style=\"text-align: justify;\">As\u00ed lo dijo la titular de la Secretar\u00eda de Desarrollo Urbano, Vivienda y Obras P\u00fablicas, Vargas Tinajero, quien detall\u00f3 lo que se abarcar\u00e1 con este proyecto de infraestructura.<\/p>\n<p style=\"text-align: justify;\">\u00abArrancamos este d\u00eda con la rehabilitaci\u00f3n de laterales de la Carretera 57 del Distribuidor Ju\u00e1rez con rumbo a la entrada principal de Soledad, ser\u00e1n m\u00e1s de 3 mil 700 metros lineales en ambos sentidos, incluyendo los accesos y retornos en puente, se destacan estas acciones dentro del programa integral de seguridad brindando una v\u00eda segura r\u00e1pida y eficiente\u00bb, dijo.<\/p>\n<p style=\"text-align: justify;\">Aunado a ello, mencion\u00f3 los detalles t\u00e9cnicos que se realizar\u00e1n con esta nueva obra que afirma, se podr\u00eda entregar en un lapso no mayor a cuatro meses.<\/p>\n<p style=\"text-align: justify;\">\u00abSer\u00e1n acciones de bacheo, demolici\u00f3n del concreto hidr\u00e1ulico y asf\u00e1ltico existente, apertura de caja y colocaci\u00f3n de estructuras para pavimento con rectificaci\u00f3n de niveles, banquetas y guarniciones, se construir\u00e1n rampas con acceso universal, se\u00f1alamientos horizontales y verticales\u00bb, dijo.<\/p>\n<p style=\"text-align: justify;\">Adem\u00e1s, la nueva carpeta tendr\u00e1 un espesor de 10 cent\u00edmetros para garantizar su durabilidad, se colocar\u00e1n boyas met\u00e1licas y vialetas inteligentes para los habitantes de Soledad de Graciano S\u00e1nchez y todos los capitalinos.<\/p>\n<p>Por: Jos\u00e9 Luis V\u00e1zquez<\/p>\n","protected":false},"excerpt":{"rendered":"<p>La intervenci\u00f3n abarcar\u00e1 m\u00e1s de tres mil 700 metros lineales. SLP.- Este lunes, autoridades de San Luis Potos\u00ed iniciaron con la rehabilitaci\u00f3n integral de las laterales a la Carretera 57 en la que se invertir\u00e1n m\u00e1s de 100 millones de pesos que beneficiar\u00e1n a miles de personas que transitan diariamente por ambas vialidades. As\u00ed lo dijo la titular de la Secretar\u00eda de Desarrollo Urbano, Vivienda y Obras P\u00fablicas, Vargas Tinajero, quien detall\u00f3 lo que se abarcar\u00e1 con este proyecto de infraestructura. \u00abArrancamos este d\u00eda con la rehabilitaci\u00f3n de laterales de la Carretera 57 del Distribuidor Ju\u00e1rez con rumbo a la [&hellip;]<\/p>\n","protected":false},"author":2,"featured_media":73303,"comment_status":"closed","ping_status":"closed","sticky":false,"template":"","format":"video","meta":{"footnotes":""},"categories":[5,510,45],"tags":[],"class_list":["post-73275","post","type-post","status-publish","format-video","has-post-thumbnail","hentry","category-destacadas","category-gobedoslp","category-localesyregionales","post_format-post-format-video","post--single"],"yoast_head":"<!-- This site is optimized with the Yoast SEO plugin v27.5 - https:\/\/yoast.com\/product\/yoast-seo-wordpress\/ -->\n<title>Inicia proyecto de rehabilitaci\u00f3n de laterales de la carretera 57. - Canal 7 SLP - 2022<\/title>\n<meta name=\"robots\" content=\"index, follow, max-snippet:-1, max-image-preview:large, max-video-preview:-1\" \/>\n<link rel=\"canonical\" href=\"https:\/\/canal7slp.tv\/2022\/inicia-proyecto-de-rehabilitacion-de-laterales-de-la-carretera-57-2\/\" \/>\n<meta property=\"og:locale\" content=\"es_ES\" \/>\n<meta property=\"og:type\" content=\"article\" \/>\n<meta property=\"og:title\" content=\"Inicia proyecto de rehabilitaci\u00f3n de laterales de la carretera 57. - Canal 7 SLP - 2022\" \/>\n<meta property=\"og:description\" content=\"La intervenci\u00f3n abarcar\u00e1 m\u00e1s de tres mil 700 metros lineales. SLP.- Este lunes, autoridades de San Luis Potos\u00ed iniciaron con la rehabilitaci\u00f3n integral de las laterales a la Carretera 57 en la que se invertir\u00e1n m\u00e1s de 100 millones de pesos que beneficiar\u00e1n a miles de personas que transitan diariamente por ambas vialidades. As\u00ed lo dijo la titular de la Secretar\u00eda de Desarrollo Urbano, Vivienda y Obras P\u00fablicas, Vargas Tinajero, quien detall\u00f3 lo que se abarcar\u00e1 con este proyecto de infraestructura. \u00abArrancamos este d\u00eda con la rehabilitaci\u00f3n de laterales de la Carretera 57 del Distribuidor Ju\u00e1rez con rumbo a la [&hellip;]\" \/>\n<meta property=\"og:url\" content=\"https:\/\/canal7slp.tv\/2022\/inicia-proyecto-de-rehabilitacion-de-laterales-de-la-carretera-57-2\/\" \/>\n<meta property=\"og:site_name\" content=\"Canal 7 SLP - 2022\" \/>\n<meta property=\"article:publisher\" content=\"https:\/\/www.facebook.com\/noticieroscanalsiete\" \/>\n<meta property=\"article:published_time\" content=\"2022-09-19T23:04:52+00:00\" \/>\n<meta property=\"article:modified_time\" content=\"2022-09-19T23:05:36+00:00\" \/>\n<meta property=\"og:image\" content=\"https:\/\/canal7slp.tv\/2022\/wp-content\/uploads\/2022\/09\/Vazquez02Laterales57.jpg\" \/>\n\t<meta property=\"og:image:width\" content=\"888\" \/>\n\t<meta property=\"og:image:height\" content=\"500\" \/>\n\t<meta property=\"og:image:type\" content=\"image\/jpeg\" \/>\n<meta name=\"author\" content=\"Edici\u00f3n Web\" \/>\n<meta name=\"twitter:card\" content=\"summary_large_image\" \/>\n<meta name=\"twitter:creator\" content=\"@NOTICIEROS7\" \/>\n<meta name=\"twitter:site\" content=\"@NOTICIEROS7\" \/>\n<meta name=\"twitter:label1\" content=\"Escrito por\" \/>\n\t<meta name=\"twitter:data1\" content=\"Edici\u00f3n Web\" \/>\n\t<meta name=\"twitter:label2\" content=\"Tiempo de lectura\" \/>\n\t<meta name=\"twitter:data2\" content=\"2 minutos\" \/>\n<script type=\"application\/ld+json\" class=\"yoast-schema-graph\">{\"@context\":\"https:\\\/\\\/schema.org\",\"@graph\":[{\"@type\":\"Article\",\"@id\":\"https:\\\/\\\/canal7slp.tv\\\/2022\\\/inicia-proyecto-de-rehabilitacion-de-laterales-de-la-carretera-57-2\\\/#article\",\"isPartOf\":{\"@id\":\"https:\\\/\\\/canal7slp.tv\\\/2022\\\/inicia-proyecto-de-rehabilitacion-de-laterales-de-la-carretera-57-2\\\/\"},\"author\":{\"name\":\"Edici\u00f3n Web\",\"@id\":\"https:\\\/\\\/canal7slp.tv\\\/2022\\\/#\\\/schema\\\/person\\\/429704152a21f5f856ce29aa69a238da\"},\"headline\":\"Inicia proyecto de rehabilitaci\u00f3n de laterales de la carretera 57.\",\"datePublished\":\"2022-09-19T23:04:52+00:00\",\"dateModified\":\"2022-09-19T23:05:36+00:00\",\"mainEntityOfPage\":{\"@id\":\"https:\\\/\\\/canal7slp.tv\\\/2022\\\/inicia-proyecto-de-rehabilitacion-de-laterales-de-la-carretera-57-2\\\/\"},\"wordCount\":278,\"publisher\":{\"@id\":\"https:\\\/\\\/canal7slp.tv\\\/2022\\\/#organization\"},\"image\":{\"@id\":\"https:\\\/\\\/canal7slp.tv\\\/2022\\\/inicia-proyecto-de-rehabilitacion-de-laterales-de-la-carretera-57-2\\\/#primaryimage\"},\"thumbnailUrl\":\"https:\\\/\\\/canal7slp.tv\\\/2022\\\/wp-content\\\/uploads\\\/2022\\\/09\\\/Vazquez02Laterales57.jpg\",\"articleSection\":[\"DESTACADAS\",\"GOBEDOSLP\",\"LOCALES Y REGIONALES\"],\"inLanguage\":\"es\"},{\"@type\":\"WebPage\",\"@id\":\"https:\\\/\\\/canal7slp.tv\\\/2022\\\/inicia-proyecto-de-rehabilitacion-de-laterales-de-la-carretera-57-2\\\/\",\"url\":\"https:\\\/\\\/canal7slp.tv\\\/2022\\\/inicia-proyecto-de-rehabilitacion-de-laterales-de-la-carretera-57-2\\\/\",\"name\":\"Inicia proyecto de rehabilitaci\u00f3n de laterales de la carretera 57. - Canal 7 SLP - 2022\",\"isPartOf\":{\"@id\":\"https:\\\/\\\/canal7slp.tv\\\/2022\\\/#website\"},\"primaryImageOfPage\":{\"@id\":\"https:\\\/\\\/canal7slp.tv\\\/2022\\\/inicia-proyecto-de-rehabilitacion-de-laterales-de-la-carretera-57-2\\\/#primaryimage\"},\"image\":{\"@id\":\"https:\\\/\\\/canal7slp.tv\\\/2022\\\/inicia-proyecto-de-rehabilitacion-de-laterales-de-la-carretera-57-2\\\/#primaryimage\"},\"thumbnailUrl\":\"https:\\\/\\\/canal7slp.tv\\\/2022\\\/wp-content\\\/uploads\\\/2022\\\/09\\\/Vazquez02Laterales57.jpg\",\"datePublished\":\"2022-09-19T23:04:52+00:00\",\"dateModified\":\"2022-09-19T23:05:36+00:00\",\"breadcrumb\":{\"@id\":\"https:\\\/\\\/canal7slp.tv\\\/2022\\\/inicia-proyecto-de-rehabilitacion-de-laterales-de-la-carretera-57-2\\\/#breadcrumb\"},\"inLanguage\":\"es\",\"potentialAction\":[{\"@type\":\"ReadAction\",\"target\":[\"https:\\\/\\\/canal7slp.tv\\\/2022\\\/inicia-proyecto-de-rehabilitacion-de-laterales-de-la-carretera-57-2\\\/\"]}]},{\"@type\":\"ImageObject\",\"inLanguage\":\"es\",\"@id\":\"https:\\\/\\\/canal7slp.tv\\\/2022\\\/inicia-proyecto-de-rehabilitacion-de-laterales-de-la-carretera-57-2\\\/#primaryimage\",\"url\":\"https:\\\/\\\/canal7slp.tv\\\/2022\\\/wp-content\\\/uploads\\\/2022\\\/09\\\/Vazquez02Laterales57.jpg\",\"contentUrl\":\"https:\\\/\\\/canal7slp.tv\\\/2022\\\/wp-content\\\/uploads\\\/2022\\\/09\\\/Vazquez02Laterales57.jpg\",\"width\":888,\"height\":500},{\"@type\":\"BreadcrumbList\",\"@id\":\"https:\\\/\\\/canal7slp.tv\\\/2022\\\/inicia-proyecto-de-rehabilitacion-de-laterales-de-la-carretera-57-2\\\/#breadcrumb\",\"itemListElement\":[{\"@type\":\"ListItem\",\"position\":1,\"name\":\"Portada\",\"item\":\"https:\\\/\\\/canal7slp.tv\\\/2022\\\/\"},{\"@type\":\"ListItem\",\"position\":2,\"name\":\"Inicia proyecto de rehabilitaci\u00f3n de laterales de la carretera 57.\"}]},{\"@type\":\"WebSite\",\"@id\":\"https:\\\/\\\/canal7slp.tv\\\/2022\\\/#website\",\"url\":\"https:\\\/\\\/canal7slp.tv\\\/2022\\\/\",\"name\":\"N7 - Noticieros Canal 7\",\"description\":\"Somos Televisi\u00f3n\",\"publisher\":{\"@id\":\"https:\\\/\\\/canal7slp.tv\\\/2022\\\/#organization\"},\"potentialAction\":[{\"@type\":\"SearchAction\",\"target\":{\"@type\":\"EntryPoint\",\"urlTemplate\":\"https:\\\/\\\/canal7slp.tv\\\/2022\\\/?s={search_term_string}\"},\"query-input\":{\"@type\":\"PropertyValueSpecification\",\"valueRequired\":true,\"valueName\":\"search_term_string\"}}],\"inLanguage\":\"es\"},{\"@type\":\"Organization\",\"@id\":\"https:\\\/\\\/canal7slp.tv\\\/2022\\\/#organization\",\"name\":\"Noticieros Canal 7\",\"url\":\"https:\\\/\\\/canal7slp.tv\\\/2022\\\/\",\"logo\":{\"@type\":\"ImageObject\",\"inLanguage\":\"es\",\"@id\":\"https:\\\/\\\/canal7slp.tv\\\/2022\\\/#\\\/schema\\\/logo\\\/image\\\/\",\"url\":\"https:\\\/\\\/canal7slp.tv\\\/2022\\\/wp-content\\\/uploads\\\/2021\\\/01\\\/logo-noticieros@2x.png\",\"contentUrl\":\"https:\\\/\\\/canal7slp.tv\\\/2022\\\/wp-content\\\/uploads\\\/2021\\\/01\\\/logo-noticieros@2x.png\",\"width\":1017,\"height\":268,\"caption\":\"Noticieros Canal 7\"},\"image\":{\"@id\":\"https:\\\/\\\/canal7slp.tv\\\/2022\\\/#\\\/schema\\\/logo\\\/image\\\/\"},\"sameAs\":[\"https:\\\/\\\/www.facebook.com\\\/noticieroscanalsiete\",\"https:\\\/\\\/x.com\\\/NOTICIEROS7\",\"https:\\\/\\\/www.instagram.com\\\/canal7_slp\",\"https:\\\/\\\/www.youtube.com\\\/channel\\\/UCliiYs-gP3JfJeqdPrNdd5A\"]},{\"@type\":\"Person\",\"@id\":\"https:\\\/\\\/canal7slp.tv\\\/2022\\\/#\\\/schema\\\/person\\\/429704152a21f5f856ce29aa69a238da\",\"name\":\"Edici\u00f3n Web\",\"image\":{\"@type\":\"ImageObject\",\"inLanguage\":\"es\",\"@id\":\"https:\\\/\\\/secure.gravatar.com\\\/avatar\\\/eee448fc3f7164808013b816ba91ac7e43bbe82a70bebac296f8bc6f0addaa1a?s=96&d=mm&r=g\",\"url\":\"https:\\\/\\\/secure.gravatar.com\\\/avatar\\\/eee448fc3f7164808013b816ba91ac7e43bbe82a70bebac296f8bc6f0addaa1a?s=96&d=mm&r=g\",\"contentUrl\":\"https:\\\/\\\/secure.gravatar.com\\\/avatar\\\/eee448fc3f7164808013b816ba91ac7e43bbe82a70bebac296f8bc6f0addaa1a?s=96&d=mm&r=g\",\"caption\":\"Edici\u00f3n Web\"},\"url\":\"https:\\\/\\\/canal7slp.tv\\\/2022\\\/author\\\/edicionweb\\\/\"}]}<\/script>\n<!-- \/ Yoast SEO plugin. -->","yoast_head_json":{"title":"Inicia proyecto de rehabilitaci\u00f3n de laterales de la carretera 57. - Canal 7 SLP - 2022","robots":{"index":"index","follow":"follow","max-snippet":"max-snippet:-1","max-image-preview":"max-image-preview:large","max-video-preview":"max-video-preview:-1"},"canonical":"https:\/\/canal7slp.tv\/2022\/inicia-proyecto-de-rehabilitacion-de-laterales-de-la-carretera-57-2\/","og_locale":"es_ES","og_type":"article","og_title":"Inicia proyecto de rehabilitaci\u00f3n de laterales de la carretera 57. - Canal 7 SLP - 2022","og_description":"La intervenci\u00f3n abarcar\u00e1 m\u00e1s de tres mil 700 metros lineales. SLP.- Este lunes, autoridades de San Luis Potos\u00ed iniciaron con la rehabilitaci\u00f3n integral de las laterales a la Carretera 57 en la que se invertir\u00e1n m\u00e1s de 100 millones de pesos que beneficiar\u00e1n a miles de personas que transitan diariamente por ambas vialidades. As\u00ed lo dijo la titular de la Secretar\u00eda de Desarrollo Urbano, Vivienda y Obras P\u00fablicas, Vargas Tinajero, quien detall\u00f3 lo que se abarcar\u00e1 con este proyecto de infraestructura. \u00abArrancamos este d\u00eda con la rehabilitaci\u00f3n de laterales de la Carretera 57 del Distribuidor Ju\u00e1rez con rumbo a la [&hellip;]","og_url":"https:\/\/canal7slp.tv\/2022\/inicia-proyecto-de-rehabilitacion-de-laterales-de-la-carretera-57-2\/","og_site_name":"Canal 7 SLP - 2022","article_publisher":"https:\/\/www.facebook.com\/noticieroscanalsiete","article_published_time":"2022-09-19T23:04:52+00:00","article_modified_time":"2022-09-19T23:05:36+00:00","og_image":[{"width":888,"height":500,"url":"https:\/\/canal7slp.tv\/2022\/wp-content\/uploads\/2022\/09\/Vazquez02Laterales57.jpg","type":"image\/jpeg"}],"author":"Edici\u00f3n Web","twitter_card":"summary_large_image","twitter_creator":"@NOTICIEROS7","twitter_site":"@NOTICIEROS7","twitter_misc":{"Escrito por":"Edici\u00f3n Web","Tiempo de lectura":"2 minutos"},"schema":{"@context":"https:\/\/schema.org","@graph":[{"@type":"Article","@id":"https:\/\/canal7slp.tv\/2022\/inicia-proyecto-de-rehabilitacion-de-laterales-de-la-carretera-57-2\/#article","isPartOf":{"@id":"https:\/\/canal7slp.tv\/2022\/inicia-proyecto-de-rehabilitacion-de-laterales-de-la-carretera-57-2\/"},"author":{"name":"Edici\u00f3n Web","@id":"https:\/\/canal7slp.tv\/2022\/#\/schema\/person\/429704152a21f5f856ce29aa69a238da"},"headline":"Inicia proyecto de rehabilitaci\u00f3n de laterales de la carretera 57.","datePublished":"2022-09-19T23:04:52+00:00","dateModified":"2022-09-19T23:05:36+00:00","mainEntityOfPage":{"@id":"https:\/\/canal7slp.tv\/2022\/inicia-proyecto-de-rehabilitacion-de-laterales-de-la-carretera-57-2\/"},"wordCount":278,"publisher":{"@id":"https:\/\/canal7slp.tv\/2022\/#organization"},"image":{"@id":"https:\/\/canal7slp.tv\/2022\/inicia-proyecto-de-rehabilitacion-de-laterales-de-la-carretera-57-2\/#primaryimage"},"thumbnailUrl":"https:\/\/canal7slp.tv\/2022\/wp-content\/uploads\/2022\/09\/Vazquez02Laterales57.jpg","articleSection":["DESTACADAS","GOBEDOSLP","LOCALES Y REGIONALES"],"inLanguage":"es"},{"@type":"WebPage","@id":"https:\/\/canal7slp.tv\/2022\/inicia-proyecto-de-rehabilitacion-de-laterales-de-la-carretera-57-2\/","url":"https:\/\/canal7slp.tv\/2022\/inicia-proyecto-de-rehabilitacion-de-laterales-de-la-carretera-57-2\/","name":"Inicia proyecto de rehabilitaci\u00f3n de laterales de la carretera 57. - Canal 7 SLP - 2022","isPartOf":{"@id":"https:\/\/canal7slp.tv\/2022\/#website"},"primaryImageOfPage":{"@id":"https:\/\/canal7slp.tv\/2022\/inicia-proyecto-de-rehabilitacion-de-laterales-de-la-carretera-57-2\/#primaryimage"},"image":{"@id":"https:\/\/canal7slp.tv\/2022\/inicia-proyecto-de-rehabilitacion-de-laterales-de-la-carretera-57-2\/#primaryimage"},"thumbnailUrl":"https:\/\/canal7slp.tv\/2022\/wp-content\/uploads\/2022\/09\/Vazquez02Laterales57.jpg","datePublished":"2022-09-19T23:04:52+00:00","dateModified":"2022-09-19T23:05:36+00:00","breadcrumb":{"@id":"https:\/\/canal7slp.tv\/2022\/inicia-proyecto-de-rehabilitacion-de-laterales-de-la-carretera-57-2\/#breadcrumb"},"inLanguage":"es","potentialAction":[{"@type":"ReadAction","target":["https:\/\/canal7slp.tv\/2022\/inicia-proyecto-de-rehabilitacion-de-laterales-de-la-carretera-57-2\/"]}]},{"@type":"ImageObject","inLanguage":"es","@id":"https:\/\/canal7slp.tv\/2022\/inicia-proyecto-de-rehabilitacion-de-laterales-de-la-carretera-57-2\/#primaryimage","url":"https:\/\/canal7slp.tv\/2022\/wp-content\/uploads\/2022\/09\/Vazquez02Laterales57.jpg","contentUrl":"https:\/\/canal7slp.tv\/2022\/wp-content\/uploads\/2022\/09\/Vazquez02Laterales57.jpg","width":888,"height":500},{"@type":"BreadcrumbList","@id":"https:\/\/canal7slp.tv\/2022\/inicia-proyecto-de-rehabilitacion-de-laterales-de-la-carretera-57-2\/#breadcrumb","itemListElement":[{"@type":"ListItem","position":1,"name":"Portada","item":"https:\/\/canal7slp.tv\/2022\/"},{"@type":"ListItem","position":2,"name":"Inicia proyecto de rehabilitaci\u00f3n de laterales de la carretera 57."}]},{"@type":"WebSite","@id":"https:\/\/canal7slp.tv\/2022\/#website","url":"https:\/\/canal7slp.tv\/2022\/","name":"N7 - Noticieros Canal 7","description":"Somos Televisi\u00f3n","publisher":{"@id":"https:\/\/canal7slp.tv\/2022\/#organization"},"potentialAction":[{"@type":"SearchAction","target":{"@type":"EntryPoint","urlTemplate":"https:\/\/canal7slp.tv\/2022\/?s={search_term_string}"},"query-input":{"@type":"PropertyValueSpecification","valueRequired":true,"valueName":"search_term_string"}}],"inLanguage":"es"},{"@type":"Organization","@id":"https:\/\/canal7slp.tv\/2022\/#organization","name":"Noticieros Canal 7","url":"https:\/\/canal7slp.tv\/2022\/","logo":{"@type":"ImageObject","inLanguage":"es","@id":"https:\/\/canal7slp.tv\/2022\/#\/schema\/logo\/image\/","url":"https:\/\/canal7slp.tv\/2022\/wp-content\/uploads\/2021\/01\/logo-noticieros@2x.png","contentUrl":"https:\/\/canal7slp.tv\/2022\/wp-content\/uploads\/2021\/01\/logo-noticieros@2x.png","width":1017,"height":268,"caption":"Noticieros Canal 7"},"image":{"@id":"https:\/\/canal7slp.tv\/2022\/#\/schema\/logo\/image\/"},"sameAs":["https:\/\/www.facebook.com\/noticieroscanalsiete","https:\/\/x.com\/NOTICIEROS7","https:\/\/www.instagram.com\/canal7_slp","https:\/\/www.youtube.com\/channel\/UCliiYs-gP3JfJeqdPrNdd5A"]},{"@type":"Person","@id":"https:\/\/canal7slp.tv\/2022\/#\/schema\/person\/429704152a21f5f856ce29aa69a238da","name":"Edici\u00f3n Web","image":{"@type":"ImageObject","inLanguage":"es","@id":"https:\/\/secure.gravatar.com\/avatar\/eee448fc3f7164808013b816ba91ac7e43bbe82a70bebac296f8bc6f0addaa1a?s=96&d=mm&r=g","url":"https:\/\/secure.gravatar.com\/avatar\/eee448fc3f7164808013b816ba91ac7e43bbe82a70bebac296f8bc6f0addaa1a?s=96&d=mm&r=g","contentUrl":"https:\/\/secure.gravatar.com\/avatar\/eee448fc3f7164808013b816ba91ac7e43bbe82a70bebac296f8bc6f0addaa1a?s=96&d=mm&r=g","caption":"Edici\u00f3n Web"},"url":"https:\/\/canal7slp.tv\/2022\/author\/edicionweb\/"}]}},"amp_enabled":true,"_links":{"self":[{"href":"https:\/\/canal7slp.tv\/2022\/wp-json\/wp\/v2\/posts\/73275","targetHints":{"allow":["GET"]}}],"collection":[{"href":"https:\/\/canal7slp.tv\/2022\/wp-json\/wp\/v2\/posts"}],"about":[{"href":"https:\/\/canal7slp.tv\/2022\/wp-json\/wp\/v2\/types\/post"}],"author":[{"embeddable":true,"href":"https:\/\/canal7slp.tv\/2022\/wp-json\/wp\/v2\/users\/2"}],"replies":[{"embeddable":true,"href":"https:\/\/canal7slp.tv\/2022\/wp-json\/wp\/v2\/comments?post=73275"}],"version-history":[{"count":3,"href":"https:\/\/canal7slp.tv\/2022\/wp-json\/wp\/v2\/posts\/73275\/revisions"}],"predecessor-version":[{"id":73304,"href":"https:\/\/canal7slp.tv\/2022\/wp-json\/wp\/v2\/posts\/73275\/revisions\/73304"}],"wp:featuredmedia":[{"embeddable":true,"href":"https:\/\/canal7slp.tv\/2022\/wp-json\/wp\/v2\/media\/73303"}],"wp:attachment":[{"href":"https:\/\/canal7slp.tv\/2022\/wp-json\/wp\/v2\/media?parent=73275"}],"wp:term":[{"taxonomy":"category","embeddable":true,"href":"https:\/\/canal7slp.tv\/2022\/wp-json\/wp\/v2\/categories?post=73275"},{"taxonomy":"post_tag","embeddable":true,"href":"https:\/\/canal7slp.tv\/2022\/wp-json\/wp\/v2\/tags?post=73275"}],"curies":[{"name":"wp","href":"https:\/\/api.w.org\/{rel}","templated":true}]}}