{"id":73203,"date":"2022-09-18T14:04:35","date_gmt":"2022-09-18T20:04:35","guid":{"rendered":"https:\/\/canal7slp.tv\/2022\/?p=73203"},"modified":"2022-09-18T14:04:35","modified_gmt":"2022-09-18T20:04:35","slug":"dif-estatal-convoca-a-campana-de-lentes-para-infantes-en-soledad","status":"publish","type":"post","link":"https:\/\/canal7slp.tv\/2022\/dif-estatal-convoca-a-campana-de-lentes-para-infantes-en-soledad\/","title":{"rendered":"DIF Estatal convoca a campa\u00f1a de lentes para infantes en Soledad"},"content":{"rendered":"<ul>\n<li style=\"text-align: justify;\">El organismo de asistencia social, el Atl\u00e9tico de San Luis y la Fundaci\u00f3n C&amp;H coordinan campa\u00f1a estatal en favor de la salud visual de infantes de seis a 12 a\u00f1os<\/li>\n<\/ul>\n<p style=\"text-align: justify;\">SLP.- En apego a los lineamientos del Plan Estatal de Desarrollo 2021-2027, y a fin de brindar atenci\u00f3n al eje de Bienestar, el Sistema Estatal para el Desarrollo Integral de la Familia (DIF) convoca a la ciudadan\u00eda a formar parte de la campa\u00f1a \u201cGoles para Ver Mejor\u201d, que beneficiar\u00e1 la salud visual de la ni\u00f1ez de Soledad de Graciano S\u00e1nchez.<\/p>\n<p style=\"text-align: justify;\">La presidenta honoraria del DIF Estatal, Ruth Gonz\u00e1lez Silva, indic\u00f3 que los ex\u00e1menes oftalmol\u00f3gicos se realizar\u00e1n a infantes de seis a 12 a\u00f1os en el auditorio municipal de Soledad de Graciano S\u00e1nchez los d\u00edas 23 y 24 de septiembre, por lo que deber\u00e1n acudir en compa\u00f1\u00eda de su padre, madre o tutor con: copias del INE, de comprobante de domicilio y del acta de nacimiento del beneficiario.<\/p>\n<p style=\"text-align: justify;\">Destac\u00f3 que dicha campa\u00f1a ha podido beneficiar a miles de infantes en la entidad a trav\u00e9s de la coordinaci\u00f3n de la instituci\u00f3n que preside, en conjunto con el Atl\u00e9tico de San Luis y la Fundaci\u00f3n C&amp;H; siendo esta ocasi\u00f3n Soledad de Graciano S\u00e1nchez la sede en la que se podr\u00e1 atender a la poblaci\u00f3n en situaci\u00f3n vulnerable con problemas visuales.<\/p>\n","protected":false},"excerpt":{"rendered":"<p>El organismo de asistencia social, el Atl\u00e9tico de San Luis y la Fundaci\u00f3n C&amp;H coordinan campa\u00f1a estatal en favor de la salud visual de infantes de seis a 12 a\u00f1os SLP.- En apego a los lineamientos del Plan Estatal de Desarrollo 2021-2027, y a fin de brindar atenci\u00f3n al eje de Bienestar, el Sistema Estatal para el Desarrollo Integral de la Familia (DIF) convoca a la ciudadan\u00eda a formar parte de la campa\u00f1a \u201cGoles para Ver Mejor\u201d, que beneficiar\u00e1 la salud visual de la ni\u00f1ez de Soledad de Graciano S\u00e1nchez. La presidenta honoraria del DIF Estatal, Ruth Gonz\u00e1lez Silva, indic\u00f3 [&hellip;]<\/p>\n","protected":false},"author":2,"featured_media":73204,"comment_status":"closed","ping_status":"closed","sticky":false,"template":"","format":"standard","meta":{"footnotes":""},"categories":[45],"tags":[],"class_list":["post-73203","post","type-post","status-publish","format-standard","has-post-thumbnail","hentry","category-localesyregionales","post--single"],"yoast_head":"<!-- This site is optimized with the Yoast SEO plugin v27.5 - https:\/\/yoast.com\/product\/yoast-seo-wordpress\/ -->\n<title>DIF Estatal convoca a campa\u00f1a de lentes para infantes en Soledad - Canal 7 SLP - 2022<\/title>\n<meta name=\"robots\" content=\"index, follow, max-snippet:-1, max-image-preview:large, max-video-preview:-1\" \/>\n<link rel=\"canonical\" href=\"https:\/\/canal7slp.tv\/2022\/dif-estatal-convoca-a-campana-de-lentes-para-infantes-en-soledad\/\" \/>\n<meta property=\"og:locale\" content=\"es_ES\" \/>\n<meta property=\"og:type\" content=\"article\" \/>\n<meta property=\"og:title\" content=\"DIF Estatal convoca a campa\u00f1a de lentes para infantes en Soledad - Canal 7 SLP - 2022\" \/>\n<meta property=\"og:description\" content=\"El organismo de asistencia social, el Atl\u00e9tico de San Luis y la Fundaci\u00f3n C&amp;H coordinan campa\u00f1a estatal en favor de la salud visual de infantes de seis a 12 a\u00f1os SLP.- En apego a los lineamientos del Plan Estatal de Desarrollo 2021-2027, y a fin de brindar atenci\u00f3n al eje de Bienestar, el Sistema Estatal para el Desarrollo Integral de la Familia (DIF) convoca a la ciudadan\u00eda a formar parte de la campa\u00f1a \u201cGoles para Ver Mejor\u201d, que beneficiar\u00e1 la salud visual de la ni\u00f1ez de Soledad de Graciano S\u00e1nchez. La presidenta honoraria del DIF Estatal, Ruth Gonz\u00e1lez Silva, indic\u00f3 [&hellip;]\" \/>\n<meta property=\"og:url\" content=\"https:\/\/canal7slp.tv\/2022\/dif-estatal-convoca-a-campana-de-lentes-para-infantes-en-soledad\/\" \/>\n<meta property=\"og:site_name\" content=\"Canal 7 SLP - 2022\" \/>\n<meta property=\"article:publisher\" content=\"https:\/\/www.facebook.com\/noticieroscanalsiete\" \/>\n<meta property=\"article:published_time\" content=\"2022-09-18T20:04:35+00:00\" \/>\n<meta property=\"og:image\" content=\"https:\/\/canal7slp.tv\/2022\/wp-content\/uploads\/2022\/09\/diflentesb.png\" \/>\n\t<meta property=\"og:image:width\" content=\"1250\" \/>\n\t<meta property=\"og:image:height\" content=\"734\" \/>\n\t<meta property=\"og:image:type\" content=\"image\/png\" \/>\n<meta name=\"author\" content=\"Edici\u00f3n Web\" \/>\n<meta name=\"twitter:card\" content=\"summary_large_image\" \/>\n<meta name=\"twitter:creator\" content=\"@NOTICIEROS7\" \/>\n<meta name=\"twitter:site\" content=\"@NOTICIEROS7\" \/>\n<meta name=\"twitter:label1\" content=\"Escrito por\" \/>\n\t<meta name=\"twitter:data1\" content=\"Edici\u00f3n Web\" \/>\n\t<meta name=\"twitter:label2\" content=\"Tiempo de lectura\" \/>\n\t<meta name=\"twitter:data2\" content=\"1 minuto\" \/>\n<script type=\"application\/ld+json\" class=\"yoast-schema-graph\">{\"@context\":\"https:\\\/\\\/schema.org\",\"@graph\":[{\"@type\":\"Article\",\"@id\":\"https:\\\/\\\/canal7slp.tv\\\/2022\\\/dif-estatal-convoca-a-campana-de-lentes-para-infantes-en-soledad\\\/#article\",\"isPartOf\":{\"@id\":\"https:\\\/\\\/canal7slp.tv\\\/2022\\\/dif-estatal-convoca-a-campana-de-lentes-para-infantes-en-soledad\\\/\"},\"author\":{\"name\":\"Edici\u00f3n Web\",\"@id\":\"https:\\\/\\\/canal7slp.tv\\\/2022\\\/#\\\/schema\\\/person\\\/429704152a21f5f856ce29aa69a238da\"},\"headline\":\"DIF Estatal convoca a campa\u00f1a de lentes para infantes en Soledad\",\"datePublished\":\"2022-09-18T20:04:35+00:00\",\"mainEntityOfPage\":{\"@id\":\"https:\\\/\\\/canal7slp.tv\\\/2022\\\/dif-estatal-convoca-a-campana-de-lentes-para-infantes-en-soledad\\\/\"},\"wordCount\":258,\"publisher\":{\"@id\":\"https:\\\/\\\/canal7slp.tv\\\/2022\\\/#organization\"},\"image\":{\"@id\":\"https:\\\/\\\/canal7slp.tv\\\/2022\\\/dif-estatal-convoca-a-campana-de-lentes-para-infantes-en-soledad\\\/#primaryimage\"},\"thumbnailUrl\":\"https:\\\/\\\/canal7slp.tv\\\/2022\\\/wp-content\\\/uploads\\\/2022\\\/09\\\/diflentesb.png\",\"articleSection\":[\"LOCALES Y REGIONALES\"],\"inLanguage\":\"es\"},{\"@type\":\"WebPage\",\"@id\":\"https:\\\/\\\/canal7slp.tv\\\/2022\\\/dif-estatal-convoca-a-campana-de-lentes-para-infantes-en-soledad\\\/\",\"url\":\"https:\\\/\\\/canal7slp.tv\\\/2022\\\/dif-estatal-convoca-a-campana-de-lentes-para-infantes-en-soledad\\\/\",\"name\":\"DIF Estatal convoca a campa\u00f1a de lentes para infantes en Soledad - Canal 7 SLP - 2022\",\"isPartOf\":{\"@id\":\"https:\\\/\\\/canal7slp.tv\\\/2022\\\/#website\"},\"primaryImageOfPage\":{\"@id\":\"https:\\\/\\\/canal7slp.tv\\\/2022\\\/dif-estatal-convoca-a-campana-de-lentes-para-infantes-en-soledad\\\/#primaryimage\"},\"image\":{\"@id\":\"https:\\\/\\\/canal7slp.tv\\\/2022\\\/dif-estatal-convoca-a-campana-de-lentes-para-infantes-en-soledad\\\/#primaryimage\"},\"thumbnailUrl\":\"https:\\\/\\\/canal7slp.tv\\\/2022\\\/wp-content\\\/uploads\\\/2022\\\/09\\\/diflentesb.png\",\"datePublished\":\"2022-09-18T20:04:35+00:00\",\"breadcrumb\":{\"@id\":\"https:\\\/\\\/canal7slp.tv\\\/2022\\\/dif-estatal-convoca-a-campana-de-lentes-para-infantes-en-soledad\\\/#breadcrumb\"},\"inLanguage\":\"es\",\"potentialAction\":[{\"@type\":\"ReadAction\",\"target\":[\"https:\\\/\\\/canal7slp.tv\\\/2022\\\/dif-estatal-convoca-a-campana-de-lentes-para-infantes-en-soledad\\\/\"]}]},{\"@type\":\"ImageObject\",\"inLanguage\":\"es\",\"@id\":\"https:\\\/\\\/canal7slp.tv\\\/2022\\\/dif-estatal-convoca-a-campana-de-lentes-para-infantes-en-soledad\\\/#primaryimage\",\"url\":\"https:\\\/\\\/canal7slp.tv\\\/2022\\\/wp-content\\\/uploads\\\/2022\\\/09\\\/diflentesb.png\",\"contentUrl\":\"https:\\\/\\\/canal7slp.tv\\\/2022\\\/wp-content\\\/uploads\\\/2022\\\/09\\\/diflentesb.png\",\"width\":1250,\"height\":734},{\"@type\":\"BreadcrumbList\",\"@id\":\"https:\\\/\\\/canal7slp.tv\\\/2022\\\/dif-estatal-convoca-a-campana-de-lentes-para-infantes-en-soledad\\\/#breadcrumb\",\"itemListElement\":[{\"@type\":\"ListItem\",\"position\":1,\"name\":\"Portada\",\"item\":\"https:\\\/\\\/canal7slp.tv\\\/2022\\\/\"},{\"@type\":\"ListItem\",\"position\":2,\"name\":\"DIF Estatal convoca a campa\u00f1a de lentes para infantes en Soledad\"}]},{\"@type\":\"WebSite\",\"@id\":\"https:\\\/\\\/canal7slp.tv\\\/2022\\\/#website\",\"url\":\"https:\\\/\\\/canal7slp.tv\\\/2022\\\/\",\"name\":\"N7 - Noticieros Canal 7\",\"description\":\"Somos Televisi\u00f3n\",\"publisher\":{\"@id\":\"https:\\\/\\\/canal7slp.tv\\\/2022\\\/#organization\"},\"potentialAction\":[{\"@type\":\"SearchAction\",\"target\":{\"@type\":\"EntryPoint\",\"urlTemplate\":\"https:\\\/\\\/canal7slp.tv\\\/2022\\\/?s={search_term_string}\"},\"query-input\":{\"@type\":\"PropertyValueSpecification\",\"valueRequired\":true,\"valueName\":\"search_term_string\"}}],\"inLanguage\":\"es\"},{\"@type\":\"Organization\",\"@id\":\"https:\\\/\\\/canal7slp.tv\\\/2022\\\/#organization\",\"name\":\"Noticieros Canal 7\",\"url\":\"https:\\\/\\\/canal7slp.tv\\\/2022\\\/\",\"logo\":{\"@type\":\"ImageObject\",\"inLanguage\":\"es\",\"@id\":\"https:\\\/\\\/canal7slp.tv\\\/2022\\\/#\\\/schema\\\/logo\\\/image\\\/\",\"url\":\"https:\\\/\\\/canal7slp.tv\\\/2022\\\/wp-content\\\/uploads\\\/2021\\\/01\\\/logo-noticieros@2x.png\",\"contentUrl\":\"https:\\\/\\\/canal7slp.tv\\\/2022\\\/wp-content\\\/uploads\\\/2021\\\/01\\\/logo-noticieros@2x.png\",\"width\":1017,\"height\":268,\"caption\":\"Noticieros Canal 7\"},\"image\":{\"@id\":\"https:\\\/\\\/canal7slp.tv\\\/2022\\\/#\\\/schema\\\/logo\\\/image\\\/\"},\"sameAs\":[\"https:\\\/\\\/www.facebook.com\\\/noticieroscanalsiete\",\"https:\\\/\\\/x.com\\\/NOTICIEROS7\",\"https:\\\/\\\/www.instagram.com\\\/canal7_slp\",\"https:\\\/\\\/www.youtube.com\\\/channel\\\/UCliiYs-gP3JfJeqdPrNdd5A\"]},{\"@type\":\"Person\",\"@id\":\"https:\\\/\\\/canal7slp.tv\\\/2022\\\/#\\\/schema\\\/person\\\/429704152a21f5f856ce29aa69a238da\",\"name\":\"Edici\u00f3n Web\",\"image\":{\"@type\":\"ImageObject\",\"inLanguage\":\"es\",\"@id\":\"https:\\\/\\\/secure.gravatar.com\\\/avatar\\\/eee448fc3f7164808013b816ba91ac7e43bbe82a70bebac296f8bc6f0addaa1a?s=96&d=mm&r=g\",\"url\":\"https:\\\/\\\/secure.gravatar.com\\\/avatar\\\/eee448fc3f7164808013b816ba91ac7e43bbe82a70bebac296f8bc6f0addaa1a?s=96&d=mm&r=g\",\"contentUrl\":\"https:\\\/\\\/secure.gravatar.com\\\/avatar\\\/eee448fc3f7164808013b816ba91ac7e43bbe82a70bebac296f8bc6f0addaa1a?s=96&d=mm&r=g\",\"caption\":\"Edici\u00f3n Web\"},\"url\":\"https:\\\/\\\/canal7slp.tv\\\/2022\\\/author\\\/edicionweb\\\/\"}]}<\/script>\n<!-- \/ Yoast SEO plugin. -->","yoast_head_json":{"title":"DIF Estatal convoca a campa\u00f1a de lentes para infantes en Soledad - Canal 7 SLP - 2022","robots":{"index":"index","follow":"follow","max-snippet":"max-snippet:-1","max-image-preview":"max-image-preview:large","max-video-preview":"max-video-preview:-1"},"canonical":"https:\/\/canal7slp.tv\/2022\/dif-estatal-convoca-a-campana-de-lentes-para-infantes-en-soledad\/","og_locale":"es_ES","og_type":"article","og_title":"DIF Estatal convoca a campa\u00f1a de lentes para infantes en Soledad - Canal 7 SLP - 2022","og_description":"El organismo de asistencia social, el Atl\u00e9tico de San Luis y la Fundaci\u00f3n C&amp;H coordinan campa\u00f1a estatal en favor de la salud visual de infantes de seis a 12 a\u00f1os SLP.- En apego a los lineamientos del Plan Estatal de Desarrollo 2021-2027, y a fin de brindar atenci\u00f3n al eje de Bienestar, el Sistema Estatal para el Desarrollo Integral de la Familia (DIF) convoca a la ciudadan\u00eda a formar parte de la campa\u00f1a \u201cGoles para Ver Mejor\u201d, que beneficiar\u00e1 la salud visual de la ni\u00f1ez de Soledad de Graciano S\u00e1nchez. La presidenta honoraria del DIF Estatal, Ruth Gonz\u00e1lez Silva, indic\u00f3 [&hellip;]","og_url":"https:\/\/canal7slp.tv\/2022\/dif-estatal-convoca-a-campana-de-lentes-para-infantes-en-soledad\/","og_site_name":"Canal 7 SLP - 2022","article_publisher":"https:\/\/www.facebook.com\/noticieroscanalsiete","article_published_time":"2022-09-18T20:04:35+00:00","og_image":[{"width":1250,"height":734,"url":"https:\/\/canal7slp.tv\/2022\/wp-content\/uploads\/2022\/09\/diflentesb.png","type":"image\/png"}],"author":"Edici\u00f3n Web","twitter_card":"summary_large_image","twitter_creator":"@NOTICIEROS7","twitter_site":"@NOTICIEROS7","twitter_misc":{"Escrito por":"Edici\u00f3n Web","Tiempo de lectura":"1 minuto"},"schema":{"@context":"https:\/\/schema.org","@graph":[{"@type":"Article","@id":"https:\/\/canal7slp.tv\/2022\/dif-estatal-convoca-a-campana-de-lentes-para-infantes-en-soledad\/#article","isPartOf":{"@id":"https:\/\/canal7slp.tv\/2022\/dif-estatal-convoca-a-campana-de-lentes-para-infantes-en-soledad\/"},"author":{"name":"Edici\u00f3n Web","@id":"https:\/\/canal7slp.tv\/2022\/#\/schema\/person\/429704152a21f5f856ce29aa69a238da"},"headline":"DIF Estatal convoca a campa\u00f1a de lentes para infantes en Soledad","datePublished":"2022-09-18T20:04:35+00:00","mainEntityOfPage":{"@id":"https:\/\/canal7slp.tv\/2022\/dif-estatal-convoca-a-campana-de-lentes-para-infantes-en-soledad\/"},"wordCount":258,"publisher":{"@id":"https:\/\/canal7slp.tv\/2022\/#organization"},"image":{"@id":"https:\/\/canal7slp.tv\/2022\/dif-estatal-convoca-a-campana-de-lentes-para-infantes-en-soledad\/#primaryimage"},"thumbnailUrl":"https:\/\/canal7slp.tv\/2022\/wp-content\/uploads\/2022\/09\/diflentesb.png","articleSection":["LOCALES Y REGIONALES"],"inLanguage":"es"},{"@type":"WebPage","@id":"https:\/\/canal7slp.tv\/2022\/dif-estatal-convoca-a-campana-de-lentes-para-infantes-en-soledad\/","url":"https:\/\/canal7slp.tv\/2022\/dif-estatal-convoca-a-campana-de-lentes-para-infantes-en-soledad\/","name":"DIF Estatal convoca a campa\u00f1a de lentes para infantes en Soledad - Canal 7 SLP - 2022","isPartOf":{"@id":"https:\/\/canal7slp.tv\/2022\/#website"},"primaryImageOfPage":{"@id":"https:\/\/canal7slp.tv\/2022\/dif-estatal-convoca-a-campana-de-lentes-para-infantes-en-soledad\/#primaryimage"},"image":{"@id":"https:\/\/canal7slp.tv\/2022\/dif-estatal-convoca-a-campana-de-lentes-para-infantes-en-soledad\/#primaryimage"},"thumbnailUrl":"https:\/\/canal7slp.tv\/2022\/wp-content\/uploads\/2022\/09\/diflentesb.png","datePublished":"2022-09-18T20:04:35+00:00","breadcrumb":{"@id":"https:\/\/canal7slp.tv\/2022\/dif-estatal-convoca-a-campana-de-lentes-para-infantes-en-soledad\/#breadcrumb"},"inLanguage":"es","potentialAction":[{"@type":"ReadAction","target":["https:\/\/canal7slp.tv\/2022\/dif-estatal-convoca-a-campana-de-lentes-para-infantes-en-soledad\/"]}]},{"@type":"ImageObject","inLanguage":"es","@id":"https:\/\/canal7slp.tv\/2022\/dif-estatal-convoca-a-campana-de-lentes-para-infantes-en-soledad\/#primaryimage","url":"https:\/\/canal7slp.tv\/2022\/wp-content\/uploads\/2022\/09\/diflentesb.png","contentUrl":"https:\/\/canal7slp.tv\/2022\/wp-content\/uploads\/2022\/09\/diflentesb.png","width":1250,"height":734},{"@type":"BreadcrumbList","@id":"https:\/\/canal7slp.tv\/2022\/dif-estatal-convoca-a-campana-de-lentes-para-infantes-en-soledad\/#breadcrumb","itemListElement":[{"@type":"ListItem","position":1,"name":"Portada","item":"https:\/\/canal7slp.tv\/2022\/"},{"@type":"ListItem","position":2,"name":"DIF Estatal convoca a campa\u00f1a de lentes para infantes en Soledad"}]},{"@type":"WebSite","@id":"https:\/\/canal7slp.tv\/2022\/#website","url":"https:\/\/canal7slp.tv\/2022\/","name":"N7 - Noticieros Canal 7","description":"Somos Televisi\u00f3n","publisher":{"@id":"https:\/\/canal7slp.tv\/2022\/#organization"},"potentialAction":[{"@type":"SearchAction","target":{"@type":"EntryPoint","urlTemplate":"https:\/\/canal7slp.tv\/2022\/?s={search_term_string}"},"query-input":{"@type":"PropertyValueSpecification","valueRequired":true,"valueName":"search_term_string"}}],"inLanguage":"es"},{"@type":"Organization","@id":"https:\/\/canal7slp.tv\/2022\/#organization","name":"Noticieros Canal 7","url":"https:\/\/canal7slp.tv\/2022\/","logo":{"@type":"ImageObject","inLanguage":"es","@id":"https:\/\/canal7slp.tv\/2022\/#\/schema\/logo\/image\/","url":"https:\/\/canal7slp.tv\/2022\/wp-content\/uploads\/2021\/01\/logo-noticieros@2x.png","contentUrl":"https:\/\/canal7slp.tv\/2022\/wp-content\/uploads\/2021\/01\/logo-noticieros@2x.png","width":1017,"height":268,"caption":"Noticieros Canal 7"},"image":{"@id":"https:\/\/canal7slp.tv\/2022\/#\/schema\/logo\/image\/"},"sameAs":["https:\/\/www.facebook.com\/noticieroscanalsiete","https:\/\/x.com\/NOTICIEROS7","https:\/\/www.instagram.com\/canal7_slp","https:\/\/www.youtube.com\/channel\/UCliiYs-gP3JfJeqdPrNdd5A"]},{"@type":"Person","@id":"https:\/\/canal7slp.tv\/2022\/#\/schema\/person\/429704152a21f5f856ce29aa69a238da","name":"Edici\u00f3n Web","image":{"@type":"ImageObject","inLanguage":"es","@id":"https:\/\/secure.gravatar.com\/avatar\/eee448fc3f7164808013b816ba91ac7e43bbe82a70bebac296f8bc6f0addaa1a?s=96&d=mm&r=g","url":"https:\/\/secure.gravatar.com\/avatar\/eee448fc3f7164808013b816ba91ac7e43bbe82a70bebac296f8bc6f0addaa1a?s=96&d=mm&r=g","contentUrl":"https:\/\/secure.gravatar.com\/avatar\/eee448fc3f7164808013b816ba91ac7e43bbe82a70bebac296f8bc6f0addaa1a?s=96&d=mm&r=g","caption":"Edici\u00f3n Web"},"url":"https:\/\/canal7slp.tv\/2022\/author\/edicionweb\/"}]}},"amp_enabled":true,"_links":{"self":[{"href":"https:\/\/canal7slp.tv\/2022\/wp-json\/wp\/v2\/posts\/73203","targetHints":{"allow":["GET"]}}],"collection":[{"href":"https:\/\/canal7slp.tv\/2022\/wp-json\/wp\/v2\/posts"}],"about":[{"href":"https:\/\/canal7slp.tv\/2022\/wp-json\/wp\/v2\/types\/post"}],"author":[{"embeddable":true,"href":"https:\/\/canal7slp.tv\/2022\/wp-json\/wp\/v2\/users\/2"}],"replies":[{"embeddable":true,"href":"https:\/\/canal7slp.tv\/2022\/wp-json\/wp\/v2\/comments?post=73203"}],"version-history":[{"count":1,"href":"https:\/\/canal7slp.tv\/2022\/wp-json\/wp\/v2\/posts\/73203\/revisions"}],"predecessor-version":[{"id":73205,"href":"https:\/\/canal7slp.tv\/2022\/wp-json\/wp\/v2\/posts\/73203\/revisions\/73205"}],"wp:featuredmedia":[{"embeddable":true,"href":"https:\/\/canal7slp.tv\/2022\/wp-json\/wp\/v2\/media\/73204"}],"wp:attachment":[{"href":"https:\/\/canal7slp.tv\/2022\/wp-json\/wp\/v2\/media?parent=73203"}],"wp:term":[{"taxonomy":"category","embeddable":true,"href":"https:\/\/canal7slp.tv\/2022\/wp-json\/wp\/v2\/categories?post=73203"},{"taxonomy":"post_tag","embeddable":true,"href":"https:\/\/canal7slp.tv\/2022\/wp-json\/wp\/v2\/tags?post=73203"}],"curies":[{"name":"wp","href":"https:\/\/api.w.org\/{rel}","templated":true}]}}