{"id":73199,"date":"2022-09-18T13:38:56","date_gmt":"2022-09-18T19:38:56","guid":{"rendered":"https:\/\/canal7slp.tv\/2022\/?p=73199"},"modified":"2022-09-18T13:38:56","modified_gmt":"2022-09-18T19:38:56","slug":"por-definirse-horarios-de-tres-nuevas-rutas-aereas-que-entrarian-en-operacion-en-slp","status":"publish","type":"post","link":"https:\/\/canal7slp.tv\/2022\/por-definirse-horarios-de-tres-nuevas-rutas-aereas-que-entrarian-en-operacion-en-slp\/","title":{"rendered":"Por definirse horarios de tres nuevas rutas a\u00e9reas que entrar\u00edan en operaci\u00f3n en SLP."},"content":{"rendered":"<p style=\"text-align: justify;\">SLP.- Tres rutas a\u00e9reas se habilitar\u00e1n en San Luis Potos\u00ed, pero antes de ofrecerse a potenciales viajeros, su horario tendr\u00eda que definirse.<\/p>\n<p style=\"text-align: justify;\">El titular de la Secretar\u00eda de Desarrollo Econ\u00f3mico (SEDECO) Juan Carlos Valladares Eichelmann declar\u00f3 al respecto.<\/p>\n<p style=\"text-align: justify;\">Esa situaci\u00f3n propici\u00f3 que el di\u00e1logo rumbo un acuerdo se haya prolongado.<\/p>\n<p style=\"text-align: justify;\">Sin embargo, el funcionario dijo confiar que en breve se tenga una respuesta.<\/p>\n<p style=\"text-align: justify;\">Valladares Eichelmann enfatiz\u00f3 que los vuelos tendr\u00edan que estar programados temprano, de lo contrario no habr\u00eda raz\u00f3n de ser para quienes requieren el traslado.<\/p>\n<p style=\"text-align: justify;\">Por: Paulina Rodr\u00edguez<\/p>\n","protected":false},"excerpt":{"rendered":"<p>SLP.- Tres rutas a\u00e9reas se habilitar\u00e1n en San Luis Potos\u00ed, pero antes de ofrecerse a potenciales viajeros, su horario tendr\u00eda que definirse. El titular de la Secretar\u00eda de Desarrollo Econ\u00f3mico (SEDECO) Juan Carlos Valladares Eichelmann declar\u00f3 al respecto. Esa situaci\u00f3n propici\u00f3 que el di\u00e1logo rumbo un acuerdo se haya prolongado. Sin embargo, el funcionario dijo confiar que en breve se tenga una respuesta. Valladares Eichelmann enfatiz\u00f3 que los vuelos tendr\u00edan que estar programados temprano, de lo contrario no habr\u00eda raz\u00f3n de ser para quienes requieren el traslado. Por: Paulina Rodr\u00edguez<\/p>\n","protected":false},"author":2,"featured_media":73200,"comment_status":"closed","ping_status":"closed","sticky":false,"template":"","format":"video","meta":{"footnotes":""},"categories":[5,45],"tags":[],"class_list":["post-73199","post","type-post","status-publish","format-video","has-post-thumbnail","hentry","category-destacadas","category-localesyregionales","post_format-post-format-video","post--single"],"yoast_head":"<!-- This site is optimized with the Yoast SEO plugin v27.5 - https:\/\/yoast.com\/product\/yoast-seo-wordpress\/ -->\n<title>Por definirse horarios de tres nuevas rutas a\u00e9reas que entrar\u00edan en operaci\u00f3n en SLP. - Canal 7 SLP - 2022<\/title>\n<meta name=\"robots\" content=\"index, follow, max-snippet:-1, max-image-preview:large, max-video-preview:-1\" \/>\n<link rel=\"canonical\" href=\"https:\/\/canal7slp.tv\/2022\/por-definirse-horarios-de-tres-nuevas-rutas-aereas-que-entrarian-en-operacion-en-slp\/\" \/>\n<meta property=\"og:locale\" content=\"es_ES\" \/>\n<meta property=\"og:type\" content=\"article\" \/>\n<meta property=\"og:title\" content=\"Por definirse horarios de tres nuevas rutas a\u00e9reas que entrar\u00edan en operaci\u00f3n en SLP. - Canal 7 SLP - 2022\" \/>\n<meta property=\"og:description\" content=\"SLP.- Tres rutas a\u00e9reas se habilitar\u00e1n en San Luis Potos\u00ed, pero antes de ofrecerse a potenciales viajeros, su horario tendr\u00eda que definirse. El titular de la Secretar\u00eda de Desarrollo Econ\u00f3mico (SEDECO) Juan Carlos Valladares Eichelmann declar\u00f3 al respecto. Esa situaci\u00f3n propici\u00f3 que el di\u00e1logo rumbo un acuerdo se haya prolongado. Sin embargo, el funcionario dijo confiar que en breve se tenga una respuesta. Valladares Eichelmann enfatiz\u00f3 que los vuelos tendr\u00edan que estar programados temprano, de lo contrario no habr\u00eda raz\u00f3n de ser para quienes requieren el traslado. Por: Paulina Rodr\u00edguez\" \/>\n<meta property=\"og:url\" content=\"https:\/\/canal7slp.tv\/2022\/por-definirse-horarios-de-tres-nuevas-rutas-aereas-que-entrarian-en-operacion-en-slp\/\" \/>\n<meta property=\"og:site_name\" content=\"Canal 7 SLP - 2022\" \/>\n<meta property=\"article:publisher\" content=\"https:\/\/www.facebook.com\/noticieroscanalsiete\" \/>\n<meta property=\"article:published_time\" content=\"2022-09-18T19:38:56+00:00\" \/>\n<meta property=\"og:image\" content=\"https:\/\/canal7slp.tv\/2022\/wp-content\/uploads\/2022\/09\/Pau02RutasAereas.jpg\" \/>\n\t<meta property=\"og:image:width\" content=\"888\" \/>\n\t<meta property=\"og:image:height\" content=\"500\" \/>\n\t<meta property=\"og:image:type\" content=\"image\/jpeg\" \/>\n<meta name=\"author\" content=\"Edici\u00f3n Web\" \/>\n<meta name=\"twitter:card\" content=\"summary_large_image\" \/>\n<meta name=\"twitter:creator\" content=\"@NOTICIEROS7\" \/>\n<meta name=\"twitter:site\" content=\"@NOTICIEROS7\" \/>\n<meta name=\"twitter:label1\" content=\"Escrito por\" \/>\n\t<meta name=\"twitter:data1\" content=\"Edici\u00f3n Web\" \/>\n\t<meta name=\"twitter:label2\" content=\"Tiempo de lectura\" \/>\n\t<meta name=\"twitter:data2\" content=\"1 minuto\" \/>\n<script type=\"application\/ld+json\" class=\"yoast-schema-graph\">{\"@context\":\"https:\\\/\\\/schema.org\",\"@graph\":[{\"@type\":\"Article\",\"@id\":\"https:\\\/\\\/canal7slp.tv\\\/2022\\\/por-definirse-horarios-de-tres-nuevas-rutas-aereas-que-entrarian-en-operacion-en-slp\\\/#article\",\"isPartOf\":{\"@id\":\"https:\\\/\\\/canal7slp.tv\\\/2022\\\/por-definirse-horarios-de-tres-nuevas-rutas-aereas-que-entrarian-en-operacion-en-slp\\\/\"},\"author\":{\"name\":\"Edici\u00f3n Web\",\"@id\":\"https:\\\/\\\/canal7slp.tv\\\/2022\\\/#\\\/schema\\\/person\\\/429704152a21f5f856ce29aa69a238da\"},\"headline\":\"Por definirse horarios de tres nuevas rutas a\u00e9reas que entrar\u00edan en operaci\u00f3n en SLP.\",\"datePublished\":\"2022-09-18T19:38:56+00:00\",\"mainEntityOfPage\":{\"@id\":\"https:\\\/\\\/canal7slp.tv\\\/2022\\\/por-definirse-horarios-de-tres-nuevas-rutas-aereas-que-entrarian-en-operacion-en-slp\\\/\"},\"wordCount\":119,\"publisher\":{\"@id\":\"https:\\\/\\\/canal7slp.tv\\\/2022\\\/#organization\"},\"image\":{\"@id\":\"https:\\\/\\\/canal7slp.tv\\\/2022\\\/por-definirse-horarios-de-tres-nuevas-rutas-aereas-que-entrarian-en-operacion-en-slp\\\/#primaryimage\"},\"thumbnailUrl\":\"https:\\\/\\\/canal7slp.tv\\\/2022\\\/wp-content\\\/uploads\\\/2022\\\/09\\\/Pau02RutasAereas.jpg\",\"articleSection\":[\"DESTACADAS\",\"LOCALES Y REGIONALES\"],\"inLanguage\":\"es\"},{\"@type\":\"WebPage\",\"@id\":\"https:\\\/\\\/canal7slp.tv\\\/2022\\\/por-definirse-horarios-de-tres-nuevas-rutas-aereas-que-entrarian-en-operacion-en-slp\\\/\",\"url\":\"https:\\\/\\\/canal7slp.tv\\\/2022\\\/por-definirse-horarios-de-tres-nuevas-rutas-aereas-que-entrarian-en-operacion-en-slp\\\/\",\"name\":\"Por definirse horarios de tres nuevas rutas a\u00e9reas que entrar\u00edan en operaci\u00f3n en SLP. - Canal 7 SLP - 2022\",\"isPartOf\":{\"@id\":\"https:\\\/\\\/canal7slp.tv\\\/2022\\\/#website\"},\"primaryImageOfPage\":{\"@id\":\"https:\\\/\\\/canal7slp.tv\\\/2022\\\/por-definirse-horarios-de-tres-nuevas-rutas-aereas-que-entrarian-en-operacion-en-slp\\\/#primaryimage\"},\"image\":{\"@id\":\"https:\\\/\\\/canal7slp.tv\\\/2022\\\/por-definirse-horarios-de-tres-nuevas-rutas-aereas-que-entrarian-en-operacion-en-slp\\\/#primaryimage\"},\"thumbnailUrl\":\"https:\\\/\\\/canal7slp.tv\\\/2022\\\/wp-content\\\/uploads\\\/2022\\\/09\\\/Pau02RutasAereas.jpg\",\"datePublished\":\"2022-09-18T19:38:56+00:00\",\"breadcrumb\":{\"@id\":\"https:\\\/\\\/canal7slp.tv\\\/2022\\\/por-definirse-horarios-de-tres-nuevas-rutas-aereas-que-entrarian-en-operacion-en-slp\\\/#breadcrumb\"},\"inLanguage\":\"es\",\"potentialAction\":[{\"@type\":\"ReadAction\",\"target\":[\"https:\\\/\\\/canal7slp.tv\\\/2022\\\/por-definirse-horarios-de-tres-nuevas-rutas-aereas-que-entrarian-en-operacion-en-slp\\\/\"]}]},{\"@type\":\"ImageObject\",\"inLanguage\":\"es\",\"@id\":\"https:\\\/\\\/canal7slp.tv\\\/2022\\\/por-definirse-horarios-de-tres-nuevas-rutas-aereas-que-entrarian-en-operacion-en-slp\\\/#primaryimage\",\"url\":\"https:\\\/\\\/canal7slp.tv\\\/2022\\\/wp-content\\\/uploads\\\/2022\\\/09\\\/Pau02RutasAereas.jpg\",\"contentUrl\":\"https:\\\/\\\/canal7slp.tv\\\/2022\\\/wp-content\\\/uploads\\\/2022\\\/09\\\/Pau02RutasAereas.jpg\",\"width\":888,\"height\":500},{\"@type\":\"BreadcrumbList\",\"@id\":\"https:\\\/\\\/canal7slp.tv\\\/2022\\\/por-definirse-horarios-de-tres-nuevas-rutas-aereas-que-entrarian-en-operacion-en-slp\\\/#breadcrumb\",\"itemListElement\":[{\"@type\":\"ListItem\",\"position\":1,\"name\":\"Portada\",\"item\":\"https:\\\/\\\/canal7slp.tv\\\/2022\\\/\"},{\"@type\":\"ListItem\",\"position\":2,\"name\":\"Por definirse horarios de tres nuevas rutas a\u00e9reas que entrar\u00edan en operaci\u00f3n en SLP.\"}]},{\"@type\":\"WebSite\",\"@id\":\"https:\\\/\\\/canal7slp.tv\\\/2022\\\/#website\",\"url\":\"https:\\\/\\\/canal7slp.tv\\\/2022\\\/\",\"name\":\"N7 - Noticieros Canal 7\",\"description\":\"Somos Televisi\u00f3n\",\"publisher\":{\"@id\":\"https:\\\/\\\/canal7slp.tv\\\/2022\\\/#organization\"},\"potentialAction\":[{\"@type\":\"SearchAction\",\"target\":{\"@type\":\"EntryPoint\",\"urlTemplate\":\"https:\\\/\\\/canal7slp.tv\\\/2022\\\/?s={search_term_string}\"},\"query-input\":{\"@type\":\"PropertyValueSpecification\",\"valueRequired\":true,\"valueName\":\"search_term_string\"}}],\"inLanguage\":\"es\"},{\"@type\":\"Organization\",\"@id\":\"https:\\\/\\\/canal7slp.tv\\\/2022\\\/#organization\",\"name\":\"Noticieros Canal 7\",\"url\":\"https:\\\/\\\/canal7slp.tv\\\/2022\\\/\",\"logo\":{\"@type\":\"ImageObject\",\"inLanguage\":\"es\",\"@id\":\"https:\\\/\\\/canal7slp.tv\\\/2022\\\/#\\\/schema\\\/logo\\\/image\\\/\",\"url\":\"https:\\\/\\\/canal7slp.tv\\\/2022\\\/wp-content\\\/uploads\\\/2021\\\/01\\\/logo-noticieros@2x.png\",\"contentUrl\":\"https:\\\/\\\/canal7slp.tv\\\/2022\\\/wp-content\\\/uploads\\\/2021\\\/01\\\/logo-noticieros@2x.png\",\"width\":1017,\"height\":268,\"caption\":\"Noticieros Canal 7\"},\"image\":{\"@id\":\"https:\\\/\\\/canal7slp.tv\\\/2022\\\/#\\\/schema\\\/logo\\\/image\\\/\"},\"sameAs\":[\"https:\\\/\\\/www.facebook.com\\\/noticieroscanalsiete\",\"https:\\\/\\\/x.com\\\/NOTICIEROS7\",\"https:\\\/\\\/www.instagram.com\\\/canal7_slp\",\"https:\\\/\\\/www.youtube.com\\\/channel\\\/UCliiYs-gP3JfJeqdPrNdd5A\"]},{\"@type\":\"Person\",\"@id\":\"https:\\\/\\\/canal7slp.tv\\\/2022\\\/#\\\/schema\\\/person\\\/429704152a21f5f856ce29aa69a238da\",\"name\":\"Edici\u00f3n Web\",\"image\":{\"@type\":\"ImageObject\",\"inLanguage\":\"es\",\"@id\":\"https:\\\/\\\/secure.gravatar.com\\\/avatar\\\/eee448fc3f7164808013b816ba91ac7e43bbe82a70bebac296f8bc6f0addaa1a?s=96&d=mm&r=g\",\"url\":\"https:\\\/\\\/secure.gravatar.com\\\/avatar\\\/eee448fc3f7164808013b816ba91ac7e43bbe82a70bebac296f8bc6f0addaa1a?s=96&d=mm&r=g\",\"contentUrl\":\"https:\\\/\\\/secure.gravatar.com\\\/avatar\\\/eee448fc3f7164808013b816ba91ac7e43bbe82a70bebac296f8bc6f0addaa1a?s=96&d=mm&r=g\",\"caption\":\"Edici\u00f3n Web\"},\"url\":\"https:\\\/\\\/canal7slp.tv\\\/2022\\\/author\\\/edicionweb\\\/\"}]}<\/script>\n<!-- \/ Yoast SEO plugin. -->","yoast_head_json":{"title":"Por definirse horarios de tres nuevas rutas a\u00e9reas que entrar\u00edan en operaci\u00f3n en SLP. - Canal 7 SLP - 2022","robots":{"index":"index","follow":"follow","max-snippet":"max-snippet:-1","max-image-preview":"max-image-preview:large","max-video-preview":"max-video-preview:-1"},"canonical":"https:\/\/canal7slp.tv\/2022\/por-definirse-horarios-de-tres-nuevas-rutas-aereas-que-entrarian-en-operacion-en-slp\/","og_locale":"es_ES","og_type":"article","og_title":"Por definirse horarios de tres nuevas rutas a\u00e9reas que entrar\u00edan en operaci\u00f3n en SLP. - Canal 7 SLP - 2022","og_description":"SLP.- Tres rutas a\u00e9reas se habilitar\u00e1n en San Luis Potos\u00ed, pero antes de ofrecerse a potenciales viajeros, su horario tendr\u00eda que definirse. El titular de la Secretar\u00eda de Desarrollo Econ\u00f3mico (SEDECO) Juan Carlos Valladares Eichelmann declar\u00f3 al respecto. Esa situaci\u00f3n propici\u00f3 que el di\u00e1logo rumbo un acuerdo se haya prolongado. Sin embargo, el funcionario dijo confiar que en breve se tenga una respuesta. Valladares Eichelmann enfatiz\u00f3 que los vuelos tendr\u00edan que estar programados temprano, de lo contrario no habr\u00eda raz\u00f3n de ser para quienes requieren el traslado. Por: Paulina Rodr\u00edguez","og_url":"https:\/\/canal7slp.tv\/2022\/por-definirse-horarios-de-tres-nuevas-rutas-aereas-que-entrarian-en-operacion-en-slp\/","og_site_name":"Canal 7 SLP - 2022","article_publisher":"https:\/\/www.facebook.com\/noticieroscanalsiete","article_published_time":"2022-09-18T19:38:56+00:00","og_image":[{"width":888,"height":500,"url":"https:\/\/canal7slp.tv\/2022\/wp-content\/uploads\/2022\/09\/Pau02RutasAereas.jpg","type":"image\/jpeg"}],"author":"Edici\u00f3n Web","twitter_card":"summary_large_image","twitter_creator":"@NOTICIEROS7","twitter_site":"@NOTICIEROS7","twitter_misc":{"Escrito por":"Edici\u00f3n Web","Tiempo de lectura":"1 minuto"},"schema":{"@context":"https:\/\/schema.org","@graph":[{"@type":"Article","@id":"https:\/\/canal7slp.tv\/2022\/por-definirse-horarios-de-tres-nuevas-rutas-aereas-que-entrarian-en-operacion-en-slp\/#article","isPartOf":{"@id":"https:\/\/canal7slp.tv\/2022\/por-definirse-horarios-de-tres-nuevas-rutas-aereas-que-entrarian-en-operacion-en-slp\/"},"author":{"name":"Edici\u00f3n Web","@id":"https:\/\/canal7slp.tv\/2022\/#\/schema\/person\/429704152a21f5f856ce29aa69a238da"},"headline":"Por definirse horarios de tres nuevas rutas a\u00e9reas que entrar\u00edan en operaci\u00f3n en SLP.","datePublished":"2022-09-18T19:38:56+00:00","mainEntityOfPage":{"@id":"https:\/\/canal7slp.tv\/2022\/por-definirse-horarios-de-tres-nuevas-rutas-aereas-que-entrarian-en-operacion-en-slp\/"},"wordCount":119,"publisher":{"@id":"https:\/\/canal7slp.tv\/2022\/#organization"},"image":{"@id":"https:\/\/canal7slp.tv\/2022\/por-definirse-horarios-de-tres-nuevas-rutas-aereas-que-entrarian-en-operacion-en-slp\/#primaryimage"},"thumbnailUrl":"https:\/\/canal7slp.tv\/2022\/wp-content\/uploads\/2022\/09\/Pau02RutasAereas.jpg","articleSection":["DESTACADAS","LOCALES Y REGIONALES"],"inLanguage":"es"},{"@type":"WebPage","@id":"https:\/\/canal7slp.tv\/2022\/por-definirse-horarios-de-tres-nuevas-rutas-aereas-que-entrarian-en-operacion-en-slp\/","url":"https:\/\/canal7slp.tv\/2022\/por-definirse-horarios-de-tres-nuevas-rutas-aereas-que-entrarian-en-operacion-en-slp\/","name":"Por definirse horarios de tres nuevas rutas a\u00e9reas que entrar\u00edan en operaci\u00f3n en SLP. - Canal 7 SLP - 2022","isPartOf":{"@id":"https:\/\/canal7slp.tv\/2022\/#website"},"primaryImageOfPage":{"@id":"https:\/\/canal7slp.tv\/2022\/por-definirse-horarios-de-tres-nuevas-rutas-aereas-que-entrarian-en-operacion-en-slp\/#primaryimage"},"image":{"@id":"https:\/\/canal7slp.tv\/2022\/por-definirse-horarios-de-tres-nuevas-rutas-aereas-que-entrarian-en-operacion-en-slp\/#primaryimage"},"thumbnailUrl":"https:\/\/canal7slp.tv\/2022\/wp-content\/uploads\/2022\/09\/Pau02RutasAereas.jpg","datePublished":"2022-09-18T19:38:56+00:00","breadcrumb":{"@id":"https:\/\/canal7slp.tv\/2022\/por-definirse-horarios-de-tres-nuevas-rutas-aereas-que-entrarian-en-operacion-en-slp\/#breadcrumb"},"inLanguage":"es","potentialAction":[{"@type":"ReadAction","target":["https:\/\/canal7slp.tv\/2022\/por-definirse-horarios-de-tres-nuevas-rutas-aereas-que-entrarian-en-operacion-en-slp\/"]}]},{"@type":"ImageObject","inLanguage":"es","@id":"https:\/\/canal7slp.tv\/2022\/por-definirse-horarios-de-tres-nuevas-rutas-aereas-que-entrarian-en-operacion-en-slp\/#primaryimage","url":"https:\/\/canal7slp.tv\/2022\/wp-content\/uploads\/2022\/09\/Pau02RutasAereas.jpg","contentUrl":"https:\/\/canal7slp.tv\/2022\/wp-content\/uploads\/2022\/09\/Pau02RutasAereas.jpg","width":888,"height":500},{"@type":"BreadcrumbList","@id":"https:\/\/canal7slp.tv\/2022\/por-definirse-horarios-de-tres-nuevas-rutas-aereas-que-entrarian-en-operacion-en-slp\/#breadcrumb","itemListElement":[{"@type":"ListItem","position":1,"name":"Portada","item":"https:\/\/canal7slp.tv\/2022\/"},{"@type":"ListItem","position":2,"name":"Por definirse horarios de tres nuevas rutas a\u00e9reas que entrar\u00edan en operaci\u00f3n en SLP."}]},{"@type":"WebSite","@id":"https:\/\/canal7slp.tv\/2022\/#website","url":"https:\/\/canal7slp.tv\/2022\/","name":"N7 - Noticieros Canal 7","description":"Somos Televisi\u00f3n","publisher":{"@id":"https:\/\/canal7slp.tv\/2022\/#organization"},"potentialAction":[{"@type":"SearchAction","target":{"@type":"EntryPoint","urlTemplate":"https:\/\/canal7slp.tv\/2022\/?s={search_term_string}"},"query-input":{"@type":"PropertyValueSpecification","valueRequired":true,"valueName":"search_term_string"}}],"inLanguage":"es"},{"@type":"Organization","@id":"https:\/\/canal7slp.tv\/2022\/#organization","name":"Noticieros Canal 7","url":"https:\/\/canal7slp.tv\/2022\/","logo":{"@type":"ImageObject","inLanguage":"es","@id":"https:\/\/canal7slp.tv\/2022\/#\/schema\/logo\/image\/","url":"https:\/\/canal7slp.tv\/2022\/wp-content\/uploads\/2021\/01\/logo-noticieros@2x.png","contentUrl":"https:\/\/canal7slp.tv\/2022\/wp-content\/uploads\/2021\/01\/logo-noticieros@2x.png","width":1017,"height":268,"caption":"Noticieros Canal 7"},"image":{"@id":"https:\/\/canal7slp.tv\/2022\/#\/schema\/logo\/image\/"},"sameAs":["https:\/\/www.facebook.com\/noticieroscanalsiete","https:\/\/x.com\/NOTICIEROS7","https:\/\/www.instagram.com\/canal7_slp","https:\/\/www.youtube.com\/channel\/UCliiYs-gP3JfJeqdPrNdd5A"]},{"@type":"Person","@id":"https:\/\/canal7slp.tv\/2022\/#\/schema\/person\/429704152a21f5f856ce29aa69a238da","name":"Edici\u00f3n Web","image":{"@type":"ImageObject","inLanguage":"es","@id":"https:\/\/secure.gravatar.com\/avatar\/eee448fc3f7164808013b816ba91ac7e43bbe82a70bebac296f8bc6f0addaa1a?s=96&d=mm&r=g","url":"https:\/\/secure.gravatar.com\/avatar\/eee448fc3f7164808013b816ba91ac7e43bbe82a70bebac296f8bc6f0addaa1a?s=96&d=mm&r=g","contentUrl":"https:\/\/secure.gravatar.com\/avatar\/eee448fc3f7164808013b816ba91ac7e43bbe82a70bebac296f8bc6f0addaa1a?s=96&d=mm&r=g","caption":"Edici\u00f3n Web"},"url":"https:\/\/canal7slp.tv\/2022\/author\/edicionweb\/"}]}},"amp_enabled":true,"_links":{"self":[{"href":"https:\/\/canal7slp.tv\/2022\/wp-json\/wp\/v2\/posts\/73199","targetHints":{"allow":["GET"]}}],"collection":[{"href":"https:\/\/canal7slp.tv\/2022\/wp-json\/wp\/v2\/posts"}],"about":[{"href":"https:\/\/canal7slp.tv\/2022\/wp-json\/wp\/v2\/types\/post"}],"author":[{"embeddable":true,"href":"https:\/\/canal7slp.tv\/2022\/wp-json\/wp\/v2\/users\/2"}],"replies":[{"embeddable":true,"href":"https:\/\/canal7slp.tv\/2022\/wp-json\/wp\/v2\/comments?post=73199"}],"version-history":[{"count":2,"href":"https:\/\/canal7slp.tv\/2022\/wp-json\/wp\/v2\/posts\/73199\/revisions"}],"predecessor-version":[{"id":73202,"href":"https:\/\/canal7slp.tv\/2022\/wp-json\/wp\/v2\/posts\/73199\/revisions\/73202"}],"wp:featuredmedia":[{"embeddable":true,"href":"https:\/\/canal7slp.tv\/2022\/wp-json\/wp\/v2\/media\/73200"}],"wp:attachment":[{"href":"https:\/\/canal7slp.tv\/2022\/wp-json\/wp\/v2\/media?parent=73199"}],"wp:term":[{"taxonomy":"category","embeddable":true,"href":"https:\/\/canal7slp.tv\/2022\/wp-json\/wp\/v2\/categories?post=73199"},{"taxonomy":"post_tag","embeddable":true,"href":"https:\/\/canal7slp.tv\/2022\/wp-json\/wp\/v2\/tags?post=73199"}],"curies":[{"name":"wp","href":"https:\/\/api.w.org\/{rel}","templated":true}]}}