{"id":73191,"date":"2022-09-18T13:00:41","date_gmt":"2022-09-18T19:00:41","guid":{"rendered":"https:\/\/canal7slp.tv\/2022\/?p=73191"},"modified":"2022-09-18T13:00:41","modified_gmt":"2022-09-18T19:00:41","slug":"480-atenciones-de-salud-bucal-ha-brindado-este-2022-la-brigada-rural-del-dif-en-la-capital","status":"publish","type":"post","link":"https:\/\/canal7slp.tv\/2022\/480-atenciones-de-salud-bucal-ha-brindado-este-2022-la-brigada-rural-del-dif-en-la-capital\/","title":{"rendered":"480 atenciones de salud bucal ha brindado este 2022 la Brigada Rural del DIF en la capital"},"content":{"rendered":"<p style=\"text-align: justify;\">SLP.-\u00a0De enero a agosto, la Coordinaci\u00f3n del \u00c1rea Rural del Sistema Municipal para el Desarrollo Integral de la Familia (DI), ha brindado 480 atenciones de salud bucal.<\/p>\n<p style=\"text-align: justify;\">Lo anterior complementa diversas acciones que se llevan a 23 localidades.<\/p>\n<p style=\"text-align: justify;\">Dicha atenci\u00f3n en las comunidades incluye consultas m\u00e9dicas y nutricionales, con la misi\u00f3n de prevenir y controlar enfermedades cr\u00f3nico degenerativas.<\/p>\n<p style=\"text-align: justify;\">As\u00ed lo explic\u00f3 la Presidenta del DIF Municipal, Estela Arriaga M\u00e1rquez.<\/p>\n<p style=\"text-align: justify;\">Extracciones, empastes y canalizaci\u00f3n con especialistas para una atenci\u00f3n m\u00e1s completa, es lo que brinda la Brigada Rural, que atiende desde infantes hasta personas adultas mayores, con el respectivo seguimiento para tener un mejor control.<\/p>\n<p style=\"text-align: justify;\">Las revisiones que realizan en cada localidad se complementan con pl\u00e1ticas nutricionales donde adem\u00e1s se revisa la talla y peso; as\u00ed como signos vitales.<\/p>\n<p style=\"text-align: justify;\">Ello asimismo permitir\u00eda tener un registro de aquellas personas que tienen alguno de los padecimientos como diabetes, hipertensi\u00f3n y tiroidismo; a fin que reciban medicamento adecuado y se mantengan estables.<\/p>\n","protected":false},"excerpt":{"rendered":"<p>SLP.-\u00a0De enero a agosto, la Coordinaci\u00f3n del \u00c1rea Rural del Sistema Municipal para el Desarrollo Integral de la Familia (DI), ha brindado 480 atenciones de salud bucal. Lo anterior complementa diversas acciones que se llevan a 23 localidades. Dicha atenci\u00f3n en las comunidades incluye consultas m\u00e9dicas y nutricionales, con la misi\u00f3n de prevenir y controlar enfermedades cr\u00f3nico degenerativas. As\u00ed lo explic\u00f3 la Presidenta del DIF Municipal, Estela Arriaga M\u00e1rquez. Extracciones, empastes y canalizaci\u00f3n con especialistas para una atenci\u00f3n m\u00e1s completa, es lo que brinda la Brigada Rural, que atiende desde infantes hasta personas adultas mayores, con el respectivo seguimiento para [&hellip;]<\/p>\n","protected":false},"author":2,"featured_media":73192,"comment_status":"closed","ping_status":"closed","sticky":false,"template":"","format":"standard","meta":{"footnotes":""},"categories":[45],"tags":[],"class_list":["post-73191","post","type-post","status-publish","format-standard","has-post-thumbnail","hentry","category-localesyregionales","post--single"],"yoast_head":"<!-- This site is optimized with the Yoast SEO plugin v27.5 - https:\/\/yoast.com\/product\/yoast-seo-wordpress\/ -->\n<title>480 atenciones de salud bucal ha brindado este 2022 la Brigada Rural del DIF en la capital - Canal 7 SLP - 2022<\/title>\n<meta name=\"robots\" content=\"index, follow, max-snippet:-1, max-image-preview:large, max-video-preview:-1\" \/>\n<link rel=\"canonical\" href=\"https:\/\/canal7slp.tv\/2022\/480-atenciones-de-salud-bucal-ha-brindado-este-2022-la-brigada-rural-del-dif-en-la-capital\/\" \/>\n<meta property=\"og:locale\" content=\"es_ES\" \/>\n<meta property=\"og:type\" content=\"article\" \/>\n<meta property=\"og:title\" content=\"480 atenciones de salud bucal ha brindado este 2022 la Brigada Rural del DIF en la capital - Canal 7 SLP - 2022\" \/>\n<meta property=\"og:description\" content=\"SLP.-\u00a0De enero a agosto, la Coordinaci\u00f3n del \u00c1rea Rural del Sistema Municipal para el Desarrollo Integral de la Familia (DI), ha brindado 480 atenciones de salud bucal. Lo anterior complementa diversas acciones que se llevan a 23 localidades. Dicha atenci\u00f3n en las comunidades incluye consultas m\u00e9dicas y nutricionales, con la misi\u00f3n de prevenir y controlar enfermedades cr\u00f3nico degenerativas. As\u00ed lo explic\u00f3 la Presidenta del DIF Municipal, Estela Arriaga M\u00e1rquez. Extracciones, empastes y canalizaci\u00f3n con especialistas para una atenci\u00f3n m\u00e1s completa, es lo que brinda la Brigada Rural, que atiende desde infantes hasta personas adultas mayores, con el respectivo seguimiento para [&hellip;]\" \/>\n<meta property=\"og:url\" content=\"https:\/\/canal7slp.tv\/2022\/480-atenciones-de-salud-bucal-ha-brindado-este-2022-la-brigada-rural-del-dif-en-la-capital\/\" \/>\n<meta property=\"og:site_name\" content=\"Canal 7 SLP - 2022\" \/>\n<meta property=\"article:publisher\" content=\"https:\/\/www.facebook.com\/noticieroscanalsiete\" \/>\n<meta property=\"article:published_time\" content=\"2022-09-18T19:00:41+00:00\" \/>\n<meta property=\"og:image\" content=\"https:\/\/canal7slp.tv\/2022\/wp-content\/uploads\/2022\/09\/Dentista.jpeg\" \/>\n\t<meta property=\"og:image:width\" content=\"1280\" \/>\n\t<meta property=\"og:image:height\" content=\"960\" \/>\n\t<meta property=\"og:image:type\" content=\"image\/jpeg\" \/>\n<meta name=\"author\" content=\"Edici\u00f3n Web\" \/>\n<meta name=\"twitter:card\" content=\"summary_large_image\" \/>\n<meta name=\"twitter:creator\" content=\"@NOTICIEROS7\" \/>\n<meta name=\"twitter:site\" content=\"@NOTICIEROS7\" \/>\n<meta name=\"twitter:label1\" content=\"Escrito por\" \/>\n\t<meta name=\"twitter:data1\" content=\"Edici\u00f3n Web\" \/>\n\t<meta name=\"twitter:label2\" content=\"Tiempo de lectura\" \/>\n\t<meta name=\"twitter:data2\" content=\"1 minuto\" \/>\n<script type=\"application\/ld+json\" class=\"yoast-schema-graph\">{\"@context\":\"https:\\\/\\\/schema.org\",\"@graph\":[{\"@type\":\"Article\",\"@id\":\"https:\\\/\\\/canal7slp.tv\\\/2022\\\/480-atenciones-de-salud-bucal-ha-brindado-este-2022-la-brigada-rural-del-dif-en-la-capital\\\/#article\",\"isPartOf\":{\"@id\":\"https:\\\/\\\/canal7slp.tv\\\/2022\\\/480-atenciones-de-salud-bucal-ha-brindado-este-2022-la-brigada-rural-del-dif-en-la-capital\\\/\"},\"author\":{\"name\":\"Edici\u00f3n Web\",\"@id\":\"https:\\\/\\\/canal7slp.tv\\\/2022\\\/#\\\/schema\\\/person\\\/429704152a21f5f856ce29aa69a238da\"},\"headline\":\"480 atenciones de salud bucal ha brindado este 2022 la Brigada Rural del DIF en la capital\",\"datePublished\":\"2022-09-18T19:00:41+00:00\",\"mainEntityOfPage\":{\"@id\":\"https:\\\/\\\/canal7slp.tv\\\/2022\\\/480-atenciones-de-salud-bucal-ha-brindado-este-2022-la-brigada-rural-del-dif-en-la-capital\\\/\"},\"wordCount\":186,\"publisher\":{\"@id\":\"https:\\\/\\\/canal7slp.tv\\\/2022\\\/#organization\"},\"image\":{\"@id\":\"https:\\\/\\\/canal7slp.tv\\\/2022\\\/480-atenciones-de-salud-bucal-ha-brindado-este-2022-la-brigada-rural-del-dif-en-la-capital\\\/#primaryimage\"},\"thumbnailUrl\":\"https:\\\/\\\/canal7slp.tv\\\/2022\\\/wp-content\\\/uploads\\\/2022\\\/09\\\/Dentista.jpeg\",\"articleSection\":[\"LOCALES Y REGIONALES\"],\"inLanguage\":\"es\"},{\"@type\":\"WebPage\",\"@id\":\"https:\\\/\\\/canal7slp.tv\\\/2022\\\/480-atenciones-de-salud-bucal-ha-brindado-este-2022-la-brigada-rural-del-dif-en-la-capital\\\/\",\"url\":\"https:\\\/\\\/canal7slp.tv\\\/2022\\\/480-atenciones-de-salud-bucal-ha-brindado-este-2022-la-brigada-rural-del-dif-en-la-capital\\\/\",\"name\":\"480 atenciones de salud bucal ha brindado este 2022 la Brigada Rural del DIF en la capital - Canal 7 SLP - 2022\",\"isPartOf\":{\"@id\":\"https:\\\/\\\/canal7slp.tv\\\/2022\\\/#website\"},\"primaryImageOfPage\":{\"@id\":\"https:\\\/\\\/canal7slp.tv\\\/2022\\\/480-atenciones-de-salud-bucal-ha-brindado-este-2022-la-brigada-rural-del-dif-en-la-capital\\\/#primaryimage\"},\"image\":{\"@id\":\"https:\\\/\\\/canal7slp.tv\\\/2022\\\/480-atenciones-de-salud-bucal-ha-brindado-este-2022-la-brigada-rural-del-dif-en-la-capital\\\/#primaryimage\"},\"thumbnailUrl\":\"https:\\\/\\\/canal7slp.tv\\\/2022\\\/wp-content\\\/uploads\\\/2022\\\/09\\\/Dentista.jpeg\",\"datePublished\":\"2022-09-18T19:00:41+00:00\",\"breadcrumb\":{\"@id\":\"https:\\\/\\\/canal7slp.tv\\\/2022\\\/480-atenciones-de-salud-bucal-ha-brindado-este-2022-la-brigada-rural-del-dif-en-la-capital\\\/#breadcrumb\"},\"inLanguage\":\"es\",\"potentialAction\":[{\"@type\":\"ReadAction\",\"target\":[\"https:\\\/\\\/canal7slp.tv\\\/2022\\\/480-atenciones-de-salud-bucal-ha-brindado-este-2022-la-brigada-rural-del-dif-en-la-capital\\\/\"]}]},{\"@type\":\"ImageObject\",\"inLanguage\":\"es\",\"@id\":\"https:\\\/\\\/canal7slp.tv\\\/2022\\\/480-atenciones-de-salud-bucal-ha-brindado-este-2022-la-brigada-rural-del-dif-en-la-capital\\\/#primaryimage\",\"url\":\"https:\\\/\\\/canal7slp.tv\\\/2022\\\/wp-content\\\/uploads\\\/2022\\\/09\\\/Dentista.jpeg\",\"contentUrl\":\"https:\\\/\\\/canal7slp.tv\\\/2022\\\/wp-content\\\/uploads\\\/2022\\\/09\\\/Dentista.jpeg\",\"width\":1280,\"height\":960},{\"@type\":\"BreadcrumbList\",\"@id\":\"https:\\\/\\\/canal7slp.tv\\\/2022\\\/480-atenciones-de-salud-bucal-ha-brindado-este-2022-la-brigada-rural-del-dif-en-la-capital\\\/#breadcrumb\",\"itemListElement\":[{\"@type\":\"ListItem\",\"position\":1,\"name\":\"Portada\",\"item\":\"https:\\\/\\\/canal7slp.tv\\\/2022\\\/\"},{\"@type\":\"ListItem\",\"position\":2,\"name\":\"480 atenciones de salud bucal ha brindado este 2022 la Brigada Rural del DIF en la capital\"}]},{\"@type\":\"WebSite\",\"@id\":\"https:\\\/\\\/canal7slp.tv\\\/2022\\\/#website\",\"url\":\"https:\\\/\\\/canal7slp.tv\\\/2022\\\/\",\"name\":\"N7 - Noticieros Canal 7\",\"description\":\"Somos Televisi\u00f3n\",\"publisher\":{\"@id\":\"https:\\\/\\\/canal7slp.tv\\\/2022\\\/#organization\"},\"potentialAction\":[{\"@type\":\"SearchAction\",\"target\":{\"@type\":\"EntryPoint\",\"urlTemplate\":\"https:\\\/\\\/canal7slp.tv\\\/2022\\\/?s={search_term_string}\"},\"query-input\":{\"@type\":\"PropertyValueSpecification\",\"valueRequired\":true,\"valueName\":\"search_term_string\"}}],\"inLanguage\":\"es\"},{\"@type\":\"Organization\",\"@id\":\"https:\\\/\\\/canal7slp.tv\\\/2022\\\/#organization\",\"name\":\"Noticieros Canal 7\",\"url\":\"https:\\\/\\\/canal7slp.tv\\\/2022\\\/\",\"logo\":{\"@type\":\"ImageObject\",\"inLanguage\":\"es\",\"@id\":\"https:\\\/\\\/canal7slp.tv\\\/2022\\\/#\\\/schema\\\/logo\\\/image\\\/\",\"url\":\"https:\\\/\\\/canal7slp.tv\\\/2022\\\/wp-content\\\/uploads\\\/2021\\\/01\\\/logo-noticieros@2x.png\",\"contentUrl\":\"https:\\\/\\\/canal7slp.tv\\\/2022\\\/wp-content\\\/uploads\\\/2021\\\/01\\\/logo-noticieros@2x.png\",\"width\":1017,\"height\":268,\"caption\":\"Noticieros Canal 7\"},\"image\":{\"@id\":\"https:\\\/\\\/canal7slp.tv\\\/2022\\\/#\\\/schema\\\/logo\\\/image\\\/\"},\"sameAs\":[\"https:\\\/\\\/www.facebook.com\\\/noticieroscanalsiete\",\"https:\\\/\\\/x.com\\\/NOTICIEROS7\",\"https:\\\/\\\/www.instagram.com\\\/canal7_slp\",\"https:\\\/\\\/www.youtube.com\\\/channel\\\/UCliiYs-gP3JfJeqdPrNdd5A\"]},{\"@type\":\"Person\",\"@id\":\"https:\\\/\\\/canal7slp.tv\\\/2022\\\/#\\\/schema\\\/person\\\/429704152a21f5f856ce29aa69a238da\",\"name\":\"Edici\u00f3n Web\",\"image\":{\"@type\":\"ImageObject\",\"inLanguage\":\"es\",\"@id\":\"https:\\\/\\\/secure.gravatar.com\\\/avatar\\\/eee448fc3f7164808013b816ba91ac7e43bbe82a70bebac296f8bc6f0addaa1a?s=96&d=mm&r=g\",\"url\":\"https:\\\/\\\/secure.gravatar.com\\\/avatar\\\/eee448fc3f7164808013b816ba91ac7e43bbe82a70bebac296f8bc6f0addaa1a?s=96&d=mm&r=g\",\"contentUrl\":\"https:\\\/\\\/secure.gravatar.com\\\/avatar\\\/eee448fc3f7164808013b816ba91ac7e43bbe82a70bebac296f8bc6f0addaa1a?s=96&d=mm&r=g\",\"caption\":\"Edici\u00f3n Web\"},\"url\":\"https:\\\/\\\/canal7slp.tv\\\/2022\\\/author\\\/edicionweb\\\/\"}]}<\/script>\n<!-- \/ Yoast SEO plugin. -->","yoast_head_json":{"title":"480 atenciones de salud bucal ha brindado este 2022 la Brigada Rural del DIF en la capital - Canal 7 SLP - 2022","robots":{"index":"index","follow":"follow","max-snippet":"max-snippet:-1","max-image-preview":"max-image-preview:large","max-video-preview":"max-video-preview:-1"},"canonical":"https:\/\/canal7slp.tv\/2022\/480-atenciones-de-salud-bucal-ha-brindado-este-2022-la-brigada-rural-del-dif-en-la-capital\/","og_locale":"es_ES","og_type":"article","og_title":"480 atenciones de salud bucal ha brindado este 2022 la Brigada Rural del DIF en la capital - Canal 7 SLP - 2022","og_description":"SLP.-\u00a0De enero a agosto, la Coordinaci\u00f3n del \u00c1rea Rural del Sistema Municipal para el Desarrollo Integral de la Familia (DI), ha brindado 480 atenciones de salud bucal. Lo anterior complementa diversas acciones que se llevan a 23 localidades. Dicha atenci\u00f3n en las comunidades incluye consultas m\u00e9dicas y nutricionales, con la misi\u00f3n de prevenir y controlar enfermedades cr\u00f3nico degenerativas. As\u00ed lo explic\u00f3 la Presidenta del DIF Municipal, Estela Arriaga M\u00e1rquez. Extracciones, empastes y canalizaci\u00f3n con especialistas para una atenci\u00f3n m\u00e1s completa, es lo que brinda la Brigada Rural, que atiende desde infantes hasta personas adultas mayores, con el respectivo seguimiento para [&hellip;]","og_url":"https:\/\/canal7slp.tv\/2022\/480-atenciones-de-salud-bucal-ha-brindado-este-2022-la-brigada-rural-del-dif-en-la-capital\/","og_site_name":"Canal 7 SLP - 2022","article_publisher":"https:\/\/www.facebook.com\/noticieroscanalsiete","article_published_time":"2022-09-18T19:00:41+00:00","og_image":[{"width":1280,"height":960,"url":"https:\/\/canal7slp.tv\/2022\/wp-content\/uploads\/2022\/09\/Dentista.jpeg","type":"image\/jpeg"}],"author":"Edici\u00f3n Web","twitter_card":"summary_large_image","twitter_creator":"@NOTICIEROS7","twitter_site":"@NOTICIEROS7","twitter_misc":{"Escrito por":"Edici\u00f3n Web","Tiempo de lectura":"1 minuto"},"schema":{"@context":"https:\/\/schema.org","@graph":[{"@type":"Article","@id":"https:\/\/canal7slp.tv\/2022\/480-atenciones-de-salud-bucal-ha-brindado-este-2022-la-brigada-rural-del-dif-en-la-capital\/#article","isPartOf":{"@id":"https:\/\/canal7slp.tv\/2022\/480-atenciones-de-salud-bucal-ha-brindado-este-2022-la-brigada-rural-del-dif-en-la-capital\/"},"author":{"name":"Edici\u00f3n Web","@id":"https:\/\/canal7slp.tv\/2022\/#\/schema\/person\/429704152a21f5f856ce29aa69a238da"},"headline":"480 atenciones de salud bucal ha brindado este 2022 la Brigada Rural del DIF en la capital","datePublished":"2022-09-18T19:00:41+00:00","mainEntityOfPage":{"@id":"https:\/\/canal7slp.tv\/2022\/480-atenciones-de-salud-bucal-ha-brindado-este-2022-la-brigada-rural-del-dif-en-la-capital\/"},"wordCount":186,"publisher":{"@id":"https:\/\/canal7slp.tv\/2022\/#organization"},"image":{"@id":"https:\/\/canal7slp.tv\/2022\/480-atenciones-de-salud-bucal-ha-brindado-este-2022-la-brigada-rural-del-dif-en-la-capital\/#primaryimage"},"thumbnailUrl":"https:\/\/canal7slp.tv\/2022\/wp-content\/uploads\/2022\/09\/Dentista.jpeg","articleSection":["LOCALES Y REGIONALES"],"inLanguage":"es"},{"@type":"WebPage","@id":"https:\/\/canal7slp.tv\/2022\/480-atenciones-de-salud-bucal-ha-brindado-este-2022-la-brigada-rural-del-dif-en-la-capital\/","url":"https:\/\/canal7slp.tv\/2022\/480-atenciones-de-salud-bucal-ha-brindado-este-2022-la-brigada-rural-del-dif-en-la-capital\/","name":"480 atenciones de salud bucal ha brindado este 2022 la Brigada Rural del DIF en la capital - Canal 7 SLP - 2022","isPartOf":{"@id":"https:\/\/canal7slp.tv\/2022\/#website"},"primaryImageOfPage":{"@id":"https:\/\/canal7slp.tv\/2022\/480-atenciones-de-salud-bucal-ha-brindado-este-2022-la-brigada-rural-del-dif-en-la-capital\/#primaryimage"},"image":{"@id":"https:\/\/canal7slp.tv\/2022\/480-atenciones-de-salud-bucal-ha-brindado-este-2022-la-brigada-rural-del-dif-en-la-capital\/#primaryimage"},"thumbnailUrl":"https:\/\/canal7slp.tv\/2022\/wp-content\/uploads\/2022\/09\/Dentista.jpeg","datePublished":"2022-09-18T19:00:41+00:00","breadcrumb":{"@id":"https:\/\/canal7slp.tv\/2022\/480-atenciones-de-salud-bucal-ha-brindado-este-2022-la-brigada-rural-del-dif-en-la-capital\/#breadcrumb"},"inLanguage":"es","potentialAction":[{"@type":"ReadAction","target":["https:\/\/canal7slp.tv\/2022\/480-atenciones-de-salud-bucal-ha-brindado-este-2022-la-brigada-rural-del-dif-en-la-capital\/"]}]},{"@type":"ImageObject","inLanguage":"es","@id":"https:\/\/canal7slp.tv\/2022\/480-atenciones-de-salud-bucal-ha-brindado-este-2022-la-brigada-rural-del-dif-en-la-capital\/#primaryimage","url":"https:\/\/canal7slp.tv\/2022\/wp-content\/uploads\/2022\/09\/Dentista.jpeg","contentUrl":"https:\/\/canal7slp.tv\/2022\/wp-content\/uploads\/2022\/09\/Dentista.jpeg","width":1280,"height":960},{"@type":"BreadcrumbList","@id":"https:\/\/canal7slp.tv\/2022\/480-atenciones-de-salud-bucal-ha-brindado-este-2022-la-brigada-rural-del-dif-en-la-capital\/#breadcrumb","itemListElement":[{"@type":"ListItem","position":1,"name":"Portada","item":"https:\/\/canal7slp.tv\/2022\/"},{"@type":"ListItem","position":2,"name":"480 atenciones de salud bucal ha brindado este 2022 la Brigada Rural del DIF en la capital"}]},{"@type":"WebSite","@id":"https:\/\/canal7slp.tv\/2022\/#website","url":"https:\/\/canal7slp.tv\/2022\/","name":"N7 - Noticieros Canal 7","description":"Somos Televisi\u00f3n","publisher":{"@id":"https:\/\/canal7slp.tv\/2022\/#organization"},"potentialAction":[{"@type":"SearchAction","target":{"@type":"EntryPoint","urlTemplate":"https:\/\/canal7slp.tv\/2022\/?s={search_term_string}"},"query-input":{"@type":"PropertyValueSpecification","valueRequired":true,"valueName":"search_term_string"}}],"inLanguage":"es"},{"@type":"Organization","@id":"https:\/\/canal7slp.tv\/2022\/#organization","name":"Noticieros Canal 7","url":"https:\/\/canal7slp.tv\/2022\/","logo":{"@type":"ImageObject","inLanguage":"es","@id":"https:\/\/canal7slp.tv\/2022\/#\/schema\/logo\/image\/","url":"https:\/\/canal7slp.tv\/2022\/wp-content\/uploads\/2021\/01\/logo-noticieros@2x.png","contentUrl":"https:\/\/canal7slp.tv\/2022\/wp-content\/uploads\/2021\/01\/logo-noticieros@2x.png","width":1017,"height":268,"caption":"Noticieros Canal 7"},"image":{"@id":"https:\/\/canal7slp.tv\/2022\/#\/schema\/logo\/image\/"},"sameAs":["https:\/\/www.facebook.com\/noticieroscanalsiete","https:\/\/x.com\/NOTICIEROS7","https:\/\/www.instagram.com\/canal7_slp","https:\/\/www.youtube.com\/channel\/UCliiYs-gP3JfJeqdPrNdd5A"]},{"@type":"Person","@id":"https:\/\/canal7slp.tv\/2022\/#\/schema\/person\/429704152a21f5f856ce29aa69a238da","name":"Edici\u00f3n Web","image":{"@type":"ImageObject","inLanguage":"es","@id":"https:\/\/secure.gravatar.com\/avatar\/eee448fc3f7164808013b816ba91ac7e43bbe82a70bebac296f8bc6f0addaa1a?s=96&d=mm&r=g","url":"https:\/\/secure.gravatar.com\/avatar\/eee448fc3f7164808013b816ba91ac7e43bbe82a70bebac296f8bc6f0addaa1a?s=96&d=mm&r=g","contentUrl":"https:\/\/secure.gravatar.com\/avatar\/eee448fc3f7164808013b816ba91ac7e43bbe82a70bebac296f8bc6f0addaa1a?s=96&d=mm&r=g","caption":"Edici\u00f3n Web"},"url":"https:\/\/canal7slp.tv\/2022\/author\/edicionweb\/"}]}},"amp_enabled":true,"_links":{"self":[{"href":"https:\/\/canal7slp.tv\/2022\/wp-json\/wp\/v2\/posts\/73191","targetHints":{"allow":["GET"]}}],"collection":[{"href":"https:\/\/canal7slp.tv\/2022\/wp-json\/wp\/v2\/posts"}],"about":[{"href":"https:\/\/canal7slp.tv\/2022\/wp-json\/wp\/v2\/types\/post"}],"author":[{"embeddable":true,"href":"https:\/\/canal7slp.tv\/2022\/wp-json\/wp\/v2\/users\/2"}],"replies":[{"embeddable":true,"href":"https:\/\/canal7slp.tv\/2022\/wp-json\/wp\/v2\/comments?post=73191"}],"version-history":[{"count":1,"href":"https:\/\/canal7slp.tv\/2022\/wp-json\/wp\/v2\/posts\/73191\/revisions"}],"predecessor-version":[{"id":73193,"href":"https:\/\/canal7slp.tv\/2022\/wp-json\/wp\/v2\/posts\/73191\/revisions\/73193"}],"wp:featuredmedia":[{"embeddable":true,"href":"https:\/\/canal7slp.tv\/2022\/wp-json\/wp\/v2\/media\/73192"}],"wp:attachment":[{"href":"https:\/\/canal7slp.tv\/2022\/wp-json\/wp\/v2\/media?parent=73191"}],"wp:term":[{"taxonomy":"category","embeddable":true,"href":"https:\/\/canal7slp.tv\/2022\/wp-json\/wp\/v2\/categories?post=73191"},{"taxonomy":"post_tag","embeddable":true,"href":"https:\/\/canal7slp.tv\/2022\/wp-json\/wp\/v2\/tags?post=73191"}],"curies":[{"name":"wp","href":"https:\/\/api.w.org\/{rel}","templated":true}]}}