{"id":72778,"date":"2022-09-13T22:33:32","date_gmt":"2022-09-14T04:33:32","guid":{"rendered":"https:\/\/canal7slp.tv\/2022\/?p=72778"},"modified":"2022-09-13T22:33:32","modified_gmt":"2022-09-14T04:33:32","slug":"supuesto-motin-en-anexo-deja-como-saldo-tres-muertos-y-seis-heridos","status":"publish","type":"post","link":"https:\/\/canal7slp.tv\/2022\/supuesto-motin-en-anexo-deja-como-saldo-tres-muertos-y-seis-heridos\/","title":{"rendered":"Supuesto mot\u00edn en anexo, deja como saldo tres muertos y seis heridos."},"content":{"rendered":"<ul>\n<li style=\"text-align: justify;\">Trascendi\u00f3 que fue aventada una bomba molotov.<\/li>\n<\/ul>\n<p style=\"text-align: justify;\">SLP.- Con diferentes versiones de los hechos, la tarde de este martes tres personas murieron en una Cl\u00ednica de Rehabilitaci\u00f3n ubicada en el fraccionamiento El Palmar.<\/p>\n<p style=\"text-align: justify;\">Extraoficialmente se indic\u00f3 que dentro del sitio en la calle Nuevo Vallarta hubo un mot\u00edn, por el que se prendi\u00f3 fuego a colchones -lo que supuestamente ser\u00eda el origen de que tres personas quedaran sin vida-.<\/p>\n<p style=\"text-align: justify;\">Sin embargo, otras cinco presentaron lesiones y fueron trasladadas al Hospital Central \u201cDr. Ignacio Morones Prieto\u201d; una m\u00e1s recibi\u00f3 atenci\u00f3n al exterior del inmueble.<\/p>\n<p style=\"text-align: justify;\">Mientras se ha mencionado que al parecer lo sucedido en el centro de rehabilitaci\u00f3n tiene que ver con un mot\u00edn, versiones no oficiales apuntan que externos lanzaron una bomba molotov y las v\u00edctimas no pudieron salir.<\/p>\n<p style=\"text-align: justify;\">Diferentes corporaciones intervinieron en la zona, como la Secretar\u00eda de Seguridad y Protecci\u00f3n Ciudadana (SSPC). Tambi\u00e9n el Heroico Cuerpo de Bomberos.<\/p>\n<p style=\"text-align: justify;\">En plena calle se pudo observar el cuerpo de una de las personas que perdieron la vida ante los hechos.<\/p>\n<p style=\"text-align: justify;\">Por: Paulina Rodr\u00edguez<\/p>\n","protected":false},"excerpt":{"rendered":"<p>Trascendi\u00f3 que fue aventada una bomba molotov. SLP.- Con diferentes versiones de los hechos, la tarde de este martes tres personas murieron en una Cl\u00ednica de Rehabilitaci\u00f3n ubicada en el fraccionamiento El Palmar. Extraoficialmente se indic\u00f3 que dentro del sitio en la calle Nuevo Vallarta hubo un mot\u00edn, por el que se prendi\u00f3 fuego a colchones -lo que supuestamente ser\u00eda el origen de que tres personas quedaran sin vida-. Sin embargo, otras cinco presentaron lesiones y fueron trasladadas al Hospital Central \u201cDr. Ignacio Morones Prieto\u201d; una m\u00e1s recibi\u00f3 atenci\u00f3n al exterior del inmueble. Mientras se ha mencionado que al parecer [&hellip;]<\/p>\n","protected":false},"author":2,"featured_media":72779,"comment_status":"closed","ping_status":"closed","sticky":false,"template":"","format":"video","meta":{"footnotes":""},"categories":[5,45],"tags":[],"class_list":["post-72778","post","type-post","status-publish","format-video","has-post-thumbnail","hentry","category-destacadas","category-localesyregionales","post_format-post-format-video","post--single"],"yoast_head":"<!-- This site is optimized with the Yoast SEO plugin v27.5 - https:\/\/yoast.com\/product\/yoast-seo-wordpress\/ -->\n<title>Supuesto mot\u00edn en anexo, deja como saldo tres muertos y seis heridos. - Canal 7 SLP - 2022<\/title>\n<meta name=\"robots\" content=\"index, follow, max-snippet:-1, max-image-preview:large, max-video-preview:-1\" \/>\n<link rel=\"canonical\" href=\"https:\/\/canal7slp.tv\/2022\/supuesto-motin-en-anexo-deja-como-saldo-tres-muertos-y-seis-heridos\/\" \/>\n<meta property=\"og:locale\" content=\"es_ES\" \/>\n<meta property=\"og:type\" content=\"article\" \/>\n<meta property=\"og:title\" content=\"Supuesto mot\u00edn en anexo, deja como saldo tres muertos y seis heridos. - Canal 7 SLP - 2022\" \/>\n<meta property=\"og:description\" content=\"Trascendi\u00f3 que fue aventada una bomba molotov. SLP.- Con diferentes versiones de los hechos, la tarde de este martes tres personas murieron en una Cl\u00ednica de Rehabilitaci\u00f3n ubicada en el fraccionamiento El Palmar. Extraoficialmente se indic\u00f3 que dentro del sitio en la calle Nuevo Vallarta hubo un mot\u00edn, por el que se prendi\u00f3 fuego a colchones -lo que supuestamente ser\u00eda el origen de que tres personas quedaran sin vida-. Sin embargo, otras cinco presentaron lesiones y fueron trasladadas al Hospital Central \u201cDr. Ignacio Morones Prieto\u201d; una m\u00e1s recibi\u00f3 atenci\u00f3n al exterior del inmueble. Mientras se ha mencionado que al parecer [&hellip;]\" \/>\n<meta property=\"og:url\" content=\"https:\/\/canal7slp.tv\/2022\/supuesto-motin-en-anexo-deja-como-saldo-tres-muertos-y-seis-heridos\/\" \/>\n<meta property=\"og:site_name\" content=\"Canal 7 SLP - 2022\" \/>\n<meta property=\"article:publisher\" content=\"https:\/\/www.facebook.com\/noticieroscanalsiete\" \/>\n<meta property=\"article:published_time\" content=\"2022-09-14T04:33:32+00:00\" \/>\n<meta property=\"og:image\" content=\"https:\/\/canal7slp.tv\/2022\/wp-content\/uploads\/2022\/09\/Pau04Quemados.jpg\" \/>\n\t<meta property=\"og:image:width\" content=\"888\" \/>\n\t<meta property=\"og:image:height\" content=\"500\" \/>\n\t<meta property=\"og:image:type\" content=\"image\/jpeg\" \/>\n<meta name=\"author\" content=\"Edici\u00f3n Web\" \/>\n<meta name=\"twitter:card\" content=\"summary_large_image\" \/>\n<meta name=\"twitter:creator\" content=\"@NOTICIEROS7\" \/>\n<meta name=\"twitter:site\" content=\"@NOTICIEROS7\" \/>\n<meta name=\"twitter:label1\" content=\"Escrito por\" \/>\n\t<meta name=\"twitter:data1\" content=\"Edici\u00f3n Web\" \/>\n\t<meta name=\"twitter:label2\" content=\"Tiempo de lectura\" \/>\n\t<meta name=\"twitter:data2\" content=\"1 minuto\" \/>\n<script type=\"application\/ld+json\" class=\"yoast-schema-graph\">{\"@context\":\"https:\\\/\\\/schema.org\",\"@graph\":[{\"@type\":\"Article\",\"@id\":\"https:\\\/\\\/canal7slp.tv\\\/2022\\\/supuesto-motin-en-anexo-deja-como-saldo-tres-muertos-y-seis-heridos\\\/#article\",\"isPartOf\":{\"@id\":\"https:\\\/\\\/canal7slp.tv\\\/2022\\\/supuesto-motin-en-anexo-deja-como-saldo-tres-muertos-y-seis-heridos\\\/\"},\"author\":{\"name\":\"Edici\u00f3n Web\",\"@id\":\"https:\\\/\\\/canal7slp.tv\\\/2022\\\/#\\\/schema\\\/person\\\/429704152a21f5f856ce29aa69a238da\"},\"headline\":\"Supuesto mot\u00edn en anexo, deja como saldo tres muertos y seis heridos.\",\"datePublished\":\"2022-09-14T04:33:32+00:00\",\"mainEntityOfPage\":{\"@id\":\"https:\\\/\\\/canal7slp.tv\\\/2022\\\/supuesto-motin-en-anexo-deja-como-saldo-tres-muertos-y-seis-heridos\\\/\"},\"wordCount\":200,\"publisher\":{\"@id\":\"https:\\\/\\\/canal7slp.tv\\\/2022\\\/#organization\"},\"image\":{\"@id\":\"https:\\\/\\\/canal7slp.tv\\\/2022\\\/supuesto-motin-en-anexo-deja-como-saldo-tres-muertos-y-seis-heridos\\\/#primaryimage\"},\"thumbnailUrl\":\"https:\\\/\\\/canal7slp.tv\\\/2022\\\/wp-content\\\/uploads\\\/2022\\\/09\\\/Pau04Quemados.jpg\",\"articleSection\":[\"DESTACADAS\",\"LOCALES Y REGIONALES\"],\"inLanguage\":\"es\"},{\"@type\":\"WebPage\",\"@id\":\"https:\\\/\\\/canal7slp.tv\\\/2022\\\/supuesto-motin-en-anexo-deja-como-saldo-tres-muertos-y-seis-heridos\\\/\",\"url\":\"https:\\\/\\\/canal7slp.tv\\\/2022\\\/supuesto-motin-en-anexo-deja-como-saldo-tres-muertos-y-seis-heridos\\\/\",\"name\":\"Supuesto mot\u00edn en anexo, deja como saldo tres muertos y seis heridos. - Canal 7 SLP - 2022\",\"isPartOf\":{\"@id\":\"https:\\\/\\\/canal7slp.tv\\\/2022\\\/#website\"},\"primaryImageOfPage\":{\"@id\":\"https:\\\/\\\/canal7slp.tv\\\/2022\\\/supuesto-motin-en-anexo-deja-como-saldo-tres-muertos-y-seis-heridos\\\/#primaryimage\"},\"image\":{\"@id\":\"https:\\\/\\\/canal7slp.tv\\\/2022\\\/supuesto-motin-en-anexo-deja-como-saldo-tres-muertos-y-seis-heridos\\\/#primaryimage\"},\"thumbnailUrl\":\"https:\\\/\\\/canal7slp.tv\\\/2022\\\/wp-content\\\/uploads\\\/2022\\\/09\\\/Pau04Quemados.jpg\",\"datePublished\":\"2022-09-14T04:33:32+00:00\",\"breadcrumb\":{\"@id\":\"https:\\\/\\\/canal7slp.tv\\\/2022\\\/supuesto-motin-en-anexo-deja-como-saldo-tres-muertos-y-seis-heridos\\\/#breadcrumb\"},\"inLanguage\":\"es\",\"potentialAction\":[{\"@type\":\"ReadAction\",\"target\":[\"https:\\\/\\\/canal7slp.tv\\\/2022\\\/supuesto-motin-en-anexo-deja-como-saldo-tres-muertos-y-seis-heridos\\\/\"]}]},{\"@type\":\"ImageObject\",\"inLanguage\":\"es\",\"@id\":\"https:\\\/\\\/canal7slp.tv\\\/2022\\\/supuesto-motin-en-anexo-deja-como-saldo-tres-muertos-y-seis-heridos\\\/#primaryimage\",\"url\":\"https:\\\/\\\/canal7slp.tv\\\/2022\\\/wp-content\\\/uploads\\\/2022\\\/09\\\/Pau04Quemados.jpg\",\"contentUrl\":\"https:\\\/\\\/canal7slp.tv\\\/2022\\\/wp-content\\\/uploads\\\/2022\\\/09\\\/Pau04Quemados.jpg\",\"width\":888,\"height\":500},{\"@type\":\"BreadcrumbList\",\"@id\":\"https:\\\/\\\/canal7slp.tv\\\/2022\\\/supuesto-motin-en-anexo-deja-como-saldo-tres-muertos-y-seis-heridos\\\/#breadcrumb\",\"itemListElement\":[{\"@type\":\"ListItem\",\"position\":1,\"name\":\"Portada\",\"item\":\"https:\\\/\\\/canal7slp.tv\\\/2022\\\/\"},{\"@type\":\"ListItem\",\"position\":2,\"name\":\"Supuesto mot\u00edn en anexo, deja como saldo tres muertos y seis heridos.\"}]},{\"@type\":\"WebSite\",\"@id\":\"https:\\\/\\\/canal7slp.tv\\\/2022\\\/#website\",\"url\":\"https:\\\/\\\/canal7slp.tv\\\/2022\\\/\",\"name\":\"N7 - Noticieros Canal 7\",\"description\":\"Somos Televisi\u00f3n\",\"publisher\":{\"@id\":\"https:\\\/\\\/canal7slp.tv\\\/2022\\\/#organization\"},\"potentialAction\":[{\"@type\":\"SearchAction\",\"target\":{\"@type\":\"EntryPoint\",\"urlTemplate\":\"https:\\\/\\\/canal7slp.tv\\\/2022\\\/?s={search_term_string}\"},\"query-input\":{\"@type\":\"PropertyValueSpecification\",\"valueRequired\":true,\"valueName\":\"search_term_string\"}}],\"inLanguage\":\"es\"},{\"@type\":\"Organization\",\"@id\":\"https:\\\/\\\/canal7slp.tv\\\/2022\\\/#organization\",\"name\":\"Noticieros Canal 7\",\"url\":\"https:\\\/\\\/canal7slp.tv\\\/2022\\\/\",\"logo\":{\"@type\":\"ImageObject\",\"inLanguage\":\"es\",\"@id\":\"https:\\\/\\\/canal7slp.tv\\\/2022\\\/#\\\/schema\\\/logo\\\/image\\\/\",\"url\":\"https:\\\/\\\/canal7slp.tv\\\/2022\\\/wp-content\\\/uploads\\\/2021\\\/01\\\/logo-noticieros@2x.png\",\"contentUrl\":\"https:\\\/\\\/canal7slp.tv\\\/2022\\\/wp-content\\\/uploads\\\/2021\\\/01\\\/logo-noticieros@2x.png\",\"width\":1017,\"height\":268,\"caption\":\"Noticieros Canal 7\"},\"image\":{\"@id\":\"https:\\\/\\\/canal7slp.tv\\\/2022\\\/#\\\/schema\\\/logo\\\/image\\\/\"},\"sameAs\":[\"https:\\\/\\\/www.facebook.com\\\/noticieroscanalsiete\",\"https:\\\/\\\/x.com\\\/NOTICIEROS7\",\"https:\\\/\\\/www.instagram.com\\\/canal7_slp\",\"https:\\\/\\\/www.youtube.com\\\/channel\\\/UCliiYs-gP3JfJeqdPrNdd5A\"]},{\"@type\":\"Person\",\"@id\":\"https:\\\/\\\/canal7slp.tv\\\/2022\\\/#\\\/schema\\\/person\\\/429704152a21f5f856ce29aa69a238da\",\"name\":\"Edici\u00f3n Web\",\"image\":{\"@type\":\"ImageObject\",\"inLanguage\":\"es\",\"@id\":\"https:\\\/\\\/secure.gravatar.com\\\/avatar\\\/eee448fc3f7164808013b816ba91ac7e43bbe82a70bebac296f8bc6f0addaa1a?s=96&d=mm&r=g\",\"url\":\"https:\\\/\\\/secure.gravatar.com\\\/avatar\\\/eee448fc3f7164808013b816ba91ac7e43bbe82a70bebac296f8bc6f0addaa1a?s=96&d=mm&r=g\",\"contentUrl\":\"https:\\\/\\\/secure.gravatar.com\\\/avatar\\\/eee448fc3f7164808013b816ba91ac7e43bbe82a70bebac296f8bc6f0addaa1a?s=96&d=mm&r=g\",\"caption\":\"Edici\u00f3n Web\"},\"url\":\"https:\\\/\\\/canal7slp.tv\\\/2022\\\/author\\\/edicionweb\\\/\"}]}<\/script>\n<!-- \/ Yoast SEO plugin. -->","yoast_head_json":{"title":"Supuesto mot\u00edn en anexo, deja como saldo tres muertos y seis heridos. - Canal 7 SLP - 2022","robots":{"index":"index","follow":"follow","max-snippet":"max-snippet:-1","max-image-preview":"max-image-preview:large","max-video-preview":"max-video-preview:-1"},"canonical":"https:\/\/canal7slp.tv\/2022\/supuesto-motin-en-anexo-deja-como-saldo-tres-muertos-y-seis-heridos\/","og_locale":"es_ES","og_type":"article","og_title":"Supuesto mot\u00edn en anexo, deja como saldo tres muertos y seis heridos. - Canal 7 SLP - 2022","og_description":"Trascendi\u00f3 que fue aventada una bomba molotov. SLP.- Con diferentes versiones de los hechos, la tarde de este martes tres personas murieron en una Cl\u00ednica de Rehabilitaci\u00f3n ubicada en el fraccionamiento El Palmar. Extraoficialmente se indic\u00f3 que dentro del sitio en la calle Nuevo Vallarta hubo un mot\u00edn, por el que se prendi\u00f3 fuego a colchones -lo que supuestamente ser\u00eda el origen de que tres personas quedaran sin vida-. Sin embargo, otras cinco presentaron lesiones y fueron trasladadas al Hospital Central \u201cDr. Ignacio Morones Prieto\u201d; una m\u00e1s recibi\u00f3 atenci\u00f3n al exterior del inmueble. Mientras se ha mencionado que al parecer [&hellip;]","og_url":"https:\/\/canal7slp.tv\/2022\/supuesto-motin-en-anexo-deja-como-saldo-tres-muertos-y-seis-heridos\/","og_site_name":"Canal 7 SLP - 2022","article_publisher":"https:\/\/www.facebook.com\/noticieroscanalsiete","article_published_time":"2022-09-14T04:33:32+00:00","og_image":[{"width":888,"height":500,"url":"https:\/\/canal7slp.tv\/2022\/wp-content\/uploads\/2022\/09\/Pau04Quemados.jpg","type":"image\/jpeg"}],"author":"Edici\u00f3n Web","twitter_card":"summary_large_image","twitter_creator":"@NOTICIEROS7","twitter_site":"@NOTICIEROS7","twitter_misc":{"Escrito por":"Edici\u00f3n Web","Tiempo de lectura":"1 minuto"},"schema":{"@context":"https:\/\/schema.org","@graph":[{"@type":"Article","@id":"https:\/\/canal7slp.tv\/2022\/supuesto-motin-en-anexo-deja-como-saldo-tres-muertos-y-seis-heridos\/#article","isPartOf":{"@id":"https:\/\/canal7slp.tv\/2022\/supuesto-motin-en-anexo-deja-como-saldo-tres-muertos-y-seis-heridos\/"},"author":{"name":"Edici\u00f3n Web","@id":"https:\/\/canal7slp.tv\/2022\/#\/schema\/person\/429704152a21f5f856ce29aa69a238da"},"headline":"Supuesto mot\u00edn en anexo, deja como saldo tres muertos y seis heridos.","datePublished":"2022-09-14T04:33:32+00:00","mainEntityOfPage":{"@id":"https:\/\/canal7slp.tv\/2022\/supuesto-motin-en-anexo-deja-como-saldo-tres-muertos-y-seis-heridos\/"},"wordCount":200,"publisher":{"@id":"https:\/\/canal7slp.tv\/2022\/#organization"},"image":{"@id":"https:\/\/canal7slp.tv\/2022\/supuesto-motin-en-anexo-deja-como-saldo-tres-muertos-y-seis-heridos\/#primaryimage"},"thumbnailUrl":"https:\/\/canal7slp.tv\/2022\/wp-content\/uploads\/2022\/09\/Pau04Quemados.jpg","articleSection":["DESTACADAS","LOCALES Y REGIONALES"],"inLanguage":"es"},{"@type":"WebPage","@id":"https:\/\/canal7slp.tv\/2022\/supuesto-motin-en-anexo-deja-como-saldo-tres-muertos-y-seis-heridos\/","url":"https:\/\/canal7slp.tv\/2022\/supuesto-motin-en-anexo-deja-como-saldo-tres-muertos-y-seis-heridos\/","name":"Supuesto mot\u00edn en anexo, deja como saldo tres muertos y seis heridos. - Canal 7 SLP - 2022","isPartOf":{"@id":"https:\/\/canal7slp.tv\/2022\/#website"},"primaryImageOfPage":{"@id":"https:\/\/canal7slp.tv\/2022\/supuesto-motin-en-anexo-deja-como-saldo-tres-muertos-y-seis-heridos\/#primaryimage"},"image":{"@id":"https:\/\/canal7slp.tv\/2022\/supuesto-motin-en-anexo-deja-como-saldo-tres-muertos-y-seis-heridos\/#primaryimage"},"thumbnailUrl":"https:\/\/canal7slp.tv\/2022\/wp-content\/uploads\/2022\/09\/Pau04Quemados.jpg","datePublished":"2022-09-14T04:33:32+00:00","breadcrumb":{"@id":"https:\/\/canal7slp.tv\/2022\/supuesto-motin-en-anexo-deja-como-saldo-tres-muertos-y-seis-heridos\/#breadcrumb"},"inLanguage":"es","potentialAction":[{"@type":"ReadAction","target":["https:\/\/canal7slp.tv\/2022\/supuesto-motin-en-anexo-deja-como-saldo-tres-muertos-y-seis-heridos\/"]}]},{"@type":"ImageObject","inLanguage":"es","@id":"https:\/\/canal7slp.tv\/2022\/supuesto-motin-en-anexo-deja-como-saldo-tres-muertos-y-seis-heridos\/#primaryimage","url":"https:\/\/canal7slp.tv\/2022\/wp-content\/uploads\/2022\/09\/Pau04Quemados.jpg","contentUrl":"https:\/\/canal7slp.tv\/2022\/wp-content\/uploads\/2022\/09\/Pau04Quemados.jpg","width":888,"height":500},{"@type":"BreadcrumbList","@id":"https:\/\/canal7slp.tv\/2022\/supuesto-motin-en-anexo-deja-como-saldo-tres-muertos-y-seis-heridos\/#breadcrumb","itemListElement":[{"@type":"ListItem","position":1,"name":"Portada","item":"https:\/\/canal7slp.tv\/2022\/"},{"@type":"ListItem","position":2,"name":"Supuesto mot\u00edn en anexo, deja como saldo tres muertos y seis heridos."}]},{"@type":"WebSite","@id":"https:\/\/canal7slp.tv\/2022\/#website","url":"https:\/\/canal7slp.tv\/2022\/","name":"N7 - Noticieros Canal 7","description":"Somos Televisi\u00f3n","publisher":{"@id":"https:\/\/canal7slp.tv\/2022\/#organization"},"potentialAction":[{"@type":"SearchAction","target":{"@type":"EntryPoint","urlTemplate":"https:\/\/canal7slp.tv\/2022\/?s={search_term_string}"},"query-input":{"@type":"PropertyValueSpecification","valueRequired":true,"valueName":"search_term_string"}}],"inLanguage":"es"},{"@type":"Organization","@id":"https:\/\/canal7slp.tv\/2022\/#organization","name":"Noticieros Canal 7","url":"https:\/\/canal7slp.tv\/2022\/","logo":{"@type":"ImageObject","inLanguage":"es","@id":"https:\/\/canal7slp.tv\/2022\/#\/schema\/logo\/image\/","url":"https:\/\/canal7slp.tv\/2022\/wp-content\/uploads\/2021\/01\/logo-noticieros@2x.png","contentUrl":"https:\/\/canal7slp.tv\/2022\/wp-content\/uploads\/2021\/01\/logo-noticieros@2x.png","width":1017,"height":268,"caption":"Noticieros Canal 7"},"image":{"@id":"https:\/\/canal7slp.tv\/2022\/#\/schema\/logo\/image\/"},"sameAs":["https:\/\/www.facebook.com\/noticieroscanalsiete","https:\/\/x.com\/NOTICIEROS7","https:\/\/www.instagram.com\/canal7_slp","https:\/\/www.youtube.com\/channel\/UCliiYs-gP3JfJeqdPrNdd5A"]},{"@type":"Person","@id":"https:\/\/canal7slp.tv\/2022\/#\/schema\/person\/429704152a21f5f856ce29aa69a238da","name":"Edici\u00f3n Web","image":{"@type":"ImageObject","inLanguage":"es","@id":"https:\/\/secure.gravatar.com\/avatar\/eee448fc3f7164808013b816ba91ac7e43bbe82a70bebac296f8bc6f0addaa1a?s=96&d=mm&r=g","url":"https:\/\/secure.gravatar.com\/avatar\/eee448fc3f7164808013b816ba91ac7e43bbe82a70bebac296f8bc6f0addaa1a?s=96&d=mm&r=g","contentUrl":"https:\/\/secure.gravatar.com\/avatar\/eee448fc3f7164808013b816ba91ac7e43bbe82a70bebac296f8bc6f0addaa1a?s=96&d=mm&r=g","caption":"Edici\u00f3n Web"},"url":"https:\/\/canal7slp.tv\/2022\/author\/edicionweb\/"}]}},"amp_enabled":true,"_links":{"self":[{"href":"https:\/\/canal7slp.tv\/2022\/wp-json\/wp\/v2\/posts\/72778","targetHints":{"allow":["GET"]}}],"collection":[{"href":"https:\/\/canal7slp.tv\/2022\/wp-json\/wp\/v2\/posts"}],"about":[{"href":"https:\/\/canal7slp.tv\/2022\/wp-json\/wp\/v2\/types\/post"}],"author":[{"embeddable":true,"href":"https:\/\/canal7slp.tv\/2022\/wp-json\/wp\/v2\/users\/2"}],"replies":[{"embeddable":true,"href":"https:\/\/canal7slp.tv\/2022\/wp-json\/wp\/v2\/comments?post=72778"}],"version-history":[{"count":1,"href":"https:\/\/canal7slp.tv\/2022\/wp-json\/wp\/v2\/posts\/72778\/revisions"}],"predecessor-version":[{"id":72780,"href":"https:\/\/canal7slp.tv\/2022\/wp-json\/wp\/v2\/posts\/72778\/revisions\/72780"}],"wp:featuredmedia":[{"embeddable":true,"href":"https:\/\/canal7slp.tv\/2022\/wp-json\/wp\/v2\/media\/72779"}],"wp:attachment":[{"href":"https:\/\/canal7slp.tv\/2022\/wp-json\/wp\/v2\/media?parent=72778"}],"wp:term":[{"taxonomy":"category","embeddable":true,"href":"https:\/\/canal7slp.tv\/2022\/wp-json\/wp\/v2\/categories?post=72778"},{"taxonomy":"post_tag","embeddable":true,"href":"https:\/\/canal7slp.tv\/2022\/wp-json\/wp\/v2\/tags?post=72778"}],"curies":[{"name":"wp","href":"https:\/\/api.w.org\/{rel}","templated":true}]}}