{"id":72766,"date":"2022-09-13T22:19:28","date_gmt":"2022-09-14T04:19:28","guid":{"rendered":"https:\/\/canal7slp.tv\/2022\/?p=72766"},"modified":"2022-09-13T22:19:28","modified_gmt":"2022-09-14T04:19:28","slug":"financiera-credian-signa-convenio-para-impulsar-el-desarrollo-economico-de-empresariado-y-emprendedores","status":"publish","type":"post","link":"https:\/\/canal7slp.tv\/2022\/financiera-credian-signa-convenio-para-impulsar-el-desarrollo-economico-de-empresariado-y-emprendedores\/","title":{"rendered":"Financiera Credian signa convenio para impulsar el desarrollo econ\u00f3mico de empresariado y emprendedores."},"content":{"rendered":"<p style=\"text-align: justify;\">SLP.- Con el objetivo de que micro y peque\u00f1os empresarios y emprendedores accedan a cr\u00e9ditos para fortalecer sus negocios -y en el corto y mediano plazo puedan convertirse en proveedores de la industria- el Ayuntamiento de Villa de Reyes y la financiera Credian signaron un convenio.<\/p>\n<p style=\"text-align: justify;\">Lo anterior como parte del programa de empoderamiento de las y los emprendedores y negocios del municipio.<\/p>\n<p style=\"text-align: justify;\">As\u00ed, el director general de Recrea, Luis Antonio Mahbub Tamez hizo entrega de los primeros cr\u00e9ditos autorizados junto la alcaldesa, \u00c9rika Briones P\u00e9rez.<\/p>\n<p style=\"text-align: justify;\">En su mensaje, el director general de Recrea, Luis Antonio Mahbub Tamez pronunci\u00f3 que la visi\u00f3n ha sido el desarrollo de las compa\u00f1\u00edas; por ejemplo al ser parte del despegue de las micro para convertirse en peque\u00f1as, de ah\u00ed en medianas y consolidarse como grandes.<\/p>\n<p style=\"text-align: justify;\">En tanto, la presidenta municipal se refiri\u00f3 al beneficio de vincularse con financieras que impulsen el desarrollo econ\u00f3mico.<\/p>\n<p>Por: Paulina Rodr\u00edguez<\/p>\n","protected":false},"excerpt":{"rendered":"<p>SLP.- Con el objetivo de que micro y peque\u00f1os empresarios y emprendedores accedan a cr\u00e9ditos para fortalecer sus negocios -y en el corto y mediano plazo puedan convertirse en proveedores de la industria- el Ayuntamiento de Villa de Reyes y la financiera Credian signaron un convenio. Lo anterior como parte del programa de empoderamiento de las y los emprendedores y negocios del municipio. As\u00ed, el director general de Recrea, Luis Antonio Mahbub Tamez hizo entrega de los primeros cr\u00e9ditos autorizados junto la alcaldesa, \u00c9rika Briones P\u00e9rez. En su mensaje, el director general de Recrea, Luis Antonio Mahbub Tamez pronunci\u00f3 que [&hellip;]<\/p>\n","protected":false},"author":2,"featured_media":72768,"comment_status":"closed","ping_status":"closed","sticky":false,"template":"","format":"video","meta":{"footnotes":""},"categories":[5,45],"tags":[],"class_list":["post-72766","post","type-post","status-publish","format-video","has-post-thumbnail","hentry","category-destacadas","category-localesyregionales","post_format-post-format-video","post--single"],"yoast_head":"<!-- This site is optimized with the Yoast SEO plugin v27.5 - https:\/\/yoast.com\/product\/yoast-seo-wordpress\/ -->\n<title>Financiera Credian signa convenio para impulsar el desarrollo econ\u00f3mico de empresariado y emprendedores. - Canal 7 SLP - 2022<\/title>\n<meta name=\"robots\" content=\"index, follow, max-snippet:-1, max-image-preview:large, max-video-preview:-1\" \/>\n<link rel=\"canonical\" href=\"https:\/\/canal7slp.tv\/2022\/financiera-credian-signa-convenio-para-impulsar-el-desarrollo-economico-de-empresariado-y-emprendedores\/\" \/>\n<meta property=\"og:locale\" content=\"es_ES\" \/>\n<meta property=\"og:type\" content=\"article\" \/>\n<meta property=\"og:title\" content=\"Financiera Credian signa convenio para impulsar el desarrollo econ\u00f3mico de empresariado y emprendedores. - Canal 7 SLP - 2022\" \/>\n<meta property=\"og:description\" content=\"SLP.- Con el objetivo de que micro y peque\u00f1os empresarios y emprendedores accedan a cr\u00e9ditos para fortalecer sus negocios -y en el corto y mediano plazo puedan convertirse en proveedores de la industria- el Ayuntamiento de Villa de Reyes y la financiera Credian signaron un convenio. Lo anterior como parte del programa de empoderamiento de las y los emprendedores y negocios del municipio. As\u00ed, el director general de Recrea, Luis Antonio Mahbub Tamez hizo entrega de los primeros cr\u00e9ditos autorizados junto la alcaldesa, \u00c9rika Briones P\u00e9rez. En su mensaje, el director general de Recrea, Luis Antonio Mahbub Tamez pronunci\u00f3 que [&hellip;]\" \/>\n<meta property=\"og:url\" content=\"https:\/\/canal7slp.tv\/2022\/financiera-credian-signa-convenio-para-impulsar-el-desarrollo-economico-de-empresariado-y-emprendedores\/\" \/>\n<meta property=\"og:site_name\" content=\"Canal 7 SLP - 2022\" \/>\n<meta property=\"article:publisher\" content=\"https:\/\/www.facebook.com\/noticieroscanalsiete\" \/>\n<meta property=\"article:published_time\" content=\"2022-09-14T04:19:28+00:00\" \/>\n<meta property=\"og:image\" content=\"https:\/\/canal7slp.tv\/2022\/wp-content\/uploads\/2022\/09\/Pau03Credian.jpg\" \/>\n\t<meta property=\"og:image:width\" content=\"888\" \/>\n\t<meta property=\"og:image:height\" content=\"500\" \/>\n\t<meta property=\"og:image:type\" content=\"image\/jpeg\" \/>\n<meta name=\"author\" content=\"Edici\u00f3n Web\" \/>\n<meta name=\"twitter:card\" content=\"summary_large_image\" \/>\n<meta name=\"twitter:creator\" content=\"@NOTICIEROS7\" \/>\n<meta name=\"twitter:site\" content=\"@NOTICIEROS7\" \/>\n<meta name=\"twitter:label1\" content=\"Escrito por\" \/>\n\t<meta name=\"twitter:data1\" content=\"Edici\u00f3n Web\" \/>\n\t<meta name=\"twitter:label2\" content=\"Tiempo de lectura\" \/>\n\t<meta name=\"twitter:data2\" content=\"1 minuto\" \/>\n<script type=\"application\/ld+json\" class=\"yoast-schema-graph\">{\"@context\":\"https:\\\/\\\/schema.org\",\"@graph\":[{\"@type\":\"Article\",\"@id\":\"https:\\\/\\\/canal7slp.tv\\\/2022\\\/financiera-credian-signa-convenio-para-impulsar-el-desarrollo-economico-de-empresariado-y-emprendedores\\\/#article\",\"isPartOf\":{\"@id\":\"https:\\\/\\\/canal7slp.tv\\\/2022\\\/financiera-credian-signa-convenio-para-impulsar-el-desarrollo-economico-de-empresariado-y-emprendedores\\\/\"},\"author\":{\"name\":\"Edici\u00f3n Web\",\"@id\":\"https:\\\/\\\/canal7slp.tv\\\/2022\\\/#\\\/schema\\\/person\\\/429704152a21f5f856ce29aa69a238da\"},\"headline\":\"Financiera Credian signa convenio para impulsar el desarrollo econ\u00f3mico de empresariado y emprendedores.\",\"datePublished\":\"2022-09-14T04:19:28+00:00\",\"mainEntityOfPage\":{\"@id\":\"https:\\\/\\\/canal7slp.tv\\\/2022\\\/financiera-credian-signa-convenio-para-impulsar-el-desarrollo-economico-de-empresariado-y-emprendedores\\\/\"},\"wordCount\":176,\"publisher\":{\"@id\":\"https:\\\/\\\/canal7slp.tv\\\/2022\\\/#organization\"},\"image\":{\"@id\":\"https:\\\/\\\/canal7slp.tv\\\/2022\\\/financiera-credian-signa-convenio-para-impulsar-el-desarrollo-economico-de-empresariado-y-emprendedores\\\/#primaryimage\"},\"thumbnailUrl\":\"https:\\\/\\\/canal7slp.tv\\\/2022\\\/wp-content\\\/uploads\\\/2022\\\/09\\\/Pau03Credian.jpg\",\"articleSection\":[\"DESTACADAS\",\"LOCALES Y REGIONALES\"],\"inLanguage\":\"es\"},{\"@type\":\"WebPage\",\"@id\":\"https:\\\/\\\/canal7slp.tv\\\/2022\\\/financiera-credian-signa-convenio-para-impulsar-el-desarrollo-economico-de-empresariado-y-emprendedores\\\/\",\"url\":\"https:\\\/\\\/canal7slp.tv\\\/2022\\\/financiera-credian-signa-convenio-para-impulsar-el-desarrollo-economico-de-empresariado-y-emprendedores\\\/\",\"name\":\"Financiera Credian signa convenio para impulsar el desarrollo econ\u00f3mico de empresariado y emprendedores. - Canal 7 SLP - 2022\",\"isPartOf\":{\"@id\":\"https:\\\/\\\/canal7slp.tv\\\/2022\\\/#website\"},\"primaryImageOfPage\":{\"@id\":\"https:\\\/\\\/canal7slp.tv\\\/2022\\\/financiera-credian-signa-convenio-para-impulsar-el-desarrollo-economico-de-empresariado-y-emprendedores\\\/#primaryimage\"},\"image\":{\"@id\":\"https:\\\/\\\/canal7slp.tv\\\/2022\\\/financiera-credian-signa-convenio-para-impulsar-el-desarrollo-economico-de-empresariado-y-emprendedores\\\/#primaryimage\"},\"thumbnailUrl\":\"https:\\\/\\\/canal7slp.tv\\\/2022\\\/wp-content\\\/uploads\\\/2022\\\/09\\\/Pau03Credian.jpg\",\"datePublished\":\"2022-09-14T04:19:28+00:00\",\"breadcrumb\":{\"@id\":\"https:\\\/\\\/canal7slp.tv\\\/2022\\\/financiera-credian-signa-convenio-para-impulsar-el-desarrollo-economico-de-empresariado-y-emprendedores\\\/#breadcrumb\"},\"inLanguage\":\"es\",\"potentialAction\":[{\"@type\":\"ReadAction\",\"target\":[\"https:\\\/\\\/canal7slp.tv\\\/2022\\\/financiera-credian-signa-convenio-para-impulsar-el-desarrollo-economico-de-empresariado-y-emprendedores\\\/\"]}]},{\"@type\":\"ImageObject\",\"inLanguage\":\"es\",\"@id\":\"https:\\\/\\\/canal7slp.tv\\\/2022\\\/financiera-credian-signa-convenio-para-impulsar-el-desarrollo-economico-de-empresariado-y-emprendedores\\\/#primaryimage\",\"url\":\"https:\\\/\\\/canal7slp.tv\\\/2022\\\/wp-content\\\/uploads\\\/2022\\\/09\\\/Pau03Credian.jpg\",\"contentUrl\":\"https:\\\/\\\/canal7slp.tv\\\/2022\\\/wp-content\\\/uploads\\\/2022\\\/09\\\/Pau03Credian.jpg\",\"width\":888,\"height\":500},{\"@type\":\"BreadcrumbList\",\"@id\":\"https:\\\/\\\/canal7slp.tv\\\/2022\\\/financiera-credian-signa-convenio-para-impulsar-el-desarrollo-economico-de-empresariado-y-emprendedores\\\/#breadcrumb\",\"itemListElement\":[{\"@type\":\"ListItem\",\"position\":1,\"name\":\"Portada\",\"item\":\"https:\\\/\\\/canal7slp.tv\\\/2022\\\/\"},{\"@type\":\"ListItem\",\"position\":2,\"name\":\"Financiera Credian signa convenio para impulsar el desarrollo econ\u00f3mico de empresariado y emprendedores.\"}]},{\"@type\":\"WebSite\",\"@id\":\"https:\\\/\\\/canal7slp.tv\\\/2022\\\/#website\",\"url\":\"https:\\\/\\\/canal7slp.tv\\\/2022\\\/\",\"name\":\"N7 - Noticieros Canal 7\",\"description\":\"Somos Televisi\u00f3n\",\"publisher\":{\"@id\":\"https:\\\/\\\/canal7slp.tv\\\/2022\\\/#organization\"},\"potentialAction\":[{\"@type\":\"SearchAction\",\"target\":{\"@type\":\"EntryPoint\",\"urlTemplate\":\"https:\\\/\\\/canal7slp.tv\\\/2022\\\/?s={search_term_string}\"},\"query-input\":{\"@type\":\"PropertyValueSpecification\",\"valueRequired\":true,\"valueName\":\"search_term_string\"}}],\"inLanguage\":\"es\"},{\"@type\":\"Organization\",\"@id\":\"https:\\\/\\\/canal7slp.tv\\\/2022\\\/#organization\",\"name\":\"Noticieros Canal 7\",\"url\":\"https:\\\/\\\/canal7slp.tv\\\/2022\\\/\",\"logo\":{\"@type\":\"ImageObject\",\"inLanguage\":\"es\",\"@id\":\"https:\\\/\\\/canal7slp.tv\\\/2022\\\/#\\\/schema\\\/logo\\\/image\\\/\",\"url\":\"https:\\\/\\\/canal7slp.tv\\\/2022\\\/wp-content\\\/uploads\\\/2021\\\/01\\\/logo-noticieros@2x.png\",\"contentUrl\":\"https:\\\/\\\/canal7slp.tv\\\/2022\\\/wp-content\\\/uploads\\\/2021\\\/01\\\/logo-noticieros@2x.png\",\"width\":1017,\"height\":268,\"caption\":\"Noticieros Canal 7\"},\"image\":{\"@id\":\"https:\\\/\\\/canal7slp.tv\\\/2022\\\/#\\\/schema\\\/logo\\\/image\\\/\"},\"sameAs\":[\"https:\\\/\\\/www.facebook.com\\\/noticieroscanalsiete\",\"https:\\\/\\\/x.com\\\/NOTICIEROS7\",\"https:\\\/\\\/www.instagram.com\\\/canal7_slp\",\"https:\\\/\\\/www.youtube.com\\\/channel\\\/UCliiYs-gP3JfJeqdPrNdd5A\"]},{\"@type\":\"Person\",\"@id\":\"https:\\\/\\\/canal7slp.tv\\\/2022\\\/#\\\/schema\\\/person\\\/429704152a21f5f856ce29aa69a238da\",\"name\":\"Edici\u00f3n Web\",\"image\":{\"@type\":\"ImageObject\",\"inLanguage\":\"es\",\"@id\":\"https:\\\/\\\/secure.gravatar.com\\\/avatar\\\/eee448fc3f7164808013b816ba91ac7e43bbe82a70bebac296f8bc6f0addaa1a?s=96&d=mm&r=g\",\"url\":\"https:\\\/\\\/secure.gravatar.com\\\/avatar\\\/eee448fc3f7164808013b816ba91ac7e43bbe82a70bebac296f8bc6f0addaa1a?s=96&d=mm&r=g\",\"contentUrl\":\"https:\\\/\\\/secure.gravatar.com\\\/avatar\\\/eee448fc3f7164808013b816ba91ac7e43bbe82a70bebac296f8bc6f0addaa1a?s=96&d=mm&r=g\",\"caption\":\"Edici\u00f3n Web\"},\"url\":\"https:\\\/\\\/canal7slp.tv\\\/2022\\\/author\\\/edicionweb\\\/\"}]}<\/script>\n<!-- \/ Yoast SEO plugin. -->","yoast_head_json":{"title":"Financiera Credian signa convenio para impulsar el desarrollo econ\u00f3mico de empresariado y emprendedores. - Canal 7 SLP - 2022","robots":{"index":"index","follow":"follow","max-snippet":"max-snippet:-1","max-image-preview":"max-image-preview:large","max-video-preview":"max-video-preview:-1"},"canonical":"https:\/\/canal7slp.tv\/2022\/financiera-credian-signa-convenio-para-impulsar-el-desarrollo-economico-de-empresariado-y-emprendedores\/","og_locale":"es_ES","og_type":"article","og_title":"Financiera Credian signa convenio para impulsar el desarrollo econ\u00f3mico de empresariado y emprendedores. - Canal 7 SLP - 2022","og_description":"SLP.- Con el objetivo de que micro y peque\u00f1os empresarios y emprendedores accedan a cr\u00e9ditos para fortalecer sus negocios -y en el corto y mediano plazo puedan convertirse en proveedores de la industria- el Ayuntamiento de Villa de Reyes y la financiera Credian signaron un convenio. Lo anterior como parte del programa de empoderamiento de las y los emprendedores y negocios del municipio. As\u00ed, el director general de Recrea, Luis Antonio Mahbub Tamez hizo entrega de los primeros cr\u00e9ditos autorizados junto la alcaldesa, \u00c9rika Briones P\u00e9rez. En su mensaje, el director general de Recrea, Luis Antonio Mahbub Tamez pronunci\u00f3 que [&hellip;]","og_url":"https:\/\/canal7slp.tv\/2022\/financiera-credian-signa-convenio-para-impulsar-el-desarrollo-economico-de-empresariado-y-emprendedores\/","og_site_name":"Canal 7 SLP - 2022","article_publisher":"https:\/\/www.facebook.com\/noticieroscanalsiete","article_published_time":"2022-09-14T04:19:28+00:00","og_image":[{"width":888,"height":500,"url":"https:\/\/canal7slp.tv\/2022\/wp-content\/uploads\/2022\/09\/Pau03Credian.jpg","type":"image\/jpeg"}],"author":"Edici\u00f3n Web","twitter_card":"summary_large_image","twitter_creator":"@NOTICIEROS7","twitter_site":"@NOTICIEROS7","twitter_misc":{"Escrito por":"Edici\u00f3n Web","Tiempo de lectura":"1 minuto"},"schema":{"@context":"https:\/\/schema.org","@graph":[{"@type":"Article","@id":"https:\/\/canal7slp.tv\/2022\/financiera-credian-signa-convenio-para-impulsar-el-desarrollo-economico-de-empresariado-y-emprendedores\/#article","isPartOf":{"@id":"https:\/\/canal7slp.tv\/2022\/financiera-credian-signa-convenio-para-impulsar-el-desarrollo-economico-de-empresariado-y-emprendedores\/"},"author":{"name":"Edici\u00f3n Web","@id":"https:\/\/canal7slp.tv\/2022\/#\/schema\/person\/429704152a21f5f856ce29aa69a238da"},"headline":"Financiera Credian signa convenio para impulsar el desarrollo econ\u00f3mico de empresariado y emprendedores.","datePublished":"2022-09-14T04:19:28+00:00","mainEntityOfPage":{"@id":"https:\/\/canal7slp.tv\/2022\/financiera-credian-signa-convenio-para-impulsar-el-desarrollo-economico-de-empresariado-y-emprendedores\/"},"wordCount":176,"publisher":{"@id":"https:\/\/canal7slp.tv\/2022\/#organization"},"image":{"@id":"https:\/\/canal7slp.tv\/2022\/financiera-credian-signa-convenio-para-impulsar-el-desarrollo-economico-de-empresariado-y-emprendedores\/#primaryimage"},"thumbnailUrl":"https:\/\/canal7slp.tv\/2022\/wp-content\/uploads\/2022\/09\/Pau03Credian.jpg","articleSection":["DESTACADAS","LOCALES Y REGIONALES"],"inLanguage":"es"},{"@type":"WebPage","@id":"https:\/\/canal7slp.tv\/2022\/financiera-credian-signa-convenio-para-impulsar-el-desarrollo-economico-de-empresariado-y-emprendedores\/","url":"https:\/\/canal7slp.tv\/2022\/financiera-credian-signa-convenio-para-impulsar-el-desarrollo-economico-de-empresariado-y-emprendedores\/","name":"Financiera Credian signa convenio para impulsar el desarrollo econ\u00f3mico de empresariado y emprendedores. - Canal 7 SLP - 2022","isPartOf":{"@id":"https:\/\/canal7slp.tv\/2022\/#website"},"primaryImageOfPage":{"@id":"https:\/\/canal7slp.tv\/2022\/financiera-credian-signa-convenio-para-impulsar-el-desarrollo-economico-de-empresariado-y-emprendedores\/#primaryimage"},"image":{"@id":"https:\/\/canal7slp.tv\/2022\/financiera-credian-signa-convenio-para-impulsar-el-desarrollo-economico-de-empresariado-y-emprendedores\/#primaryimage"},"thumbnailUrl":"https:\/\/canal7slp.tv\/2022\/wp-content\/uploads\/2022\/09\/Pau03Credian.jpg","datePublished":"2022-09-14T04:19:28+00:00","breadcrumb":{"@id":"https:\/\/canal7slp.tv\/2022\/financiera-credian-signa-convenio-para-impulsar-el-desarrollo-economico-de-empresariado-y-emprendedores\/#breadcrumb"},"inLanguage":"es","potentialAction":[{"@type":"ReadAction","target":["https:\/\/canal7slp.tv\/2022\/financiera-credian-signa-convenio-para-impulsar-el-desarrollo-economico-de-empresariado-y-emprendedores\/"]}]},{"@type":"ImageObject","inLanguage":"es","@id":"https:\/\/canal7slp.tv\/2022\/financiera-credian-signa-convenio-para-impulsar-el-desarrollo-economico-de-empresariado-y-emprendedores\/#primaryimage","url":"https:\/\/canal7slp.tv\/2022\/wp-content\/uploads\/2022\/09\/Pau03Credian.jpg","contentUrl":"https:\/\/canal7slp.tv\/2022\/wp-content\/uploads\/2022\/09\/Pau03Credian.jpg","width":888,"height":500},{"@type":"BreadcrumbList","@id":"https:\/\/canal7slp.tv\/2022\/financiera-credian-signa-convenio-para-impulsar-el-desarrollo-economico-de-empresariado-y-emprendedores\/#breadcrumb","itemListElement":[{"@type":"ListItem","position":1,"name":"Portada","item":"https:\/\/canal7slp.tv\/2022\/"},{"@type":"ListItem","position":2,"name":"Financiera Credian signa convenio para impulsar el desarrollo econ\u00f3mico de empresariado y emprendedores."}]},{"@type":"WebSite","@id":"https:\/\/canal7slp.tv\/2022\/#website","url":"https:\/\/canal7slp.tv\/2022\/","name":"N7 - Noticieros Canal 7","description":"Somos Televisi\u00f3n","publisher":{"@id":"https:\/\/canal7slp.tv\/2022\/#organization"},"potentialAction":[{"@type":"SearchAction","target":{"@type":"EntryPoint","urlTemplate":"https:\/\/canal7slp.tv\/2022\/?s={search_term_string}"},"query-input":{"@type":"PropertyValueSpecification","valueRequired":true,"valueName":"search_term_string"}}],"inLanguage":"es"},{"@type":"Organization","@id":"https:\/\/canal7slp.tv\/2022\/#organization","name":"Noticieros Canal 7","url":"https:\/\/canal7slp.tv\/2022\/","logo":{"@type":"ImageObject","inLanguage":"es","@id":"https:\/\/canal7slp.tv\/2022\/#\/schema\/logo\/image\/","url":"https:\/\/canal7slp.tv\/2022\/wp-content\/uploads\/2021\/01\/logo-noticieros@2x.png","contentUrl":"https:\/\/canal7slp.tv\/2022\/wp-content\/uploads\/2021\/01\/logo-noticieros@2x.png","width":1017,"height":268,"caption":"Noticieros Canal 7"},"image":{"@id":"https:\/\/canal7slp.tv\/2022\/#\/schema\/logo\/image\/"},"sameAs":["https:\/\/www.facebook.com\/noticieroscanalsiete","https:\/\/x.com\/NOTICIEROS7","https:\/\/www.instagram.com\/canal7_slp","https:\/\/www.youtube.com\/channel\/UCliiYs-gP3JfJeqdPrNdd5A"]},{"@type":"Person","@id":"https:\/\/canal7slp.tv\/2022\/#\/schema\/person\/429704152a21f5f856ce29aa69a238da","name":"Edici\u00f3n Web","image":{"@type":"ImageObject","inLanguage":"es","@id":"https:\/\/secure.gravatar.com\/avatar\/eee448fc3f7164808013b816ba91ac7e43bbe82a70bebac296f8bc6f0addaa1a?s=96&d=mm&r=g","url":"https:\/\/secure.gravatar.com\/avatar\/eee448fc3f7164808013b816ba91ac7e43bbe82a70bebac296f8bc6f0addaa1a?s=96&d=mm&r=g","contentUrl":"https:\/\/secure.gravatar.com\/avatar\/eee448fc3f7164808013b816ba91ac7e43bbe82a70bebac296f8bc6f0addaa1a?s=96&d=mm&r=g","caption":"Edici\u00f3n Web"},"url":"https:\/\/canal7slp.tv\/2022\/author\/edicionweb\/"}]}},"amp_enabled":true,"_links":{"self":[{"href":"https:\/\/canal7slp.tv\/2022\/wp-json\/wp\/v2\/posts\/72766","targetHints":{"allow":["GET"]}}],"collection":[{"href":"https:\/\/canal7slp.tv\/2022\/wp-json\/wp\/v2\/posts"}],"about":[{"href":"https:\/\/canal7slp.tv\/2022\/wp-json\/wp\/v2\/types\/post"}],"author":[{"embeddable":true,"href":"https:\/\/canal7slp.tv\/2022\/wp-json\/wp\/v2\/users\/2"}],"replies":[{"embeddable":true,"href":"https:\/\/canal7slp.tv\/2022\/wp-json\/wp\/v2\/comments?post=72766"}],"version-history":[{"count":2,"href":"https:\/\/canal7slp.tv\/2022\/wp-json\/wp\/v2\/posts\/72766\/revisions"}],"predecessor-version":[{"id":72770,"href":"https:\/\/canal7slp.tv\/2022\/wp-json\/wp\/v2\/posts\/72766\/revisions\/72770"}],"wp:featuredmedia":[{"embeddable":true,"href":"https:\/\/canal7slp.tv\/2022\/wp-json\/wp\/v2\/media\/72768"}],"wp:attachment":[{"href":"https:\/\/canal7slp.tv\/2022\/wp-json\/wp\/v2\/media?parent=72766"}],"wp:term":[{"taxonomy":"category","embeddable":true,"href":"https:\/\/canal7slp.tv\/2022\/wp-json\/wp\/v2\/categories?post=72766"},{"taxonomy":"post_tag","embeddable":true,"href":"https:\/\/canal7slp.tv\/2022\/wp-json\/wp\/v2\/tags?post=72766"}],"curies":[{"name":"wp","href":"https:\/\/api.w.org\/{rel}","templated":true}]}}