{"id":72735,"date":"2022-09-13T17:19:05","date_gmt":"2022-09-13T23:19:05","guid":{"rendered":"https:\/\/canal7slp.tv\/2022\/?p=72735"},"modified":"2022-09-13T17:19:05","modified_gmt":"2022-09-13T23:19:05","slug":"13-de-septiembre-a-15-anos-del-asesinato-del-comandante-jaime-flores-escamilla","status":"publish","type":"post","link":"https:\/\/canal7slp.tv\/2022\/13-de-septiembre-a-15-anos-del-asesinato-del-comandante-jaime-flores-escamilla\/","title":{"rendered":"13 de septiembre&#8230; a 15 a\u00f1os del asesinato del Comandante Jaime Flores Escamilla."},"content":{"rendered":"<ul>\n<li>Pese el tiempo transcurrido, no hay una sola persona detenida por este caso.<\/li>\n<\/ul>\n<p style=\"text-align: justify;\">SLP.- Fue en este lugar hace 15 a\u00f1os en donde fue arteramente asesinado el comandante Jaime Gerardo Flores Escamilla a plena luz del d\u00eda y frente a sus familiares, cuando se desempe\u00f1aba como director general de Seguridad P\u00fablica durante el sexenio del ex gobernador Marcelo de los Santos Fraga.<\/p>\n<p style=\"text-align: justify;\">El jefe polic\u00edaco se dirig\u00eda junto con su esposa e hijo de dos a\u00f1os a un restaurante de mariscos ubicado en la esquina de las calles Rutilo Torres y Alejandrina de la colonia Valle Dorado y seg\u00fan versiones, no llevaba escoltas.<\/p>\n<p style=\"text-align: justify;\">Al estacionarse para bajar de su veh\u00edculo fue abordado por sujetos fuertemente armados quienes lo acribillaron con fusiles R-15 sin darle tiempo de nada, sobreviviendo al ataque su esposa e hijo.<\/p>\n<p style=\"text-align: justify;\">A 15 a\u00f1os de este crimen sus familiares siguen a la espera de que se haga justicia pues cabe recordar que a ra\u00edz de estos hechos present\u00f3 su renuncia el entonces Secretario Ejecutivo del Consejo de Seguridad P\u00fablica Estatal Marco Antonio Novella, y sin que hasta la fecha haya alguna persona detenida por este crimen.<\/p>\n<p style=\"text-align: justify;\">El comandante Jaime Flores Escamilla ha sido el \u00fanico jefe polic\u00edaco que subi\u00f3 cada escalaf\u00f3n durante 25 a\u00f1os dentro de la corporaci\u00f3n, hasta llegar a la Direcci\u00f3n General en donde sirvi\u00f3 hasta el d\u00eda de su muerte.<\/p>\n<p>Por: Claudio Ibarra<\/p>\n","protected":false},"excerpt":{"rendered":"<p>Pese el tiempo transcurrido, no hay una sola persona detenida por este caso. SLP.- Fue en este lugar hace 15 a\u00f1os en donde fue arteramente asesinado el comandante Jaime Gerardo Flores Escamilla a plena luz del d\u00eda y frente a sus familiares, cuando se desempe\u00f1aba como director general de Seguridad P\u00fablica durante el sexenio del ex gobernador Marcelo de los Santos Fraga. El jefe polic\u00edaco se dirig\u00eda junto con su esposa e hijo de dos a\u00f1os a un restaurante de mariscos ubicado en la esquina de las calles Rutilo Torres y Alejandrina de la colonia Valle Dorado y seg\u00fan versiones, [&hellip;]<\/p>\n","protected":false},"author":2,"featured_media":72749,"comment_status":"closed","ping_status":"closed","sticky":false,"template":"","format":"video","meta":{"footnotes":""},"categories":[5,45],"tags":[],"class_list":["post-72735","post","type-post","status-publish","format-video","has-post-thumbnail","hentry","category-destacadas","category-localesyregionales","post_format-post-format-video","post--single"],"yoast_head":"<!-- This site is optimized with the Yoast SEO plugin v27.5 - https:\/\/yoast.com\/product\/yoast-seo-wordpress\/ -->\n<title>13 de septiembre... a 15 a\u00f1os del asesinato del Comandante Jaime Flores Escamilla. - Canal 7 SLP - 2022<\/title>\n<meta name=\"robots\" content=\"index, follow, max-snippet:-1, max-image-preview:large, max-video-preview:-1\" \/>\n<link rel=\"canonical\" href=\"https:\/\/canal7slp.tv\/2022\/13-de-septiembre-a-15-anos-del-asesinato-del-comandante-jaime-flores-escamilla\/\" \/>\n<meta property=\"og:locale\" content=\"es_ES\" \/>\n<meta property=\"og:type\" content=\"article\" \/>\n<meta property=\"og:title\" content=\"13 de septiembre... a 15 a\u00f1os del asesinato del Comandante Jaime Flores Escamilla. - Canal 7 SLP - 2022\" \/>\n<meta property=\"og:description\" content=\"Pese el tiempo transcurrido, no hay una sola persona detenida por este caso. SLP.- Fue en este lugar hace 15 a\u00f1os en donde fue arteramente asesinado el comandante Jaime Gerardo Flores Escamilla a plena luz del d\u00eda y frente a sus familiares, cuando se desempe\u00f1aba como director general de Seguridad P\u00fablica durante el sexenio del ex gobernador Marcelo de los Santos Fraga. El jefe polic\u00edaco se dirig\u00eda junto con su esposa e hijo de dos a\u00f1os a un restaurante de mariscos ubicado en la esquina de las calles Rutilo Torres y Alejandrina de la colonia Valle Dorado y seg\u00fan versiones, [&hellip;]\" \/>\n<meta property=\"og:url\" content=\"https:\/\/canal7slp.tv\/2022\/13-de-septiembre-a-15-anos-del-asesinato-del-comandante-jaime-flores-escamilla\/\" \/>\n<meta property=\"og:site_name\" content=\"Canal 7 SLP - 2022\" \/>\n<meta property=\"article:publisher\" content=\"https:\/\/www.facebook.com\/noticieroscanalsiete\" \/>\n<meta property=\"article:published_time\" content=\"2022-09-13T23:19:05+00:00\" \/>\n<meta property=\"og:image\" content=\"https:\/\/canal7slp.tv\/2022\/wp-content\/uploads\/2022\/09\/Claudio03Escamilla.jpg\" \/>\n\t<meta property=\"og:image:width\" content=\"888\" \/>\n\t<meta property=\"og:image:height\" content=\"500\" \/>\n\t<meta property=\"og:image:type\" content=\"image\/jpeg\" \/>\n<meta name=\"author\" content=\"Edici\u00f3n Web\" \/>\n<meta name=\"twitter:card\" content=\"summary_large_image\" \/>\n<meta name=\"twitter:creator\" content=\"@NOTICIEROS7\" \/>\n<meta name=\"twitter:site\" content=\"@NOTICIEROS7\" \/>\n<meta name=\"twitter:label1\" content=\"Escrito por\" \/>\n\t<meta name=\"twitter:data1\" content=\"Edici\u00f3n Web\" \/>\n\t<meta name=\"twitter:label2\" content=\"Tiempo de lectura\" \/>\n\t<meta name=\"twitter:data2\" content=\"2 minutos\" \/>\n<script type=\"application\/ld+json\" class=\"yoast-schema-graph\">{\"@context\":\"https:\\\/\\\/schema.org\",\"@graph\":[{\"@type\":\"Article\",\"@id\":\"https:\\\/\\\/canal7slp.tv\\\/2022\\\/13-de-septiembre-a-15-anos-del-asesinato-del-comandante-jaime-flores-escamilla\\\/#article\",\"isPartOf\":{\"@id\":\"https:\\\/\\\/canal7slp.tv\\\/2022\\\/13-de-septiembre-a-15-anos-del-asesinato-del-comandante-jaime-flores-escamilla\\\/\"},\"author\":{\"name\":\"Edici\u00f3n Web\",\"@id\":\"https:\\\/\\\/canal7slp.tv\\\/2022\\\/#\\\/schema\\\/person\\\/429704152a21f5f856ce29aa69a238da\"},\"headline\":\"13 de septiembre&#8230; a 15 a\u00f1os del asesinato del Comandante Jaime Flores Escamilla.\",\"datePublished\":\"2022-09-13T23:19:05+00:00\",\"mainEntityOfPage\":{\"@id\":\"https:\\\/\\\/canal7slp.tv\\\/2022\\\/13-de-septiembre-a-15-anos-del-asesinato-del-comandante-jaime-flores-escamilla\\\/\"},\"wordCount\":257,\"publisher\":{\"@id\":\"https:\\\/\\\/canal7slp.tv\\\/2022\\\/#organization\"},\"image\":{\"@id\":\"https:\\\/\\\/canal7slp.tv\\\/2022\\\/13-de-septiembre-a-15-anos-del-asesinato-del-comandante-jaime-flores-escamilla\\\/#primaryimage\"},\"thumbnailUrl\":\"https:\\\/\\\/canal7slp.tv\\\/2022\\\/wp-content\\\/uploads\\\/2022\\\/09\\\/Claudio03Escamilla.jpg\",\"articleSection\":[\"DESTACADAS\",\"LOCALES Y REGIONALES\"],\"inLanguage\":\"es\"},{\"@type\":\"WebPage\",\"@id\":\"https:\\\/\\\/canal7slp.tv\\\/2022\\\/13-de-septiembre-a-15-anos-del-asesinato-del-comandante-jaime-flores-escamilla\\\/\",\"url\":\"https:\\\/\\\/canal7slp.tv\\\/2022\\\/13-de-septiembre-a-15-anos-del-asesinato-del-comandante-jaime-flores-escamilla\\\/\",\"name\":\"13 de septiembre... a 15 a\u00f1os del asesinato del Comandante Jaime Flores Escamilla. - Canal 7 SLP - 2022\",\"isPartOf\":{\"@id\":\"https:\\\/\\\/canal7slp.tv\\\/2022\\\/#website\"},\"primaryImageOfPage\":{\"@id\":\"https:\\\/\\\/canal7slp.tv\\\/2022\\\/13-de-septiembre-a-15-anos-del-asesinato-del-comandante-jaime-flores-escamilla\\\/#primaryimage\"},\"image\":{\"@id\":\"https:\\\/\\\/canal7slp.tv\\\/2022\\\/13-de-septiembre-a-15-anos-del-asesinato-del-comandante-jaime-flores-escamilla\\\/#primaryimage\"},\"thumbnailUrl\":\"https:\\\/\\\/canal7slp.tv\\\/2022\\\/wp-content\\\/uploads\\\/2022\\\/09\\\/Claudio03Escamilla.jpg\",\"datePublished\":\"2022-09-13T23:19:05+00:00\",\"breadcrumb\":{\"@id\":\"https:\\\/\\\/canal7slp.tv\\\/2022\\\/13-de-septiembre-a-15-anos-del-asesinato-del-comandante-jaime-flores-escamilla\\\/#breadcrumb\"},\"inLanguage\":\"es\",\"potentialAction\":[{\"@type\":\"ReadAction\",\"target\":[\"https:\\\/\\\/canal7slp.tv\\\/2022\\\/13-de-septiembre-a-15-anos-del-asesinato-del-comandante-jaime-flores-escamilla\\\/\"]}]},{\"@type\":\"ImageObject\",\"inLanguage\":\"es\",\"@id\":\"https:\\\/\\\/canal7slp.tv\\\/2022\\\/13-de-septiembre-a-15-anos-del-asesinato-del-comandante-jaime-flores-escamilla\\\/#primaryimage\",\"url\":\"https:\\\/\\\/canal7slp.tv\\\/2022\\\/wp-content\\\/uploads\\\/2022\\\/09\\\/Claudio03Escamilla.jpg\",\"contentUrl\":\"https:\\\/\\\/canal7slp.tv\\\/2022\\\/wp-content\\\/uploads\\\/2022\\\/09\\\/Claudio03Escamilla.jpg\",\"width\":888,\"height\":500},{\"@type\":\"BreadcrumbList\",\"@id\":\"https:\\\/\\\/canal7slp.tv\\\/2022\\\/13-de-septiembre-a-15-anos-del-asesinato-del-comandante-jaime-flores-escamilla\\\/#breadcrumb\",\"itemListElement\":[{\"@type\":\"ListItem\",\"position\":1,\"name\":\"Portada\",\"item\":\"https:\\\/\\\/canal7slp.tv\\\/2022\\\/\"},{\"@type\":\"ListItem\",\"position\":2,\"name\":\"13 de septiembre&#8230; a 15 a\u00f1os del asesinato del Comandante Jaime Flores Escamilla.\"}]},{\"@type\":\"WebSite\",\"@id\":\"https:\\\/\\\/canal7slp.tv\\\/2022\\\/#website\",\"url\":\"https:\\\/\\\/canal7slp.tv\\\/2022\\\/\",\"name\":\"N7 - Noticieros Canal 7\",\"description\":\"Somos Televisi\u00f3n\",\"publisher\":{\"@id\":\"https:\\\/\\\/canal7slp.tv\\\/2022\\\/#organization\"},\"potentialAction\":[{\"@type\":\"SearchAction\",\"target\":{\"@type\":\"EntryPoint\",\"urlTemplate\":\"https:\\\/\\\/canal7slp.tv\\\/2022\\\/?s={search_term_string}\"},\"query-input\":{\"@type\":\"PropertyValueSpecification\",\"valueRequired\":true,\"valueName\":\"search_term_string\"}}],\"inLanguage\":\"es\"},{\"@type\":\"Organization\",\"@id\":\"https:\\\/\\\/canal7slp.tv\\\/2022\\\/#organization\",\"name\":\"Noticieros Canal 7\",\"url\":\"https:\\\/\\\/canal7slp.tv\\\/2022\\\/\",\"logo\":{\"@type\":\"ImageObject\",\"inLanguage\":\"es\",\"@id\":\"https:\\\/\\\/canal7slp.tv\\\/2022\\\/#\\\/schema\\\/logo\\\/image\\\/\",\"url\":\"https:\\\/\\\/canal7slp.tv\\\/2022\\\/wp-content\\\/uploads\\\/2021\\\/01\\\/logo-noticieros@2x.png\",\"contentUrl\":\"https:\\\/\\\/canal7slp.tv\\\/2022\\\/wp-content\\\/uploads\\\/2021\\\/01\\\/logo-noticieros@2x.png\",\"width\":1017,\"height\":268,\"caption\":\"Noticieros Canal 7\"},\"image\":{\"@id\":\"https:\\\/\\\/canal7slp.tv\\\/2022\\\/#\\\/schema\\\/logo\\\/image\\\/\"},\"sameAs\":[\"https:\\\/\\\/www.facebook.com\\\/noticieroscanalsiete\",\"https:\\\/\\\/x.com\\\/NOTICIEROS7\",\"https:\\\/\\\/www.instagram.com\\\/canal7_slp\",\"https:\\\/\\\/www.youtube.com\\\/channel\\\/UCliiYs-gP3JfJeqdPrNdd5A\"]},{\"@type\":\"Person\",\"@id\":\"https:\\\/\\\/canal7slp.tv\\\/2022\\\/#\\\/schema\\\/person\\\/429704152a21f5f856ce29aa69a238da\",\"name\":\"Edici\u00f3n Web\",\"image\":{\"@type\":\"ImageObject\",\"inLanguage\":\"es\",\"@id\":\"https:\\\/\\\/secure.gravatar.com\\\/avatar\\\/eee448fc3f7164808013b816ba91ac7e43bbe82a70bebac296f8bc6f0addaa1a?s=96&d=mm&r=g\",\"url\":\"https:\\\/\\\/secure.gravatar.com\\\/avatar\\\/eee448fc3f7164808013b816ba91ac7e43bbe82a70bebac296f8bc6f0addaa1a?s=96&d=mm&r=g\",\"contentUrl\":\"https:\\\/\\\/secure.gravatar.com\\\/avatar\\\/eee448fc3f7164808013b816ba91ac7e43bbe82a70bebac296f8bc6f0addaa1a?s=96&d=mm&r=g\",\"caption\":\"Edici\u00f3n Web\"},\"url\":\"https:\\\/\\\/canal7slp.tv\\\/2022\\\/author\\\/edicionweb\\\/\"}]}<\/script>\n<!-- \/ Yoast SEO plugin. -->","yoast_head_json":{"title":"13 de septiembre... a 15 a\u00f1os del asesinato del Comandante Jaime Flores Escamilla. - Canal 7 SLP - 2022","robots":{"index":"index","follow":"follow","max-snippet":"max-snippet:-1","max-image-preview":"max-image-preview:large","max-video-preview":"max-video-preview:-1"},"canonical":"https:\/\/canal7slp.tv\/2022\/13-de-septiembre-a-15-anos-del-asesinato-del-comandante-jaime-flores-escamilla\/","og_locale":"es_ES","og_type":"article","og_title":"13 de septiembre... a 15 a\u00f1os del asesinato del Comandante Jaime Flores Escamilla. - Canal 7 SLP - 2022","og_description":"Pese el tiempo transcurrido, no hay una sola persona detenida por este caso. SLP.- Fue en este lugar hace 15 a\u00f1os en donde fue arteramente asesinado el comandante Jaime Gerardo Flores Escamilla a plena luz del d\u00eda y frente a sus familiares, cuando se desempe\u00f1aba como director general de Seguridad P\u00fablica durante el sexenio del ex gobernador Marcelo de los Santos Fraga. El jefe polic\u00edaco se dirig\u00eda junto con su esposa e hijo de dos a\u00f1os a un restaurante de mariscos ubicado en la esquina de las calles Rutilo Torres y Alejandrina de la colonia Valle Dorado y seg\u00fan versiones, [&hellip;]","og_url":"https:\/\/canal7slp.tv\/2022\/13-de-septiembre-a-15-anos-del-asesinato-del-comandante-jaime-flores-escamilla\/","og_site_name":"Canal 7 SLP - 2022","article_publisher":"https:\/\/www.facebook.com\/noticieroscanalsiete","article_published_time":"2022-09-13T23:19:05+00:00","og_image":[{"width":888,"height":500,"url":"https:\/\/canal7slp.tv\/2022\/wp-content\/uploads\/2022\/09\/Claudio03Escamilla.jpg","type":"image\/jpeg"}],"author":"Edici\u00f3n Web","twitter_card":"summary_large_image","twitter_creator":"@NOTICIEROS7","twitter_site":"@NOTICIEROS7","twitter_misc":{"Escrito por":"Edici\u00f3n Web","Tiempo de lectura":"2 minutos"},"schema":{"@context":"https:\/\/schema.org","@graph":[{"@type":"Article","@id":"https:\/\/canal7slp.tv\/2022\/13-de-septiembre-a-15-anos-del-asesinato-del-comandante-jaime-flores-escamilla\/#article","isPartOf":{"@id":"https:\/\/canal7slp.tv\/2022\/13-de-septiembre-a-15-anos-del-asesinato-del-comandante-jaime-flores-escamilla\/"},"author":{"name":"Edici\u00f3n Web","@id":"https:\/\/canal7slp.tv\/2022\/#\/schema\/person\/429704152a21f5f856ce29aa69a238da"},"headline":"13 de septiembre&#8230; a 15 a\u00f1os del asesinato del Comandante Jaime Flores Escamilla.","datePublished":"2022-09-13T23:19:05+00:00","mainEntityOfPage":{"@id":"https:\/\/canal7slp.tv\/2022\/13-de-septiembre-a-15-anos-del-asesinato-del-comandante-jaime-flores-escamilla\/"},"wordCount":257,"publisher":{"@id":"https:\/\/canal7slp.tv\/2022\/#organization"},"image":{"@id":"https:\/\/canal7slp.tv\/2022\/13-de-septiembre-a-15-anos-del-asesinato-del-comandante-jaime-flores-escamilla\/#primaryimage"},"thumbnailUrl":"https:\/\/canal7slp.tv\/2022\/wp-content\/uploads\/2022\/09\/Claudio03Escamilla.jpg","articleSection":["DESTACADAS","LOCALES Y REGIONALES"],"inLanguage":"es"},{"@type":"WebPage","@id":"https:\/\/canal7slp.tv\/2022\/13-de-septiembre-a-15-anos-del-asesinato-del-comandante-jaime-flores-escamilla\/","url":"https:\/\/canal7slp.tv\/2022\/13-de-septiembre-a-15-anos-del-asesinato-del-comandante-jaime-flores-escamilla\/","name":"13 de septiembre... a 15 a\u00f1os del asesinato del Comandante Jaime Flores Escamilla. - Canal 7 SLP - 2022","isPartOf":{"@id":"https:\/\/canal7slp.tv\/2022\/#website"},"primaryImageOfPage":{"@id":"https:\/\/canal7slp.tv\/2022\/13-de-septiembre-a-15-anos-del-asesinato-del-comandante-jaime-flores-escamilla\/#primaryimage"},"image":{"@id":"https:\/\/canal7slp.tv\/2022\/13-de-septiembre-a-15-anos-del-asesinato-del-comandante-jaime-flores-escamilla\/#primaryimage"},"thumbnailUrl":"https:\/\/canal7slp.tv\/2022\/wp-content\/uploads\/2022\/09\/Claudio03Escamilla.jpg","datePublished":"2022-09-13T23:19:05+00:00","breadcrumb":{"@id":"https:\/\/canal7slp.tv\/2022\/13-de-septiembre-a-15-anos-del-asesinato-del-comandante-jaime-flores-escamilla\/#breadcrumb"},"inLanguage":"es","potentialAction":[{"@type":"ReadAction","target":["https:\/\/canal7slp.tv\/2022\/13-de-septiembre-a-15-anos-del-asesinato-del-comandante-jaime-flores-escamilla\/"]}]},{"@type":"ImageObject","inLanguage":"es","@id":"https:\/\/canal7slp.tv\/2022\/13-de-septiembre-a-15-anos-del-asesinato-del-comandante-jaime-flores-escamilla\/#primaryimage","url":"https:\/\/canal7slp.tv\/2022\/wp-content\/uploads\/2022\/09\/Claudio03Escamilla.jpg","contentUrl":"https:\/\/canal7slp.tv\/2022\/wp-content\/uploads\/2022\/09\/Claudio03Escamilla.jpg","width":888,"height":500},{"@type":"BreadcrumbList","@id":"https:\/\/canal7slp.tv\/2022\/13-de-septiembre-a-15-anos-del-asesinato-del-comandante-jaime-flores-escamilla\/#breadcrumb","itemListElement":[{"@type":"ListItem","position":1,"name":"Portada","item":"https:\/\/canal7slp.tv\/2022\/"},{"@type":"ListItem","position":2,"name":"13 de septiembre&#8230; a 15 a\u00f1os del asesinato del Comandante Jaime Flores Escamilla."}]},{"@type":"WebSite","@id":"https:\/\/canal7slp.tv\/2022\/#website","url":"https:\/\/canal7slp.tv\/2022\/","name":"N7 - Noticieros Canal 7","description":"Somos Televisi\u00f3n","publisher":{"@id":"https:\/\/canal7slp.tv\/2022\/#organization"},"potentialAction":[{"@type":"SearchAction","target":{"@type":"EntryPoint","urlTemplate":"https:\/\/canal7slp.tv\/2022\/?s={search_term_string}"},"query-input":{"@type":"PropertyValueSpecification","valueRequired":true,"valueName":"search_term_string"}}],"inLanguage":"es"},{"@type":"Organization","@id":"https:\/\/canal7slp.tv\/2022\/#organization","name":"Noticieros Canal 7","url":"https:\/\/canal7slp.tv\/2022\/","logo":{"@type":"ImageObject","inLanguage":"es","@id":"https:\/\/canal7slp.tv\/2022\/#\/schema\/logo\/image\/","url":"https:\/\/canal7slp.tv\/2022\/wp-content\/uploads\/2021\/01\/logo-noticieros@2x.png","contentUrl":"https:\/\/canal7slp.tv\/2022\/wp-content\/uploads\/2021\/01\/logo-noticieros@2x.png","width":1017,"height":268,"caption":"Noticieros Canal 7"},"image":{"@id":"https:\/\/canal7slp.tv\/2022\/#\/schema\/logo\/image\/"},"sameAs":["https:\/\/www.facebook.com\/noticieroscanalsiete","https:\/\/x.com\/NOTICIEROS7","https:\/\/www.instagram.com\/canal7_slp","https:\/\/www.youtube.com\/channel\/UCliiYs-gP3JfJeqdPrNdd5A"]},{"@type":"Person","@id":"https:\/\/canal7slp.tv\/2022\/#\/schema\/person\/429704152a21f5f856ce29aa69a238da","name":"Edici\u00f3n Web","image":{"@type":"ImageObject","inLanguage":"es","@id":"https:\/\/secure.gravatar.com\/avatar\/eee448fc3f7164808013b816ba91ac7e43bbe82a70bebac296f8bc6f0addaa1a?s=96&d=mm&r=g","url":"https:\/\/secure.gravatar.com\/avatar\/eee448fc3f7164808013b816ba91ac7e43bbe82a70bebac296f8bc6f0addaa1a?s=96&d=mm&r=g","contentUrl":"https:\/\/secure.gravatar.com\/avatar\/eee448fc3f7164808013b816ba91ac7e43bbe82a70bebac296f8bc6f0addaa1a?s=96&d=mm&r=g","caption":"Edici\u00f3n Web"},"url":"https:\/\/canal7slp.tv\/2022\/author\/edicionweb\/"}]}},"amp_enabled":true,"_links":{"self":[{"href":"https:\/\/canal7slp.tv\/2022\/wp-json\/wp\/v2\/posts\/72735","targetHints":{"allow":["GET"]}}],"collection":[{"href":"https:\/\/canal7slp.tv\/2022\/wp-json\/wp\/v2\/posts"}],"about":[{"href":"https:\/\/canal7slp.tv\/2022\/wp-json\/wp\/v2\/types\/post"}],"author":[{"embeddable":true,"href":"https:\/\/canal7slp.tv\/2022\/wp-json\/wp\/v2\/users\/2"}],"replies":[{"embeddable":true,"href":"https:\/\/canal7slp.tv\/2022\/wp-json\/wp\/v2\/comments?post=72735"}],"version-history":[{"count":3,"href":"https:\/\/canal7slp.tv\/2022\/wp-json\/wp\/v2\/posts\/72735\/revisions"}],"predecessor-version":[{"id":72750,"href":"https:\/\/canal7slp.tv\/2022\/wp-json\/wp\/v2\/posts\/72735\/revisions\/72750"}],"wp:featuredmedia":[{"embeddable":true,"href":"https:\/\/canal7slp.tv\/2022\/wp-json\/wp\/v2\/media\/72749"}],"wp:attachment":[{"href":"https:\/\/canal7slp.tv\/2022\/wp-json\/wp\/v2\/media?parent=72735"}],"wp:term":[{"taxonomy":"category","embeddable":true,"href":"https:\/\/canal7slp.tv\/2022\/wp-json\/wp\/v2\/categories?post=72735"},{"taxonomy":"post_tag","embeddable":true,"href":"https:\/\/canal7slp.tv\/2022\/wp-json\/wp\/v2\/tags?post=72735"}],"curies":[{"name":"wp","href":"https:\/\/api.w.org\/{rel}","templated":true}]}}