{"id":72734,"date":"2022-09-13T17:07:13","date_gmt":"2022-09-13T23:07:13","guid":{"rendered":"https:\/\/canal7slp.tv\/2022\/?p=72734"},"modified":"2022-09-13T17:07:13","modified_gmt":"2022-09-13T23:07:13","slug":"del-20-al-22-de-septiembre-se-llevara-a-cabo-en-slp-el-blackchrome-stand-up-comedy-en-la-cineteca-alameda","status":"publish","type":"post","link":"https:\/\/canal7slp.tv\/2022\/del-20-al-22-de-septiembre-se-llevara-a-cabo-en-slp-el-blackchrome-stand-up-comedy-en-la-cineteca-alameda\/","title":{"rendered":"Del 20 al 22 de septiembre se llevar\u00e1 a cabo en SLP el \u201cBlack&#038;Chrome, Stand Up Comedy\u201d en la Cineteca Alameda."},"content":{"rendered":"<ul>\n<li>Se trata del primer festival de ese tipo en territorio potosino y es de acceso libre.<\/li>\n<\/ul>\n<p style=\"text-align: justify;\">SLP.- La Cineteca Alameda ser\u00e1 el escenario donde estar\u00e1 reunido lo mejor del Stand Up nacional en el evento denominado \u201cBlack &amp; Chrome, stand up comedy\u201d mismo que se llevar\u00e1 a cabo los d\u00edas 20, 21 y 22 de septiembre, y que reunir\u00e1 a 69 standuperas y standuperos locales, nacionales y del extranjero en un g\u00e9nero de la comedia con varios a\u00f1os ya de presencia en los escenarios.<\/p>\n<p style=\"text-align: justify;\">\u00c1ngel Briones, organizador de este evento afirm\u00f3 que se reunir\u00e1 lo mejor de todo el pa\u00eds enfocado para todas las edades y con acceso libre.<\/p>\n<p style=\"text-align: justify;\">Se\u00f1al\u00f3 que se tiene confirmada la participaci\u00f3n de Axel Tejada, Memo Pacheco, Macario Brujo, \u201cLa Kikis\u201d, An\u00edbal \u201cEl Muerto\u201d, Marcela Lecuona, \u201cLuiki Wiki\u201d, Gon Curiel, \u201cPachis\u201d, M\u00f3nica Escobedo, Fredy \u201cEl Regio\u201d, Kike V\u00e1zquez y Javi Villalvazo entre otros.<\/p>\n<p style=\"text-align: justify;\">Todos ellos presentar\u00e1n su rutina en este espacio y que ser\u00e1 grabada para la producci\u00f3n de un especial de comedia que ser\u00e1 distribuido por una famosa plataforma de streaming, lo que proyectar\u00e1 a San Luis Potos\u00ed a nivel nacional e internacional.<\/p>\n<p>Por: Claudio Ibarra<\/p>\n","protected":false},"excerpt":{"rendered":"<p>Se trata del primer festival de ese tipo en territorio potosino y es de acceso libre. SLP.- La Cineteca Alameda ser\u00e1 el escenario donde estar\u00e1 reunido lo mejor del Stand Up nacional en el evento denominado \u201cBlack &amp; Chrome, stand up comedy\u201d mismo que se llevar\u00e1 a cabo los d\u00edas 20, 21 y 22 de septiembre, y que reunir\u00e1 a 69 standuperas y standuperos locales, nacionales y del extranjero en un g\u00e9nero de la comedia con varios a\u00f1os ya de presencia en los escenarios. \u00c1ngel Briones, organizador de este evento afirm\u00f3 que se reunir\u00e1 lo mejor de todo el pa\u00eds [&hellip;]<\/p>\n","protected":false},"author":2,"featured_media":72747,"comment_status":"closed","ping_status":"closed","sticky":false,"template":"","format":"video","meta":{"footnotes":""},"categories":[5,45],"tags":[],"class_list":["post-72734","post","type-post","status-publish","format-video","has-post-thumbnail","hentry","category-destacadas","category-localesyregionales","post_format-post-format-video","post--single"],"yoast_head":"<!-- This site is optimized with the Yoast SEO plugin v27.5 - https:\/\/yoast.com\/product\/yoast-seo-wordpress\/ -->\n<title>Del 20 al 22 de septiembre se llevar\u00e1 a cabo en SLP el \u201cBlack&amp;Chrome, Stand Up Comedy\u201d en la Cineteca Alameda. - Canal 7 SLP - 2022<\/title>\n<meta name=\"robots\" content=\"index, follow, max-snippet:-1, max-image-preview:large, max-video-preview:-1\" \/>\n<link rel=\"canonical\" href=\"https:\/\/canal7slp.tv\/2022\/del-20-al-22-de-septiembre-se-llevara-a-cabo-en-slp-el-blackchrome-stand-up-comedy-en-la-cineteca-alameda\/\" \/>\n<meta property=\"og:locale\" content=\"es_ES\" \/>\n<meta property=\"og:type\" content=\"article\" \/>\n<meta property=\"og:title\" content=\"Del 20 al 22 de septiembre se llevar\u00e1 a cabo en SLP el \u201cBlack&amp;Chrome, Stand Up Comedy\u201d en la Cineteca Alameda. - Canal 7 SLP - 2022\" \/>\n<meta property=\"og:description\" content=\"Se trata del primer festival de ese tipo en territorio potosino y es de acceso libre. SLP.- La Cineteca Alameda ser\u00e1 el escenario donde estar\u00e1 reunido lo mejor del Stand Up nacional en el evento denominado \u201cBlack &amp; Chrome, stand up comedy\u201d mismo que se llevar\u00e1 a cabo los d\u00edas 20, 21 y 22 de septiembre, y que reunir\u00e1 a 69 standuperas y standuperos locales, nacionales y del extranjero en un g\u00e9nero de la comedia con varios a\u00f1os ya de presencia en los escenarios. \u00c1ngel Briones, organizador de este evento afirm\u00f3 que se reunir\u00e1 lo mejor de todo el pa\u00eds [&hellip;]\" \/>\n<meta property=\"og:url\" content=\"https:\/\/canal7slp.tv\/2022\/del-20-al-22-de-septiembre-se-llevara-a-cabo-en-slp-el-blackchrome-stand-up-comedy-en-la-cineteca-alameda\/\" \/>\n<meta property=\"og:site_name\" content=\"Canal 7 SLP - 2022\" \/>\n<meta property=\"article:publisher\" content=\"https:\/\/www.facebook.com\/noticieroscanalsiete\" \/>\n<meta property=\"article:published_time\" content=\"2022-09-13T23:07:13+00:00\" \/>\n<meta property=\"og:image\" content=\"https:\/\/canal7slp.tv\/2022\/wp-content\/uploads\/2022\/09\/Claudio02StandUp.jpg\" \/>\n\t<meta property=\"og:image:width\" content=\"888\" \/>\n\t<meta property=\"og:image:height\" content=\"500\" \/>\n\t<meta property=\"og:image:type\" content=\"image\/jpeg\" \/>\n<meta name=\"author\" content=\"Edici\u00f3n Web\" \/>\n<meta name=\"twitter:card\" content=\"summary_large_image\" \/>\n<meta name=\"twitter:creator\" content=\"@NOTICIEROS7\" \/>\n<meta name=\"twitter:site\" content=\"@NOTICIEROS7\" \/>\n<meta name=\"twitter:label1\" content=\"Escrito por\" \/>\n\t<meta name=\"twitter:data1\" content=\"Edici\u00f3n Web\" \/>\n\t<meta name=\"twitter:label2\" content=\"Tiempo de lectura\" \/>\n\t<meta name=\"twitter:data2\" content=\"1 minuto\" \/>\n<script type=\"application\/ld+json\" class=\"yoast-schema-graph\">{\"@context\":\"https:\\\/\\\/schema.org\",\"@graph\":[{\"@type\":\"Article\",\"@id\":\"https:\\\/\\\/canal7slp.tv\\\/2022\\\/del-20-al-22-de-septiembre-se-llevara-a-cabo-en-slp-el-blackchrome-stand-up-comedy-en-la-cineteca-alameda\\\/#article\",\"isPartOf\":{\"@id\":\"https:\\\/\\\/canal7slp.tv\\\/2022\\\/del-20-al-22-de-septiembre-se-llevara-a-cabo-en-slp-el-blackchrome-stand-up-comedy-en-la-cineteca-alameda\\\/\"},\"author\":{\"name\":\"Edici\u00f3n Web\",\"@id\":\"https:\\\/\\\/canal7slp.tv\\\/2022\\\/#\\\/schema\\\/person\\\/429704152a21f5f856ce29aa69a238da\"},\"headline\":\"Del 20 al 22 de septiembre se llevar\u00e1 a cabo en SLP el \u201cBlack&#038;Chrome, Stand Up Comedy\u201d en la Cineteca Alameda.\",\"datePublished\":\"2022-09-13T23:07:13+00:00\",\"mainEntityOfPage\":{\"@id\":\"https:\\\/\\\/canal7slp.tv\\\/2022\\\/del-20-al-22-de-septiembre-se-llevara-a-cabo-en-slp-el-blackchrome-stand-up-comedy-en-la-cineteca-alameda\\\/\"},\"wordCount\":219,\"publisher\":{\"@id\":\"https:\\\/\\\/canal7slp.tv\\\/2022\\\/#organization\"},\"image\":{\"@id\":\"https:\\\/\\\/canal7slp.tv\\\/2022\\\/del-20-al-22-de-septiembre-se-llevara-a-cabo-en-slp-el-blackchrome-stand-up-comedy-en-la-cineteca-alameda\\\/#primaryimage\"},\"thumbnailUrl\":\"https:\\\/\\\/canal7slp.tv\\\/2022\\\/wp-content\\\/uploads\\\/2022\\\/09\\\/Claudio02StandUp.jpg\",\"articleSection\":[\"DESTACADAS\",\"LOCALES Y REGIONALES\"],\"inLanguage\":\"es\"},{\"@type\":\"WebPage\",\"@id\":\"https:\\\/\\\/canal7slp.tv\\\/2022\\\/del-20-al-22-de-septiembre-se-llevara-a-cabo-en-slp-el-blackchrome-stand-up-comedy-en-la-cineteca-alameda\\\/\",\"url\":\"https:\\\/\\\/canal7slp.tv\\\/2022\\\/del-20-al-22-de-septiembre-se-llevara-a-cabo-en-slp-el-blackchrome-stand-up-comedy-en-la-cineteca-alameda\\\/\",\"name\":\"Del 20 al 22 de septiembre se llevar\u00e1 a cabo en SLP el \u201cBlack&Chrome, Stand Up Comedy\u201d en la Cineteca Alameda. - Canal 7 SLP - 2022\",\"isPartOf\":{\"@id\":\"https:\\\/\\\/canal7slp.tv\\\/2022\\\/#website\"},\"primaryImageOfPage\":{\"@id\":\"https:\\\/\\\/canal7slp.tv\\\/2022\\\/del-20-al-22-de-septiembre-se-llevara-a-cabo-en-slp-el-blackchrome-stand-up-comedy-en-la-cineteca-alameda\\\/#primaryimage\"},\"image\":{\"@id\":\"https:\\\/\\\/canal7slp.tv\\\/2022\\\/del-20-al-22-de-septiembre-se-llevara-a-cabo-en-slp-el-blackchrome-stand-up-comedy-en-la-cineteca-alameda\\\/#primaryimage\"},\"thumbnailUrl\":\"https:\\\/\\\/canal7slp.tv\\\/2022\\\/wp-content\\\/uploads\\\/2022\\\/09\\\/Claudio02StandUp.jpg\",\"datePublished\":\"2022-09-13T23:07:13+00:00\",\"breadcrumb\":{\"@id\":\"https:\\\/\\\/canal7slp.tv\\\/2022\\\/del-20-al-22-de-septiembre-se-llevara-a-cabo-en-slp-el-blackchrome-stand-up-comedy-en-la-cineteca-alameda\\\/#breadcrumb\"},\"inLanguage\":\"es\",\"potentialAction\":[{\"@type\":\"ReadAction\",\"target\":[\"https:\\\/\\\/canal7slp.tv\\\/2022\\\/del-20-al-22-de-septiembre-se-llevara-a-cabo-en-slp-el-blackchrome-stand-up-comedy-en-la-cineteca-alameda\\\/\"]}]},{\"@type\":\"ImageObject\",\"inLanguage\":\"es\",\"@id\":\"https:\\\/\\\/canal7slp.tv\\\/2022\\\/del-20-al-22-de-septiembre-se-llevara-a-cabo-en-slp-el-blackchrome-stand-up-comedy-en-la-cineteca-alameda\\\/#primaryimage\",\"url\":\"https:\\\/\\\/canal7slp.tv\\\/2022\\\/wp-content\\\/uploads\\\/2022\\\/09\\\/Claudio02StandUp.jpg\",\"contentUrl\":\"https:\\\/\\\/canal7slp.tv\\\/2022\\\/wp-content\\\/uploads\\\/2022\\\/09\\\/Claudio02StandUp.jpg\",\"width\":888,\"height\":500},{\"@type\":\"BreadcrumbList\",\"@id\":\"https:\\\/\\\/canal7slp.tv\\\/2022\\\/del-20-al-22-de-septiembre-se-llevara-a-cabo-en-slp-el-blackchrome-stand-up-comedy-en-la-cineteca-alameda\\\/#breadcrumb\",\"itemListElement\":[{\"@type\":\"ListItem\",\"position\":1,\"name\":\"Portada\",\"item\":\"https:\\\/\\\/canal7slp.tv\\\/2022\\\/\"},{\"@type\":\"ListItem\",\"position\":2,\"name\":\"Del 20 al 22 de septiembre se llevar\u00e1 a cabo en SLP el \u201cBlack&#038;Chrome, Stand Up Comedy\u201d en la Cineteca Alameda.\"}]},{\"@type\":\"WebSite\",\"@id\":\"https:\\\/\\\/canal7slp.tv\\\/2022\\\/#website\",\"url\":\"https:\\\/\\\/canal7slp.tv\\\/2022\\\/\",\"name\":\"N7 - Noticieros Canal 7\",\"description\":\"Somos Televisi\u00f3n\",\"publisher\":{\"@id\":\"https:\\\/\\\/canal7slp.tv\\\/2022\\\/#organization\"},\"potentialAction\":[{\"@type\":\"SearchAction\",\"target\":{\"@type\":\"EntryPoint\",\"urlTemplate\":\"https:\\\/\\\/canal7slp.tv\\\/2022\\\/?s={search_term_string}\"},\"query-input\":{\"@type\":\"PropertyValueSpecification\",\"valueRequired\":true,\"valueName\":\"search_term_string\"}}],\"inLanguage\":\"es\"},{\"@type\":\"Organization\",\"@id\":\"https:\\\/\\\/canal7slp.tv\\\/2022\\\/#organization\",\"name\":\"Noticieros Canal 7\",\"url\":\"https:\\\/\\\/canal7slp.tv\\\/2022\\\/\",\"logo\":{\"@type\":\"ImageObject\",\"inLanguage\":\"es\",\"@id\":\"https:\\\/\\\/canal7slp.tv\\\/2022\\\/#\\\/schema\\\/logo\\\/image\\\/\",\"url\":\"https:\\\/\\\/canal7slp.tv\\\/2022\\\/wp-content\\\/uploads\\\/2021\\\/01\\\/logo-noticieros@2x.png\",\"contentUrl\":\"https:\\\/\\\/canal7slp.tv\\\/2022\\\/wp-content\\\/uploads\\\/2021\\\/01\\\/logo-noticieros@2x.png\",\"width\":1017,\"height\":268,\"caption\":\"Noticieros Canal 7\"},\"image\":{\"@id\":\"https:\\\/\\\/canal7slp.tv\\\/2022\\\/#\\\/schema\\\/logo\\\/image\\\/\"},\"sameAs\":[\"https:\\\/\\\/www.facebook.com\\\/noticieroscanalsiete\",\"https:\\\/\\\/x.com\\\/NOTICIEROS7\",\"https:\\\/\\\/www.instagram.com\\\/canal7_slp\",\"https:\\\/\\\/www.youtube.com\\\/channel\\\/UCliiYs-gP3JfJeqdPrNdd5A\"]},{\"@type\":\"Person\",\"@id\":\"https:\\\/\\\/canal7slp.tv\\\/2022\\\/#\\\/schema\\\/person\\\/429704152a21f5f856ce29aa69a238da\",\"name\":\"Edici\u00f3n Web\",\"image\":{\"@type\":\"ImageObject\",\"inLanguage\":\"es\",\"@id\":\"https:\\\/\\\/secure.gravatar.com\\\/avatar\\\/eee448fc3f7164808013b816ba91ac7e43bbe82a70bebac296f8bc6f0addaa1a?s=96&d=mm&r=g\",\"url\":\"https:\\\/\\\/secure.gravatar.com\\\/avatar\\\/eee448fc3f7164808013b816ba91ac7e43bbe82a70bebac296f8bc6f0addaa1a?s=96&d=mm&r=g\",\"contentUrl\":\"https:\\\/\\\/secure.gravatar.com\\\/avatar\\\/eee448fc3f7164808013b816ba91ac7e43bbe82a70bebac296f8bc6f0addaa1a?s=96&d=mm&r=g\",\"caption\":\"Edici\u00f3n Web\"},\"url\":\"https:\\\/\\\/canal7slp.tv\\\/2022\\\/author\\\/edicionweb\\\/\"}]}<\/script>\n<!-- \/ Yoast SEO plugin. -->","yoast_head_json":{"title":"Del 20 al 22 de septiembre se llevar\u00e1 a cabo en SLP el \u201cBlack&Chrome, Stand Up Comedy\u201d en la Cineteca Alameda. - Canal 7 SLP - 2022","robots":{"index":"index","follow":"follow","max-snippet":"max-snippet:-1","max-image-preview":"max-image-preview:large","max-video-preview":"max-video-preview:-1"},"canonical":"https:\/\/canal7slp.tv\/2022\/del-20-al-22-de-septiembre-se-llevara-a-cabo-en-slp-el-blackchrome-stand-up-comedy-en-la-cineteca-alameda\/","og_locale":"es_ES","og_type":"article","og_title":"Del 20 al 22 de septiembre se llevar\u00e1 a cabo en SLP el \u201cBlack&Chrome, Stand Up Comedy\u201d en la Cineteca Alameda. - Canal 7 SLP - 2022","og_description":"Se trata del primer festival de ese tipo en territorio potosino y es de acceso libre. SLP.- La Cineteca Alameda ser\u00e1 el escenario donde estar\u00e1 reunido lo mejor del Stand Up nacional en el evento denominado \u201cBlack &amp; Chrome, stand up comedy\u201d mismo que se llevar\u00e1 a cabo los d\u00edas 20, 21 y 22 de septiembre, y que reunir\u00e1 a 69 standuperas y standuperos locales, nacionales y del extranjero en un g\u00e9nero de la comedia con varios a\u00f1os ya de presencia en los escenarios. \u00c1ngel Briones, organizador de este evento afirm\u00f3 que se reunir\u00e1 lo mejor de todo el pa\u00eds [&hellip;]","og_url":"https:\/\/canal7slp.tv\/2022\/del-20-al-22-de-septiembre-se-llevara-a-cabo-en-slp-el-blackchrome-stand-up-comedy-en-la-cineteca-alameda\/","og_site_name":"Canal 7 SLP - 2022","article_publisher":"https:\/\/www.facebook.com\/noticieroscanalsiete","article_published_time":"2022-09-13T23:07:13+00:00","og_image":[{"width":888,"height":500,"url":"https:\/\/canal7slp.tv\/2022\/wp-content\/uploads\/2022\/09\/Claudio02StandUp.jpg","type":"image\/jpeg"}],"author":"Edici\u00f3n Web","twitter_card":"summary_large_image","twitter_creator":"@NOTICIEROS7","twitter_site":"@NOTICIEROS7","twitter_misc":{"Escrito por":"Edici\u00f3n Web","Tiempo de lectura":"1 minuto"},"schema":{"@context":"https:\/\/schema.org","@graph":[{"@type":"Article","@id":"https:\/\/canal7slp.tv\/2022\/del-20-al-22-de-septiembre-se-llevara-a-cabo-en-slp-el-blackchrome-stand-up-comedy-en-la-cineteca-alameda\/#article","isPartOf":{"@id":"https:\/\/canal7slp.tv\/2022\/del-20-al-22-de-septiembre-se-llevara-a-cabo-en-slp-el-blackchrome-stand-up-comedy-en-la-cineteca-alameda\/"},"author":{"name":"Edici\u00f3n Web","@id":"https:\/\/canal7slp.tv\/2022\/#\/schema\/person\/429704152a21f5f856ce29aa69a238da"},"headline":"Del 20 al 22 de septiembre se llevar\u00e1 a cabo en SLP el \u201cBlack&#038;Chrome, Stand Up Comedy\u201d en la Cineteca Alameda.","datePublished":"2022-09-13T23:07:13+00:00","mainEntityOfPage":{"@id":"https:\/\/canal7slp.tv\/2022\/del-20-al-22-de-septiembre-se-llevara-a-cabo-en-slp-el-blackchrome-stand-up-comedy-en-la-cineteca-alameda\/"},"wordCount":219,"publisher":{"@id":"https:\/\/canal7slp.tv\/2022\/#organization"},"image":{"@id":"https:\/\/canal7slp.tv\/2022\/del-20-al-22-de-septiembre-se-llevara-a-cabo-en-slp-el-blackchrome-stand-up-comedy-en-la-cineteca-alameda\/#primaryimage"},"thumbnailUrl":"https:\/\/canal7slp.tv\/2022\/wp-content\/uploads\/2022\/09\/Claudio02StandUp.jpg","articleSection":["DESTACADAS","LOCALES Y REGIONALES"],"inLanguage":"es"},{"@type":"WebPage","@id":"https:\/\/canal7slp.tv\/2022\/del-20-al-22-de-septiembre-se-llevara-a-cabo-en-slp-el-blackchrome-stand-up-comedy-en-la-cineteca-alameda\/","url":"https:\/\/canal7slp.tv\/2022\/del-20-al-22-de-septiembre-se-llevara-a-cabo-en-slp-el-blackchrome-stand-up-comedy-en-la-cineteca-alameda\/","name":"Del 20 al 22 de septiembre se llevar\u00e1 a cabo en SLP el \u201cBlack&Chrome, Stand Up Comedy\u201d en la Cineteca Alameda. - Canal 7 SLP - 2022","isPartOf":{"@id":"https:\/\/canal7slp.tv\/2022\/#website"},"primaryImageOfPage":{"@id":"https:\/\/canal7slp.tv\/2022\/del-20-al-22-de-septiembre-se-llevara-a-cabo-en-slp-el-blackchrome-stand-up-comedy-en-la-cineteca-alameda\/#primaryimage"},"image":{"@id":"https:\/\/canal7slp.tv\/2022\/del-20-al-22-de-septiembre-se-llevara-a-cabo-en-slp-el-blackchrome-stand-up-comedy-en-la-cineteca-alameda\/#primaryimage"},"thumbnailUrl":"https:\/\/canal7slp.tv\/2022\/wp-content\/uploads\/2022\/09\/Claudio02StandUp.jpg","datePublished":"2022-09-13T23:07:13+00:00","breadcrumb":{"@id":"https:\/\/canal7slp.tv\/2022\/del-20-al-22-de-septiembre-se-llevara-a-cabo-en-slp-el-blackchrome-stand-up-comedy-en-la-cineteca-alameda\/#breadcrumb"},"inLanguage":"es","potentialAction":[{"@type":"ReadAction","target":["https:\/\/canal7slp.tv\/2022\/del-20-al-22-de-septiembre-se-llevara-a-cabo-en-slp-el-blackchrome-stand-up-comedy-en-la-cineteca-alameda\/"]}]},{"@type":"ImageObject","inLanguage":"es","@id":"https:\/\/canal7slp.tv\/2022\/del-20-al-22-de-septiembre-se-llevara-a-cabo-en-slp-el-blackchrome-stand-up-comedy-en-la-cineteca-alameda\/#primaryimage","url":"https:\/\/canal7slp.tv\/2022\/wp-content\/uploads\/2022\/09\/Claudio02StandUp.jpg","contentUrl":"https:\/\/canal7slp.tv\/2022\/wp-content\/uploads\/2022\/09\/Claudio02StandUp.jpg","width":888,"height":500},{"@type":"BreadcrumbList","@id":"https:\/\/canal7slp.tv\/2022\/del-20-al-22-de-septiembre-se-llevara-a-cabo-en-slp-el-blackchrome-stand-up-comedy-en-la-cineteca-alameda\/#breadcrumb","itemListElement":[{"@type":"ListItem","position":1,"name":"Portada","item":"https:\/\/canal7slp.tv\/2022\/"},{"@type":"ListItem","position":2,"name":"Del 20 al 22 de septiembre se llevar\u00e1 a cabo en SLP el \u201cBlack&#038;Chrome, Stand Up Comedy\u201d en la Cineteca Alameda."}]},{"@type":"WebSite","@id":"https:\/\/canal7slp.tv\/2022\/#website","url":"https:\/\/canal7slp.tv\/2022\/","name":"N7 - Noticieros Canal 7","description":"Somos Televisi\u00f3n","publisher":{"@id":"https:\/\/canal7slp.tv\/2022\/#organization"},"potentialAction":[{"@type":"SearchAction","target":{"@type":"EntryPoint","urlTemplate":"https:\/\/canal7slp.tv\/2022\/?s={search_term_string}"},"query-input":{"@type":"PropertyValueSpecification","valueRequired":true,"valueName":"search_term_string"}}],"inLanguage":"es"},{"@type":"Organization","@id":"https:\/\/canal7slp.tv\/2022\/#organization","name":"Noticieros Canal 7","url":"https:\/\/canal7slp.tv\/2022\/","logo":{"@type":"ImageObject","inLanguage":"es","@id":"https:\/\/canal7slp.tv\/2022\/#\/schema\/logo\/image\/","url":"https:\/\/canal7slp.tv\/2022\/wp-content\/uploads\/2021\/01\/logo-noticieros@2x.png","contentUrl":"https:\/\/canal7slp.tv\/2022\/wp-content\/uploads\/2021\/01\/logo-noticieros@2x.png","width":1017,"height":268,"caption":"Noticieros Canal 7"},"image":{"@id":"https:\/\/canal7slp.tv\/2022\/#\/schema\/logo\/image\/"},"sameAs":["https:\/\/www.facebook.com\/noticieroscanalsiete","https:\/\/x.com\/NOTICIEROS7","https:\/\/www.instagram.com\/canal7_slp","https:\/\/www.youtube.com\/channel\/UCliiYs-gP3JfJeqdPrNdd5A"]},{"@type":"Person","@id":"https:\/\/canal7slp.tv\/2022\/#\/schema\/person\/429704152a21f5f856ce29aa69a238da","name":"Edici\u00f3n Web","image":{"@type":"ImageObject","inLanguage":"es","@id":"https:\/\/secure.gravatar.com\/avatar\/eee448fc3f7164808013b816ba91ac7e43bbe82a70bebac296f8bc6f0addaa1a?s=96&d=mm&r=g","url":"https:\/\/secure.gravatar.com\/avatar\/eee448fc3f7164808013b816ba91ac7e43bbe82a70bebac296f8bc6f0addaa1a?s=96&d=mm&r=g","contentUrl":"https:\/\/secure.gravatar.com\/avatar\/eee448fc3f7164808013b816ba91ac7e43bbe82a70bebac296f8bc6f0addaa1a?s=96&d=mm&r=g","caption":"Edici\u00f3n Web"},"url":"https:\/\/canal7slp.tv\/2022\/author\/edicionweb\/"}]}},"amp_enabled":true,"_links":{"self":[{"href":"https:\/\/canal7slp.tv\/2022\/wp-json\/wp\/v2\/posts\/72734","targetHints":{"allow":["GET"]}}],"collection":[{"href":"https:\/\/canal7slp.tv\/2022\/wp-json\/wp\/v2\/posts"}],"about":[{"href":"https:\/\/canal7slp.tv\/2022\/wp-json\/wp\/v2\/types\/post"}],"author":[{"embeddable":true,"href":"https:\/\/canal7slp.tv\/2022\/wp-json\/wp\/v2\/users\/2"}],"replies":[{"embeddable":true,"href":"https:\/\/canal7slp.tv\/2022\/wp-json\/wp\/v2\/comments?post=72734"}],"version-history":[{"count":3,"href":"https:\/\/canal7slp.tv\/2022\/wp-json\/wp\/v2\/posts\/72734\/revisions"}],"predecessor-version":[{"id":72748,"href":"https:\/\/canal7slp.tv\/2022\/wp-json\/wp\/v2\/posts\/72734\/revisions\/72748"}],"wp:featuredmedia":[{"embeddable":true,"href":"https:\/\/canal7slp.tv\/2022\/wp-json\/wp\/v2\/media\/72747"}],"wp:attachment":[{"href":"https:\/\/canal7slp.tv\/2022\/wp-json\/wp\/v2\/media?parent=72734"}],"wp:term":[{"taxonomy":"category","embeddable":true,"href":"https:\/\/canal7slp.tv\/2022\/wp-json\/wp\/v2\/categories?post=72734"},{"taxonomy":"post_tag","embeddable":true,"href":"https:\/\/canal7slp.tv\/2022\/wp-json\/wp\/v2\/tags?post=72734"}],"curies":[{"name":"wp","href":"https:\/\/api.w.org\/{rel}","templated":true}]}}