{"id":72733,"date":"2022-09-13T17:03:04","date_gmt":"2022-09-13T23:03:04","guid":{"rendered":"https:\/\/canal7slp.tv\/2022\/?p=72733"},"modified":"2022-09-13T17:03:04","modified_gmt":"2022-09-13T23:03:04","slug":"autoridades-civiles-y-militares-conmemoraron-el-175-aniversario-de-la-gesta-heroica-de-los-cadetes-de-chapultepec","status":"publish","type":"post","link":"https:\/\/canal7slp.tv\/2022\/autoridades-civiles-y-militares-conmemoraron-el-175-aniversario-de-la-gesta-heroica-de-los-cadetes-de-chapultepec\/","title":{"rendered":"Autoridades civiles y militares conmemoraron el 175 Aniversario de la Gesta Heroica de los Cadetes de Chapultepec."},"content":{"rendered":"<p style=\"text-align: justify;\">SLP.- Autoridades civiles y militares conmemoraron el 175 aniversario de la gesta heroica de los Ni\u00f1os H\u00e9roes de Chapultepec en un evento realizado en la Glorieta \u201cEj\u00e9rcito Mexicano\u201d al interior del Parque Tangamanga Dos.<\/p>\n<p style=\"text-align: justify;\">El teniente coronel de Infanter\u00eda Manuel de la Fuente Barrera fue el orador oficial por parte de las fuerzas castrenses al destacar en su mensaje, la defensa del Castillo de Chapultepec ante las fuerzas invasoras del ej\u00e9rcito estadounidense.<\/p>\n<p style=\"text-align: justify;\">En este evento tambi\u00e9n se rindieron honores a la bandera adem\u00e1s de que se dispar\u00f3 una salva de fusiler\u00eda y se deposit\u00f3 una ofrenda floral, en honor a los cadentes Juan de la Barrera, Agust\u00edn Melgar, Francisco M\u00e1rquez, Fernando Montes de Oca, Vicente Su\u00e1rez y Juan Escutia.<\/p>\n<p style=\"text-align: justify;\">En representaci\u00f3n del gobernador del estado el Oficial Mayor No\u00e9 Lara Enr\u00edquez hizo uso de la palabra quien resalt\u00f3 el papel del ej\u00e9rcito, y su compromiso con el pa\u00eds y con los mexicanos.<\/p>\n<p style=\"text-align: justify;\">Al t\u00e9rmino de la ceremonia el comandante de la Doceava Zona Militar Mario Arturo Fuentes Guevara hizo una reflexi\u00f3n en torno al significado de esta fecha hist\u00f3rica para M\u00e9xico.<\/p>\n<p>Por: Claudio Ibarra<\/p>\n","protected":false},"excerpt":{"rendered":"<p>SLP.- Autoridades civiles y militares conmemoraron el 175 aniversario de la gesta heroica de los Ni\u00f1os H\u00e9roes de Chapultepec en un evento realizado en la Glorieta \u201cEj\u00e9rcito Mexicano\u201d al interior del Parque Tangamanga Dos. El teniente coronel de Infanter\u00eda Manuel de la Fuente Barrera fue el orador oficial por parte de las fuerzas castrenses al destacar en su mensaje, la defensa del Castillo de Chapultepec ante las fuerzas invasoras del ej\u00e9rcito estadounidense. En este evento tambi\u00e9n se rindieron honores a la bandera adem\u00e1s de que se dispar\u00f3 una salva de fusiler\u00eda y se deposit\u00f3 una ofrenda floral, en honor a [&hellip;]<\/p>\n","protected":false},"author":2,"featured_media":72745,"comment_status":"closed","ping_status":"closed","sticky":false,"template":"","format":"video","meta":{"footnotes":""},"categories":[5,45],"tags":[],"class_list":["post-72733","post","type-post","status-publish","format-video","has-post-thumbnail","hentry","category-destacadas","category-localesyregionales","post_format-post-format-video","post--single"],"yoast_head":"<!-- This site is optimized with the Yoast SEO plugin v27.5 - https:\/\/yoast.com\/product\/yoast-seo-wordpress\/ -->\n<title>Autoridades civiles y militares conmemoraron el 175 Aniversario de la Gesta Heroica de los Cadetes de Chapultepec. - Canal 7 SLP - 2022<\/title>\n<meta name=\"robots\" content=\"index, follow, max-snippet:-1, max-image-preview:large, max-video-preview:-1\" \/>\n<link rel=\"canonical\" href=\"https:\/\/canal7slp.tv\/2022\/autoridades-civiles-y-militares-conmemoraron-el-175-aniversario-de-la-gesta-heroica-de-los-cadetes-de-chapultepec\/\" \/>\n<meta property=\"og:locale\" content=\"es_ES\" \/>\n<meta property=\"og:type\" content=\"article\" \/>\n<meta property=\"og:title\" content=\"Autoridades civiles y militares conmemoraron el 175 Aniversario de la Gesta Heroica de los Cadetes de Chapultepec. - Canal 7 SLP - 2022\" \/>\n<meta property=\"og:description\" content=\"SLP.- Autoridades civiles y militares conmemoraron el 175 aniversario de la gesta heroica de los Ni\u00f1os H\u00e9roes de Chapultepec en un evento realizado en la Glorieta \u201cEj\u00e9rcito Mexicano\u201d al interior del Parque Tangamanga Dos. El teniente coronel de Infanter\u00eda Manuel de la Fuente Barrera fue el orador oficial por parte de las fuerzas castrenses al destacar en su mensaje, la defensa del Castillo de Chapultepec ante las fuerzas invasoras del ej\u00e9rcito estadounidense. En este evento tambi\u00e9n se rindieron honores a la bandera adem\u00e1s de que se dispar\u00f3 una salva de fusiler\u00eda y se deposit\u00f3 una ofrenda floral, en honor a [&hellip;]\" \/>\n<meta property=\"og:url\" content=\"https:\/\/canal7slp.tv\/2022\/autoridades-civiles-y-militares-conmemoraron-el-175-aniversario-de-la-gesta-heroica-de-los-cadetes-de-chapultepec\/\" \/>\n<meta property=\"og:site_name\" content=\"Canal 7 SLP - 2022\" \/>\n<meta property=\"article:publisher\" content=\"https:\/\/www.facebook.com\/noticieroscanalsiete\" \/>\n<meta property=\"article:published_time\" content=\"2022-09-13T23:03:04+00:00\" \/>\n<meta property=\"og:image\" content=\"https:\/\/canal7slp.tv\/2022\/wp-content\/uploads\/2022\/09\/Claudio01Heroes.jpg\" \/>\n\t<meta property=\"og:image:width\" content=\"888\" \/>\n\t<meta property=\"og:image:height\" content=\"500\" \/>\n\t<meta property=\"og:image:type\" content=\"image\/jpeg\" \/>\n<meta name=\"author\" content=\"Edici\u00f3n Web\" \/>\n<meta name=\"twitter:card\" content=\"summary_large_image\" \/>\n<meta name=\"twitter:creator\" content=\"@NOTICIEROS7\" \/>\n<meta name=\"twitter:site\" content=\"@NOTICIEROS7\" \/>\n<meta name=\"twitter:label1\" content=\"Escrito por\" \/>\n\t<meta name=\"twitter:data1\" content=\"Edici\u00f3n Web\" \/>\n\t<meta name=\"twitter:label2\" content=\"Tiempo de lectura\" \/>\n\t<meta name=\"twitter:data2\" content=\"1 minuto\" \/>\n<script type=\"application\/ld+json\" class=\"yoast-schema-graph\">{\"@context\":\"https:\\\/\\\/schema.org\",\"@graph\":[{\"@type\":\"Article\",\"@id\":\"https:\\\/\\\/canal7slp.tv\\\/2022\\\/autoridades-civiles-y-militares-conmemoraron-el-175-aniversario-de-la-gesta-heroica-de-los-cadetes-de-chapultepec\\\/#article\",\"isPartOf\":{\"@id\":\"https:\\\/\\\/canal7slp.tv\\\/2022\\\/autoridades-civiles-y-militares-conmemoraron-el-175-aniversario-de-la-gesta-heroica-de-los-cadetes-de-chapultepec\\\/\"},\"author\":{\"name\":\"Edici\u00f3n Web\",\"@id\":\"https:\\\/\\\/canal7slp.tv\\\/2022\\\/#\\\/schema\\\/person\\\/429704152a21f5f856ce29aa69a238da\"},\"headline\":\"Autoridades civiles y militares conmemoraron el 175 Aniversario de la Gesta Heroica de los Cadetes de Chapultepec.\",\"datePublished\":\"2022-09-13T23:03:04+00:00\",\"mainEntityOfPage\":{\"@id\":\"https:\\\/\\\/canal7slp.tv\\\/2022\\\/autoridades-civiles-y-militares-conmemoraron-el-175-aniversario-de-la-gesta-heroica-de-los-cadetes-de-chapultepec\\\/\"},\"wordCount\":219,\"publisher\":{\"@id\":\"https:\\\/\\\/canal7slp.tv\\\/2022\\\/#organization\"},\"image\":{\"@id\":\"https:\\\/\\\/canal7slp.tv\\\/2022\\\/autoridades-civiles-y-militares-conmemoraron-el-175-aniversario-de-la-gesta-heroica-de-los-cadetes-de-chapultepec\\\/#primaryimage\"},\"thumbnailUrl\":\"https:\\\/\\\/canal7slp.tv\\\/2022\\\/wp-content\\\/uploads\\\/2022\\\/09\\\/Claudio01Heroes.jpg\",\"articleSection\":[\"DESTACADAS\",\"LOCALES Y REGIONALES\"],\"inLanguage\":\"es\"},{\"@type\":\"WebPage\",\"@id\":\"https:\\\/\\\/canal7slp.tv\\\/2022\\\/autoridades-civiles-y-militares-conmemoraron-el-175-aniversario-de-la-gesta-heroica-de-los-cadetes-de-chapultepec\\\/\",\"url\":\"https:\\\/\\\/canal7slp.tv\\\/2022\\\/autoridades-civiles-y-militares-conmemoraron-el-175-aniversario-de-la-gesta-heroica-de-los-cadetes-de-chapultepec\\\/\",\"name\":\"Autoridades civiles y militares conmemoraron el 175 Aniversario de la Gesta Heroica de los Cadetes de Chapultepec. - Canal 7 SLP - 2022\",\"isPartOf\":{\"@id\":\"https:\\\/\\\/canal7slp.tv\\\/2022\\\/#website\"},\"primaryImageOfPage\":{\"@id\":\"https:\\\/\\\/canal7slp.tv\\\/2022\\\/autoridades-civiles-y-militares-conmemoraron-el-175-aniversario-de-la-gesta-heroica-de-los-cadetes-de-chapultepec\\\/#primaryimage\"},\"image\":{\"@id\":\"https:\\\/\\\/canal7slp.tv\\\/2022\\\/autoridades-civiles-y-militares-conmemoraron-el-175-aniversario-de-la-gesta-heroica-de-los-cadetes-de-chapultepec\\\/#primaryimage\"},\"thumbnailUrl\":\"https:\\\/\\\/canal7slp.tv\\\/2022\\\/wp-content\\\/uploads\\\/2022\\\/09\\\/Claudio01Heroes.jpg\",\"datePublished\":\"2022-09-13T23:03:04+00:00\",\"breadcrumb\":{\"@id\":\"https:\\\/\\\/canal7slp.tv\\\/2022\\\/autoridades-civiles-y-militares-conmemoraron-el-175-aniversario-de-la-gesta-heroica-de-los-cadetes-de-chapultepec\\\/#breadcrumb\"},\"inLanguage\":\"es\",\"potentialAction\":[{\"@type\":\"ReadAction\",\"target\":[\"https:\\\/\\\/canal7slp.tv\\\/2022\\\/autoridades-civiles-y-militares-conmemoraron-el-175-aniversario-de-la-gesta-heroica-de-los-cadetes-de-chapultepec\\\/\"]}]},{\"@type\":\"ImageObject\",\"inLanguage\":\"es\",\"@id\":\"https:\\\/\\\/canal7slp.tv\\\/2022\\\/autoridades-civiles-y-militares-conmemoraron-el-175-aniversario-de-la-gesta-heroica-de-los-cadetes-de-chapultepec\\\/#primaryimage\",\"url\":\"https:\\\/\\\/canal7slp.tv\\\/2022\\\/wp-content\\\/uploads\\\/2022\\\/09\\\/Claudio01Heroes.jpg\",\"contentUrl\":\"https:\\\/\\\/canal7slp.tv\\\/2022\\\/wp-content\\\/uploads\\\/2022\\\/09\\\/Claudio01Heroes.jpg\",\"width\":888,\"height\":500},{\"@type\":\"BreadcrumbList\",\"@id\":\"https:\\\/\\\/canal7slp.tv\\\/2022\\\/autoridades-civiles-y-militares-conmemoraron-el-175-aniversario-de-la-gesta-heroica-de-los-cadetes-de-chapultepec\\\/#breadcrumb\",\"itemListElement\":[{\"@type\":\"ListItem\",\"position\":1,\"name\":\"Portada\",\"item\":\"https:\\\/\\\/canal7slp.tv\\\/2022\\\/\"},{\"@type\":\"ListItem\",\"position\":2,\"name\":\"Autoridades civiles y militares conmemoraron el 175 Aniversario de la Gesta Heroica de los Cadetes de Chapultepec.\"}]},{\"@type\":\"WebSite\",\"@id\":\"https:\\\/\\\/canal7slp.tv\\\/2022\\\/#website\",\"url\":\"https:\\\/\\\/canal7slp.tv\\\/2022\\\/\",\"name\":\"N7 - Noticieros Canal 7\",\"description\":\"Somos Televisi\u00f3n\",\"publisher\":{\"@id\":\"https:\\\/\\\/canal7slp.tv\\\/2022\\\/#organization\"},\"potentialAction\":[{\"@type\":\"SearchAction\",\"target\":{\"@type\":\"EntryPoint\",\"urlTemplate\":\"https:\\\/\\\/canal7slp.tv\\\/2022\\\/?s={search_term_string}\"},\"query-input\":{\"@type\":\"PropertyValueSpecification\",\"valueRequired\":true,\"valueName\":\"search_term_string\"}}],\"inLanguage\":\"es\"},{\"@type\":\"Organization\",\"@id\":\"https:\\\/\\\/canal7slp.tv\\\/2022\\\/#organization\",\"name\":\"Noticieros Canal 7\",\"url\":\"https:\\\/\\\/canal7slp.tv\\\/2022\\\/\",\"logo\":{\"@type\":\"ImageObject\",\"inLanguage\":\"es\",\"@id\":\"https:\\\/\\\/canal7slp.tv\\\/2022\\\/#\\\/schema\\\/logo\\\/image\\\/\",\"url\":\"https:\\\/\\\/canal7slp.tv\\\/2022\\\/wp-content\\\/uploads\\\/2021\\\/01\\\/logo-noticieros@2x.png\",\"contentUrl\":\"https:\\\/\\\/canal7slp.tv\\\/2022\\\/wp-content\\\/uploads\\\/2021\\\/01\\\/logo-noticieros@2x.png\",\"width\":1017,\"height\":268,\"caption\":\"Noticieros Canal 7\"},\"image\":{\"@id\":\"https:\\\/\\\/canal7slp.tv\\\/2022\\\/#\\\/schema\\\/logo\\\/image\\\/\"},\"sameAs\":[\"https:\\\/\\\/www.facebook.com\\\/noticieroscanalsiete\",\"https:\\\/\\\/x.com\\\/NOTICIEROS7\",\"https:\\\/\\\/www.instagram.com\\\/canal7_slp\",\"https:\\\/\\\/www.youtube.com\\\/channel\\\/UCliiYs-gP3JfJeqdPrNdd5A\"]},{\"@type\":\"Person\",\"@id\":\"https:\\\/\\\/canal7slp.tv\\\/2022\\\/#\\\/schema\\\/person\\\/429704152a21f5f856ce29aa69a238da\",\"name\":\"Edici\u00f3n Web\",\"image\":{\"@type\":\"ImageObject\",\"inLanguage\":\"es\",\"@id\":\"https:\\\/\\\/secure.gravatar.com\\\/avatar\\\/eee448fc3f7164808013b816ba91ac7e43bbe82a70bebac296f8bc6f0addaa1a?s=96&d=mm&r=g\",\"url\":\"https:\\\/\\\/secure.gravatar.com\\\/avatar\\\/eee448fc3f7164808013b816ba91ac7e43bbe82a70bebac296f8bc6f0addaa1a?s=96&d=mm&r=g\",\"contentUrl\":\"https:\\\/\\\/secure.gravatar.com\\\/avatar\\\/eee448fc3f7164808013b816ba91ac7e43bbe82a70bebac296f8bc6f0addaa1a?s=96&d=mm&r=g\",\"caption\":\"Edici\u00f3n Web\"},\"url\":\"https:\\\/\\\/canal7slp.tv\\\/2022\\\/author\\\/edicionweb\\\/\"}]}<\/script>\n<!-- \/ Yoast SEO plugin. -->","yoast_head_json":{"title":"Autoridades civiles y militares conmemoraron el 175 Aniversario de la Gesta Heroica de los Cadetes de Chapultepec. - Canal 7 SLP - 2022","robots":{"index":"index","follow":"follow","max-snippet":"max-snippet:-1","max-image-preview":"max-image-preview:large","max-video-preview":"max-video-preview:-1"},"canonical":"https:\/\/canal7slp.tv\/2022\/autoridades-civiles-y-militares-conmemoraron-el-175-aniversario-de-la-gesta-heroica-de-los-cadetes-de-chapultepec\/","og_locale":"es_ES","og_type":"article","og_title":"Autoridades civiles y militares conmemoraron el 175 Aniversario de la Gesta Heroica de los Cadetes de Chapultepec. - Canal 7 SLP - 2022","og_description":"SLP.- Autoridades civiles y militares conmemoraron el 175 aniversario de la gesta heroica de los Ni\u00f1os H\u00e9roes de Chapultepec en un evento realizado en la Glorieta \u201cEj\u00e9rcito Mexicano\u201d al interior del Parque Tangamanga Dos. El teniente coronel de Infanter\u00eda Manuel de la Fuente Barrera fue el orador oficial por parte de las fuerzas castrenses al destacar en su mensaje, la defensa del Castillo de Chapultepec ante las fuerzas invasoras del ej\u00e9rcito estadounidense. En este evento tambi\u00e9n se rindieron honores a la bandera adem\u00e1s de que se dispar\u00f3 una salva de fusiler\u00eda y se deposit\u00f3 una ofrenda floral, en honor a [&hellip;]","og_url":"https:\/\/canal7slp.tv\/2022\/autoridades-civiles-y-militares-conmemoraron-el-175-aniversario-de-la-gesta-heroica-de-los-cadetes-de-chapultepec\/","og_site_name":"Canal 7 SLP - 2022","article_publisher":"https:\/\/www.facebook.com\/noticieroscanalsiete","article_published_time":"2022-09-13T23:03:04+00:00","og_image":[{"width":888,"height":500,"url":"https:\/\/canal7slp.tv\/2022\/wp-content\/uploads\/2022\/09\/Claudio01Heroes.jpg","type":"image\/jpeg"}],"author":"Edici\u00f3n Web","twitter_card":"summary_large_image","twitter_creator":"@NOTICIEROS7","twitter_site":"@NOTICIEROS7","twitter_misc":{"Escrito por":"Edici\u00f3n Web","Tiempo de lectura":"1 minuto"},"schema":{"@context":"https:\/\/schema.org","@graph":[{"@type":"Article","@id":"https:\/\/canal7slp.tv\/2022\/autoridades-civiles-y-militares-conmemoraron-el-175-aniversario-de-la-gesta-heroica-de-los-cadetes-de-chapultepec\/#article","isPartOf":{"@id":"https:\/\/canal7slp.tv\/2022\/autoridades-civiles-y-militares-conmemoraron-el-175-aniversario-de-la-gesta-heroica-de-los-cadetes-de-chapultepec\/"},"author":{"name":"Edici\u00f3n Web","@id":"https:\/\/canal7slp.tv\/2022\/#\/schema\/person\/429704152a21f5f856ce29aa69a238da"},"headline":"Autoridades civiles y militares conmemoraron el 175 Aniversario de la Gesta Heroica de los Cadetes de Chapultepec.","datePublished":"2022-09-13T23:03:04+00:00","mainEntityOfPage":{"@id":"https:\/\/canal7slp.tv\/2022\/autoridades-civiles-y-militares-conmemoraron-el-175-aniversario-de-la-gesta-heroica-de-los-cadetes-de-chapultepec\/"},"wordCount":219,"publisher":{"@id":"https:\/\/canal7slp.tv\/2022\/#organization"},"image":{"@id":"https:\/\/canal7slp.tv\/2022\/autoridades-civiles-y-militares-conmemoraron-el-175-aniversario-de-la-gesta-heroica-de-los-cadetes-de-chapultepec\/#primaryimage"},"thumbnailUrl":"https:\/\/canal7slp.tv\/2022\/wp-content\/uploads\/2022\/09\/Claudio01Heroes.jpg","articleSection":["DESTACADAS","LOCALES Y REGIONALES"],"inLanguage":"es"},{"@type":"WebPage","@id":"https:\/\/canal7slp.tv\/2022\/autoridades-civiles-y-militares-conmemoraron-el-175-aniversario-de-la-gesta-heroica-de-los-cadetes-de-chapultepec\/","url":"https:\/\/canal7slp.tv\/2022\/autoridades-civiles-y-militares-conmemoraron-el-175-aniversario-de-la-gesta-heroica-de-los-cadetes-de-chapultepec\/","name":"Autoridades civiles y militares conmemoraron el 175 Aniversario de la Gesta Heroica de los Cadetes de Chapultepec. - Canal 7 SLP - 2022","isPartOf":{"@id":"https:\/\/canal7slp.tv\/2022\/#website"},"primaryImageOfPage":{"@id":"https:\/\/canal7slp.tv\/2022\/autoridades-civiles-y-militares-conmemoraron-el-175-aniversario-de-la-gesta-heroica-de-los-cadetes-de-chapultepec\/#primaryimage"},"image":{"@id":"https:\/\/canal7slp.tv\/2022\/autoridades-civiles-y-militares-conmemoraron-el-175-aniversario-de-la-gesta-heroica-de-los-cadetes-de-chapultepec\/#primaryimage"},"thumbnailUrl":"https:\/\/canal7slp.tv\/2022\/wp-content\/uploads\/2022\/09\/Claudio01Heroes.jpg","datePublished":"2022-09-13T23:03:04+00:00","breadcrumb":{"@id":"https:\/\/canal7slp.tv\/2022\/autoridades-civiles-y-militares-conmemoraron-el-175-aniversario-de-la-gesta-heroica-de-los-cadetes-de-chapultepec\/#breadcrumb"},"inLanguage":"es","potentialAction":[{"@type":"ReadAction","target":["https:\/\/canal7slp.tv\/2022\/autoridades-civiles-y-militares-conmemoraron-el-175-aniversario-de-la-gesta-heroica-de-los-cadetes-de-chapultepec\/"]}]},{"@type":"ImageObject","inLanguage":"es","@id":"https:\/\/canal7slp.tv\/2022\/autoridades-civiles-y-militares-conmemoraron-el-175-aniversario-de-la-gesta-heroica-de-los-cadetes-de-chapultepec\/#primaryimage","url":"https:\/\/canal7slp.tv\/2022\/wp-content\/uploads\/2022\/09\/Claudio01Heroes.jpg","contentUrl":"https:\/\/canal7slp.tv\/2022\/wp-content\/uploads\/2022\/09\/Claudio01Heroes.jpg","width":888,"height":500},{"@type":"BreadcrumbList","@id":"https:\/\/canal7slp.tv\/2022\/autoridades-civiles-y-militares-conmemoraron-el-175-aniversario-de-la-gesta-heroica-de-los-cadetes-de-chapultepec\/#breadcrumb","itemListElement":[{"@type":"ListItem","position":1,"name":"Portada","item":"https:\/\/canal7slp.tv\/2022\/"},{"@type":"ListItem","position":2,"name":"Autoridades civiles y militares conmemoraron el 175 Aniversario de la Gesta Heroica de los Cadetes de Chapultepec."}]},{"@type":"WebSite","@id":"https:\/\/canal7slp.tv\/2022\/#website","url":"https:\/\/canal7slp.tv\/2022\/","name":"N7 - Noticieros Canal 7","description":"Somos Televisi\u00f3n","publisher":{"@id":"https:\/\/canal7slp.tv\/2022\/#organization"},"potentialAction":[{"@type":"SearchAction","target":{"@type":"EntryPoint","urlTemplate":"https:\/\/canal7slp.tv\/2022\/?s={search_term_string}"},"query-input":{"@type":"PropertyValueSpecification","valueRequired":true,"valueName":"search_term_string"}}],"inLanguage":"es"},{"@type":"Organization","@id":"https:\/\/canal7slp.tv\/2022\/#organization","name":"Noticieros Canal 7","url":"https:\/\/canal7slp.tv\/2022\/","logo":{"@type":"ImageObject","inLanguage":"es","@id":"https:\/\/canal7slp.tv\/2022\/#\/schema\/logo\/image\/","url":"https:\/\/canal7slp.tv\/2022\/wp-content\/uploads\/2021\/01\/logo-noticieros@2x.png","contentUrl":"https:\/\/canal7slp.tv\/2022\/wp-content\/uploads\/2021\/01\/logo-noticieros@2x.png","width":1017,"height":268,"caption":"Noticieros Canal 7"},"image":{"@id":"https:\/\/canal7slp.tv\/2022\/#\/schema\/logo\/image\/"},"sameAs":["https:\/\/www.facebook.com\/noticieroscanalsiete","https:\/\/x.com\/NOTICIEROS7","https:\/\/www.instagram.com\/canal7_slp","https:\/\/www.youtube.com\/channel\/UCliiYs-gP3JfJeqdPrNdd5A"]},{"@type":"Person","@id":"https:\/\/canal7slp.tv\/2022\/#\/schema\/person\/429704152a21f5f856ce29aa69a238da","name":"Edici\u00f3n Web","image":{"@type":"ImageObject","inLanguage":"es","@id":"https:\/\/secure.gravatar.com\/avatar\/eee448fc3f7164808013b816ba91ac7e43bbe82a70bebac296f8bc6f0addaa1a?s=96&d=mm&r=g","url":"https:\/\/secure.gravatar.com\/avatar\/eee448fc3f7164808013b816ba91ac7e43bbe82a70bebac296f8bc6f0addaa1a?s=96&d=mm&r=g","contentUrl":"https:\/\/secure.gravatar.com\/avatar\/eee448fc3f7164808013b816ba91ac7e43bbe82a70bebac296f8bc6f0addaa1a?s=96&d=mm&r=g","caption":"Edici\u00f3n Web"},"url":"https:\/\/canal7slp.tv\/2022\/author\/edicionweb\/"}]}},"amp_enabled":true,"_links":{"self":[{"href":"https:\/\/canal7slp.tv\/2022\/wp-json\/wp\/v2\/posts\/72733","targetHints":{"allow":["GET"]}}],"collection":[{"href":"https:\/\/canal7slp.tv\/2022\/wp-json\/wp\/v2\/posts"}],"about":[{"href":"https:\/\/canal7slp.tv\/2022\/wp-json\/wp\/v2\/types\/post"}],"author":[{"embeddable":true,"href":"https:\/\/canal7slp.tv\/2022\/wp-json\/wp\/v2\/users\/2"}],"replies":[{"embeddable":true,"href":"https:\/\/canal7slp.tv\/2022\/wp-json\/wp\/v2\/comments?post=72733"}],"version-history":[{"count":3,"href":"https:\/\/canal7slp.tv\/2022\/wp-json\/wp\/v2\/posts\/72733\/revisions"}],"predecessor-version":[{"id":72746,"href":"https:\/\/canal7slp.tv\/2022\/wp-json\/wp\/v2\/posts\/72733\/revisions\/72746"}],"wp:featuredmedia":[{"embeddable":true,"href":"https:\/\/canal7slp.tv\/2022\/wp-json\/wp\/v2\/media\/72745"}],"wp:attachment":[{"href":"https:\/\/canal7slp.tv\/2022\/wp-json\/wp\/v2\/media?parent=72733"}],"wp:term":[{"taxonomy":"category","embeddable":true,"href":"https:\/\/canal7slp.tv\/2022\/wp-json\/wp\/v2\/categories?post=72733"},{"taxonomy":"post_tag","embeddable":true,"href":"https:\/\/canal7slp.tv\/2022\/wp-json\/wp\/v2\/tags?post=72733"}],"curies":[{"name":"wp","href":"https:\/\/api.w.org\/{rel}","templated":true}]}}