{"id":72703,"date":"2022-09-13T16:48:20","date_gmt":"2022-09-13T22:48:20","guid":{"rendered":"https:\/\/canal7slp.tv\/2022\/?p=72703"},"modified":"2022-09-13T16:48:20","modified_gmt":"2022-09-13T22:48:20","slug":"restos-de-isabel-ii-llegan-al-palacio-de-buckingham-londres","status":"publish","type":"post","link":"https:\/\/canal7slp.tv\/2022\/restos-de-isabel-ii-llegan-al-palacio-de-buckingham-londres\/","title":{"rendered":"Restos de Isabel II llegan al palacio de Buckingham, Londres"},"content":{"rendered":"<p style=\"text-align: justify;\">Londres.- Los restos de Isabel II arribaron este 13 de septiembre al palacio de Buckingham, en donde reposar\u00e1n hasta que el 14 de septiembre se oficie un cortejo f\u00fanebre y el f\u00e9retro quede instalado en una capilla ardiente en el palacio de Westminster.<\/p>\n<p style=\"text-align: justify;\">El ata\u00fad de la exreina de Reino Unido, fue trasladado en un avi\u00f3n de la Real Fuerza A\u00e9rea brit\u00e1nica desde Edimburgo a la base militar de Northolt, a las afueras de Londres.<\/p>\n<p style=\"text-align: justify;\">Tras lo cual, recorri\u00f3 alrededor de 25 kil\u00f3metros en un veh\u00edculo f\u00fanebre hasta el centro de la capital brit\u00e1nica.<\/p>\n<p style=\"text-align: justify;\">Cabe se\u00f1alar que el f\u00e9retro, el cual estaba cubierto con el estandarte real, fue movilizado por 8 ocho militares en uniforme de gala del Boeing C-17A Globemaster que lo traslad\u00f3 desde Escocia.<\/p>\n<p style=\"text-align: justify;\">La Princesa Ana, \u00fanica hija de Isabel II, acompa\u00f1o los restos de su madre en el vuelo hacia Londres.<\/p>\n","protected":false},"excerpt":{"rendered":"<p>Londres.- Los restos de Isabel II arribaron este 13 de septiembre al palacio de Buckingham, en donde reposar\u00e1n hasta que el 14 de septiembre se oficie un cortejo f\u00fanebre y el f\u00e9retro quede instalado en una capilla ardiente en el palacio de Westminster. El ata\u00fad de la exreina de Reino Unido, fue trasladado en un avi\u00f3n de la Real Fuerza A\u00e9rea brit\u00e1nica desde Edimburgo a la base militar de Northolt, a las afueras de Londres. Tras lo cual, recorri\u00f3 alrededor de 25 kil\u00f3metros en un veh\u00edculo f\u00fanebre hasta el centro de la capital brit\u00e1nica. Cabe se\u00f1alar que el f\u00e9retro, el [&hellip;]<\/p>\n","protected":false},"author":2,"featured_media":72714,"comment_status":"closed","ping_status":"closed","sticky":false,"template":"","format":"standard","meta":{"footnotes":""},"categories":[44],"tags":[],"class_list":["post-72703","post","type-post","status-publish","format-standard","has-post-thumbnail","hentry","category-internacional","post--single"],"yoast_head":"<!-- This site is optimized with the Yoast SEO plugin v27.5 - https:\/\/yoast.com\/product\/yoast-seo-wordpress\/ -->\n<title>Restos de Isabel II llegan al palacio de Buckingham, Londres - Canal 7 SLP - 2022<\/title>\n<meta name=\"robots\" content=\"index, follow, max-snippet:-1, max-image-preview:large, max-video-preview:-1\" \/>\n<link rel=\"canonical\" href=\"https:\/\/canal7slp.tv\/2022\/restos-de-isabel-ii-llegan-al-palacio-de-buckingham-londres\/\" \/>\n<meta property=\"og:locale\" content=\"es_ES\" \/>\n<meta property=\"og:type\" content=\"article\" \/>\n<meta property=\"og:title\" content=\"Restos de Isabel II llegan al palacio de Buckingham, Londres - Canal 7 SLP - 2022\" \/>\n<meta property=\"og:description\" content=\"Londres.- Los restos de Isabel II arribaron este 13 de septiembre al palacio de Buckingham, en donde reposar\u00e1n hasta que el 14 de septiembre se oficie un cortejo f\u00fanebre y el f\u00e9retro quede instalado en una capilla ardiente en el palacio de Westminster. El ata\u00fad de la exreina de Reino Unido, fue trasladado en un avi\u00f3n de la Real Fuerza A\u00e9rea brit\u00e1nica desde Edimburgo a la base militar de Northolt, a las afueras de Londres. Tras lo cual, recorri\u00f3 alrededor de 25 kil\u00f3metros en un veh\u00edculo f\u00fanebre hasta el centro de la capital brit\u00e1nica. Cabe se\u00f1alar que el f\u00e9retro, el [&hellip;]\" \/>\n<meta property=\"og:url\" content=\"https:\/\/canal7slp.tv\/2022\/restos-de-isabel-ii-llegan-al-palacio-de-buckingham-londres\/\" \/>\n<meta property=\"og:site_name\" content=\"Canal 7 SLP - 2022\" \/>\n<meta property=\"article:publisher\" content=\"https:\/\/www.facebook.com\/noticieroscanalsiete\" \/>\n<meta property=\"article:published_time\" content=\"2022-09-13T22:48:20+00:00\" \/>\n<meta property=\"og:image\" content=\"https:\/\/canal7slp.tv\/2022\/wp-content\/uploads\/2022\/09\/05-10.jpg\" \/>\n\t<meta property=\"og:image:width\" content=\"768\" \/>\n\t<meta property=\"og:image:height\" content=\"479\" \/>\n\t<meta property=\"og:image:type\" content=\"image\/jpeg\" \/>\n<meta name=\"author\" content=\"Edici\u00f3n Web\" \/>\n<meta name=\"twitter:card\" content=\"summary_large_image\" \/>\n<meta name=\"twitter:creator\" content=\"@NOTICIEROS7\" \/>\n<meta name=\"twitter:site\" content=\"@NOTICIEROS7\" \/>\n<meta name=\"twitter:label1\" content=\"Escrito por\" \/>\n\t<meta name=\"twitter:data1\" content=\"Edici\u00f3n Web\" \/>\n\t<meta name=\"twitter:label2\" content=\"Tiempo de lectura\" \/>\n\t<meta name=\"twitter:data2\" content=\"1 minuto\" \/>\n<script type=\"application\/ld+json\" class=\"yoast-schema-graph\">{\"@context\":\"https:\\\/\\\/schema.org\",\"@graph\":[{\"@type\":\"Article\",\"@id\":\"https:\\\/\\\/canal7slp.tv\\\/2022\\\/restos-de-isabel-ii-llegan-al-palacio-de-buckingham-londres\\\/#article\",\"isPartOf\":{\"@id\":\"https:\\\/\\\/canal7slp.tv\\\/2022\\\/restos-de-isabel-ii-llegan-al-palacio-de-buckingham-londres\\\/\"},\"author\":{\"name\":\"Edici\u00f3n Web\",\"@id\":\"https:\\\/\\\/canal7slp.tv\\\/2022\\\/#\\\/schema\\\/person\\\/429704152a21f5f856ce29aa69a238da\"},\"headline\":\"Restos de Isabel II llegan al palacio de Buckingham, Londres\",\"datePublished\":\"2022-09-13T22:48:20+00:00\",\"mainEntityOfPage\":{\"@id\":\"https:\\\/\\\/canal7slp.tv\\\/2022\\\/restos-de-isabel-ii-llegan-al-palacio-de-buckingham-londres\\\/\"},\"wordCount\":167,\"publisher\":{\"@id\":\"https:\\\/\\\/canal7slp.tv\\\/2022\\\/#organization\"},\"image\":{\"@id\":\"https:\\\/\\\/canal7slp.tv\\\/2022\\\/restos-de-isabel-ii-llegan-al-palacio-de-buckingham-londres\\\/#primaryimage\"},\"thumbnailUrl\":\"https:\\\/\\\/canal7slp.tv\\\/2022\\\/wp-content\\\/uploads\\\/2022\\\/09\\\/05-10.jpg\",\"articleSection\":[\"INTERNACIONALES\"],\"inLanguage\":\"es\"},{\"@type\":\"WebPage\",\"@id\":\"https:\\\/\\\/canal7slp.tv\\\/2022\\\/restos-de-isabel-ii-llegan-al-palacio-de-buckingham-londres\\\/\",\"url\":\"https:\\\/\\\/canal7slp.tv\\\/2022\\\/restos-de-isabel-ii-llegan-al-palacio-de-buckingham-londres\\\/\",\"name\":\"Restos de Isabel II llegan al palacio de Buckingham, Londres - Canal 7 SLP - 2022\",\"isPartOf\":{\"@id\":\"https:\\\/\\\/canal7slp.tv\\\/2022\\\/#website\"},\"primaryImageOfPage\":{\"@id\":\"https:\\\/\\\/canal7slp.tv\\\/2022\\\/restos-de-isabel-ii-llegan-al-palacio-de-buckingham-londres\\\/#primaryimage\"},\"image\":{\"@id\":\"https:\\\/\\\/canal7slp.tv\\\/2022\\\/restos-de-isabel-ii-llegan-al-palacio-de-buckingham-londres\\\/#primaryimage\"},\"thumbnailUrl\":\"https:\\\/\\\/canal7slp.tv\\\/2022\\\/wp-content\\\/uploads\\\/2022\\\/09\\\/05-10.jpg\",\"datePublished\":\"2022-09-13T22:48:20+00:00\",\"breadcrumb\":{\"@id\":\"https:\\\/\\\/canal7slp.tv\\\/2022\\\/restos-de-isabel-ii-llegan-al-palacio-de-buckingham-londres\\\/#breadcrumb\"},\"inLanguage\":\"es\",\"potentialAction\":[{\"@type\":\"ReadAction\",\"target\":[\"https:\\\/\\\/canal7slp.tv\\\/2022\\\/restos-de-isabel-ii-llegan-al-palacio-de-buckingham-londres\\\/\"]}]},{\"@type\":\"ImageObject\",\"inLanguage\":\"es\",\"@id\":\"https:\\\/\\\/canal7slp.tv\\\/2022\\\/restos-de-isabel-ii-llegan-al-palacio-de-buckingham-londres\\\/#primaryimage\",\"url\":\"https:\\\/\\\/canal7slp.tv\\\/2022\\\/wp-content\\\/uploads\\\/2022\\\/09\\\/05-10.jpg\",\"contentUrl\":\"https:\\\/\\\/canal7slp.tv\\\/2022\\\/wp-content\\\/uploads\\\/2022\\\/09\\\/05-10.jpg\",\"width\":768,\"height\":479},{\"@type\":\"BreadcrumbList\",\"@id\":\"https:\\\/\\\/canal7slp.tv\\\/2022\\\/restos-de-isabel-ii-llegan-al-palacio-de-buckingham-londres\\\/#breadcrumb\",\"itemListElement\":[{\"@type\":\"ListItem\",\"position\":1,\"name\":\"Portada\",\"item\":\"https:\\\/\\\/canal7slp.tv\\\/2022\\\/\"},{\"@type\":\"ListItem\",\"position\":2,\"name\":\"Restos de Isabel II llegan al palacio de Buckingham, Londres\"}]},{\"@type\":\"WebSite\",\"@id\":\"https:\\\/\\\/canal7slp.tv\\\/2022\\\/#website\",\"url\":\"https:\\\/\\\/canal7slp.tv\\\/2022\\\/\",\"name\":\"N7 - Noticieros Canal 7\",\"description\":\"Somos Televisi\u00f3n\",\"publisher\":{\"@id\":\"https:\\\/\\\/canal7slp.tv\\\/2022\\\/#organization\"},\"potentialAction\":[{\"@type\":\"SearchAction\",\"target\":{\"@type\":\"EntryPoint\",\"urlTemplate\":\"https:\\\/\\\/canal7slp.tv\\\/2022\\\/?s={search_term_string}\"},\"query-input\":{\"@type\":\"PropertyValueSpecification\",\"valueRequired\":true,\"valueName\":\"search_term_string\"}}],\"inLanguage\":\"es\"},{\"@type\":\"Organization\",\"@id\":\"https:\\\/\\\/canal7slp.tv\\\/2022\\\/#organization\",\"name\":\"Noticieros Canal 7\",\"url\":\"https:\\\/\\\/canal7slp.tv\\\/2022\\\/\",\"logo\":{\"@type\":\"ImageObject\",\"inLanguage\":\"es\",\"@id\":\"https:\\\/\\\/canal7slp.tv\\\/2022\\\/#\\\/schema\\\/logo\\\/image\\\/\",\"url\":\"https:\\\/\\\/canal7slp.tv\\\/2022\\\/wp-content\\\/uploads\\\/2021\\\/01\\\/logo-noticieros@2x.png\",\"contentUrl\":\"https:\\\/\\\/canal7slp.tv\\\/2022\\\/wp-content\\\/uploads\\\/2021\\\/01\\\/logo-noticieros@2x.png\",\"width\":1017,\"height\":268,\"caption\":\"Noticieros Canal 7\"},\"image\":{\"@id\":\"https:\\\/\\\/canal7slp.tv\\\/2022\\\/#\\\/schema\\\/logo\\\/image\\\/\"},\"sameAs\":[\"https:\\\/\\\/www.facebook.com\\\/noticieroscanalsiete\",\"https:\\\/\\\/x.com\\\/NOTICIEROS7\",\"https:\\\/\\\/www.instagram.com\\\/canal7_slp\",\"https:\\\/\\\/www.youtube.com\\\/channel\\\/UCliiYs-gP3JfJeqdPrNdd5A\"]},{\"@type\":\"Person\",\"@id\":\"https:\\\/\\\/canal7slp.tv\\\/2022\\\/#\\\/schema\\\/person\\\/429704152a21f5f856ce29aa69a238da\",\"name\":\"Edici\u00f3n Web\",\"image\":{\"@type\":\"ImageObject\",\"inLanguage\":\"es\",\"@id\":\"https:\\\/\\\/secure.gravatar.com\\\/avatar\\\/eee448fc3f7164808013b816ba91ac7e43bbe82a70bebac296f8bc6f0addaa1a?s=96&d=mm&r=g\",\"url\":\"https:\\\/\\\/secure.gravatar.com\\\/avatar\\\/eee448fc3f7164808013b816ba91ac7e43bbe82a70bebac296f8bc6f0addaa1a?s=96&d=mm&r=g\",\"contentUrl\":\"https:\\\/\\\/secure.gravatar.com\\\/avatar\\\/eee448fc3f7164808013b816ba91ac7e43bbe82a70bebac296f8bc6f0addaa1a?s=96&d=mm&r=g\",\"caption\":\"Edici\u00f3n Web\"},\"url\":\"https:\\\/\\\/canal7slp.tv\\\/2022\\\/author\\\/edicionweb\\\/\"}]}<\/script>\n<!-- \/ Yoast SEO plugin. -->","yoast_head_json":{"title":"Restos de Isabel II llegan al palacio de Buckingham, Londres - Canal 7 SLP - 2022","robots":{"index":"index","follow":"follow","max-snippet":"max-snippet:-1","max-image-preview":"max-image-preview:large","max-video-preview":"max-video-preview:-1"},"canonical":"https:\/\/canal7slp.tv\/2022\/restos-de-isabel-ii-llegan-al-palacio-de-buckingham-londres\/","og_locale":"es_ES","og_type":"article","og_title":"Restos de Isabel II llegan al palacio de Buckingham, Londres - Canal 7 SLP - 2022","og_description":"Londres.- Los restos de Isabel II arribaron este 13 de septiembre al palacio de Buckingham, en donde reposar\u00e1n hasta que el 14 de septiembre se oficie un cortejo f\u00fanebre y el f\u00e9retro quede instalado en una capilla ardiente en el palacio de Westminster. El ata\u00fad de la exreina de Reino Unido, fue trasladado en un avi\u00f3n de la Real Fuerza A\u00e9rea brit\u00e1nica desde Edimburgo a la base militar de Northolt, a las afueras de Londres. Tras lo cual, recorri\u00f3 alrededor de 25 kil\u00f3metros en un veh\u00edculo f\u00fanebre hasta el centro de la capital brit\u00e1nica. Cabe se\u00f1alar que el f\u00e9retro, el [&hellip;]","og_url":"https:\/\/canal7slp.tv\/2022\/restos-de-isabel-ii-llegan-al-palacio-de-buckingham-londres\/","og_site_name":"Canal 7 SLP - 2022","article_publisher":"https:\/\/www.facebook.com\/noticieroscanalsiete","article_published_time":"2022-09-13T22:48:20+00:00","og_image":[{"width":768,"height":479,"url":"https:\/\/canal7slp.tv\/2022\/wp-content\/uploads\/2022\/09\/05-10.jpg","type":"image\/jpeg"}],"author":"Edici\u00f3n Web","twitter_card":"summary_large_image","twitter_creator":"@NOTICIEROS7","twitter_site":"@NOTICIEROS7","twitter_misc":{"Escrito por":"Edici\u00f3n Web","Tiempo de lectura":"1 minuto"},"schema":{"@context":"https:\/\/schema.org","@graph":[{"@type":"Article","@id":"https:\/\/canal7slp.tv\/2022\/restos-de-isabel-ii-llegan-al-palacio-de-buckingham-londres\/#article","isPartOf":{"@id":"https:\/\/canal7slp.tv\/2022\/restos-de-isabel-ii-llegan-al-palacio-de-buckingham-londres\/"},"author":{"name":"Edici\u00f3n Web","@id":"https:\/\/canal7slp.tv\/2022\/#\/schema\/person\/429704152a21f5f856ce29aa69a238da"},"headline":"Restos de Isabel II llegan al palacio de Buckingham, Londres","datePublished":"2022-09-13T22:48:20+00:00","mainEntityOfPage":{"@id":"https:\/\/canal7slp.tv\/2022\/restos-de-isabel-ii-llegan-al-palacio-de-buckingham-londres\/"},"wordCount":167,"publisher":{"@id":"https:\/\/canal7slp.tv\/2022\/#organization"},"image":{"@id":"https:\/\/canal7slp.tv\/2022\/restos-de-isabel-ii-llegan-al-palacio-de-buckingham-londres\/#primaryimage"},"thumbnailUrl":"https:\/\/canal7slp.tv\/2022\/wp-content\/uploads\/2022\/09\/05-10.jpg","articleSection":["INTERNACIONALES"],"inLanguage":"es"},{"@type":"WebPage","@id":"https:\/\/canal7slp.tv\/2022\/restos-de-isabel-ii-llegan-al-palacio-de-buckingham-londres\/","url":"https:\/\/canal7slp.tv\/2022\/restos-de-isabel-ii-llegan-al-palacio-de-buckingham-londres\/","name":"Restos de Isabel II llegan al palacio de Buckingham, Londres - Canal 7 SLP - 2022","isPartOf":{"@id":"https:\/\/canal7slp.tv\/2022\/#website"},"primaryImageOfPage":{"@id":"https:\/\/canal7slp.tv\/2022\/restos-de-isabel-ii-llegan-al-palacio-de-buckingham-londres\/#primaryimage"},"image":{"@id":"https:\/\/canal7slp.tv\/2022\/restos-de-isabel-ii-llegan-al-palacio-de-buckingham-londres\/#primaryimage"},"thumbnailUrl":"https:\/\/canal7slp.tv\/2022\/wp-content\/uploads\/2022\/09\/05-10.jpg","datePublished":"2022-09-13T22:48:20+00:00","breadcrumb":{"@id":"https:\/\/canal7slp.tv\/2022\/restos-de-isabel-ii-llegan-al-palacio-de-buckingham-londres\/#breadcrumb"},"inLanguage":"es","potentialAction":[{"@type":"ReadAction","target":["https:\/\/canal7slp.tv\/2022\/restos-de-isabel-ii-llegan-al-palacio-de-buckingham-londres\/"]}]},{"@type":"ImageObject","inLanguage":"es","@id":"https:\/\/canal7slp.tv\/2022\/restos-de-isabel-ii-llegan-al-palacio-de-buckingham-londres\/#primaryimage","url":"https:\/\/canal7slp.tv\/2022\/wp-content\/uploads\/2022\/09\/05-10.jpg","contentUrl":"https:\/\/canal7slp.tv\/2022\/wp-content\/uploads\/2022\/09\/05-10.jpg","width":768,"height":479},{"@type":"BreadcrumbList","@id":"https:\/\/canal7slp.tv\/2022\/restos-de-isabel-ii-llegan-al-palacio-de-buckingham-londres\/#breadcrumb","itemListElement":[{"@type":"ListItem","position":1,"name":"Portada","item":"https:\/\/canal7slp.tv\/2022\/"},{"@type":"ListItem","position":2,"name":"Restos de Isabel II llegan al palacio de Buckingham, Londres"}]},{"@type":"WebSite","@id":"https:\/\/canal7slp.tv\/2022\/#website","url":"https:\/\/canal7slp.tv\/2022\/","name":"N7 - Noticieros Canal 7","description":"Somos Televisi\u00f3n","publisher":{"@id":"https:\/\/canal7slp.tv\/2022\/#organization"},"potentialAction":[{"@type":"SearchAction","target":{"@type":"EntryPoint","urlTemplate":"https:\/\/canal7slp.tv\/2022\/?s={search_term_string}"},"query-input":{"@type":"PropertyValueSpecification","valueRequired":true,"valueName":"search_term_string"}}],"inLanguage":"es"},{"@type":"Organization","@id":"https:\/\/canal7slp.tv\/2022\/#organization","name":"Noticieros Canal 7","url":"https:\/\/canal7slp.tv\/2022\/","logo":{"@type":"ImageObject","inLanguage":"es","@id":"https:\/\/canal7slp.tv\/2022\/#\/schema\/logo\/image\/","url":"https:\/\/canal7slp.tv\/2022\/wp-content\/uploads\/2021\/01\/logo-noticieros@2x.png","contentUrl":"https:\/\/canal7slp.tv\/2022\/wp-content\/uploads\/2021\/01\/logo-noticieros@2x.png","width":1017,"height":268,"caption":"Noticieros Canal 7"},"image":{"@id":"https:\/\/canal7slp.tv\/2022\/#\/schema\/logo\/image\/"},"sameAs":["https:\/\/www.facebook.com\/noticieroscanalsiete","https:\/\/x.com\/NOTICIEROS7","https:\/\/www.instagram.com\/canal7_slp","https:\/\/www.youtube.com\/channel\/UCliiYs-gP3JfJeqdPrNdd5A"]},{"@type":"Person","@id":"https:\/\/canal7slp.tv\/2022\/#\/schema\/person\/429704152a21f5f856ce29aa69a238da","name":"Edici\u00f3n Web","image":{"@type":"ImageObject","inLanguage":"es","@id":"https:\/\/secure.gravatar.com\/avatar\/eee448fc3f7164808013b816ba91ac7e43bbe82a70bebac296f8bc6f0addaa1a?s=96&d=mm&r=g","url":"https:\/\/secure.gravatar.com\/avatar\/eee448fc3f7164808013b816ba91ac7e43bbe82a70bebac296f8bc6f0addaa1a?s=96&d=mm&r=g","contentUrl":"https:\/\/secure.gravatar.com\/avatar\/eee448fc3f7164808013b816ba91ac7e43bbe82a70bebac296f8bc6f0addaa1a?s=96&d=mm&r=g","caption":"Edici\u00f3n Web"},"url":"https:\/\/canal7slp.tv\/2022\/author\/edicionweb\/"}]}},"amp_enabled":true,"_links":{"self":[{"href":"https:\/\/canal7slp.tv\/2022\/wp-json\/wp\/v2\/posts\/72703","targetHints":{"allow":["GET"]}}],"collection":[{"href":"https:\/\/canal7slp.tv\/2022\/wp-json\/wp\/v2\/posts"}],"about":[{"href":"https:\/\/canal7slp.tv\/2022\/wp-json\/wp\/v2\/types\/post"}],"author":[{"embeddable":true,"href":"https:\/\/canal7slp.tv\/2022\/wp-json\/wp\/v2\/users\/2"}],"replies":[{"embeddable":true,"href":"https:\/\/canal7slp.tv\/2022\/wp-json\/wp\/v2\/comments?post=72703"}],"version-history":[{"count":2,"href":"https:\/\/canal7slp.tv\/2022\/wp-json\/wp\/v2\/posts\/72703\/revisions"}],"predecessor-version":[{"id":72720,"href":"https:\/\/canal7slp.tv\/2022\/wp-json\/wp\/v2\/posts\/72703\/revisions\/72720"}],"wp:featuredmedia":[{"embeddable":true,"href":"https:\/\/canal7slp.tv\/2022\/wp-json\/wp\/v2\/media\/72714"}],"wp:attachment":[{"href":"https:\/\/canal7slp.tv\/2022\/wp-json\/wp\/v2\/media?parent=72703"}],"wp:term":[{"taxonomy":"category","embeddable":true,"href":"https:\/\/canal7slp.tv\/2022\/wp-json\/wp\/v2\/categories?post=72703"},{"taxonomy":"post_tag","embeddable":true,"href":"https:\/\/canal7slp.tv\/2022\/wp-json\/wp\/v2\/tags?post=72703"}],"curies":[{"name":"wp","href":"https:\/\/api.w.org\/{rel}","templated":true}]}}