{"id":72700,"date":"2022-09-13T16:46:45","date_gmt":"2022-09-13T22:46:45","guid":{"rendered":"https:\/\/canal7slp.tv\/2022\/?p=72700"},"modified":"2022-09-13T16:46:45","modified_gmt":"2022-09-13T22:46:45","slug":"interpol-emite-fichas-rojas-contra-tres-implicados-en-colapso-de-la-mina-el-pinabete","status":"publish","type":"post","link":"https:\/\/canal7slp.tv\/2022\/interpol-emite-fichas-rojas-contra-tres-implicados-en-colapso-de-la-mina-el-pinabete\/","title":{"rendered":"INTERPOL emite fichas rojas contra tres implicados en colapso de la mina El Pinabete"},"content":{"rendered":"<p style=\"text-align: justify;\">Coahuila.- La Organizaci\u00f3n Internacional de Polic\u00eda Criminal o Polic\u00eda Internacional (INTERPOL), emiti\u00f3 fichas rojas para detener a Cristian \u00abS\u00bb, los empresarios Luis \u00abG\u00bb y Arnulfo \u00abG\u00bb, por su probable responsabilidad en los hechos de la mina \u00abEl Pinabete\u00bb ubicada en Sabinas, Coahuila, en donde 10 mineros quedaron atrapados al interior de la misma.<\/p>\n<p style=\"text-align: justify;\">Cabe se\u00f1alar que fue la Fiscal\u00eda General de la Rep\u00fablica que solicit\u00f3 la emisi\u00f3n de las mismas a la Interpol.<\/p>\n<p style=\"text-align: justify;\">Asimismo, detall\u00f3 que el imputado Cristian \u00abS\u00bb, tramit\u00f3 un juicio de amparo ante el Juzgado Tercero de Distrito en el Estado de Coahuila de Zaragoza, fijando el Juez de m\u00e9rito una garant\u00eda de quinientos mil pesos. Cantidad que hasta el momento no ha sido saldada, motivo por el cual sigue vigente la orden de aprehensi\u00f3n.<\/p>\n<p style=\"text-align: justify;\">A su vez, puntualiz\u00f3 que una vez que se recabaron todos los datos de prueba se solicit\u00f3 audiencia para formular imputaci\u00f3n en contra de Cristian \u00abS\u00bb, as\u00ed como de Arnulfo \u00abG\u00bb y Luis \u00abG\u00bb, quienes son los propietarios de la compa\u00f1\u00eda Minera El Pinabete.<\/p>\n","protected":false},"excerpt":{"rendered":"<p>Coahuila.- La Organizaci\u00f3n Internacional de Polic\u00eda Criminal o Polic\u00eda Internacional (INTERPOL), emiti\u00f3 fichas rojas para detener a Cristian \u00abS\u00bb, los empresarios Luis \u00abG\u00bb y Arnulfo \u00abG\u00bb, por su probable responsabilidad en los hechos de la mina \u00abEl Pinabete\u00bb ubicada en Sabinas, Coahuila, en donde 10 mineros quedaron atrapados al interior de la misma. Cabe se\u00f1alar que fue la Fiscal\u00eda General de la Rep\u00fablica que solicit\u00f3 la emisi\u00f3n de las mismas a la Interpol. Asimismo, detall\u00f3 que el imputado Cristian \u00abS\u00bb, tramit\u00f3 un juicio de amparo ante el Juzgado Tercero de Distrito en el Estado de Coahuila de Zaragoza, fijando el [&hellip;]<\/p>\n","protected":false},"author":2,"featured_media":72712,"comment_status":"closed","ping_status":"closed","sticky":false,"template":"","format":"standard","meta":{"footnotes":""},"categories":[46],"tags":[],"class_list":["post-72700","post","type-post","status-publish","format-standard","has-post-thumbnail","hentry","category-nacional","post--single"],"yoast_head":"<!-- This site is optimized with the Yoast SEO plugin v27.5 - https:\/\/yoast.com\/product\/yoast-seo-wordpress\/ -->\n<title>INTERPOL emite fichas rojas contra tres implicados en colapso de la mina El Pinabete - Canal 7 SLP - 2022<\/title>\n<meta name=\"robots\" content=\"index, follow, max-snippet:-1, max-image-preview:large, max-video-preview:-1\" \/>\n<link rel=\"canonical\" href=\"https:\/\/canal7slp.tv\/2022\/interpol-emite-fichas-rojas-contra-tres-implicados-en-colapso-de-la-mina-el-pinabete\/\" \/>\n<meta property=\"og:locale\" content=\"es_ES\" \/>\n<meta property=\"og:type\" content=\"article\" \/>\n<meta property=\"og:title\" content=\"INTERPOL emite fichas rojas contra tres implicados en colapso de la mina El Pinabete - Canal 7 SLP - 2022\" \/>\n<meta property=\"og:description\" content=\"Coahuila.- La Organizaci\u00f3n Internacional de Polic\u00eda Criminal o Polic\u00eda Internacional (INTERPOL), emiti\u00f3 fichas rojas para detener a Cristian \u00abS\u00bb, los empresarios Luis \u00abG\u00bb y Arnulfo \u00abG\u00bb, por su probable responsabilidad en los hechos de la mina \u00abEl Pinabete\u00bb ubicada en Sabinas, Coahuila, en donde 10 mineros quedaron atrapados al interior de la misma. Cabe se\u00f1alar que fue la Fiscal\u00eda General de la Rep\u00fablica que solicit\u00f3 la emisi\u00f3n de las mismas a la Interpol. Asimismo, detall\u00f3 que el imputado Cristian \u00abS\u00bb, tramit\u00f3 un juicio de amparo ante el Juzgado Tercero de Distrito en el Estado de Coahuila de Zaragoza, fijando el [&hellip;]\" \/>\n<meta property=\"og:url\" content=\"https:\/\/canal7slp.tv\/2022\/interpol-emite-fichas-rojas-contra-tres-implicados-en-colapso-de-la-mina-el-pinabete\/\" \/>\n<meta property=\"og:site_name\" content=\"Canal 7 SLP - 2022\" \/>\n<meta property=\"article:publisher\" content=\"https:\/\/www.facebook.com\/noticieroscanalsiete\" \/>\n<meta property=\"article:published_time\" content=\"2022-09-13T22:46:45+00:00\" \/>\n<meta property=\"og:image\" content=\"https:\/\/canal7slp.tv\/2022\/wp-content\/uploads\/2022\/09\/03-13.jpg\" \/>\n\t<meta property=\"og:image:width\" content=\"768\" \/>\n\t<meta property=\"og:image:height\" content=\"479\" \/>\n\t<meta property=\"og:image:type\" content=\"image\/jpeg\" \/>\n<meta name=\"author\" content=\"Edici\u00f3n Web\" \/>\n<meta name=\"twitter:card\" content=\"summary_large_image\" \/>\n<meta name=\"twitter:creator\" content=\"@NOTICIEROS7\" \/>\n<meta name=\"twitter:site\" content=\"@NOTICIEROS7\" \/>\n<meta name=\"twitter:label1\" content=\"Escrito por\" \/>\n\t<meta name=\"twitter:data1\" content=\"Edici\u00f3n Web\" \/>\n\t<meta name=\"twitter:label2\" content=\"Tiempo de lectura\" \/>\n\t<meta name=\"twitter:data2\" content=\"1 minuto\" \/>\n<script type=\"application\/ld+json\" class=\"yoast-schema-graph\">{\"@context\":\"https:\\\/\\\/schema.org\",\"@graph\":[{\"@type\":\"Article\",\"@id\":\"https:\\\/\\\/canal7slp.tv\\\/2022\\\/interpol-emite-fichas-rojas-contra-tres-implicados-en-colapso-de-la-mina-el-pinabete\\\/#article\",\"isPartOf\":{\"@id\":\"https:\\\/\\\/canal7slp.tv\\\/2022\\\/interpol-emite-fichas-rojas-contra-tres-implicados-en-colapso-de-la-mina-el-pinabete\\\/\"},\"author\":{\"name\":\"Edici\u00f3n Web\",\"@id\":\"https:\\\/\\\/canal7slp.tv\\\/2022\\\/#\\\/schema\\\/person\\\/429704152a21f5f856ce29aa69a238da\"},\"headline\":\"INTERPOL emite fichas rojas contra tres implicados en colapso de la mina El Pinabete\",\"datePublished\":\"2022-09-13T22:46:45+00:00\",\"mainEntityOfPage\":{\"@id\":\"https:\\\/\\\/canal7slp.tv\\\/2022\\\/interpol-emite-fichas-rojas-contra-tres-implicados-en-colapso-de-la-mina-el-pinabete\\\/\"},\"wordCount\":198,\"publisher\":{\"@id\":\"https:\\\/\\\/canal7slp.tv\\\/2022\\\/#organization\"},\"image\":{\"@id\":\"https:\\\/\\\/canal7slp.tv\\\/2022\\\/interpol-emite-fichas-rojas-contra-tres-implicados-en-colapso-de-la-mina-el-pinabete\\\/#primaryimage\"},\"thumbnailUrl\":\"https:\\\/\\\/canal7slp.tv\\\/2022\\\/wp-content\\\/uploads\\\/2022\\\/09\\\/03-13.jpg\",\"articleSection\":[\"NACIONALES\"],\"inLanguage\":\"es\"},{\"@type\":\"WebPage\",\"@id\":\"https:\\\/\\\/canal7slp.tv\\\/2022\\\/interpol-emite-fichas-rojas-contra-tres-implicados-en-colapso-de-la-mina-el-pinabete\\\/\",\"url\":\"https:\\\/\\\/canal7slp.tv\\\/2022\\\/interpol-emite-fichas-rojas-contra-tres-implicados-en-colapso-de-la-mina-el-pinabete\\\/\",\"name\":\"INTERPOL emite fichas rojas contra tres implicados en colapso de la mina El Pinabete - Canal 7 SLP - 2022\",\"isPartOf\":{\"@id\":\"https:\\\/\\\/canal7slp.tv\\\/2022\\\/#website\"},\"primaryImageOfPage\":{\"@id\":\"https:\\\/\\\/canal7slp.tv\\\/2022\\\/interpol-emite-fichas-rojas-contra-tres-implicados-en-colapso-de-la-mina-el-pinabete\\\/#primaryimage\"},\"image\":{\"@id\":\"https:\\\/\\\/canal7slp.tv\\\/2022\\\/interpol-emite-fichas-rojas-contra-tres-implicados-en-colapso-de-la-mina-el-pinabete\\\/#primaryimage\"},\"thumbnailUrl\":\"https:\\\/\\\/canal7slp.tv\\\/2022\\\/wp-content\\\/uploads\\\/2022\\\/09\\\/03-13.jpg\",\"datePublished\":\"2022-09-13T22:46:45+00:00\",\"breadcrumb\":{\"@id\":\"https:\\\/\\\/canal7slp.tv\\\/2022\\\/interpol-emite-fichas-rojas-contra-tres-implicados-en-colapso-de-la-mina-el-pinabete\\\/#breadcrumb\"},\"inLanguage\":\"es\",\"potentialAction\":[{\"@type\":\"ReadAction\",\"target\":[\"https:\\\/\\\/canal7slp.tv\\\/2022\\\/interpol-emite-fichas-rojas-contra-tres-implicados-en-colapso-de-la-mina-el-pinabete\\\/\"]}]},{\"@type\":\"ImageObject\",\"inLanguage\":\"es\",\"@id\":\"https:\\\/\\\/canal7slp.tv\\\/2022\\\/interpol-emite-fichas-rojas-contra-tres-implicados-en-colapso-de-la-mina-el-pinabete\\\/#primaryimage\",\"url\":\"https:\\\/\\\/canal7slp.tv\\\/2022\\\/wp-content\\\/uploads\\\/2022\\\/09\\\/03-13.jpg\",\"contentUrl\":\"https:\\\/\\\/canal7slp.tv\\\/2022\\\/wp-content\\\/uploads\\\/2022\\\/09\\\/03-13.jpg\",\"width\":768,\"height\":479},{\"@type\":\"BreadcrumbList\",\"@id\":\"https:\\\/\\\/canal7slp.tv\\\/2022\\\/interpol-emite-fichas-rojas-contra-tres-implicados-en-colapso-de-la-mina-el-pinabete\\\/#breadcrumb\",\"itemListElement\":[{\"@type\":\"ListItem\",\"position\":1,\"name\":\"Portada\",\"item\":\"https:\\\/\\\/canal7slp.tv\\\/2022\\\/\"},{\"@type\":\"ListItem\",\"position\":2,\"name\":\"INTERPOL emite fichas rojas contra tres implicados en colapso de la mina El Pinabete\"}]},{\"@type\":\"WebSite\",\"@id\":\"https:\\\/\\\/canal7slp.tv\\\/2022\\\/#website\",\"url\":\"https:\\\/\\\/canal7slp.tv\\\/2022\\\/\",\"name\":\"N7 - Noticieros Canal 7\",\"description\":\"Somos Televisi\u00f3n\",\"publisher\":{\"@id\":\"https:\\\/\\\/canal7slp.tv\\\/2022\\\/#organization\"},\"potentialAction\":[{\"@type\":\"SearchAction\",\"target\":{\"@type\":\"EntryPoint\",\"urlTemplate\":\"https:\\\/\\\/canal7slp.tv\\\/2022\\\/?s={search_term_string}\"},\"query-input\":{\"@type\":\"PropertyValueSpecification\",\"valueRequired\":true,\"valueName\":\"search_term_string\"}}],\"inLanguage\":\"es\"},{\"@type\":\"Organization\",\"@id\":\"https:\\\/\\\/canal7slp.tv\\\/2022\\\/#organization\",\"name\":\"Noticieros Canal 7\",\"url\":\"https:\\\/\\\/canal7slp.tv\\\/2022\\\/\",\"logo\":{\"@type\":\"ImageObject\",\"inLanguage\":\"es\",\"@id\":\"https:\\\/\\\/canal7slp.tv\\\/2022\\\/#\\\/schema\\\/logo\\\/image\\\/\",\"url\":\"https:\\\/\\\/canal7slp.tv\\\/2022\\\/wp-content\\\/uploads\\\/2021\\\/01\\\/logo-noticieros@2x.png\",\"contentUrl\":\"https:\\\/\\\/canal7slp.tv\\\/2022\\\/wp-content\\\/uploads\\\/2021\\\/01\\\/logo-noticieros@2x.png\",\"width\":1017,\"height\":268,\"caption\":\"Noticieros Canal 7\"},\"image\":{\"@id\":\"https:\\\/\\\/canal7slp.tv\\\/2022\\\/#\\\/schema\\\/logo\\\/image\\\/\"},\"sameAs\":[\"https:\\\/\\\/www.facebook.com\\\/noticieroscanalsiete\",\"https:\\\/\\\/x.com\\\/NOTICIEROS7\",\"https:\\\/\\\/www.instagram.com\\\/canal7_slp\",\"https:\\\/\\\/www.youtube.com\\\/channel\\\/UCliiYs-gP3JfJeqdPrNdd5A\"]},{\"@type\":\"Person\",\"@id\":\"https:\\\/\\\/canal7slp.tv\\\/2022\\\/#\\\/schema\\\/person\\\/429704152a21f5f856ce29aa69a238da\",\"name\":\"Edici\u00f3n Web\",\"image\":{\"@type\":\"ImageObject\",\"inLanguage\":\"es\",\"@id\":\"https:\\\/\\\/secure.gravatar.com\\\/avatar\\\/eee448fc3f7164808013b816ba91ac7e43bbe82a70bebac296f8bc6f0addaa1a?s=96&d=mm&r=g\",\"url\":\"https:\\\/\\\/secure.gravatar.com\\\/avatar\\\/eee448fc3f7164808013b816ba91ac7e43bbe82a70bebac296f8bc6f0addaa1a?s=96&d=mm&r=g\",\"contentUrl\":\"https:\\\/\\\/secure.gravatar.com\\\/avatar\\\/eee448fc3f7164808013b816ba91ac7e43bbe82a70bebac296f8bc6f0addaa1a?s=96&d=mm&r=g\",\"caption\":\"Edici\u00f3n Web\"},\"url\":\"https:\\\/\\\/canal7slp.tv\\\/2022\\\/author\\\/edicionweb\\\/\"}]}<\/script>\n<!-- \/ Yoast SEO plugin. -->","yoast_head_json":{"title":"INTERPOL emite fichas rojas contra tres implicados en colapso de la mina El Pinabete - Canal 7 SLP - 2022","robots":{"index":"index","follow":"follow","max-snippet":"max-snippet:-1","max-image-preview":"max-image-preview:large","max-video-preview":"max-video-preview:-1"},"canonical":"https:\/\/canal7slp.tv\/2022\/interpol-emite-fichas-rojas-contra-tres-implicados-en-colapso-de-la-mina-el-pinabete\/","og_locale":"es_ES","og_type":"article","og_title":"INTERPOL emite fichas rojas contra tres implicados en colapso de la mina El Pinabete - Canal 7 SLP - 2022","og_description":"Coahuila.- La Organizaci\u00f3n Internacional de Polic\u00eda Criminal o Polic\u00eda Internacional (INTERPOL), emiti\u00f3 fichas rojas para detener a Cristian \u00abS\u00bb, los empresarios Luis \u00abG\u00bb y Arnulfo \u00abG\u00bb, por su probable responsabilidad en los hechos de la mina \u00abEl Pinabete\u00bb ubicada en Sabinas, Coahuila, en donde 10 mineros quedaron atrapados al interior de la misma. Cabe se\u00f1alar que fue la Fiscal\u00eda General de la Rep\u00fablica que solicit\u00f3 la emisi\u00f3n de las mismas a la Interpol. Asimismo, detall\u00f3 que el imputado Cristian \u00abS\u00bb, tramit\u00f3 un juicio de amparo ante el Juzgado Tercero de Distrito en el Estado de Coahuila de Zaragoza, fijando el [&hellip;]","og_url":"https:\/\/canal7slp.tv\/2022\/interpol-emite-fichas-rojas-contra-tres-implicados-en-colapso-de-la-mina-el-pinabete\/","og_site_name":"Canal 7 SLP - 2022","article_publisher":"https:\/\/www.facebook.com\/noticieroscanalsiete","article_published_time":"2022-09-13T22:46:45+00:00","og_image":[{"width":768,"height":479,"url":"https:\/\/canal7slp.tv\/2022\/wp-content\/uploads\/2022\/09\/03-13.jpg","type":"image\/jpeg"}],"author":"Edici\u00f3n Web","twitter_card":"summary_large_image","twitter_creator":"@NOTICIEROS7","twitter_site":"@NOTICIEROS7","twitter_misc":{"Escrito por":"Edici\u00f3n Web","Tiempo de lectura":"1 minuto"},"schema":{"@context":"https:\/\/schema.org","@graph":[{"@type":"Article","@id":"https:\/\/canal7slp.tv\/2022\/interpol-emite-fichas-rojas-contra-tres-implicados-en-colapso-de-la-mina-el-pinabete\/#article","isPartOf":{"@id":"https:\/\/canal7slp.tv\/2022\/interpol-emite-fichas-rojas-contra-tres-implicados-en-colapso-de-la-mina-el-pinabete\/"},"author":{"name":"Edici\u00f3n Web","@id":"https:\/\/canal7slp.tv\/2022\/#\/schema\/person\/429704152a21f5f856ce29aa69a238da"},"headline":"INTERPOL emite fichas rojas contra tres implicados en colapso de la mina El Pinabete","datePublished":"2022-09-13T22:46:45+00:00","mainEntityOfPage":{"@id":"https:\/\/canal7slp.tv\/2022\/interpol-emite-fichas-rojas-contra-tres-implicados-en-colapso-de-la-mina-el-pinabete\/"},"wordCount":198,"publisher":{"@id":"https:\/\/canal7slp.tv\/2022\/#organization"},"image":{"@id":"https:\/\/canal7slp.tv\/2022\/interpol-emite-fichas-rojas-contra-tres-implicados-en-colapso-de-la-mina-el-pinabete\/#primaryimage"},"thumbnailUrl":"https:\/\/canal7slp.tv\/2022\/wp-content\/uploads\/2022\/09\/03-13.jpg","articleSection":["NACIONALES"],"inLanguage":"es"},{"@type":"WebPage","@id":"https:\/\/canal7slp.tv\/2022\/interpol-emite-fichas-rojas-contra-tres-implicados-en-colapso-de-la-mina-el-pinabete\/","url":"https:\/\/canal7slp.tv\/2022\/interpol-emite-fichas-rojas-contra-tres-implicados-en-colapso-de-la-mina-el-pinabete\/","name":"INTERPOL emite fichas rojas contra tres implicados en colapso de la mina El Pinabete - Canal 7 SLP - 2022","isPartOf":{"@id":"https:\/\/canal7slp.tv\/2022\/#website"},"primaryImageOfPage":{"@id":"https:\/\/canal7slp.tv\/2022\/interpol-emite-fichas-rojas-contra-tres-implicados-en-colapso-de-la-mina-el-pinabete\/#primaryimage"},"image":{"@id":"https:\/\/canal7slp.tv\/2022\/interpol-emite-fichas-rojas-contra-tres-implicados-en-colapso-de-la-mina-el-pinabete\/#primaryimage"},"thumbnailUrl":"https:\/\/canal7slp.tv\/2022\/wp-content\/uploads\/2022\/09\/03-13.jpg","datePublished":"2022-09-13T22:46:45+00:00","breadcrumb":{"@id":"https:\/\/canal7slp.tv\/2022\/interpol-emite-fichas-rojas-contra-tres-implicados-en-colapso-de-la-mina-el-pinabete\/#breadcrumb"},"inLanguage":"es","potentialAction":[{"@type":"ReadAction","target":["https:\/\/canal7slp.tv\/2022\/interpol-emite-fichas-rojas-contra-tres-implicados-en-colapso-de-la-mina-el-pinabete\/"]}]},{"@type":"ImageObject","inLanguage":"es","@id":"https:\/\/canal7slp.tv\/2022\/interpol-emite-fichas-rojas-contra-tres-implicados-en-colapso-de-la-mina-el-pinabete\/#primaryimage","url":"https:\/\/canal7slp.tv\/2022\/wp-content\/uploads\/2022\/09\/03-13.jpg","contentUrl":"https:\/\/canal7slp.tv\/2022\/wp-content\/uploads\/2022\/09\/03-13.jpg","width":768,"height":479},{"@type":"BreadcrumbList","@id":"https:\/\/canal7slp.tv\/2022\/interpol-emite-fichas-rojas-contra-tres-implicados-en-colapso-de-la-mina-el-pinabete\/#breadcrumb","itemListElement":[{"@type":"ListItem","position":1,"name":"Portada","item":"https:\/\/canal7slp.tv\/2022\/"},{"@type":"ListItem","position":2,"name":"INTERPOL emite fichas rojas contra tres implicados en colapso de la mina El Pinabete"}]},{"@type":"WebSite","@id":"https:\/\/canal7slp.tv\/2022\/#website","url":"https:\/\/canal7slp.tv\/2022\/","name":"N7 - Noticieros Canal 7","description":"Somos Televisi\u00f3n","publisher":{"@id":"https:\/\/canal7slp.tv\/2022\/#organization"},"potentialAction":[{"@type":"SearchAction","target":{"@type":"EntryPoint","urlTemplate":"https:\/\/canal7slp.tv\/2022\/?s={search_term_string}"},"query-input":{"@type":"PropertyValueSpecification","valueRequired":true,"valueName":"search_term_string"}}],"inLanguage":"es"},{"@type":"Organization","@id":"https:\/\/canal7slp.tv\/2022\/#organization","name":"Noticieros Canal 7","url":"https:\/\/canal7slp.tv\/2022\/","logo":{"@type":"ImageObject","inLanguage":"es","@id":"https:\/\/canal7slp.tv\/2022\/#\/schema\/logo\/image\/","url":"https:\/\/canal7slp.tv\/2022\/wp-content\/uploads\/2021\/01\/logo-noticieros@2x.png","contentUrl":"https:\/\/canal7slp.tv\/2022\/wp-content\/uploads\/2021\/01\/logo-noticieros@2x.png","width":1017,"height":268,"caption":"Noticieros Canal 7"},"image":{"@id":"https:\/\/canal7slp.tv\/2022\/#\/schema\/logo\/image\/"},"sameAs":["https:\/\/www.facebook.com\/noticieroscanalsiete","https:\/\/x.com\/NOTICIEROS7","https:\/\/www.instagram.com\/canal7_slp","https:\/\/www.youtube.com\/channel\/UCliiYs-gP3JfJeqdPrNdd5A"]},{"@type":"Person","@id":"https:\/\/canal7slp.tv\/2022\/#\/schema\/person\/429704152a21f5f856ce29aa69a238da","name":"Edici\u00f3n Web","image":{"@type":"ImageObject","inLanguage":"es","@id":"https:\/\/secure.gravatar.com\/avatar\/eee448fc3f7164808013b816ba91ac7e43bbe82a70bebac296f8bc6f0addaa1a?s=96&d=mm&r=g","url":"https:\/\/secure.gravatar.com\/avatar\/eee448fc3f7164808013b816ba91ac7e43bbe82a70bebac296f8bc6f0addaa1a?s=96&d=mm&r=g","contentUrl":"https:\/\/secure.gravatar.com\/avatar\/eee448fc3f7164808013b816ba91ac7e43bbe82a70bebac296f8bc6f0addaa1a?s=96&d=mm&r=g","caption":"Edici\u00f3n Web"},"url":"https:\/\/canal7slp.tv\/2022\/author\/edicionweb\/"}]}},"amp_enabled":true,"_links":{"self":[{"href":"https:\/\/canal7slp.tv\/2022\/wp-json\/wp\/v2\/posts\/72700","targetHints":{"allow":["GET"]}}],"collection":[{"href":"https:\/\/canal7slp.tv\/2022\/wp-json\/wp\/v2\/posts"}],"about":[{"href":"https:\/\/canal7slp.tv\/2022\/wp-json\/wp\/v2\/types\/post"}],"author":[{"embeddable":true,"href":"https:\/\/canal7slp.tv\/2022\/wp-json\/wp\/v2\/users\/2"}],"replies":[{"embeddable":true,"href":"https:\/\/canal7slp.tv\/2022\/wp-json\/wp\/v2\/comments?post=72700"}],"version-history":[{"count":2,"href":"https:\/\/canal7slp.tv\/2022\/wp-json\/wp\/v2\/posts\/72700\/revisions"}],"predecessor-version":[{"id":72718,"href":"https:\/\/canal7slp.tv\/2022\/wp-json\/wp\/v2\/posts\/72700\/revisions\/72718"}],"wp:featuredmedia":[{"embeddable":true,"href":"https:\/\/canal7slp.tv\/2022\/wp-json\/wp\/v2\/media\/72712"}],"wp:attachment":[{"href":"https:\/\/canal7slp.tv\/2022\/wp-json\/wp\/v2\/media?parent=72700"}],"wp:term":[{"taxonomy":"category","embeddable":true,"href":"https:\/\/canal7slp.tv\/2022\/wp-json\/wp\/v2\/categories?post=72700"},{"taxonomy":"post_tag","embeddable":true,"href":"https:\/\/canal7slp.tv\/2022\/wp-json\/wp\/v2\/tags?post=72700"}],"curies":[{"name":"wp","href":"https:\/\/api.w.org\/{rel}","templated":true}]}}