{"id":72699,"date":"2022-09-13T16:46:06","date_gmt":"2022-09-13T22:46:06","guid":{"rendered":"https:\/\/canal7slp.tv\/2022\/?p=72699"},"modified":"2022-09-13T16:46:06","modified_gmt":"2022-09-13T22:46:06","slug":"tras-balacera-escuelas-de-orizaba-suspenden-clases","status":"publish","type":"post","link":"https:\/\/canal7slp.tv\/2022\/tras-balacera-escuelas-de-orizaba-suspenden-clases\/","title":{"rendered":"Tras balacera, escuelas de Orizaba suspenden clases"},"content":{"rendered":"<p style=\"text-align: justify;\">Orizaba.- Pese a que el ayuntamiento de Orizaba, Veracruz, se\u00f1al\u00f3 que existen las condiciones de seguridad para que las actividades en el municipio se lleven a cabo con normalidad, diversos planteles educativos tomaron la decisi\u00f3n de suspender las clases este 13 de septiembre.<\/p>\n<p style=\"text-align: justify;\">Cabe se\u00f1alar que durante la tarde del 12 de septiembre se registr\u00f3 una intensa balacera entre polic\u00edas y presuntos delincuentes en dicha entidad.<\/p>\n<p style=\"text-align: justify;\">De acuerdo con versiones locales, agentes de la Polic\u00edas Estatal de Veracruz y Fuera Civil localizaron una casa de seguridad de un grupo delincuencial, en donde los oficiales fueron recibidos a tiros.<\/p>\n<p style=\"text-align: justify;\">Derivado de estos hechos, un presunto l\u00edder delincuencial muri\u00f3 en el lugar y otras 3 personas fueron detenidas.<\/p>\n<p style=\"text-align: justify;\">Por tal motivo, instituciones anunciaron en Redes Sociales que suspend\u00edan actividades este martes y se reprogramaban para el 14 de septiembre.<\/p>\n","protected":false},"excerpt":{"rendered":"<p>Orizaba.- Pese a que el ayuntamiento de Orizaba, Veracruz, se\u00f1al\u00f3 que existen las condiciones de seguridad para que las actividades en el municipio se lleven a cabo con normalidad, diversos planteles educativos tomaron la decisi\u00f3n de suspender las clases este 13 de septiembre. Cabe se\u00f1alar que durante la tarde del 12 de septiembre se registr\u00f3 una intensa balacera entre polic\u00edas y presuntos delincuentes en dicha entidad. De acuerdo con versiones locales, agentes de la Polic\u00edas Estatal de Veracruz y Fuera Civil localizaron una casa de seguridad de un grupo delincuencial, en donde los oficiales fueron recibidos a tiros. Derivado de [&hellip;]<\/p>\n","protected":false},"author":2,"featured_media":72711,"comment_status":"closed","ping_status":"closed","sticky":false,"template":"","format":"standard","meta":{"footnotes":""},"categories":[46],"tags":[],"class_list":["post-72699","post","type-post","status-publish","format-standard","has-post-thumbnail","hentry","category-nacional","post--single"],"yoast_head":"<!-- This site is optimized with the Yoast SEO plugin v27.5 - https:\/\/yoast.com\/product\/yoast-seo-wordpress\/ -->\n<title>Tras balacera, escuelas de Orizaba suspenden clases - Canal 7 SLP - 2022<\/title>\n<meta name=\"robots\" content=\"index, follow, max-snippet:-1, max-image-preview:large, max-video-preview:-1\" \/>\n<link rel=\"canonical\" href=\"https:\/\/canal7slp.tv\/2022\/tras-balacera-escuelas-de-orizaba-suspenden-clases\/\" \/>\n<meta property=\"og:locale\" content=\"es_ES\" \/>\n<meta property=\"og:type\" content=\"article\" \/>\n<meta property=\"og:title\" content=\"Tras balacera, escuelas de Orizaba suspenden clases - Canal 7 SLP - 2022\" \/>\n<meta property=\"og:description\" content=\"Orizaba.- Pese a que el ayuntamiento de Orizaba, Veracruz, se\u00f1al\u00f3 que existen las condiciones de seguridad para que las actividades en el municipio se lleven a cabo con normalidad, diversos planteles educativos tomaron la decisi\u00f3n de suspender las clases este 13 de septiembre. Cabe se\u00f1alar que durante la tarde del 12 de septiembre se registr\u00f3 una intensa balacera entre polic\u00edas y presuntos delincuentes en dicha entidad. De acuerdo con versiones locales, agentes de la Polic\u00edas Estatal de Veracruz y Fuera Civil localizaron una casa de seguridad de un grupo delincuencial, en donde los oficiales fueron recibidos a tiros. Derivado de [&hellip;]\" \/>\n<meta property=\"og:url\" content=\"https:\/\/canal7slp.tv\/2022\/tras-balacera-escuelas-de-orizaba-suspenden-clases\/\" \/>\n<meta property=\"og:site_name\" content=\"Canal 7 SLP - 2022\" \/>\n<meta property=\"article:publisher\" content=\"https:\/\/www.facebook.com\/noticieroscanalsiete\" \/>\n<meta property=\"article:published_time\" content=\"2022-09-13T22:46:06+00:00\" \/>\n<meta property=\"og:image\" content=\"https:\/\/canal7slp.tv\/2022\/wp-content\/uploads\/2022\/09\/02-2.jpeg\" \/>\n\t<meta property=\"og:image:width\" content=\"804\" \/>\n\t<meta property=\"og:image:height\" content=\"452\" \/>\n\t<meta property=\"og:image:type\" content=\"image\/jpeg\" \/>\n<meta name=\"author\" content=\"Edici\u00f3n Web\" \/>\n<meta name=\"twitter:card\" content=\"summary_large_image\" \/>\n<meta name=\"twitter:creator\" content=\"@NOTICIEROS7\" \/>\n<meta name=\"twitter:site\" content=\"@NOTICIEROS7\" \/>\n<meta name=\"twitter:label1\" content=\"Escrito por\" \/>\n\t<meta name=\"twitter:data1\" content=\"Edici\u00f3n Web\" \/>\n\t<meta name=\"twitter:label2\" content=\"Tiempo de lectura\" \/>\n\t<meta name=\"twitter:data2\" content=\"1 minuto\" \/>\n<script type=\"application\/ld+json\" class=\"yoast-schema-graph\">{\"@context\":\"https:\\\/\\\/schema.org\",\"@graph\":[{\"@type\":\"Article\",\"@id\":\"https:\\\/\\\/canal7slp.tv\\\/2022\\\/tras-balacera-escuelas-de-orizaba-suspenden-clases\\\/#article\",\"isPartOf\":{\"@id\":\"https:\\\/\\\/canal7slp.tv\\\/2022\\\/tras-balacera-escuelas-de-orizaba-suspenden-clases\\\/\"},\"author\":{\"name\":\"Edici\u00f3n Web\",\"@id\":\"https:\\\/\\\/canal7slp.tv\\\/2022\\\/#\\\/schema\\\/person\\\/429704152a21f5f856ce29aa69a238da\"},\"headline\":\"Tras balacera, escuelas de Orizaba suspenden clases\",\"datePublished\":\"2022-09-13T22:46:06+00:00\",\"mainEntityOfPage\":{\"@id\":\"https:\\\/\\\/canal7slp.tv\\\/2022\\\/tras-balacera-escuelas-de-orizaba-suspenden-clases\\\/\"},\"wordCount\":148,\"publisher\":{\"@id\":\"https:\\\/\\\/canal7slp.tv\\\/2022\\\/#organization\"},\"image\":{\"@id\":\"https:\\\/\\\/canal7slp.tv\\\/2022\\\/tras-balacera-escuelas-de-orizaba-suspenden-clases\\\/#primaryimage\"},\"thumbnailUrl\":\"https:\\\/\\\/canal7slp.tv\\\/2022\\\/wp-content\\\/uploads\\\/2022\\\/09\\\/02-2.jpeg\",\"articleSection\":[\"NACIONALES\"],\"inLanguage\":\"es\"},{\"@type\":\"WebPage\",\"@id\":\"https:\\\/\\\/canal7slp.tv\\\/2022\\\/tras-balacera-escuelas-de-orizaba-suspenden-clases\\\/\",\"url\":\"https:\\\/\\\/canal7slp.tv\\\/2022\\\/tras-balacera-escuelas-de-orizaba-suspenden-clases\\\/\",\"name\":\"Tras balacera, escuelas de Orizaba suspenden clases - Canal 7 SLP - 2022\",\"isPartOf\":{\"@id\":\"https:\\\/\\\/canal7slp.tv\\\/2022\\\/#website\"},\"primaryImageOfPage\":{\"@id\":\"https:\\\/\\\/canal7slp.tv\\\/2022\\\/tras-balacera-escuelas-de-orizaba-suspenden-clases\\\/#primaryimage\"},\"image\":{\"@id\":\"https:\\\/\\\/canal7slp.tv\\\/2022\\\/tras-balacera-escuelas-de-orizaba-suspenden-clases\\\/#primaryimage\"},\"thumbnailUrl\":\"https:\\\/\\\/canal7slp.tv\\\/2022\\\/wp-content\\\/uploads\\\/2022\\\/09\\\/02-2.jpeg\",\"datePublished\":\"2022-09-13T22:46:06+00:00\",\"breadcrumb\":{\"@id\":\"https:\\\/\\\/canal7slp.tv\\\/2022\\\/tras-balacera-escuelas-de-orizaba-suspenden-clases\\\/#breadcrumb\"},\"inLanguage\":\"es\",\"potentialAction\":[{\"@type\":\"ReadAction\",\"target\":[\"https:\\\/\\\/canal7slp.tv\\\/2022\\\/tras-balacera-escuelas-de-orizaba-suspenden-clases\\\/\"]}]},{\"@type\":\"ImageObject\",\"inLanguage\":\"es\",\"@id\":\"https:\\\/\\\/canal7slp.tv\\\/2022\\\/tras-balacera-escuelas-de-orizaba-suspenden-clases\\\/#primaryimage\",\"url\":\"https:\\\/\\\/canal7slp.tv\\\/2022\\\/wp-content\\\/uploads\\\/2022\\\/09\\\/02-2.jpeg\",\"contentUrl\":\"https:\\\/\\\/canal7slp.tv\\\/2022\\\/wp-content\\\/uploads\\\/2022\\\/09\\\/02-2.jpeg\",\"width\":804,\"height\":452},{\"@type\":\"BreadcrumbList\",\"@id\":\"https:\\\/\\\/canal7slp.tv\\\/2022\\\/tras-balacera-escuelas-de-orizaba-suspenden-clases\\\/#breadcrumb\",\"itemListElement\":[{\"@type\":\"ListItem\",\"position\":1,\"name\":\"Portada\",\"item\":\"https:\\\/\\\/canal7slp.tv\\\/2022\\\/\"},{\"@type\":\"ListItem\",\"position\":2,\"name\":\"Tras balacera, escuelas de Orizaba suspenden clases\"}]},{\"@type\":\"WebSite\",\"@id\":\"https:\\\/\\\/canal7slp.tv\\\/2022\\\/#website\",\"url\":\"https:\\\/\\\/canal7slp.tv\\\/2022\\\/\",\"name\":\"N7 - Noticieros Canal 7\",\"description\":\"Somos Televisi\u00f3n\",\"publisher\":{\"@id\":\"https:\\\/\\\/canal7slp.tv\\\/2022\\\/#organization\"},\"potentialAction\":[{\"@type\":\"SearchAction\",\"target\":{\"@type\":\"EntryPoint\",\"urlTemplate\":\"https:\\\/\\\/canal7slp.tv\\\/2022\\\/?s={search_term_string}\"},\"query-input\":{\"@type\":\"PropertyValueSpecification\",\"valueRequired\":true,\"valueName\":\"search_term_string\"}}],\"inLanguage\":\"es\"},{\"@type\":\"Organization\",\"@id\":\"https:\\\/\\\/canal7slp.tv\\\/2022\\\/#organization\",\"name\":\"Noticieros Canal 7\",\"url\":\"https:\\\/\\\/canal7slp.tv\\\/2022\\\/\",\"logo\":{\"@type\":\"ImageObject\",\"inLanguage\":\"es\",\"@id\":\"https:\\\/\\\/canal7slp.tv\\\/2022\\\/#\\\/schema\\\/logo\\\/image\\\/\",\"url\":\"https:\\\/\\\/canal7slp.tv\\\/2022\\\/wp-content\\\/uploads\\\/2021\\\/01\\\/logo-noticieros@2x.png\",\"contentUrl\":\"https:\\\/\\\/canal7slp.tv\\\/2022\\\/wp-content\\\/uploads\\\/2021\\\/01\\\/logo-noticieros@2x.png\",\"width\":1017,\"height\":268,\"caption\":\"Noticieros Canal 7\"},\"image\":{\"@id\":\"https:\\\/\\\/canal7slp.tv\\\/2022\\\/#\\\/schema\\\/logo\\\/image\\\/\"},\"sameAs\":[\"https:\\\/\\\/www.facebook.com\\\/noticieroscanalsiete\",\"https:\\\/\\\/x.com\\\/NOTICIEROS7\",\"https:\\\/\\\/www.instagram.com\\\/canal7_slp\",\"https:\\\/\\\/www.youtube.com\\\/channel\\\/UCliiYs-gP3JfJeqdPrNdd5A\"]},{\"@type\":\"Person\",\"@id\":\"https:\\\/\\\/canal7slp.tv\\\/2022\\\/#\\\/schema\\\/person\\\/429704152a21f5f856ce29aa69a238da\",\"name\":\"Edici\u00f3n Web\",\"image\":{\"@type\":\"ImageObject\",\"inLanguage\":\"es\",\"@id\":\"https:\\\/\\\/secure.gravatar.com\\\/avatar\\\/eee448fc3f7164808013b816ba91ac7e43bbe82a70bebac296f8bc6f0addaa1a?s=96&d=mm&r=g\",\"url\":\"https:\\\/\\\/secure.gravatar.com\\\/avatar\\\/eee448fc3f7164808013b816ba91ac7e43bbe82a70bebac296f8bc6f0addaa1a?s=96&d=mm&r=g\",\"contentUrl\":\"https:\\\/\\\/secure.gravatar.com\\\/avatar\\\/eee448fc3f7164808013b816ba91ac7e43bbe82a70bebac296f8bc6f0addaa1a?s=96&d=mm&r=g\",\"caption\":\"Edici\u00f3n Web\"},\"url\":\"https:\\\/\\\/canal7slp.tv\\\/2022\\\/author\\\/edicionweb\\\/\"}]}<\/script>\n<!-- \/ Yoast SEO plugin. -->","yoast_head_json":{"title":"Tras balacera, escuelas de Orizaba suspenden clases - Canal 7 SLP - 2022","robots":{"index":"index","follow":"follow","max-snippet":"max-snippet:-1","max-image-preview":"max-image-preview:large","max-video-preview":"max-video-preview:-1"},"canonical":"https:\/\/canal7slp.tv\/2022\/tras-balacera-escuelas-de-orizaba-suspenden-clases\/","og_locale":"es_ES","og_type":"article","og_title":"Tras balacera, escuelas de Orizaba suspenden clases - Canal 7 SLP - 2022","og_description":"Orizaba.- Pese a que el ayuntamiento de Orizaba, Veracruz, se\u00f1al\u00f3 que existen las condiciones de seguridad para que las actividades en el municipio se lleven a cabo con normalidad, diversos planteles educativos tomaron la decisi\u00f3n de suspender las clases este 13 de septiembre. Cabe se\u00f1alar que durante la tarde del 12 de septiembre se registr\u00f3 una intensa balacera entre polic\u00edas y presuntos delincuentes en dicha entidad. De acuerdo con versiones locales, agentes de la Polic\u00edas Estatal de Veracruz y Fuera Civil localizaron una casa de seguridad de un grupo delincuencial, en donde los oficiales fueron recibidos a tiros. Derivado de [&hellip;]","og_url":"https:\/\/canal7slp.tv\/2022\/tras-balacera-escuelas-de-orizaba-suspenden-clases\/","og_site_name":"Canal 7 SLP - 2022","article_publisher":"https:\/\/www.facebook.com\/noticieroscanalsiete","article_published_time":"2022-09-13T22:46:06+00:00","og_image":[{"width":804,"height":452,"url":"https:\/\/canal7slp.tv\/2022\/wp-content\/uploads\/2022\/09\/02-2.jpeg","type":"image\/jpeg"}],"author":"Edici\u00f3n Web","twitter_card":"summary_large_image","twitter_creator":"@NOTICIEROS7","twitter_site":"@NOTICIEROS7","twitter_misc":{"Escrito por":"Edici\u00f3n Web","Tiempo de lectura":"1 minuto"},"schema":{"@context":"https:\/\/schema.org","@graph":[{"@type":"Article","@id":"https:\/\/canal7slp.tv\/2022\/tras-balacera-escuelas-de-orizaba-suspenden-clases\/#article","isPartOf":{"@id":"https:\/\/canal7slp.tv\/2022\/tras-balacera-escuelas-de-orizaba-suspenden-clases\/"},"author":{"name":"Edici\u00f3n Web","@id":"https:\/\/canal7slp.tv\/2022\/#\/schema\/person\/429704152a21f5f856ce29aa69a238da"},"headline":"Tras balacera, escuelas de Orizaba suspenden clases","datePublished":"2022-09-13T22:46:06+00:00","mainEntityOfPage":{"@id":"https:\/\/canal7slp.tv\/2022\/tras-balacera-escuelas-de-orizaba-suspenden-clases\/"},"wordCount":148,"publisher":{"@id":"https:\/\/canal7slp.tv\/2022\/#organization"},"image":{"@id":"https:\/\/canal7slp.tv\/2022\/tras-balacera-escuelas-de-orizaba-suspenden-clases\/#primaryimage"},"thumbnailUrl":"https:\/\/canal7slp.tv\/2022\/wp-content\/uploads\/2022\/09\/02-2.jpeg","articleSection":["NACIONALES"],"inLanguage":"es"},{"@type":"WebPage","@id":"https:\/\/canal7slp.tv\/2022\/tras-balacera-escuelas-de-orizaba-suspenden-clases\/","url":"https:\/\/canal7slp.tv\/2022\/tras-balacera-escuelas-de-orizaba-suspenden-clases\/","name":"Tras balacera, escuelas de Orizaba suspenden clases - Canal 7 SLP - 2022","isPartOf":{"@id":"https:\/\/canal7slp.tv\/2022\/#website"},"primaryImageOfPage":{"@id":"https:\/\/canal7slp.tv\/2022\/tras-balacera-escuelas-de-orizaba-suspenden-clases\/#primaryimage"},"image":{"@id":"https:\/\/canal7slp.tv\/2022\/tras-balacera-escuelas-de-orizaba-suspenden-clases\/#primaryimage"},"thumbnailUrl":"https:\/\/canal7slp.tv\/2022\/wp-content\/uploads\/2022\/09\/02-2.jpeg","datePublished":"2022-09-13T22:46:06+00:00","breadcrumb":{"@id":"https:\/\/canal7slp.tv\/2022\/tras-balacera-escuelas-de-orizaba-suspenden-clases\/#breadcrumb"},"inLanguage":"es","potentialAction":[{"@type":"ReadAction","target":["https:\/\/canal7slp.tv\/2022\/tras-balacera-escuelas-de-orizaba-suspenden-clases\/"]}]},{"@type":"ImageObject","inLanguage":"es","@id":"https:\/\/canal7slp.tv\/2022\/tras-balacera-escuelas-de-orizaba-suspenden-clases\/#primaryimage","url":"https:\/\/canal7slp.tv\/2022\/wp-content\/uploads\/2022\/09\/02-2.jpeg","contentUrl":"https:\/\/canal7slp.tv\/2022\/wp-content\/uploads\/2022\/09\/02-2.jpeg","width":804,"height":452},{"@type":"BreadcrumbList","@id":"https:\/\/canal7slp.tv\/2022\/tras-balacera-escuelas-de-orizaba-suspenden-clases\/#breadcrumb","itemListElement":[{"@type":"ListItem","position":1,"name":"Portada","item":"https:\/\/canal7slp.tv\/2022\/"},{"@type":"ListItem","position":2,"name":"Tras balacera, escuelas de Orizaba suspenden clases"}]},{"@type":"WebSite","@id":"https:\/\/canal7slp.tv\/2022\/#website","url":"https:\/\/canal7slp.tv\/2022\/","name":"N7 - Noticieros Canal 7","description":"Somos Televisi\u00f3n","publisher":{"@id":"https:\/\/canal7slp.tv\/2022\/#organization"},"potentialAction":[{"@type":"SearchAction","target":{"@type":"EntryPoint","urlTemplate":"https:\/\/canal7slp.tv\/2022\/?s={search_term_string}"},"query-input":{"@type":"PropertyValueSpecification","valueRequired":true,"valueName":"search_term_string"}}],"inLanguage":"es"},{"@type":"Organization","@id":"https:\/\/canal7slp.tv\/2022\/#organization","name":"Noticieros Canal 7","url":"https:\/\/canal7slp.tv\/2022\/","logo":{"@type":"ImageObject","inLanguage":"es","@id":"https:\/\/canal7slp.tv\/2022\/#\/schema\/logo\/image\/","url":"https:\/\/canal7slp.tv\/2022\/wp-content\/uploads\/2021\/01\/logo-noticieros@2x.png","contentUrl":"https:\/\/canal7slp.tv\/2022\/wp-content\/uploads\/2021\/01\/logo-noticieros@2x.png","width":1017,"height":268,"caption":"Noticieros Canal 7"},"image":{"@id":"https:\/\/canal7slp.tv\/2022\/#\/schema\/logo\/image\/"},"sameAs":["https:\/\/www.facebook.com\/noticieroscanalsiete","https:\/\/x.com\/NOTICIEROS7","https:\/\/www.instagram.com\/canal7_slp","https:\/\/www.youtube.com\/channel\/UCliiYs-gP3JfJeqdPrNdd5A"]},{"@type":"Person","@id":"https:\/\/canal7slp.tv\/2022\/#\/schema\/person\/429704152a21f5f856ce29aa69a238da","name":"Edici\u00f3n Web","image":{"@type":"ImageObject","inLanguage":"es","@id":"https:\/\/secure.gravatar.com\/avatar\/eee448fc3f7164808013b816ba91ac7e43bbe82a70bebac296f8bc6f0addaa1a?s=96&d=mm&r=g","url":"https:\/\/secure.gravatar.com\/avatar\/eee448fc3f7164808013b816ba91ac7e43bbe82a70bebac296f8bc6f0addaa1a?s=96&d=mm&r=g","contentUrl":"https:\/\/secure.gravatar.com\/avatar\/eee448fc3f7164808013b816ba91ac7e43bbe82a70bebac296f8bc6f0addaa1a?s=96&d=mm&r=g","caption":"Edici\u00f3n Web"},"url":"https:\/\/canal7slp.tv\/2022\/author\/edicionweb\/"}]}},"amp_enabled":true,"_links":{"self":[{"href":"https:\/\/canal7slp.tv\/2022\/wp-json\/wp\/v2\/posts\/72699","targetHints":{"allow":["GET"]}}],"collection":[{"href":"https:\/\/canal7slp.tv\/2022\/wp-json\/wp\/v2\/posts"}],"about":[{"href":"https:\/\/canal7slp.tv\/2022\/wp-json\/wp\/v2\/types\/post"}],"author":[{"embeddable":true,"href":"https:\/\/canal7slp.tv\/2022\/wp-json\/wp\/v2\/users\/2"}],"replies":[{"embeddable":true,"href":"https:\/\/canal7slp.tv\/2022\/wp-json\/wp\/v2\/comments?post=72699"}],"version-history":[{"count":3,"href":"https:\/\/canal7slp.tv\/2022\/wp-json\/wp\/v2\/posts\/72699\/revisions"}],"predecessor-version":[{"id":72742,"href":"https:\/\/canal7slp.tv\/2022\/wp-json\/wp\/v2\/posts\/72699\/revisions\/72742"}],"wp:featuredmedia":[{"embeddable":true,"href":"https:\/\/canal7slp.tv\/2022\/wp-json\/wp\/v2\/media\/72711"}],"wp:attachment":[{"href":"https:\/\/canal7slp.tv\/2022\/wp-json\/wp\/v2\/media?parent=72699"}],"wp:term":[{"taxonomy":"category","embeddable":true,"href":"https:\/\/canal7slp.tv\/2022\/wp-json\/wp\/v2\/categories?post=72699"},{"taxonomy":"post_tag","embeddable":true,"href":"https:\/\/canal7slp.tv\/2022\/wp-json\/wp\/v2\/tags?post=72699"}],"curies":[{"name":"wp","href":"https:\/\/api.w.org\/{rel}","templated":true}]}}