{"id":72317,"date":"2022-09-08T18:11:24","date_gmt":"2022-09-09T00:11:24","guid":{"rendered":"https:\/\/canal7slp.tv\/2022\/?p=72317"},"modified":"2022-09-08T18:11:24","modified_gmt":"2022-09-09T00:11:24","slug":"autoridades-de-mexquitic-no-han-cumplido-con-requisito-para-festival-de-globos-pc","status":"publish","type":"post","link":"https:\/\/canal7slp.tv\/2022\/autoridades-de-mexquitic-no-han-cumplido-con-requisito-para-festival-de-globos-pc\/","title":{"rendered":"Autoridades de Mexquitic no han cumplido con requisito para Festival de Globos: PC."},"content":{"rendered":"<p style=\"text-align: justify;\">SLP.- En d\u00edas pasados las autoridades municipales de Mexquitic de Carmona anunciaron la presentaci\u00f3n de un Festival de Globos Aerost\u00e1ticos, que se llevar\u00eda a cabo a las orillas de la presa \u00c1lvaro Obreg\u00f3n, con grupos musicales en vivo, bebidas y antojitos programado para este s\u00e1bado 10 de Septiembre.<\/p>\n<p style=\"text-align: justify;\">Sin embargo, el director de Protecci\u00f3n Civil Estatal Mauricio Ordaz Flores afirm\u00f3 que pese a que el presidente municipal fue apercibido de que no contaba con los permisos correspondientes para llevar a cabo este evento, todav\u00eda hasta este jueves no hab\u00eda presentado ning\u00fan documento.<\/p>\n<p style=\"text-align: justify;\">El funcionario estatal se\u00f1al\u00f3 que esperar\u00e1n a que el alcalde Jos\u00e9 Hilario Leal Quisti\u00e1n cumpla con los requisitos, principalmente de seguridad, al decir que no se puede ser omiso ante un eventual riesgo que conlleva un evento de este tipo y del que dijo, se estima que ser\u00edan miles de personas las que podr\u00edan asistir.<\/p>\n<p style=\"text-align: justify;\">Afirm\u00f3 que no se trata de generar pol\u00e9mica en este caso y negarle el permiso al edil luego de que el pasado 8 de Agosto fuera detenido por elementos de la Guardia Civil Estatal en un ret\u00e9n, presuntamente en estado de ebriedad y que posterior a esto, d\u00edas despu\u00e9s el alcalde renunciara al Partido Verde Ecologista al que hab\u00eda llegado invitado por el gobernador del estado procedente del Partido Movimiento Ciudadano.<\/p>\n<p>Por: Claudio Ibarra<\/p>\n","protected":false},"excerpt":{"rendered":"<p>SLP.- En d\u00edas pasados las autoridades municipales de Mexquitic de Carmona anunciaron la presentaci\u00f3n de un Festival de Globos Aerost\u00e1ticos, que se llevar\u00eda a cabo a las orillas de la presa \u00c1lvaro Obreg\u00f3n, con grupos musicales en vivo, bebidas y antojitos programado para este s\u00e1bado 10 de Septiembre. Sin embargo, el director de Protecci\u00f3n Civil Estatal Mauricio Ordaz Flores afirm\u00f3 que pese a que el presidente municipal fue apercibido de que no contaba con los permisos correspondientes para llevar a cabo este evento, todav\u00eda hasta este jueves no hab\u00eda presentado ning\u00fan documento. El funcionario estatal se\u00f1al\u00f3 que esperar\u00e1n a que [&hellip;]<\/p>\n","protected":false},"author":2,"featured_media":72318,"comment_status":"closed","ping_status":"closed","sticky":false,"template":"","format":"video","meta":{"footnotes":""},"categories":[5,45],"tags":[],"class_list":["post-72317","post","type-post","status-publish","format-video","has-post-thumbnail","hentry","category-destacadas","category-localesyregionales","post_format-post-format-video","post--single"],"yoast_head":"<!-- This site is optimized with the Yoast SEO plugin v27.4 - https:\/\/yoast.com\/product\/yoast-seo-wordpress\/ -->\n<title>Autoridades de Mexquitic no han cumplido con requisito para Festival de Globos: PC. - Canal 7 SLP - 2022<\/title>\n<meta name=\"robots\" content=\"index, follow, max-snippet:-1, max-image-preview:large, max-video-preview:-1\" \/>\n<link rel=\"canonical\" href=\"https:\/\/canal7slp.tv\/2022\/autoridades-de-mexquitic-no-han-cumplido-con-requisito-para-festival-de-globos-pc\/\" \/>\n<meta property=\"og:locale\" content=\"es_ES\" \/>\n<meta property=\"og:type\" content=\"article\" \/>\n<meta property=\"og:title\" content=\"Autoridades de Mexquitic no han cumplido con requisito para Festival de Globos: PC. - Canal 7 SLP - 2022\" \/>\n<meta property=\"og:description\" content=\"SLP.- En d\u00edas pasados las autoridades municipales de Mexquitic de Carmona anunciaron la presentaci\u00f3n de un Festival de Globos Aerost\u00e1ticos, que se llevar\u00eda a cabo a las orillas de la presa \u00c1lvaro Obreg\u00f3n, con grupos musicales en vivo, bebidas y antojitos programado para este s\u00e1bado 10 de Septiembre. Sin embargo, el director de Protecci\u00f3n Civil Estatal Mauricio Ordaz Flores afirm\u00f3 que pese a que el presidente municipal fue apercibido de que no contaba con los permisos correspondientes para llevar a cabo este evento, todav\u00eda hasta este jueves no hab\u00eda presentado ning\u00fan documento. El funcionario estatal se\u00f1al\u00f3 que esperar\u00e1n a que [&hellip;]\" \/>\n<meta property=\"og:url\" content=\"https:\/\/canal7slp.tv\/2022\/autoridades-de-mexquitic-no-han-cumplido-con-requisito-para-festival-de-globos-pc\/\" \/>\n<meta property=\"og:site_name\" content=\"Canal 7 SLP - 2022\" \/>\n<meta property=\"article:publisher\" content=\"https:\/\/www.facebook.com\/noticieroscanalsiete\" \/>\n<meta property=\"article:published_time\" content=\"2022-09-09T00:11:24+00:00\" \/>\n<meta property=\"og:image\" content=\"https:\/\/canal7slp.tv\/2022\/wp-content\/uploads\/2022\/09\/Claudio03Globos.jpg\" \/>\n\t<meta property=\"og:image:width\" content=\"888\" \/>\n\t<meta property=\"og:image:height\" content=\"500\" \/>\n\t<meta property=\"og:image:type\" content=\"image\/jpeg\" \/>\n<meta name=\"author\" content=\"Edici\u00f3n Web\" \/>\n<meta name=\"twitter:card\" content=\"summary_large_image\" \/>\n<meta name=\"twitter:creator\" content=\"@NOTICIEROS7\" \/>\n<meta name=\"twitter:site\" content=\"@NOTICIEROS7\" \/>\n<meta name=\"twitter:label1\" content=\"Escrito por\" \/>\n\t<meta name=\"twitter:data1\" content=\"Edici\u00f3n Web\" \/>\n\t<meta name=\"twitter:label2\" content=\"Tiempo de lectura\" \/>\n\t<meta name=\"twitter:data2\" content=\"2 minutos\" \/>\n<script type=\"application\/ld+json\" class=\"yoast-schema-graph\">{\"@context\":\"https:\\\/\\\/schema.org\",\"@graph\":[{\"@type\":\"Article\",\"@id\":\"https:\\\/\\\/canal7slp.tv\\\/2022\\\/autoridades-de-mexquitic-no-han-cumplido-con-requisito-para-festival-de-globos-pc\\\/#article\",\"isPartOf\":{\"@id\":\"https:\\\/\\\/canal7slp.tv\\\/2022\\\/autoridades-de-mexquitic-no-han-cumplido-con-requisito-para-festival-de-globos-pc\\\/\"},\"author\":{\"name\":\"Edici\u00f3n Web\",\"@id\":\"https:\\\/\\\/canal7slp.tv\\\/2022\\\/#\\\/schema\\\/person\\\/429704152a21f5f856ce29aa69a238da\"},\"headline\":\"Autoridades de Mexquitic no han cumplido con requisito para Festival de Globos: PC.\",\"datePublished\":\"2022-09-09T00:11:24+00:00\",\"mainEntityOfPage\":{\"@id\":\"https:\\\/\\\/canal7slp.tv\\\/2022\\\/autoridades-de-mexquitic-no-han-cumplido-con-requisito-para-festival-de-globos-pc\\\/\"},\"wordCount\":253,\"publisher\":{\"@id\":\"https:\\\/\\\/canal7slp.tv\\\/2022\\\/#organization\"},\"image\":{\"@id\":\"https:\\\/\\\/canal7slp.tv\\\/2022\\\/autoridades-de-mexquitic-no-han-cumplido-con-requisito-para-festival-de-globos-pc\\\/#primaryimage\"},\"thumbnailUrl\":\"https:\\\/\\\/canal7slp.tv\\\/2022\\\/wp-content\\\/uploads\\\/2022\\\/09\\\/Claudio03Globos.jpg\",\"articleSection\":[\"DESTACADAS\",\"LOCALES Y REGIONALES\"],\"inLanguage\":\"es\"},{\"@type\":\"WebPage\",\"@id\":\"https:\\\/\\\/canal7slp.tv\\\/2022\\\/autoridades-de-mexquitic-no-han-cumplido-con-requisito-para-festival-de-globos-pc\\\/\",\"url\":\"https:\\\/\\\/canal7slp.tv\\\/2022\\\/autoridades-de-mexquitic-no-han-cumplido-con-requisito-para-festival-de-globos-pc\\\/\",\"name\":\"Autoridades de Mexquitic no han cumplido con requisito para Festival de Globos: PC. - Canal 7 SLP - 2022\",\"isPartOf\":{\"@id\":\"https:\\\/\\\/canal7slp.tv\\\/2022\\\/#website\"},\"primaryImageOfPage\":{\"@id\":\"https:\\\/\\\/canal7slp.tv\\\/2022\\\/autoridades-de-mexquitic-no-han-cumplido-con-requisito-para-festival-de-globos-pc\\\/#primaryimage\"},\"image\":{\"@id\":\"https:\\\/\\\/canal7slp.tv\\\/2022\\\/autoridades-de-mexquitic-no-han-cumplido-con-requisito-para-festival-de-globos-pc\\\/#primaryimage\"},\"thumbnailUrl\":\"https:\\\/\\\/canal7slp.tv\\\/2022\\\/wp-content\\\/uploads\\\/2022\\\/09\\\/Claudio03Globos.jpg\",\"datePublished\":\"2022-09-09T00:11:24+00:00\",\"breadcrumb\":{\"@id\":\"https:\\\/\\\/canal7slp.tv\\\/2022\\\/autoridades-de-mexquitic-no-han-cumplido-con-requisito-para-festival-de-globos-pc\\\/#breadcrumb\"},\"inLanguage\":\"es\",\"potentialAction\":[{\"@type\":\"ReadAction\",\"target\":[\"https:\\\/\\\/canal7slp.tv\\\/2022\\\/autoridades-de-mexquitic-no-han-cumplido-con-requisito-para-festival-de-globos-pc\\\/\"]}]},{\"@type\":\"ImageObject\",\"inLanguage\":\"es\",\"@id\":\"https:\\\/\\\/canal7slp.tv\\\/2022\\\/autoridades-de-mexquitic-no-han-cumplido-con-requisito-para-festival-de-globos-pc\\\/#primaryimage\",\"url\":\"https:\\\/\\\/canal7slp.tv\\\/2022\\\/wp-content\\\/uploads\\\/2022\\\/09\\\/Claudio03Globos.jpg\",\"contentUrl\":\"https:\\\/\\\/canal7slp.tv\\\/2022\\\/wp-content\\\/uploads\\\/2022\\\/09\\\/Claudio03Globos.jpg\",\"width\":888,\"height\":500},{\"@type\":\"BreadcrumbList\",\"@id\":\"https:\\\/\\\/canal7slp.tv\\\/2022\\\/autoridades-de-mexquitic-no-han-cumplido-con-requisito-para-festival-de-globos-pc\\\/#breadcrumb\",\"itemListElement\":[{\"@type\":\"ListItem\",\"position\":1,\"name\":\"Portada\",\"item\":\"https:\\\/\\\/canal7slp.tv\\\/2022\\\/\"},{\"@type\":\"ListItem\",\"position\":2,\"name\":\"Autoridades de Mexquitic no han cumplido con requisito para Festival de Globos: PC.\"}]},{\"@type\":\"WebSite\",\"@id\":\"https:\\\/\\\/canal7slp.tv\\\/2022\\\/#website\",\"url\":\"https:\\\/\\\/canal7slp.tv\\\/2022\\\/\",\"name\":\"N7 - Noticieros Canal 7\",\"description\":\"Somos Televisi\u00f3n\",\"publisher\":{\"@id\":\"https:\\\/\\\/canal7slp.tv\\\/2022\\\/#organization\"},\"potentialAction\":[{\"@type\":\"SearchAction\",\"target\":{\"@type\":\"EntryPoint\",\"urlTemplate\":\"https:\\\/\\\/canal7slp.tv\\\/2022\\\/?s={search_term_string}\"},\"query-input\":{\"@type\":\"PropertyValueSpecification\",\"valueRequired\":true,\"valueName\":\"search_term_string\"}}],\"inLanguage\":\"es\"},{\"@type\":\"Organization\",\"@id\":\"https:\\\/\\\/canal7slp.tv\\\/2022\\\/#organization\",\"name\":\"Noticieros Canal 7\",\"url\":\"https:\\\/\\\/canal7slp.tv\\\/2022\\\/\",\"logo\":{\"@type\":\"ImageObject\",\"inLanguage\":\"es\",\"@id\":\"https:\\\/\\\/canal7slp.tv\\\/2022\\\/#\\\/schema\\\/logo\\\/image\\\/\",\"url\":\"https:\\\/\\\/canal7slp.tv\\\/2022\\\/wp-content\\\/uploads\\\/2021\\\/01\\\/logo-noticieros@2x.png\",\"contentUrl\":\"https:\\\/\\\/canal7slp.tv\\\/2022\\\/wp-content\\\/uploads\\\/2021\\\/01\\\/logo-noticieros@2x.png\",\"width\":1017,\"height\":268,\"caption\":\"Noticieros Canal 7\"},\"image\":{\"@id\":\"https:\\\/\\\/canal7slp.tv\\\/2022\\\/#\\\/schema\\\/logo\\\/image\\\/\"},\"sameAs\":[\"https:\\\/\\\/www.facebook.com\\\/noticieroscanalsiete\",\"https:\\\/\\\/x.com\\\/NOTICIEROS7\",\"https:\\\/\\\/www.instagram.com\\\/canal7_slp\",\"https:\\\/\\\/www.youtube.com\\\/channel\\\/UCliiYs-gP3JfJeqdPrNdd5A\"]},{\"@type\":\"Person\",\"@id\":\"https:\\\/\\\/canal7slp.tv\\\/2022\\\/#\\\/schema\\\/person\\\/429704152a21f5f856ce29aa69a238da\",\"name\":\"Edici\u00f3n Web\",\"image\":{\"@type\":\"ImageObject\",\"inLanguage\":\"es\",\"@id\":\"https:\\\/\\\/secure.gravatar.com\\\/avatar\\\/eee448fc3f7164808013b816ba91ac7e43bbe82a70bebac296f8bc6f0addaa1a?s=96&d=mm&r=g\",\"url\":\"https:\\\/\\\/secure.gravatar.com\\\/avatar\\\/eee448fc3f7164808013b816ba91ac7e43bbe82a70bebac296f8bc6f0addaa1a?s=96&d=mm&r=g\",\"contentUrl\":\"https:\\\/\\\/secure.gravatar.com\\\/avatar\\\/eee448fc3f7164808013b816ba91ac7e43bbe82a70bebac296f8bc6f0addaa1a?s=96&d=mm&r=g\",\"caption\":\"Edici\u00f3n Web\"},\"url\":\"https:\\\/\\\/canal7slp.tv\\\/2022\\\/author\\\/edicionweb\\\/\"}]}<\/script>\n<!-- \/ Yoast SEO plugin. -->","yoast_head_json":{"title":"Autoridades de Mexquitic no han cumplido con requisito para Festival de Globos: PC. - Canal 7 SLP - 2022","robots":{"index":"index","follow":"follow","max-snippet":"max-snippet:-1","max-image-preview":"max-image-preview:large","max-video-preview":"max-video-preview:-1"},"canonical":"https:\/\/canal7slp.tv\/2022\/autoridades-de-mexquitic-no-han-cumplido-con-requisito-para-festival-de-globos-pc\/","og_locale":"es_ES","og_type":"article","og_title":"Autoridades de Mexquitic no han cumplido con requisito para Festival de Globos: PC. - Canal 7 SLP - 2022","og_description":"SLP.- En d\u00edas pasados las autoridades municipales de Mexquitic de Carmona anunciaron la presentaci\u00f3n de un Festival de Globos Aerost\u00e1ticos, que se llevar\u00eda a cabo a las orillas de la presa \u00c1lvaro Obreg\u00f3n, con grupos musicales en vivo, bebidas y antojitos programado para este s\u00e1bado 10 de Septiembre. Sin embargo, el director de Protecci\u00f3n Civil Estatal Mauricio Ordaz Flores afirm\u00f3 que pese a que el presidente municipal fue apercibido de que no contaba con los permisos correspondientes para llevar a cabo este evento, todav\u00eda hasta este jueves no hab\u00eda presentado ning\u00fan documento. El funcionario estatal se\u00f1al\u00f3 que esperar\u00e1n a que [&hellip;]","og_url":"https:\/\/canal7slp.tv\/2022\/autoridades-de-mexquitic-no-han-cumplido-con-requisito-para-festival-de-globos-pc\/","og_site_name":"Canal 7 SLP - 2022","article_publisher":"https:\/\/www.facebook.com\/noticieroscanalsiete","article_published_time":"2022-09-09T00:11:24+00:00","og_image":[{"width":888,"height":500,"url":"https:\/\/canal7slp.tv\/2022\/wp-content\/uploads\/2022\/09\/Claudio03Globos.jpg","type":"image\/jpeg"}],"author":"Edici\u00f3n Web","twitter_card":"summary_large_image","twitter_creator":"@NOTICIEROS7","twitter_site":"@NOTICIEROS7","twitter_misc":{"Escrito por":"Edici\u00f3n Web","Tiempo de lectura":"2 minutos"},"schema":{"@context":"https:\/\/schema.org","@graph":[{"@type":"Article","@id":"https:\/\/canal7slp.tv\/2022\/autoridades-de-mexquitic-no-han-cumplido-con-requisito-para-festival-de-globos-pc\/#article","isPartOf":{"@id":"https:\/\/canal7slp.tv\/2022\/autoridades-de-mexquitic-no-han-cumplido-con-requisito-para-festival-de-globos-pc\/"},"author":{"name":"Edici\u00f3n Web","@id":"https:\/\/canal7slp.tv\/2022\/#\/schema\/person\/429704152a21f5f856ce29aa69a238da"},"headline":"Autoridades de Mexquitic no han cumplido con requisito para Festival de Globos: PC.","datePublished":"2022-09-09T00:11:24+00:00","mainEntityOfPage":{"@id":"https:\/\/canal7slp.tv\/2022\/autoridades-de-mexquitic-no-han-cumplido-con-requisito-para-festival-de-globos-pc\/"},"wordCount":253,"publisher":{"@id":"https:\/\/canal7slp.tv\/2022\/#organization"},"image":{"@id":"https:\/\/canal7slp.tv\/2022\/autoridades-de-mexquitic-no-han-cumplido-con-requisito-para-festival-de-globos-pc\/#primaryimage"},"thumbnailUrl":"https:\/\/canal7slp.tv\/2022\/wp-content\/uploads\/2022\/09\/Claudio03Globos.jpg","articleSection":["DESTACADAS","LOCALES Y REGIONALES"],"inLanguage":"es"},{"@type":"WebPage","@id":"https:\/\/canal7slp.tv\/2022\/autoridades-de-mexquitic-no-han-cumplido-con-requisito-para-festival-de-globos-pc\/","url":"https:\/\/canal7slp.tv\/2022\/autoridades-de-mexquitic-no-han-cumplido-con-requisito-para-festival-de-globos-pc\/","name":"Autoridades de Mexquitic no han cumplido con requisito para Festival de Globos: PC. - Canal 7 SLP - 2022","isPartOf":{"@id":"https:\/\/canal7slp.tv\/2022\/#website"},"primaryImageOfPage":{"@id":"https:\/\/canal7slp.tv\/2022\/autoridades-de-mexquitic-no-han-cumplido-con-requisito-para-festival-de-globos-pc\/#primaryimage"},"image":{"@id":"https:\/\/canal7slp.tv\/2022\/autoridades-de-mexquitic-no-han-cumplido-con-requisito-para-festival-de-globos-pc\/#primaryimage"},"thumbnailUrl":"https:\/\/canal7slp.tv\/2022\/wp-content\/uploads\/2022\/09\/Claudio03Globos.jpg","datePublished":"2022-09-09T00:11:24+00:00","breadcrumb":{"@id":"https:\/\/canal7slp.tv\/2022\/autoridades-de-mexquitic-no-han-cumplido-con-requisito-para-festival-de-globos-pc\/#breadcrumb"},"inLanguage":"es","potentialAction":[{"@type":"ReadAction","target":["https:\/\/canal7slp.tv\/2022\/autoridades-de-mexquitic-no-han-cumplido-con-requisito-para-festival-de-globos-pc\/"]}]},{"@type":"ImageObject","inLanguage":"es","@id":"https:\/\/canal7slp.tv\/2022\/autoridades-de-mexquitic-no-han-cumplido-con-requisito-para-festival-de-globos-pc\/#primaryimage","url":"https:\/\/canal7slp.tv\/2022\/wp-content\/uploads\/2022\/09\/Claudio03Globos.jpg","contentUrl":"https:\/\/canal7slp.tv\/2022\/wp-content\/uploads\/2022\/09\/Claudio03Globos.jpg","width":888,"height":500},{"@type":"BreadcrumbList","@id":"https:\/\/canal7slp.tv\/2022\/autoridades-de-mexquitic-no-han-cumplido-con-requisito-para-festival-de-globos-pc\/#breadcrumb","itemListElement":[{"@type":"ListItem","position":1,"name":"Portada","item":"https:\/\/canal7slp.tv\/2022\/"},{"@type":"ListItem","position":2,"name":"Autoridades de Mexquitic no han cumplido con requisito para Festival de Globos: PC."}]},{"@type":"WebSite","@id":"https:\/\/canal7slp.tv\/2022\/#website","url":"https:\/\/canal7slp.tv\/2022\/","name":"N7 - Noticieros Canal 7","description":"Somos Televisi\u00f3n","publisher":{"@id":"https:\/\/canal7slp.tv\/2022\/#organization"},"potentialAction":[{"@type":"SearchAction","target":{"@type":"EntryPoint","urlTemplate":"https:\/\/canal7slp.tv\/2022\/?s={search_term_string}"},"query-input":{"@type":"PropertyValueSpecification","valueRequired":true,"valueName":"search_term_string"}}],"inLanguage":"es"},{"@type":"Organization","@id":"https:\/\/canal7slp.tv\/2022\/#organization","name":"Noticieros Canal 7","url":"https:\/\/canal7slp.tv\/2022\/","logo":{"@type":"ImageObject","inLanguage":"es","@id":"https:\/\/canal7slp.tv\/2022\/#\/schema\/logo\/image\/","url":"https:\/\/canal7slp.tv\/2022\/wp-content\/uploads\/2021\/01\/logo-noticieros@2x.png","contentUrl":"https:\/\/canal7slp.tv\/2022\/wp-content\/uploads\/2021\/01\/logo-noticieros@2x.png","width":1017,"height":268,"caption":"Noticieros Canal 7"},"image":{"@id":"https:\/\/canal7slp.tv\/2022\/#\/schema\/logo\/image\/"},"sameAs":["https:\/\/www.facebook.com\/noticieroscanalsiete","https:\/\/x.com\/NOTICIEROS7","https:\/\/www.instagram.com\/canal7_slp","https:\/\/www.youtube.com\/channel\/UCliiYs-gP3JfJeqdPrNdd5A"]},{"@type":"Person","@id":"https:\/\/canal7slp.tv\/2022\/#\/schema\/person\/429704152a21f5f856ce29aa69a238da","name":"Edici\u00f3n Web","image":{"@type":"ImageObject","inLanguage":"es","@id":"https:\/\/secure.gravatar.com\/avatar\/eee448fc3f7164808013b816ba91ac7e43bbe82a70bebac296f8bc6f0addaa1a?s=96&d=mm&r=g","url":"https:\/\/secure.gravatar.com\/avatar\/eee448fc3f7164808013b816ba91ac7e43bbe82a70bebac296f8bc6f0addaa1a?s=96&d=mm&r=g","contentUrl":"https:\/\/secure.gravatar.com\/avatar\/eee448fc3f7164808013b816ba91ac7e43bbe82a70bebac296f8bc6f0addaa1a?s=96&d=mm&r=g","caption":"Edici\u00f3n Web"},"url":"https:\/\/canal7slp.tv\/2022\/author\/edicionweb\/"}]}},"amp_enabled":true,"_links":{"self":[{"href":"https:\/\/canal7slp.tv\/2022\/wp-json\/wp\/v2\/posts\/72317","targetHints":{"allow":["GET"]}}],"collection":[{"href":"https:\/\/canal7slp.tv\/2022\/wp-json\/wp\/v2\/posts"}],"about":[{"href":"https:\/\/canal7slp.tv\/2022\/wp-json\/wp\/v2\/types\/post"}],"author":[{"embeddable":true,"href":"https:\/\/canal7slp.tv\/2022\/wp-json\/wp\/v2\/users\/2"}],"replies":[{"embeddable":true,"href":"https:\/\/canal7slp.tv\/2022\/wp-json\/wp\/v2\/comments?post=72317"}],"version-history":[{"count":1,"href":"https:\/\/canal7slp.tv\/2022\/wp-json\/wp\/v2\/posts\/72317\/revisions"}],"predecessor-version":[{"id":72319,"href":"https:\/\/canal7slp.tv\/2022\/wp-json\/wp\/v2\/posts\/72317\/revisions\/72319"}],"wp:featuredmedia":[{"embeddable":true,"href":"https:\/\/canal7slp.tv\/2022\/wp-json\/wp\/v2\/media\/72318"}],"wp:attachment":[{"href":"https:\/\/canal7slp.tv\/2022\/wp-json\/wp\/v2\/media?parent=72317"}],"wp:term":[{"taxonomy":"category","embeddable":true,"href":"https:\/\/canal7slp.tv\/2022\/wp-json\/wp\/v2\/categories?post=72317"},{"taxonomy":"post_tag","embeddable":true,"href":"https:\/\/canal7slp.tv\/2022\/wp-json\/wp\/v2\/tags?post=72317"}],"curies":[{"name":"wp","href":"https:\/\/api.w.org\/{rel}","templated":true}]}}