{"id":72288,"date":"2022-09-08T17:48:43","date_gmt":"2022-09-08T23:48:43","guid":{"rendered":"https:\/\/canal7slp.tv\/2022\/?p=72288"},"modified":"2022-09-08T17:48:43","modified_gmt":"2022-09-08T23:48:43","slug":"presentan-en-casa-de-moneda-de-slp-la-medalla-sebastian-en-conmemoracion-de-la-trayectoria-del-artista-enrique-carbajal","status":"publish","type":"post","link":"https:\/\/canal7slp.tv\/2022\/presentan-en-casa-de-moneda-de-slp-la-medalla-sebastian-en-conmemoracion-de-la-trayectoria-del-artista-enrique-carbajal\/","title":{"rendered":"Presentan en Casa de Moneda de SLP la Medalla Sebasti\u00e1n en conmemoraci\u00f3n de la trayectoria del artista Enrique Carbajal."},"content":{"rendered":"<p style=\"text-align: justify;\">SLP.- Este jueves, se llev\u00f3 a cabo la presentaci\u00f3n y lanzamiento de la Medalla Sebasti\u00e1n en las instalaciones de la Casa de Moneda en conmemoraci\u00f3n de la trayectoria y la importancia que tiene a nivel nacional e internacional el artista escultor, Enrique Carvajal.<\/p>\n<p style=\"text-align: justify;\">La pieza en cuesti\u00f3n es fabricada en plata y de edici\u00f3n limitada; cuenta por un lado con la imagen del homenajeado y del otro se puede observar \u00abEl Caballito\u00bb, una de sus obras m\u00e1s conocidas.<\/p>\n<p style=\"text-align: justify;\">As\u00ed lo explic\u00f3 el director de la Casa de Moneda de M\u00e9xico, Sergio Ernesto Casanueva, quien destac\u00f3 la carrera art\u00edstica de Carvajal y el trabajo que se destina por parte de quienes integran este \u00f3rgano para crearla.<\/p>\n<p style=\"text-align: justify;\">\u00abEstamos profundamente honrados aqu\u00ed en casa de moneda de participar junto con ustedes de la presentaci\u00f3n de una medalla de edici\u00f3n limitada y conmemorativa de los 55 a\u00f1os de vida art\u00edstica que celebra las aportaciones del maestro Sebasti\u00e1n al patrimonio cultural de los mexicanos y de los latinoamericanos e hispanos\u00bb, dijo.<\/p>\n<p style=\"text-align: justify;\">Por otro lado, el propio artista agradeci\u00f3 a los presentes por su homenaje hacia el arte que realiza; adem\u00e1s, resalt\u00f3 el orgullo que siente de ser un mexicano que pone en alto el nombre del pa\u00eds en diferentes partes del mundo.<\/p>\n<p style=\"text-align: justify;\">\u00abDecir que hay seis piezas monumentales solo en Jap\u00f3n es muy emocionante para m\u00ed y para M\u00e9xico porque yo me emociono cuando veo las placas que dicen: escultor mexicano, mi nombre y lo fundamental es que M\u00e9xico est\u00e1 presente ah\u00ed, haciendo eco de la gran cultura que tenemos los mexicanos, de la gran ra\u00edz cultural, escult\u00f3rica, pict\u00f3rica en todas las Bellas Artes\u00bb, agreg\u00f3.<\/p>\n<p style=\"text-align: justify;\">En el evento tambi\u00e9n estuvo presente el presidente municipal de San Luis Potos\u00ed, Enrique Galindo Ceballos quien anunci\u00f3 proyectos con el artista y que se dar\u00e1n a conocer en los pr\u00f3ximos d\u00edas.<\/p>\n<p style=\"text-align: justify;\">\u00abAgradecer a nombre de la ciudad que enaltezcamos a este escultor personaje de M\u00e9xico; que sea en San Luis Potos\u00ed para m\u00ed tiene varios motivos de sentirme contento y desde luego decirle a Sebasti\u00e1n, mi amigo, mi tocayo y quien me abre la visi\u00f3n al mundo del arte que cada d\u00eda eres m\u00e1s de San Luis Potos\u00ed, esta ciudad cada d\u00eda es m\u00e1s sebastina, cada d\u00eda se construye m\u00e1s alrededor de ti; no es el momento, pero si puedo compartir que hay proyectos para Sebasti\u00e1n aqu\u00ed en San Luis Potos\u00ed\u00bb, coment\u00f3.<\/p>\n<p style=\"text-align: justify;\">A su vez, el director general de fomento art\u00edstico de la Secretar\u00eda de Cultura, Antonio de Rabinal Gamboa L\u00f3pez, habl\u00f3 sobre el significado, el impacto y la dignificaci\u00f3n de la medalla Sebasti\u00e1n.<\/p>\n<p style=\"text-align: justify;\">\u00abLa medalla Sebasti\u00e1n celebra al hombre, al creador, dando sentido espiritual a su tiempo, compresi\u00f3n a su mente y sentido de responsabilidad com\u00fan en la preservaci\u00f3n de su patrimonio nacional. Significa recordar sus obras y su trayectoria en el arte y nuestra sociedad al cumplir uno de los fines esenciales que es producir esa catarsis necesaria en quienes contemplan su obra\u00bb, culmin\u00f3.<\/p>\n<p>Por: Jos\u00e9 Luis V\u00e1zquez<\/p>\n","protected":false},"excerpt":{"rendered":"<p>SLP.- Este jueves, se llev\u00f3 a cabo la presentaci\u00f3n y lanzamiento de la Medalla Sebasti\u00e1n en las instalaciones de la Casa de Moneda en conmemoraci\u00f3n de la trayectoria y la importancia que tiene a nivel nacional e internacional el artista escultor, Enrique Carvajal. La pieza en cuesti\u00f3n es fabricada en plata y de edici\u00f3n limitada; cuenta por un lado con la imagen del homenajeado y del otro se puede observar \u00abEl Caballito\u00bb, una de sus obras m\u00e1s conocidas. As\u00ed lo explic\u00f3 el director de la Casa de Moneda de M\u00e9xico, Sergio Ernesto Casanueva, quien destac\u00f3 la carrera art\u00edstica de Carvajal [&hellip;]<\/p>\n","protected":false},"author":2,"featured_media":72309,"comment_status":"closed","ping_status":"closed","sticky":false,"template":"","format":"video","meta":{"footnotes":""},"categories":[5,45],"tags":[],"class_list":["post-72288","post","type-post","status-publish","format-video","has-post-thumbnail","hentry","category-destacadas","category-localesyregionales","post_format-post-format-video","post--single"],"yoast_head":"<!-- This site is optimized with the Yoast SEO plugin v27.4 - https:\/\/yoast.com\/product\/yoast-seo-wordpress\/ -->\n<title>Presentan en Casa de Moneda de SLP la Medalla Sebasti\u00e1n en conmemoraci\u00f3n de la trayectoria del artista Enrique Carbajal. - Canal 7 SLP - 2022<\/title>\n<meta name=\"robots\" content=\"index, follow, max-snippet:-1, max-image-preview:large, max-video-preview:-1\" \/>\n<link rel=\"canonical\" href=\"https:\/\/canal7slp.tv\/2022\/presentan-en-casa-de-moneda-de-slp-la-medalla-sebastian-en-conmemoracion-de-la-trayectoria-del-artista-enrique-carbajal\/\" \/>\n<meta property=\"og:locale\" content=\"es_ES\" \/>\n<meta property=\"og:type\" content=\"article\" \/>\n<meta property=\"og:title\" content=\"Presentan en Casa de Moneda de SLP la Medalla Sebasti\u00e1n en conmemoraci\u00f3n de la trayectoria del artista Enrique Carbajal. - Canal 7 SLP - 2022\" \/>\n<meta property=\"og:description\" content=\"SLP.- Este jueves, se llev\u00f3 a cabo la presentaci\u00f3n y lanzamiento de la Medalla Sebasti\u00e1n en las instalaciones de la Casa de Moneda en conmemoraci\u00f3n de la trayectoria y la importancia que tiene a nivel nacional e internacional el artista escultor, Enrique Carvajal. La pieza en cuesti\u00f3n es fabricada en plata y de edici\u00f3n limitada; cuenta por un lado con la imagen del homenajeado y del otro se puede observar \u00abEl Caballito\u00bb, una de sus obras m\u00e1s conocidas. As\u00ed lo explic\u00f3 el director de la Casa de Moneda de M\u00e9xico, Sergio Ernesto Casanueva, quien destac\u00f3 la carrera art\u00edstica de Carvajal [&hellip;]\" \/>\n<meta property=\"og:url\" content=\"https:\/\/canal7slp.tv\/2022\/presentan-en-casa-de-moneda-de-slp-la-medalla-sebastian-en-conmemoracion-de-la-trayectoria-del-artista-enrique-carbajal\/\" \/>\n<meta property=\"og:site_name\" content=\"Canal 7 SLP - 2022\" \/>\n<meta property=\"article:publisher\" content=\"https:\/\/www.facebook.com\/noticieroscanalsiete\" \/>\n<meta property=\"article:published_time\" content=\"2022-09-08T23:48:43+00:00\" \/>\n<meta property=\"og:image\" content=\"https:\/\/canal7slp.tv\/2022\/wp-content\/uploads\/2022\/09\/Vazquez03MedallaSebastian-1.jpg\" \/>\n\t<meta property=\"og:image:width\" content=\"888\" \/>\n\t<meta property=\"og:image:height\" content=\"500\" \/>\n\t<meta property=\"og:image:type\" content=\"image\/jpeg\" \/>\n<meta name=\"author\" content=\"Edici\u00f3n Web\" \/>\n<meta name=\"twitter:card\" content=\"summary_large_image\" \/>\n<meta name=\"twitter:creator\" content=\"@NOTICIEROS7\" \/>\n<meta name=\"twitter:site\" content=\"@NOTICIEROS7\" \/>\n<meta name=\"twitter:label1\" content=\"Escrito por\" \/>\n\t<meta name=\"twitter:data1\" content=\"Edici\u00f3n Web\" \/>\n\t<meta name=\"twitter:label2\" content=\"Tiempo de lectura\" \/>\n\t<meta name=\"twitter:data2\" content=\"3 minutos\" \/>\n<script type=\"application\/ld+json\" class=\"yoast-schema-graph\">{\"@context\":\"https:\\\/\\\/schema.org\",\"@graph\":[{\"@type\":\"Article\",\"@id\":\"https:\\\/\\\/canal7slp.tv\\\/2022\\\/presentan-en-casa-de-moneda-de-slp-la-medalla-sebastian-en-conmemoracion-de-la-trayectoria-del-artista-enrique-carbajal\\\/#article\",\"isPartOf\":{\"@id\":\"https:\\\/\\\/canal7slp.tv\\\/2022\\\/presentan-en-casa-de-moneda-de-slp-la-medalla-sebastian-en-conmemoracion-de-la-trayectoria-del-artista-enrique-carbajal\\\/\"},\"author\":{\"name\":\"Edici\u00f3n Web\",\"@id\":\"https:\\\/\\\/canal7slp.tv\\\/2022\\\/#\\\/schema\\\/person\\\/429704152a21f5f856ce29aa69a238da\"},\"headline\":\"Presentan en Casa de Moneda de SLP la Medalla Sebasti\u00e1n en conmemoraci\u00f3n de la trayectoria del artista Enrique Carbajal.\",\"datePublished\":\"2022-09-08T23:48:43+00:00\",\"mainEntityOfPage\":{\"@id\":\"https:\\\/\\\/canal7slp.tv\\\/2022\\\/presentan-en-casa-de-moneda-de-slp-la-medalla-sebastian-en-conmemoracion-de-la-trayectoria-del-artista-enrique-carbajal\\\/\"},\"wordCount\":557,\"publisher\":{\"@id\":\"https:\\\/\\\/canal7slp.tv\\\/2022\\\/#organization\"},\"image\":{\"@id\":\"https:\\\/\\\/canal7slp.tv\\\/2022\\\/presentan-en-casa-de-moneda-de-slp-la-medalla-sebastian-en-conmemoracion-de-la-trayectoria-del-artista-enrique-carbajal\\\/#primaryimage\"},\"thumbnailUrl\":\"https:\\\/\\\/canal7slp.tv\\\/2022\\\/wp-content\\\/uploads\\\/2022\\\/09\\\/Vazquez03MedallaSebastian-1.jpg\",\"articleSection\":[\"DESTACADAS\",\"LOCALES Y REGIONALES\"],\"inLanguage\":\"es\"},{\"@type\":\"WebPage\",\"@id\":\"https:\\\/\\\/canal7slp.tv\\\/2022\\\/presentan-en-casa-de-moneda-de-slp-la-medalla-sebastian-en-conmemoracion-de-la-trayectoria-del-artista-enrique-carbajal\\\/\",\"url\":\"https:\\\/\\\/canal7slp.tv\\\/2022\\\/presentan-en-casa-de-moneda-de-slp-la-medalla-sebastian-en-conmemoracion-de-la-trayectoria-del-artista-enrique-carbajal\\\/\",\"name\":\"Presentan en Casa de Moneda de SLP la Medalla Sebasti\u00e1n en conmemoraci\u00f3n de la trayectoria del artista Enrique Carbajal. - Canal 7 SLP - 2022\",\"isPartOf\":{\"@id\":\"https:\\\/\\\/canal7slp.tv\\\/2022\\\/#website\"},\"primaryImageOfPage\":{\"@id\":\"https:\\\/\\\/canal7slp.tv\\\/2022\\\/presentan-en-casa-de-moneda-de-slp-la-medalla-sebastian-en-conmemoracion-de-la-trayectoria-del-artista-enrique-carbajal\\\/#primaryimage\"},\"image\":{\"@id\":\"https:\\\/\\\/canal7slp.tv\\\/2022\\\/presentan-en-casa-de-moneda-de-slp-la-medalla-sebastian-en-conmemoracion-de-la-trayectoria-del-artista-enrique-carbajal\\\/#primaryimage\"},\"thumbnailUrl\":\"https:\\\/\\\/canal7slp.tv\\\/2022\\\/wp-content\\\/uploads\\\/2022\\\/09\\\/Vazquez03MedallaSebastian-1.jpg\",\"datePublished\":\"2022-09-08T23:48:43+00:00\",\"breadcrumb\":{\"@id\":\"https:\\\/\\\/canal7slp.tv\\\/2022\\\/presentan-en-casa-de-moneda-de-slp-la-medalla-sebastian-en-conmemoracion-de-la-trayectoria-del-artista-enrique-carbajal\\\/#breadcrumb\"},\"inLanguage\":\"es\",\"potentialAction\":[{\"@type\":\"ReadAction\",\"target\":[\"https:\\\/\\\/canal7slp.tv\\\/2022\\\/presentan-en-casa-de-moneda-de-slp-la-medalla-sebastian-en-conmemoracion-de-la-trayectoria-del-artista-enrique-carbajal\\\/\"]}]},{\"@type\":\"ImageObject\",\"inLanguage\":\"es\",\"@id\":\"https:\\\/\\\/canal7slp.tv\\\/2022\\\/presentan-en-casa-de-moneda-de-slp-la-medalla-sebastian-en-conmemoracion-de-la-trayectoria-del-artista-enrique-carbajal\\\/#primaryimage\",\"url\":\"https:\\\/\\\/canal7slp.tv\\\/2022\\\/wp-content\\\/uploads\\\/2022\\\/09\\\/Vazquez03MedallaSebastian-1.jpg\",\"contentUrl\":\"https:\\\/\\\/canal7slp.tv\\\/2022\\\/wp-content\\\/uploads\\\/2022\\\/09\\\/Vazquez03MedallaSebastian-1.jpg\",\"width\":888,\"height\":500},{\"@type\":\"BreadcrumbList\",\"@id\":\"https:\\\/\\\/canal7slp.tv\\\/2022\\\/presentan-en-casa-de-moneda-de-slp-la-medalla-sebastian-en-conmemoracion-de-la-trayectoria-del-artista-enrique-carbajal\\\/#breadcrumb\",\"itemListElement\":[{\"@type\":\"ListItem\",\"position\":1,\"name\":\"Portada\",\"item\":\"https:\\\/\\\/canal7slp.tv\\\/2022\\\/\"},{\"@type\":\"ListItem\",\"position\":2,\"name\":\"Presentan en Casa de Moneda de SLP la Medalla Sebasti\u00e1n en conmemoraci\u00f3n de la trayectoria del artista Enrique Carbajal.\"}]},{\"@type\":\"WebSite\",\"@id\":\"https:\\\/\\\/canal7slp.tv\\\/2022\\\/#website\",\"url\":\"https:\\\/\\\/canal7slp.tv\\\/2022\\\/\",\"name\":\"N7 - Noticieros Canal 7\",\"description\":\"Somos Televisi\u00f3n\",\"publisher\":{\"@id\":\"https:\\\/\\\/canal7slp.tv\\\/2022\\\/#organization\"},\"potentialAction\":[{\"@type\":\"SearchAction\",\"target\":{\"@type\":\"EntryPoint\",\"urlTemplate\":\"https:\\\/\\\/canal7slp.tv\\\/2022\\\/?s={search_term_string}\"},\"query-input\":{\"@type\":\"PropertyValueSpecification\",\"valueRequired\":true,\"valueName\":\"search_term_string\"}}],\"inLanguage\":\"es\"},{\"@type\":\"Organization\",\"@id\":\"https:\\\/\\\/canal7slp.tv\\\/2022\\\/#organization\",\"name\":\"Noticieros Canal 7\",\"url\":\"https:\\\/\\\/canal7slp.tv\\\/2022\\\/\",\"logo\":{\"@type\":\"ImageObject\",\"inLanguage\":\"es\",\"@id\":\"https:\\\/\\\/canal7slp.tv\\\/2022\\\/#\\\/schema\\\/logo\\\/image\\\/\",\"url\":\"https:\\\/\\\/canal7slp.tv\\\/2022\\\/wp-content\\\/uploads\\\/2021\\\/01\\\/logo-noticieros@2x.png\",\"contentUrl\":\"https:\\\/\\\/canal7slp.tv\\\/2022\\\/wp-content\\\/uploads\\\/2021\\\/01\\\/logo-noticieros@2x.png\",\"width\":1017,\"height\":268,\"caption\":\"Noticieros Canal 7\"},\"image\":{\"@id\":\"https:\\\/\\\/canal7slp.tv\\\/2022\\\/#\\\/schema\\\/logo\\\/image\\\/\"},\"sameAs\":[\"https:\\\/\\\/www.facebook.com\\\/noticieroscanalsiete\",\"https:\\\/\\\/x.com\\\/NOTICIEROS7\",\"https:\\\/\\\/www.instagram.com\\\/canal7_slp\",\"https:\\\/\\\/www.youtube.com\\\/channel\\\/UCliiYs-gP3JfJeqdPrNdd5A\"]},{\"@type\":\"Person\",\"@id\":\"https:\\\/\\\/canal7slp.tv\\\/2022\\\/#\\\/schema\\\/person\\\/429704152a21f5f856ce29aa69a238da\",\"name\":\"Edici\u00f3n Web\",\"image\":{\"@type\":\"ImageObject\",\"inLanguage\":\"es\",\"@id\":\"https:\\\/\\\/secure.gravatar.com\\\/avatar\\\/eee448fc3f7164808013b816ba91ac7e43bbe82a70bebac296f8bc6f0addaa1a?s=96&d=mm&r=g\",\"url\":\"https:\\\/\\\/secure.gravatar.com\\\/avatar\\\/eee448fc3f7164808013b816ba91ac7e43bbe82a70bebac296f8bc6f0addaa1a?s=96&d=mm&r=g\",\"contentUrl\":\"https:\\\/\\\/secure.gravatar.com\\\/avatar\\\/eee448fc3f7164808013b816ba91ac7e43bbe82a70bebac296f8bc6f0addaa1a?s=96&d=mm&r=g\",\"caption\":\"Edici\u00f3n Web\"},\"url\":\"https:\\\/\\\/canal7slp.tv\\\/2022\\\/author\\\/edicionweb\\\/\"}]}<\/script>\n<!-- \/ Yoast SEO plugin. -->","yoast_head_json":{"title":"Presentan en Casa de Moneda de SLP la Medalla Sebasti\u00e1n en conmemoraci\u00f3n de la trayectoria del artista Enrique Carbajal. - Canal 7 SLP - 2022","robots":{"index":"index","follow":"follow","max-snippet":"max-snippet:-1","max-image-preview":"max-image-preview:large","max-video-preview":"max-video-preview:-1"},"canonical":"https:\/\/canal7slp.tv\/2022\/presentan-en-casa-de-moneda-de-slp-la-medalla-sebastian-en-conmemoracion-de-la-trayectoria-del-artista-enrique-carbajal\/","og_locale":"es_ES","og_type":"article","og_title":"Presentan en Casa de Moneda de SLP la Medalla Sebasti\u00e1n en conmemoraci\u00f3n de la trayectoria del artista Enrique Carbajal. - Canal 7 SLP - 2022","og_description":"SLP.- Este jueves, se llev\u00f3 a cabo la presentaci\u00f3n y lanzamiento de la Medalla Sebasti\u00e1n en las instalaciones de la Casa de Moneda en conmemoraci\u00f3n de la trayectoria y la importancia que tiene a nivel nacional e internacional el artista escultor, Enrique Carvajal. La pieza en cuesti\u00f3n es fabricada en plata y de edici\u00f3n limitada; cuenta por un lado con la imagen del homenajeado y del otro se puede observar \u00abEl Caballito\u00bb, una de sus obras m\u00e1s conocidas. As\u00ed lo explic\u00f3 el director de la Casa de Moneda de M\u00e9xico, Sergio Ernesto Casanueva, quien destac\u00f3 la carrera art\u00edstica de Carvajal [&hellip;]","og_url":"https:\/\/canal7slp.tv\/2022\/presentan-en-casa-de-moneda-de-slp-la-medalla-sebastian-en-conmemoracion-de-la-trayectoria-del-artista-enrique-carbajal\/","og_site_name":"Canal 7 SLP - 2022","article_publisher":"https:\/\/www.facebook.com\/noticieroscanalsiete","article_published_time":"2022-09-08T23:48:43+00:00","og_image":[{"width":888,"height":500,"url":"https:\/\/canal7slp.tv\/2022\/wp-content\/uploads\/2022\/09\/Vazquez03MedallaSebastian-1.jpg","type":"image\/jpeg"}],"author":"Edici\u00f3n Web","twitter_card":"summary_large_image","twitter_creator":"@NOTICIEROS7","twitter_site":"@NOTICIEROS7","twitter_misc":{"Escrito por":"Edici\u00f3n Web","Tiempo de lectura":"3 minutos"},"schema":{"@context":"https:\/\/schema.org","@graph":[{"@type":"Article","@id":"https:\/\/canal7slp.tv\/2022\/presentan-en-casa-de-moneda-de-slp-la-medalla-sebastian-en-conmemoracion-de-la-trayectoria-del-artista-enrique-carbajal\/#article","isPartOf":{"@id":"https:\/\/canal7slp.tv\/2022\/presentan-en-casa-de-moneda-de-slp-la-medalla-sebastian-en-conmemoracion-de-la-trayectoria-del-artista-enrique-carbajal\/"},"author":{"name":"Edici\u00f3n Web","@id":"https:\/\/canal7slp.tv\/2022\/#\/schema\/person\/429704152a21f5f856ce29aa69a238da"},"headline":"Presentan en Casa de Moneda de SLP la Medalla Sebasti\u00e1n en conmemoraci\u00f3n de la trayectoria del artista Enrique Carbajal.","datePublished":"2022-09-08T23:48:43+00:00","mainEntityOfPage":{"@id":"https:\/\/canal7slp.tv\/2022\/presentan-en-casa-de-moneda-de-slp-la-medalla-sebastian-en-conmemoracion-de-la-trayectoria-del-artista-enrique-carbajal\/"},"wordCount":557,"publisher":{"@id":"https:\/\/canal7slp.tv\/2022\/#organization"},"image":{"@id":"https:\/\/canal7slp.tv\/2022\/presentan-en-casa-de-moneda-de-slp-la-medalla-sebastian-en-conmemoracion-de-la-trayectoria-del-artista-enrique-carbajal\/#primaryimage"},"thumbnailUrl":"https:\/\/canal7slp.tv\/2022\/wp-content\/uploads\/2022\/09\/Vazquez03MedallaSebastian-1.jpg","articleSection":["DESTACADAS","LOCALES Y REGIONALES"],"inLanguage":"es"},{"@type":"WebPage","@id":"https:\/\/canal7slp.tv\/2022\/presentan-en-casa-de-moneda-de-slp-la-medalla-sebastian-en-conmemoracion-de-la-trayectoria-del-artista-enrique-carbajal\/","url":"https:\/\/canal7slp.tv\/2022\/presentan-en-casa-de-moneda-de-slp-la-medalla-sebastian-en-conmemoracion-de-la-trayectoria-del-artista-enrique-carbajal\/","name":"Presentan en Casa de Moneda de SLP la Medalla Sebasti\u00e1n en conmemoraci\u00f3n de la trayectoria del artista Enrique Carbajal. - Canal 7 SLP - 2022","isPartOf":{"@id":"https:\/\/canal7slp.tv\/2022\/#website"},"primaryImageOfPage":{"@id":"https:\/\/canal7slp.tv\/2022\/presentan-en-casa-de-moneda-de-slp-la-medalla-sebastian-en-conmemoracion-de-la-trayectoria-del-artista-enrique-carbajal\/#primaryimage"},"image":{"@id":"https:\/\/canal7slp.tv\/2022\/presentan-en-casa-de-moneda-de-slp-la-medalla-sebastian-en-conmemoracion-de-la-trayectoria-del-artista-enrique-carbajal\/#primaryimage"},"thumbnailUrl":"https:\/\/canal7slp.tv\/2022\/wp-content\/uploads\/2022\/09\/Vazquez03MedallaSebastian-1.jpg","datePublished":"2022-09-08T23:48:43+00:00","breadcrumb":{"@id":"https:\/\/canal7slp.tv\/2022\/presentan-en-casa-de-moneda-de-slp-la-medalla-sebastian-en-conmemoracion-de-la-trayectoria-del-artista-enrique-carbajal\/#breadcrumb"},"inLanguage":"es","potentialAction":[{"@type":"ReadAction","target":["https:\/\/canal7slp.tv\/2022\/presentan-en-casa-de-moneda-de-slp-la-medalla-sebastian-en-conmemoracion-de-la-trayectoria-del-artista-enrique-carbajal\/"]}]},{"@type":"ImageObject","inLanguage":"es","@id":"https:\/\/canal7slp.tv\/2022\/presentan-en-casa-de-moneda-de-slp-la-medalla-sebastian-en-conmemoracion-de-la-trayectoria-del-artista-enrique-carbajal\/#primaryimage","url":"https:\/\/canal7slp.tv\/2022\/wp-content\/uploads\/2022\/09\/Vazquez03MedallaSebastian-1.jpg","contentUrl":"https:\/\/canal7slp.tv\/2022\/wp-content\/uploads\/2022\/09\/Vazquez03MedallaSebastian-1.jpg","width":888,"height":500},{"@type":"BreadcrumbList","@id":"https:\/\/canal7slp.tv\/2022\/presentan-en-casa-de-moneda-de-slp-la-medalla-sebastian-en-conmemoracion-de-la-trayectoria-del-artista-enrique-carbajal\/#breadcrumb","itemListElement":[{"@type":"ListItem","position":1,"name":"Portada","item":"https:\/\/canal7slp.tv\/2022\/"},{"@type":"ListItem","position":2,"name":"Presentan en Casa de Moneda de SLP la Medalla Sebasti\u00e1n en conmemoraci\u00f3n de la trayectoria del artista Enrique Carbajal."}]},{"@type":"WebSite","@id":"https:\/\/canal7slp.tv\/2022\/#website","url":"https:\/\/canal7slp.tv\/2022\/","name":"N7 - Noticieros Canal 7","description":"Somos Televisi\u00f3n","publisher":{"@id":"https:\/\/canal7slp.tv\/2022\/#organization"},"potentialAction":[{"@type":"SearchAction","target":{"@type":"EntryPoint","urlTemplate":"https:\/\/canal7slp.tv\/2022\/?s={search_term_string}"},"query-input":{"@type":"PropertyValueSpecification","valueRequired":true,"valueName":"search_term_string"}}],"inLanguage":"es"},{"@type":"Organization","@id":"https:\/\/canal7slp.tv\/2022\/#organization","name":"Noticieros Canal 7","url":"https:\/\/canal7slp.tv\/2022\/","logo":{"@type":"ImageObject","inLanguage":"es","@id":"https:\/\/canal7slp.tv\/2022\/#\/schema\/logo\/image\/","url":"https:\/\/canal7slp.tv\/2022\/wp-content\/uploads\/2021\/01\/logo-noticieros@2x.png","contentUrl":"https:\/\/canal7slp.tv\/2022\/wp-content\/uploads\/2021\/01\/logo-noticieros@2x.png","width":1017,"height":268,"caption":"Noticieros Canal 7"},"image":{"@id":"https:\/\/canal7slp.tv\/2022\/#\/schema\/logo\/image\/"},"sameAs":["https:\/\/www.facebook.com\/noticieroscanalsiete","https:\/\/x.com\/NOTICIEROS7","https:\/\/www.instagram.com\/canal7_slp","https:\/\/www.youtube.com\/channel\/UCliiYs-gP3JfJeqdPrNdd5A"]},{"@type":"Person","@id":"https:\/\/canal7slp.tv\/2022\/#\/schema\/person\/429704152a21f5f856ce29aa69a238da","name":"Edici\u00f3n Web","image":{"@type":"ImageObject","inLanguage":"es","@id":"https:\/\/secure.gravatar.com\/avatar\/eee448fc3f7164808013b816ba91ac7e43bbe82a70bebac296f8bc6f0addaa1a?s=96&d=mm&r=g","url":"https:\/\/secure.gravatar.com\/avatar\/eee448fc3f7164808013b816ba91ac7e43bbe82a70bebac296f8bc6f0addaa1a?s=96&d=mm&r=g","contentUrl":"https:\/\/secure.gravatar.com\/avatar\/eee448fc3f7164808013b816ba91ac7e43bbe82a70bebac296f8bc6f0addaa1a?s=96&d=mm&r=g","caption":"Edici\u00f3n Web"},"url":"https:\/\/canal7slp.tv\/2022\/author\/edicionweb\/"}]}},"amp_enabled":true,"_links":{"self":[{"href":"https:\/\/canal7slp.tv\/2022\/wp-json\/wp\/v2\/posts\/72288","targetHints":{"allow":["GET"]}}],"collection":[{"href":"https:\/\/canal7slp.tv\/2022\/wp-json\/wp\/v2\/posts"}],"about":[{"href":"https:\/\/canal7slp.tv\/2022\/wp-json\/wp\/v2\/types\/post"}],"author":[{"embeddable":true,"href":"https:\/\/canal7slp.tv\/2022\/wp-json\/wp\/v2\/users\/2"}],"replies":[{"embeddable":true,"href":"https:\/\/canal7slp.tv\/2022\/wp-json\/wp\/v2\/comments?post=72288"}],"version-history":[{"count":3,"href":"https:\/\/canal7slp.tv\/2022\/wp-json\/wp\/v2\/posts\/72288\/revisions"}],"predecessor-version":[{"id":72310,"href":"https:\/\/canal7slp.tv\/2022\/wp-json\/wp\/v2\/posts\/72288\/revisions\/72310"}],"wp:featuredmedia":[{"embeddable":true,"href":"https:\/\/canal7slp.tv\/2022\/wp-json\/wp\/v2\/media\/72309"}],"wp:attachment":[{"href":"https:\/\/canal7slp.tv\/2022\/wp-json\/wp\/v2\/media?parent=72288"}],"wp:term":[{"taxonomy":"category","embeddable":true,"href":"https:\/\/canal7slp.tv\/2022\/wp-json\/wp\/v2\/categories?post=72288"},{"taxonomy":"post_tag","embeddable":true,"href":"https:\/\/canal7slp.tv\/2022\/wp-json\/wp\/v2\/tags?post=72288"}],"curies":[{"name":"wp","href":"https:\/\/api.w.org\/{rel}","templated":true}]}}