{"id":72248,"date":"2022-09-08T13:33:05","date_gmt":"2022-09-08T19:33:05","guid":{"rendered":"https:\/\/canal7slp.tv\/2022\/?p=72248"},"modified":"2022-09-08T14:06:32","modified_gmt":"2022-09-08T20:06:32","slug":"reino-unido-confirma-muerte-de-la-reina-isabel-ii","status":"publish","type":"post","link":"https:\/\/canal7slp.tv\/2022\/reino-unido-confirma-muerte-de-la-reina-isabel-ii\/","title":{"rendered":"Reino Unido confirma muerte de la Reina Isabel II"},"content":{"rendered":"<p style=\"text-align: justify;\">Londres.- \u201cThe Queen died peacefully at Balmoral this afternoon.<\/p>\n<p style=\"text-align: justify;\">The King and The Queen Consort will remain at Balmoral this evening and will return to London tomorrow.\u201d, con este mensaje el Palacio de Buckingham confirm\u00f3 la muerte de la Reina Isabel II a sus 96.<\/p>\n<p style=\"text-align: justify;\">(La Reina muri\u00f3 pac\u00edficamente en Balmoral esta tarde.<\/p>\n<p style=\"text-align: justify;\">El Rey y la Reina Consorte permanecer\u00e1n en Balmoral esta noche y regresar\u00e1n a Londres ma\u00f1ana.)<\/p>\n<blockquote class=\"twitter-tweet\" data-width=\"550\" data-dnt=\"true\">\n<p lang=\"en\" dir=\"ltr\">The Queen died peacefully at Balmoral this afternoon.<\/p>\n<p>The King and The Queen Consort will remain at Balmoral this evening and will return to London tomorrow. <a href=\"https:\/\/t.co\/VfxpXro22W\">pic.twitter.com\/VfxpXro22W<\/a><\/p>\n<p>&mdash; The Royal Family (@RoyalFamily) <a href=\"https:\/\/twitter.com\/RoyalFamily\/status\/1567928275913121792?ref_src=twsrc%5Etfw\">September 8, 2022<\/a><\/p><\/blockquote>\n<p><script async src=\"https:\/\/platform.twitter.com\/widgets.js\" charset=\"utf-8\"><\/script><\/p>\n<p style=\"text-align: justify;\">Por medio de Twitter, la Familia Real se\u00f1al\u00f3 que Elizabeth Alexandra Mary -mejor conocida como Isabel II- muri\u00f3 en paz en Balmoral.<\/p>\n<p style=\"text-align: justify;\">Tras 70 a\u00f1os de estar en el trono, Isabel II goz\u00f3 del reinado m\u00e1s longevo en la historia de su pa\u00eds y uno de los m\u00e1s largos del mundo.<\/p>\n<p style=\"text-align: justify;\">Cabe se\u00f1alar que sus doctores hab\u00edan anunciado la ma\u00f1ana de este 8 de septiembre que la exreina hab\u00eda sido puesto bajo observaci\u00f3n m\u00e9dica tras que la salud sufriera un deterioro. En el mismo comunicado, los m\u00e9dicos expresaron estar preocupado por el estado de Isabel II.<\/p>\n<p style=\"text-align: justify;\">No obstante, la exreina habr\u00eda reducido en los \u00faltimos meses en buena medida sus apariciones p\u00fablicas.<\/p>\n<p style=\"text-align: justify;\">Debido a la defunci\u00f3n de la misma se puso en marcha la llamada Operaci\u00f3n Unicornio, plan de contingencia previsto por si la Reina Mor\u00eda en Escocia para llevar el cuerpo a Londres.<\/p>\n<p style=\"text-align: justify;\">A lo largo del d\u00eda, los diferentes miembros de la realeza se trasladaron de urgencia a Balmoral para dar su \u00faltimo adi\u00f3s a la reina.<\/p>\n<p style=\"text-align: justify;\">Por ahora, se prev\u00e9 que se organice en Londres una capilla ardiente con el f\u00e9retro de la reina para que los ciudadanos puedan despedirse de ella, aunque todav\u00eda no se ha informado si tambi\u00e9n se realizar\u00e1 previamente lo mismo en Edimburgo, Escocia.<\/p>\n","protected":false},"excerpt":{"rendered":"<p>Londres.- \u201cThe Queen died peacefully at Balmoral this afternoon. The King and The Queen Consort will remain at Balmoral this evening and will return to London tomorrow.\u201d, con este mensaje el Palacio de Buckingham confirm\u00f3 la muerte de la Reina Isabel II a sus 96. (La Reina muri\u00f3 pac\u00edficamente en Balmoral esta tarde. El Rey y la Reina Consorte permanecer\u00e1n en Balmoral esta noche y regresar\u00e1n a Londres ma\u00f1ana.) The Queen died peacefully at Balmoral this afternoon. The King and The Queen Consort will remain at Balmoral this evening and will return to London tomorrow. pic.twitter.com\/VfxpXro22W &mdash; The Royal Family [&hellip;]<\/p>\n","protected":false},"author":2,"featured_media":72249,"comment_status":"closed","ping_status":"closed","sticky":false,"template":"","format":"standard","meta":{"footnotes":""},"categories":[44],"tags":[],"class_list":["post-72248","post","type-post","status-publish","format-standard","has-post-thumbnail","hentry","category-internacional","post--single"],"yoast_head":"<!-- This site is optimized with the Yoast SEO plugin v27.5 - https:\/\/yoast.com\/product\/yoast-seo-wordpress\/ -->\n<title>Reino Unido confirma muerte de la Reina Isabel II - Canal 7 SLP - 2022<\/title>\n<meta name=\"robots\" content=\"index, follow, max-snippet:-1, max-image-preview:large, max-video-preview:-1\" \/>\n<link rel=\"canonical\" href=\"https:\/\/canal7slp.tv\/2022\/reino-unido-confirma-muerte-de-la-reina-isabel-ii\/\" \/>\n<meta property=\"og:locale\" content=\"es_ES\" \/>\n<meta property=\"og:type\" content=\"article\" \/>\n<meta property=\"og:title\" content=\"Reino Unido confirma muerte de la Reina Isabel II - Canal 7 SLP - 2022\" \/>\n<meta property=\"og:description\" content=\"Londres.- \u201cThe Queen died peacefully at Balmoral this afternoon. The King and The Queen Consort will remain at Balmoral this evening and will return to London tomorrow.\u201d, con este mensaje el Palacio de Buckingham confirm\u00f3 la muerte de la Reina Isabel II a sus 96. (La Reina muri\u00f3 pac\u00edficamente en Balmoral esta tarde. El Rey y la Reina Consorte permanecer\u00e1n en Balmoral esta noche y regresar\u00e1n a Londres ma\u00f1ana.) The Queen died peacefully at Balmoral this afternoon. The King and The Queen Consort will remain at Balmoral this evening and will return to London tomorrow. pic.twitter.com\/VfxpXro22W &mdash; The Royal Family [&hellip;]\" \/>\n<meta property=\"og:url\" content=\"https:\/\/canal7slp.tv\/2022\/reino-unido-confirma-muerte-de-la-reina-isabel-ii\/\" \/>\n<meta property=\"og:site_name\" content=\"Canal 7 SLP - 2022\" \/>\n<meta property=\"article:publisher\" content=\"https:\/\/www.facebook.com\/noticieroscanalsiete\" \/>\n<meta property=\"article:published_time\" content=\"2022-09-08T19:33:05+00:00\" \/>\n<meta property=\"article:modified_time\" content=\"2022-09-08T20:06:32+00:00\" \/>\n<meta property=\"og:image\" content=\"https:\/\/canal7slp.tv\/2022\/wp-content\/uploads\/2022\/09\/01-5.jpg\" \/>\n\t<meta property=\"og:image:width\" content=\"680\" \/>\n\t<meta property=\"og:image:height\" content=\"452\" \/>\n\t<meta property=\"og:image:type\" content=\"image\/jpeg\" \/>\n<meta name=\"author\" content=\"Edici\u00f3n Web\" \/>\n<meta name=\"twitter:card\" content=\"summary_large_image\" \/>\n<meta name=\"twitter:creator\" content=\"@NOTICIEROS7\" \/>\n<meta name=\"twitter:site\" content=\"@NOTICIEROS7\" \/>\n<meta name=\"twitter:label1\" content=\"Escrito por\" \/>\n\t<meta name=\"twitter:data1\" content=\"Edici\u00f3n Web\" \/>\n\t<meta name=\"twitter:label2\" content=\"Tiempo de lectura\" \/>\n\t<meta name=\"twitter:data2\" content=\"2 minutos\" \/>\n<script type=\"application\/ld+json\" class=\"yoast-schema-graph\">{\"@context\":\"https:\\\/\\\/schema.org\",\"@graph\":[{\"@type\":\"Article\",\"@id\":\"https:\\\/\\\/canal7slp.tv\\\/2022\\\/reino-unido-confirma-muerte-de-la-reina-isabel-ii\\\/#article\",\"isPartOf\":{\"@id\":\"https:\\\/\\\/canal7slp.tv\\\/2022\\\/reino-unido-confirma-muerte-de-la-reina-isabel-ii\\\/\"},\"author\":{\"name\":\"Edici\u00f3n Web\",\"@id\":\"https:\\\/\\\/canal7slp.tv\\\/2022\\\/#\\\/schema\\\/person\\\/429704152a21f5f856ce29aa69a238da\"},\"headline\":\"Reino Unido confirma muerte de la Reina Isabel II\",\"datePublished\":\"2022-09-08T19:33:05+00:00\",\"dateModified\":\"2022-09-08T20:06:32+00:00\",\"mainEntityOfPage\":{\"@id\":\"https:\\\/\\\/canal7slp.tv\\\/2022\\\/reino-unido-confirma-muerte-de-la-reina-isabel-ii\\\/\"},\"wordCount\":318,\"publisher\":{\"@id\":\"https:\\\/\\\/canal7slp.tv\\\/2022\\\/#organization\"},\"image\":{\"@id\":\"https:\\\/\\\/canal7slp.tv\\\/2022\\\/reino-unido-confirma-muerte-de-la-reina-isabel-ii\\\/#primaryimage\"},\"thumbnailUrl\":\"https:\\\/\\\/canal7slp.tv\\\/2022\\\/wp-content\\\/uploads\\\/2022\\\/09\\\/01-5.jpg\",\"articleSection\":[\"INTERNACIONALES\"],\"inLanguage\":\"es\"},{\"@type\":\"WebPage\",\"@id\":\"https:\\\/\\\/canal7slp.tv\\\/2022\\\/reino-unido-confirma-muerte-de-la-reina-isabel-ii\\\/\",\"url\":\"https:\\\/\\\/canal7slp.tv\\\/2022\\\/reino-unido-confirma-muerte-de-la-reina-isabel-ii\\\/\",\"name\":\"Reino Unido confirma muerte de la Reina Isabel II - Canal 7 SLP - 2022\",\"isPartOf\":{\"@id\":\"https:\\\/\\\/canal7slp.tv\\\/2022\\\/#website\"},\"primaryImageOfPage\":{\"@id\":\"https:\\\/\\\/canal7slp.tv\\\/2022\\\/reino-unido-confirma-muerte-de-la-reina-isabel-ii\\\/#primaryimage\"},\"image\":{\"@id\":\"https:\\\/\\\/canal7slp.tv\\\/2022\\\/reino-unido-confirma-muerte-de-la-reina-isabel-ii\\\/#primaryimage\"},\"thumbnailUrl\":\"https:\\\/\\\/canal7slp.tv\\\/2022\\\/wp-content\\\/uploads\\\/2022\\\/09\\\/01-5.jpg\",\"datePublished\":\"2022-09-08T19:33:05+00:00\",\"dateModified\":\"2022-09-08T20:06:32+00:00\",\"breadcrumb\":{\"@id\":\"https:\\\/\\\/canal7slp.tv\\\/2022\\\/reino-unido-confirma-muerte-de-la-reina-isabel-ii\\\/#breadcrumb\"},\"inLanguage\":\"es\",\"potentialAction\":[{\"@type\":\"ReadAction\",\"target\":[\"https:\\\/\\\/canal7slp.tv\\\/2022\\\/reino-unido-confirma-muerte-de-la-reina-isabel-ii\\\/\"]}]},{\"@type\":\"ImageObject\",\"inLanguage\":\"es\",\"@id\":\"https:\\\/\\\/canal7slp.tv\\\/2022\\\/reino-unido-confirma-muerte-de-la-reina-isabel-ii\\\/#primaryimage\",\"url\":\"https:\\\/\\\/canal7slp.tv\\\/2022\\\/wp-content\\\/uploads\\\/2022\\\/09\\\/01-5.jpg\",\"contentUrl\":\"https:\\\/\\\/canal7slp.tv\\\/2022\\\/wp-content\\\/uploads\\\/2022\\\/09\\\/01-5.jpg\",\"width\":680,\"height\":452},{\"@type\":\"BreadcrumbList\",\"@id\":\"https:\\\/\\\/canal7slp.tv\\\/2022\\\/reino-unido-confirma-muerte-de-la-reina-isabel-ii\\\/#breadcrumb\",\"itemListElement\":[{\"@type\":\"ListItem\",\"position\":1,\"name\":\"Portada\",\"item\":\"https:\\\/\\\/canal7slp.tv\\\/2022\\\/\"},{\"@type\":\"ListItem\",\"position\":2,\"name\":\"Reino Unido confirma muerte de la Reina Isabel II\"}]},{\"@type\":\"WebSite\",\"@id\":\"https:\\\/\\\/canal7slp.tv\\\/2022\\\/#website\",\"url\":\"https:\\\/\\\/canal7slp.tv\\\/2022\\\/\",\"name\":\"N7 - Noticieros Canal 7\",\"description\":\"Somos Televisi\u00f3n\",\"publisher\":{\"@id\":\"https:\\\/\\\/canal7slp.tv\\\/2022\\\/#organization\"},\"potentialAction\":[{\"@type\":\"SearchAction\",\"target\":{\"@type\":\"EntryPoint\",\"urlTemplate\":\"https:\\\/\\\/canal7slp.tv\\\/2022\\\/?s={search_term_string}\"},\"query-input\":{\"@type\":\"PropertyValueSpecification\",\"valueRequired\":true,\"valueName\":\"search_term_string\"}}],\"inLanguage\":\"es\"},{\"@type\":\"Organization\",\"@id\":\"https:\\\/\\\/canal7slp.tv\\\/2022\\\/#organization\",\"name\":\"Noticieros Canal 7\",\"url\":\"https:\\\/\\\/canal7slp.tv\\\/2022\\\/\",\"logo\":{\"@type\":\"ImageObject\",\"inLanguage\":\"es\",\"@id\":\"https:\\\/\\\/canal7slp.tv\\\/2022\\\/#\\\/schema\\\/logo\\\/image\\\/\",\"url\":\"https:\\\/\\\/canal7slp.tv\\\/2022\\\/wp-content\\\/uploads\\\/2021\\\/01\\\/logo-noticieros@2x.png\",\"contentUrl\":\"https:\\\/\\\/canal7slp.tv\\\/2022\\\/wp-content\\\/uploads\\\/2021\\\/01\\\/logo-noticieros@2x.png\",\"width\":1017,\"height\":268,\"caption\":\"Noticieros Canal 7\"},\"image\":{\"@id\":\"https:\\\/\\\/canal7slp.tv\\\/2022\\\/#\\\/schema\\\/logo\\\/image\\\/\"},\"sameAs\":[\"https:\\\/\\\/www.facebook.com\\\/noticieroscanalsiete\",\"https:\\\/\\\/x.com\\\/NOTICIEROS7\",\"https:\\\/\\\/www.instagram.com\\\/canal7_slp\",\"https:\\\/\\\/www.youtube.com\\\/channel\\\/UCliiYs-gP3JfJeqdPrNdd5A\"]},{\"@type\":\"Person\",\"@id\":\"https:\\\/\\\/canal7slp.tv\\\/2022\\\/#\\\/schema\\\/person\\\/429704152a21f5f856ce29aa69a238da\",\"name\":\"Edici\u00f3n Web\",\"image\":{\"@type\":\"ImageObject\",\"inLanguage\":\"es\",\"@id\":\"https:\\\/\\\/secure.gravatar.com\\\/avatar\\\/eee448fc3f7164808013b816ba91ac7e43bbe82a70bebac296f8bc6f0addaa1a?s=96&d=mm&r=g\",\"url\":\"https:\\\/\\\/secure.gravatar.com\\\/avatar\\\/eee448fc3f7164808013b816ba91ac7e43bbe82a70bebac296f8bc6f0addaa1a?s=96&d=mm&r=g\",\"contentUrl\":\"https:\\\/\\\/secure.gravatar.com\\\/avatar\\\/eee448fc3f7164808013b816ba91ac7e43bbe82a70bebac296f8bc6f0addaa1a?s=96&d=mm&r=g\",\"caption\":\"Edici\u00f3n Web\"},\"url\":\"https:\\\/\\\/canal7slp.tv\\\/2022\\\/author\\\/edicionweb\\\/\"}]}<\/script>\n<!-- \/ Yoast SEO plugin. -->","yoast_head_json":{"title":"Reino Unido confirma muerte de la Reina Isabel II - Canal 7 SLP - 2022","robots":{"index":"index","follow":"follow","max-snippet":"max-snippet:-1","max-image-preview":"max-image-preview:large","max-video-preview":"max-video-preview:-1"},"canonical":"https:\/\/canal7slp.tv\/2022\/reino-unido-confirma-muerte-de-la-reina-isabel-ii\/","og_locale":"es_ES","og_type":"article","og_title":"Reino Unido confirma muerte de la Reina Isabel II - Canal 7 SLP - 2022","og_description":"Londres.- \u201cThe Queen died peacefully at Balmoral this afternoon. The King and The Queen Consort will remain at Balmoral this evening and will return to London tomorrow.\u201d, con este mensaje el Palacio de Buckingham confirm\u00f3 la muerte de la Reina Isabel II a sus 96. (La Reina muri\u00f3 pac\u00edficamente en Balmoral esta tarde. El Rey y la Reina Consorte permanecer\u00e1n en Balmoral esta noche y regresar\u00e1n a Londres ma\u00f1ana.) The Queen died peacefully at Balmoral this afternoon. The King and The Queen Consort will remain at Balmoral this evening and will return to London tomorrow. pic.twitter.com\/VfxpXro22W &mdash; The Royal Family [&hellip;]","og_url":"https:\/\/canal7slp.tv\/2022\/reino-unido-confirma-muerte-de-la-reina-isabel-ii\/","og_site_name":"Canal 7 SLP - 2022","article_publisher":"https:\/\/www.facebook.com\/noticieroscanalsiete","article_published_time":"2022-09-08T19:33:05+00:00","article_modified_time":"2022-09-08T20:06:32+00:00","og_image":[{"width":680,"height":452,"url":"https:\/\/canal7slp.tv\/2022\/wp-content\/uploads\/2022\/09\/01-5.jpg","type":"image\/jpeg"}],"author":"Edici\u00f3n Web","twitter_card":"summary_large_image","twitter_creator":"@NOTICIEROS7","twitter_site":"@NOTICIEROS7","twitter_misc":{"Escrito por":"Edici\u00f3n Web","Tiempo de lectura":"2 minutos"},"schema":{"@context":"https:\/\/schema.org","@graph":[{"@type":"Article","@id":"https:\/\/canal7slp.tv\/2022\/reino-unido-confirma-muerte-de-la-reina-isabel-ii\/#article","isPartOf":{"@id":"https:\/\/canal7slp.tv\/2022\/reino-unido-confirma-muerte-de-la-reina-isabel-ii\/"},"author":{"name":"Edici\u00f3n Web","@id":"https:\/\/canal7slp.tv\/2022\/#\/schema\/person\/429704152a21f5f856ce29aa69a238da"},"headline":"Reino Unido confirma muerte de la Reina Isabel II","datePublished":"2022-09-08T19:33:05+00:00","dateModified":"2022-09-08T20:06:32+00:00","mainEntityOfPage":{"@id":"https:\/\/canal7slp.tv\/2022\/reino-unido-confirma-muerte-de-la-reina-isabel-ii\/"},"wordCount":318,"publisher":{"@id":"https:\/\/canal7slp.tv\/2022\/#organization"},"image":{"@id":"https:\/\/canal7slp.tv\/2022\/reino-unido-confirma-muerte-de-la-reina-isabel-ii\/#primaryimage"},"thumbnailUrl":"https:\/\/canal7slp.tv\/2022\/wp-content\/uploads\/2022\/09\/01-5.jpg","articleSection":["INTERNACIONALES"],"inLanguage":"es"},{"@type":"WebPage","@id":"https:\/\/canal7slp.tv\/2022\/reino-unido-confirma-muerte-de-la-reina-isabel-ii\/","url":"https:\/\/canal7slp.tv\/2022\/reino-unido-confirma-muerte-de-la-reina-isabel-ii\/","name":"Reino Unido confirma muerte de la Reina Isabel II - Canal 7 SLP - 2022","isPartOf":{"@id":"https:\/\/canal7slp.tv\/2022\/#website"},"primaryImageOfPage":{"@id":"https:\/\/canal7slp.tv\/2022\/reino-unido-confirma-muerte-de-la-reina-isabel-ii\/#primaryimage"},"image":{"@id":"https:\/\/canal7slp.tv\/2022\/reino-unido-confirma-muerte-de-la-reina-isabel-ii\/#primaryimage"},"thumbnailUrl":"https:\/\/canal7slp.tv\/2022\/wp-content\/uploads\/2022\/09\/01-5.jpg","datePublished":"2022-09-08T19:33:05+00:00","dateModified":"2022-09-08T20:06:32+00:00","breadcrumb":{"@id":"https:\/\/canal7slp.tv\/2022\/reino-unido-confirma-muerte-de-la-reina-isabel-ii\/#breadcrumb"},"inLanguage":"es","potentialAction":[{"@type":"ReadAction","target":["https:\/\/canal7slp.tv\/2022\/reino-unido-confirma-muerte-de-la-reina-isabel-ii\/"]}]},{"@type":"ImageObject","inLanguage":"es","@id":"https:\/\/canal7slp.tv\/2022\/reino-unido-confirma-muerte-de-la-reina-isabel-ii\/#primaryimage","url":"https:\/\/canal7slp.tv\/2022\/wp-content\/uploads\/2022\/09\/01-5.jpg","contentUrl":"https:\/\/canal7slp.tv\/2022\/wp-content\/uploads\/2022\/09\/01-5.jpg","width":680,"height":452},{"@type":"BreadcrumbList","@id":"https:\/\/canal7slp.tv\/2022\/reino-unido-confirma-muerte-de-la-reina-isabel-ii\/#breadcrumb","itemListElement":[{"@type":"ListItem","position":1,"name":"Portada","item":"https:\/\/canal7slp.tv\/2022\/"},{"@type":"ListItem","position":2,"name":"Reino Unido confirma muerte de la Reina Isabel II"}]},{"@type":"WebSite","@id":"https:\/\/canal7slp.tv\/2022\/#website","url":"https:\/\/canal7slp.tv\/2022\/","name":"N7 - Noticieros Canal 7","description":"Somos Televisi\u00f3n","publisher":{"@id":"https:\/\/canal7slp.tv\/2022\/#organization"},"potentialAction":[{"@type":"SearchAction","target":{"@type":"EntryPoint","urlTemplate":"https:\/\/canal7slp.tv\/2022\/?s={search_term_string}"},"query-input":{"@type":"PropertyValueSpecification","valueRequired":true,"valueName":"search_term_string"}}],"inLanguage":"es"},{"@type":"Organization","@id":"https:\/\/canal7slp.tv\/2022\/#organization","name":"Noticieros Canal 7","url":"https:\/\/canal7slp.tv\/2022\/","logo":{"@type":"ImageObject","inLanguage":"es","@id":"https:\/\/canal7slp.tv\/2022\/#\/schema\/logo\/image\/","url":"https:\/\/canal7slp.tv\/2022\/wp-content\/uploads\/2021\/01\/logo-noticieros@2x.png","contentUrl":"https:\/\/canal7slp.tv\/2022\/wp-content\/uploads\/2021\/01\/logo-noticieros@2x.png","width":1017,"height":268,"caption":"Noticieros Canal 7"},"image":{"@id":"https:\/\/canal7slp.tv\/2022\/#\/schema\/logo\/image\/"},"sameAs":["https:\/\/www.facebook.com\/noticieroscanalsiete","https:\/\/x.com\/NOTICIEROS7","https:\/\/www.instagram.com\/canal7_slp","https:\/\/www.youtube.com\/channel\/UCliiYs-gP3JfJeqdPrNdd5A"]},{"@type":"Person","@id":"https:\/\/canal7slp.tv\/2022\/#\/schema\/person\/429704152a21f5f856ce29aa69a238da","name":"Edici\u00f3n Web","image":{"@type":"ImageObject","inLanguage":"es","@id":"https:\/\/secure.gravatar.com\/avatar\/eee448fc3f7164808013b816ba91ac7e43bbe82a70bebac296f8bc6f0addaa1a?s=96&d=mm&r=g","url":"https:\/\/secure.gravatar.com\/avatar\/eee448fc3f7164808013b816ba91ac7e43bbe82a70bebac296f8bc6f0addaa1a?s=96&d=mm&r=g","contentUrl":"https:\/\/secure.gravatar.com\/avatar\/eee448fc3f7164808013b816ba91ac7e43bbe82a70bebac296f8bc6f0addaa1a?s=96&d=mm&r=g","caption":"Edici\u00f3n Web"},"url":"https:\/\/canal7slp.tv\/2022\/author\/edicionweb\/"}]}},"amp_enabled":true,"_links":{"self":[{"href":"https:\/\/canal7slp.tv\/2022\/wp-json\/wp\/v2\/posts\/72248","targetHints":{"allow":["GET"]}}],"collection":[{"href":"https:\/\/canal7slp.tv\/2022\/wp-json\/wp\/v2\/posts"}],"about":[{"href":"https:\/\/canal7slp.tv\/2022\/wp-json\/wp\/v2\/types\/post"}],"author":[{"embeddable":true,"href":"https:\/\/canal7slp.tv\/2022\/wp-json\/wp\/v2\/users\/2"}],"replies":[{"embeddable":true,"href":"https:\/\/canal7slp.tv\/2022\/wp-json\/wp\/v2\/comments?post=72248"}],"version-history":[{"count":1,"href":"https:\/\/canal7slp.tv\/2022\/wp-json\/wp\/v2\/posts\/72248\/revisions"}],"predecessor-version":[{"id":72250,"href":"https:\/\/canal7slp.tv\/2022\/wp-json\/wp\/v2\/posts\/72248\/revisions\/72250"}],"wp:featuredmedia":[{"embeddable":true,"href":"https:\/\/canal7slp.tv\/2022\/wp-json\/wp\/v2\/media\/72249"}],"wp:attachment":[{"href":"https:\/\/canal7slp.tv\/2022\/wp-json\/wp\/v2\/media?parent=72248"}],"wp:term":[{"taxonomy":"category","embeddable":true,"href":"https:\/\/canal7slp.tv\/2022\/wp-json\/wp\/v2\/categories?post=72248"},{"taxonomy":"post_tag","embeddable":true,"href":"https:\/\/canal7slp.tv\/2022\/wp-json\/wp\/v2\/tags?post=72248"}],"curies":[{"name":"wp","href":"https:\/\/api.w.org\/{rel}","templated":true}]}}