{"id":72236,"date":"2022-09-07T18:59:46","date_gmt":"2022-09-08T00:59:46","guid":{"rendered":"https:\/\/canal7slp.tv\/2022\/?p=72236"},"modified":"2022-09-07T18:59:46","modified_gmt":"2022-09-08T00:59:46","slug":"con-implementacion-continua-de-proyectos-preve-corredor-cultural-carranza-impactar-favorablemente-a-la-poblacion-y-a-negocios-de-la-avenida","status":"publish","type":"post","link":"https:\/\/canal7slp.tv\/2022\/con-implementacion-continua-de-proyectos-preve-corredor-cultural-carranza-impactar-favorablemente-a-la-poblacion-y-a-negocios-de-la-avenida\/","title":{"rendered":"Con implementaci\u00f3n continua de proyectos, prev\u00e9 Corredor Cultural Carranza impactar favorablemente a la poblaci\u00f3n y a negocios de la avenida."},"content":{"rendered":"<p style=\"text-align: justify;\">SLP.- Por lo menos un evento por mes prev\u00e9 organizar el Corredor Cultural Carranza, con la finalidad de consolidar el proyecto con un alcance incluso educativo.<\/p>\n<p style=\"text-align: justify;\">El Encargado de Relaciones P\u00fablicas Empresariales, Alberto Narv\u00e1ez Arochi revel\u00f3 lo anterior.<\/p>\n<p style=\"text-align: justify;\">Sin embargo, advirti\u00f3 que no a todos los due\u00f1os de negocios ubicados en la conocida arteria, les resulta sencillo apoyar en el desarrollo de actividades.<\/p>\n<p style=\"text-align: justify;\">Ello debido a las dificultades econ\u00f3micas que se atraviesan.<\/p>\n<p style=\"text-align: justify;\">As\u00ed, llam\u00f3 a los diferentes \u00f3rdenes gubernamentales a trabajar en las pol\u00edticas p\u00fablicas que han lesionado al corredor Carranza.<\/p>\n<p style=\"text-align: justify;\">Tambi\u00e9n algunos proyectos de movilidad que relat\u00f3, impactaron desfavorablemente a la zona en cuesti\u00f3n econ\u00f3mica.<\/p>\n<p>Por: Paulina Rodr\u00edguez<\/p>\n","protected":false},"excerpt":{"rendered":"<p>SLP.- Por lo menos un evento por mes prev\u00e9 organizar el Corredor Cultural Carranza, con la finalidad de consolidar el proyecto con un alcance incluso educativo. El Encargado de Relaciones P\u00fablicas Empresariales, Alberto Narv\u00e1ez Arochi revel\u00f3 lo anterior. Sin embargo, advirti\u00f3 que no a todos los due\u00f1os de negocios ubicados en la conocida arteria, les resulta sencillo apoyar en el desarrollo de actividades. Ello debido a las dificultades econ\u00f3micas que se atraviesan. As\u00ed, llam\u00f3 a los diferentes \u00f3rdenes gubernamentales a trabajar en las pol\u00edticas p\u00fablicas que han lesionado al corredor Carranza. Tambi\u00e9n algunos proyectos de movilidad que relat\u00f3, impactaron desfavorablemente [&hellip;]<\/p>\n","protected":false},"author":2,"featured_media":72241,"comment_status":"closed","ping_status":"closed","sticky":false,"template":"","format":"video","meta":{"footnotes":""},"categories":[5,45],"tags":[],"class_list":["post-72236","post","type-post","status-publish","format-video","has-post-thumbnail","hentry","category-destacadas","category-localesyregionales","post_format-post-format-video","post--single"],"yoast_head":"<!-- This site is optimized with the Yoast SEO plugin v27.5 - https:\/\/yoast.com\/product\/yoast-seo-wordpress\/ -->\n<title>Con implementaci\u00f3n continua de proyectos, prev\u00e9 Corredor Cultural Carranza impactar favorablemente a la poblaci\u00f3n y a negocios de la avenida. - Canal 7 SLP - 2022<\/title>\n<meta name=\"robots\" content=\"index, follow, max-snippet:-1, max-image-preview:large, max-video-preview:-1\" \/>\n<link rel=\"canonical\" href=\"https:\/\/canal7slp.tv\/2022\/con-implementacion-continua-de-proyectos-preve-corredor-cultural-carranza-impactar-favorablemente-a-la-poblacion-y-a-negocios-de-la-avenida\/\" \/>\n<meta property=\"og:locale\" content=\"es_ES\" \/>\n<meta property=\"og:type\" content=\"article\" \/>\n<meta property=\"og:title\" content=\"Con implementaci\u00f3n continua de proyectos, prev\u00e9 Corredor Cultural Carranza impactar favorablemente a la poblaci\u00f3n y a negocios de la avenida. - Canal 7 SLP - 2022\" \/>\n<meta property=\"og:description\" content=\"SLP.- Por lo menos un evento por mes prev\u00e9 organizar el Corredor Cultural Carranza, con la finalidad de consolidar el proyecto con un alcance incluso educativo. El Encargado de Relaciones P\u00fablicas Empresariales, Alberto Narv\u00e1ez Arochi revel\u00f3 lo anterior. Sin embargo, advirti\u00f3 que no a todos los due\u00f1os de negocios ubicados en la conocida arteria, les resulta sencillo apoyar en el desarrollo de actividades. Ello debido a las dificultades econ\u00f3micas que se atraviesan. As\u00ed, llam\u00f3 a los diferentes \u00f3rdenes gubernamentales a trabajar en las pol\u00edticas p\u00fablicas que han lesionado al corredor Carranza. Tambi\u00e9n algunos proyectos de movilidad que relat\u00f3, impactaron desfavorablemente [&hellip;]\" \/>\n<meta property=\"og:url\" content=\"https:\/\/canal7slp.tv\/2022\/con-implementacion-continua-de-proyectos-preve-corredor-cultural-carranza-impactar-favorablemente-a-la-poblacion-y-a-negocios-de-la-avenida\/\" \/>\n<meta property=\"og:site_name\" content=\"Canal 7 SLP - 2022\" \/>\n<meta property=\"article:publisher\" content=\"https:\/\/www.facebook.com\/noticieroscanalsiete\" \/>\n<meta property=\"article:published_time\" content=\"2022-09-08T00:59:46+00:00\" \/>\n<meta property=\"og:image\" content=\"https:\/\/canal7slp.tv\/2022\/wp-content\/uploads\/2022\/09\/Pau03CorredorCultural.jpg\" \/>\n\t<meta property=\"og:image:width\" content=\"888\" \/>\n\t<meta property=\"og:image:height\" content=\"500\" \/>\n\t<meta property=\"og:image:type\" content=\"image\/jpeg\" \/>\n<meta name=\"author\" content=\"Edici\u00f3n Web\" \/>\n<meta name=\"twitter:card\" content=\"summary_large_image\" \/>\n<meta name=\"twitter:creator\" content=\"@NOTICIEROS7\" \/>\n<meta name=\"twitter:site\" content=\"@NOTICIEROS7\" \/>\n<meta name=\"twitter:label1\" content=\"Escrito por\" \/>\n\t<meta name=\"twitter:data1\" content=\"Edici\u00f3n Web\" \/>\n\t<meta name=\"twitter:label2\" content=\"Tiempo de lectura\" \/>\n\t<meta name=\"twitter:data2\" content=\"1 minuto\" \/>\n<script type=\"application\/ld+json\" class=\"yoast-schema-graph\">{\"@context\":\"https:\\\/\\\/schema.org\",\"@graph\":[{\"@type\":\"Article\",\"@id\":\"https:\\\/\\\/canal7slp.tv\\\/2022\\\/con-implementacion-continua-de-proyectos-preve-corredor-cultural-carranza-impactar-favorablemente-a-la-poblacion-y-a-negocios-de-la-avenida\\\/#article\",\"isPartOf\":{\"@id\":\"https:\\\/\\\/canal7slp.tv\\\/2022\\\/con-implementacion-continua-de-proyectos-preve-corredor-cultural-carranza-impactar-favorablemente-a-la-poblacion-y-a-negocios-de-la-avenida\\\/\"},\"author\":{\"name\":\"Edici\u00f3n Web\",\"@id\":\"https:\\\/\\\/canal7slp.tv\\\/2022\\\/#\\\/schema\\\/person\\\/429704152a21f5f856ce29aa69a238da\"},\"headline\":\"Con implementaci\u00f3n continua de proyectos, prev\u00e9 Corredor Cultural Carranza impactar favorablemente a la poblaci\u00f3n y a negocios de la avenida.\",\"datePublished\":\"2022-09-08T00:59:46+00:00\",\"mainEntityOfPage\":{\"@id\":\"https:\\\/\\\/canal7slp.tv\\\/2022\\\/con-implementacion-continua-de-proyectos-preve-corredor-cultural-carranza-impactar-favorablemente-a-la-poblacion-y-a-negocios-de-la-avenida\\\/\"},\"wordCount\":142,\"publisher\":{\"@id\":\"https:\\\/\\\/canal7slp.tv\\\/2022\\\/#organization\"},\"image\":{\"@id\":\"https:\\\/\\\/canal7slp.tv\\\/2022\\\/con-implementacion-continua-de-proyectos-preve-corredor-cultural-carranza-impactar-favorablemente-a-la-poblacion-y-a-negocios-de-la-avenida\\\/#primaryimage\"},\"thumbnailUrl\":\"https:\\\/\\\/canal7slp.tv\\\/2022\\\/wp-content\\\/uploads\\\/2022\\\/09\\\/Pau03CorredorCultural.jpg\",\"articleSection\":[\"DESTACADAS\",\"LOCALES Y REGIONALES\"],\"inLanguage\":\"es\"},{\"@type\":\"WebPage\",\"@id\":\"https:\\\/\\\/canal7slp.tv\\\/2022\\\/con-implementacion-continua-de-proyectos-preve-corredor-cultural-carranza-impactar-favorablemente-a-la-poblacion-y-a-negocios-de-la-avenida\\\/\",\"url\":\"https:\\\/\\\/canal7slp.tv\\\/2022\\\/con-implementacion-continua-de-proyectos-preve-corredor-cultural-carranza-impactar-favorablemente-a-la-poblacion-y-a-negocios-de-la-avenida\\\/\",\"name\":\"Con implementaci\u00f3n continua de proyectos, prev\u00e9 Corredor Cultural Carranza impactar favorablemente a la poblaci\u00f3n y a negocios de la avenida. - Canal 7 SLP - 2022\",\"isPartOf\":{\"@id\":\"https:\\\/\\\/canal7slp.tv\\\/2022\\\/#website\"},\"primaryImageOfPage\":{\"@id\":\"https:\\\/\\\/canal7slp.tv\\\/2022\\\/con-implementacion-continua-de-proyectos-preve-corredor-cultural-carranza-impactar-favorablemente-a-la-poblacion-y-a-negocios-de-la-avenida\\\/#primaryimage\"},\"image\":{\"@id\":\"https:\\\/\\\/canal7slp.tv\\\/2022\\\/con-implementacion-continua-de-proyectos-preve-corredor-cultural-carranza-impactar-favorablemente-a-la-poblacion-y-a-negocios-de-la-avenida\\\/#primaryimage\"},\"thumbnailUrl\":\"https:\\\/\\\/canal7slp.tv\\\/2022\\\/wp-content\\\/uploads\\\/2022\\\/09\\\/Pau03CorredorCultural.jpg\",\"datePublished\":\"2022-09-08T00:59:46+00:00\",\"breadcrumb\":{\"@id\":\"https:\\\/\\\/canal7slp.tv\\\/2022\\\/con-implementacion-continua-de-proyectos-preve-corredor-cultural-carranza-impactar-favorablemente-a-la-poblacion-y-a-negocios-de-la-avenida\\\/#breadcrumb\"},\"inLanguage\":\"es\",\"potentialAction\":[{\"@type\":\"ReadAction\",\"target\":[\"https:\\\/\\\/canal7slp.tv\\\/2022\\\/con-implementacion-continua-de-proyectos-preve-corredor-cultural-carranza-impactar-favorablemente-a-la-poblacion-y-a-negocios-de-la-avenida\\\/\"]}]},{\"@type\":\"ImageObject\",\"inLanguage\":\"es\",\"@id\":\"https:\\\/\\\/canal7slp.tv\\\/2022\\\/con-implementacion-continua-de-proyectos-preve-corredor-cultural-carranza-impactar-favorablemente-a-la-poblacion-y-a-negocios-de-la-avenida\\\/#primaryimage\",\"url\":\"https:\\\/\\\/canal7slp.tv\\\/2022\\\/wp-content\\\/uploads\\\/2022\\\/09\\\/Pau03CorredorCultural.jpg\",\"contentUrl\":\"https:\\\/\\\/canal7slp.tv\\\/2022\\\/wp-content\\\/uploads\\\/2022\\\/09\\\/Pau03CorredorCultural.jpg\",\"width\":888,\"height\":500},{\"@type\":\"BreadcrumbList\",\"@id\":\"https:\\\/\\\/canal7slp.tv\\\/2022\\\/con-implementacion-continua-de-proyectos-preve-corredor-cultural-carranza-impactar-favorablemente-a-la-poblacion-y-a-negocios-de-la-avenida\\\/#breadcrumb\",\"itemListElement\":[{\"@type\":\"ListItem\",\"position\":1,\"name\":\"Portada\",\"item\":\"https:\\\/\\\/canal7slp.tv\\\/2022\\\/\"},{\"@type\":\"ListItem\",\"position\":2,\"name\":\"Con implementaci\u00f3n continua de proyectos, prev\u00e9 Corredor Cultural Carranza impactar favorablemente a la poblaci\u00f3n y a negocios de la avenida.\"}]},{\"@type\":\"WebSite\",\"@id\":\"https:\\\/\\\/canal7slp.tv\\\/2022\\\/#website\",\"url\":\"https:\\\/\\\/canal7slp.tv\\\/2022\\\/\",\"name\":\"N7 - Noticieros Canal 7\",\"description\":\"Somos Televisi\u00f3n\",\"publisher\":{\"@id\":\"https:\\\/\\\/canal7slp.tv\\\/2022\\\/#organization\"},\"potentialAction\":[{\"@type\":\"SearchAction\",\"target\":{\"@type\":\"EntryPoint\",\"urlTemplate\":\"https:\\\/\\\/canal7slp.tv\\\/2022\\\/?s={search_term_string}\"},\"query-input\":{\"@type\":\"PropertyValueSpecification\",\"valueRequired\":true,\"valueName\":\"search_term_string\"}}],\"inLanguage\":\"es\"},{\"@type\":\"Organization\",\"@id\":\"https:\\\/\\\/canal7slp.tv\\\/2022\\\/#organization\",\"name\":\"Noticieros Canal 7\",\"url\":\"https:\\\/\\\/canal7slp.tv\\\/2022\\\/\",\"logo\":{\"@type\":\"ImageObject\",\"inLanguage\":\"es\",\"@id\":\"https:\\\/\\\/canal7slp.tv\\\/2022\\\/#\\\/schema\\\/logo\\\/image\\\/\",\"url\":\"https:\\\/\\\/canal7slp.tv\\\/2022\\\/wp-content\\\/uploads\\\/2021\\\/01\\\/logo-noticieros@2x.png\",\"contentUrl\":\"https:\\\/\\\/canal7slp.tv\\\/2022\\\/wp-content\\\/uploads\\\/2021\\\/01\\\/logo-noticieros@2x.png\",\"width\":1017,\"height\":268,\"caption\":\"Noticieros Canal 7\"},\"image\":{\"@id\":\"https:\\\/\\\/canal7slp.tv\\\/2022\\\/#\\\/schema\\\/logo\\\/image\\\/\"},\"sameAs\":[\"https:\\\/\\\/www.facebook.com\\\/noticieroscanalsiete\",\"https:\\\/\\\/x.com\\\/NOTICIEROS7\",\"https:\\\/\\\/www.instagram.com\\\/canal7_slp\",\"https:\\\/\\\/www.youtube.com\\\/channel\\\/UCliiYs-gP3JfJeqdPrNdd5A\"]},{\"@type\":\"Person\",\"@id\":\"https:\\\/\\\/canal7slp.tv\\\/2022\\\/#\\\/schema\\\/person\\\/429704152a21f5f856ce29aa69a238da\",\"name\":\"Edici\u00f3n Web\",\"image\":{\"@type\":\"ImageObject\",\"inLanguage\":\"es\",\"@id\":\"https:\\\/\\\/secure.gravatar.com\\\/avatar\\\/eee448fc3f7164808013b816ba91ac7e43bbe82a70bebac296f8bc6f0addaa1a?s=96&d=mm&r=g\",\"url\":\"https:\\\/\\\/secure.gravatar.com\\\/avatar\\\/eee448fc3f7164808013b816ba91ac7e43bbe82a70bebac296f8bc6f0addaa1a?s=96&d=mm&r=g\",\"contentUrl\":\"https:\\\/\\\/secure.gravatar.com\\\/avatar\\\/eee448fc3f7164808013b816ba91ac7e43bbe82a70bebac296f8bc6f0addaa1a?s=96&d=mm&r=g\",\"caption\":\"Edici\u00f3n Web\"},\"url\":\"https:\\\/\\\/canal7slp.tv\\\/2022\\\/author\\\/edicionweb\\\/\"}]}<\/script>\n<!-- \/ Yoast SEO plugin. -->","yoast_head_json":{"title":"Con implementaci\u00f3n continua de proyectos, prev\u00e9 Corredor Cultural Carranza impactar favorablemente a la poblaci\u00f3n y a negocios de la avenida. - Canal 7 SLP - 2022","robots":{"index":"index","follow":"follow","max-snippet":"max-snippet:-1","max-image-preview":"max-image-preview:large","max-video-preview":"max-video-preview:-1"},"canonical":"https:\/\/canal7slp.tv\/2022\/con-implementacion-continua-de-proyectos-preve-corredor-cultural-carranza-impactar-favorablemente-a-la-poblacion-y-a-negocios-de-la-avenida\/","og_locale":"es_ES","og_type":"article","og_title":"Con implementaci\u00f3n continua de proyectos, prev\u00e9 Corredor Cultural Carranza impactar favorablemente a la poblaci\u00f3n y a negocios de la avenida. - Canal 7 SLP - 2022","og_description":"SLP.- Por lo menos un evento por mes prev\u00e9 organizar el Corredor Cultural Carranza, con la finalidad de consolidar el proyecto con un alcance incluso educativo. El Encargado de Relaciones P\u00fablicas Empresariales, Alberto Narv\u00e1ez Arochi revel\u00f3 lo anterior. Sin embargo, advirti\u00f3 que no a todos los due\u00f1os de negocios ubicados en la conocida arteria, les resulta sencillo apoyar en el desarrollo de actividades. Ello debido a las dificultades econ\u00f3micas que se atraviesan. As\u00ed, llam\u00f3 a los diferentes \u00f3rdenes gubernamentales a trabajar en las pol\u00edticas p\u00fablicas que han lesionado al corredor Carranza. Tambi\u00e9n algunos proyectos de movilidad que relat\u00f3, impactaron desfavorablemente [&hellip;]","og_url":"https:\/\/canal7slp.tv\/2022\/con-implementacion-continua-de-proyectos-preve-corredor-cultural-carranza-impactar-favorablemente-a-la-poblacion-y-a-negocios-de-la-avenida\/","og_site_name":"Canal 7 SLP - 2022","article_publisher":"https:\/\/www.facebook.com\/noticieroscanalsiete","article_published_time":"2022-09-08T00:59:46+00:00","og_image":[{"width":888,"height":500,"url":"https:\/\/canal7slp.tv\/2022\/wp-content\/uploads\/2022\/09\/Pau03CorredorCultural.jpg","type":"image\/jpeg"}],"author":"Edici\u00f3n Web","twitter_card":"summary_large_image","twitter_creator":"@NOTICIEROS7","twitter_site":"@NOTICIEROS7","twitter_misc":{"Escrito por":"Edici\u00f3n Web","Tiempo de lectura":"1 minuto"},"schema":{"@context":"https:\/\/schema.org","@graph":[{"@type":"Article","@id":"https:\/\/canal7slp.tv\/2022\/con-implementacion-continua-de-proyectos-preve-corredor-cultural-carranza-impactar-favorablemente-a-la-poblacion-y-a-negocios-de-la-avenida\/#article","isPartOf":{"@id":"https:\/\/canal7slp.tv\/2022\/con-implementacion-continua-de-proyectos-preve-corredor-cultural-carranza-impactar-favorablemente-a-la-poblacion-y-a-negocios-de-la-avenida\/"},"author":{"name":"Edici\u00f3n Web","@id":"https:\/\/canal7slp.tv\/2022\/#\/schema\/person\/429704152a21f5f856ce29aa69a238da"},"headline":"Con implementaci\u00f3n continua de proyectos, prev\u00e9 Corredor Cultural Carranza impactar favorablemente a la poblaci\u00f3n y a negocios de la avenida.","datePublished":"2022-09-08T00:59:46+00:00","mainEntityOfPage":{"@id":"https:\/\/canal7slp.tv\/2022\/con-implementacion-continua-de-proyectos-preve-corredor-cultural-carranza-impactar-favorablemente-a-la-poblacion-y-a-negocios-de-la-avenida\/"},"wordCount":142,"publisher":{"@id":"https:\/\/canal7slp.tv\/2022\/#organization"},"image":{"@id":"https:\/\/canal7slp.tv\/2022\/con-implementacion-continua-de-proyectos-preve-corredor-cultural-carranza-impactar-favorablemente-a-la-poblacion-y-a-negocios-de-la-avenida\/#primaryimage"},"thumbnailUrl":"https:\/\/canal7slp.tv\/2022\/wp-content\/uploads\/2022\/09\/Pau03CorredorCultural.jpg","articleSection":["DESTACADAS","LOCALES Y REGIONALES"],"inLanguage":"es"},{"@type":"WebPage","@id":"https:\/\/canal7slp.tv\/2022\/con-implementacion-continua-de-proyectos-preve-corredor-cultural-carranza-impactar-favorablemente-a-la-poblacion-y-a-negocios-de-la-avenida\/","url":"https:\/\/canal7slp.tv\/2022\/con-implementacion-continua-de-proyectos-preve-corredor-cultural-carranza-impactar-favorablemente-a-la-poblacion-y-a-negocios-de-la-avenida\/","name":"Con implementaci\u00f3n continua de proyectos, prev\u00e9 Corredor Cultural Carranza impactar favorablemente a la poblaci\u00f3n y a negocios de la avenida. - Canal 7 SLP - 2022","isPartOf":{"@id":"https:\/\/canal7slp.tv\/2022\/#website"},"primaryImageOfPage":{"@id":"https:\/\/canal7slp.tv\/2022\/con-implementacion-continua-de-proyectos-preve-corredor-cultural-carranza-impactar-favorablemente-a-la-poblacion-y-a-negocios-de-la-avenida\/#primaryimage"},"image":{"@id":"https:\/\/canal7slp.tv\/2022\/con-implementacion-continua-de-proyectos-preve-corredor-cultural-carranza-impactar-favorablemente-a-la-poblacion-y-a-negocios-de-la-avenida\/#primaryimage"},"thumbnailUrl":"https:\/\/canal7slp.tv\/2022\/wp-content\/uploads\/2022\/09\/Pau03CorredorCultural.jpg","datePublished":"2022-09-08T00:59:46+00:00","breadcrumb":{"@id":"https:\/\/canal7slp.tv\/2022\/con-implementacion-continua-de-proyectos-preve-corredor-cultural-carranza-impactar-favorablemente-a-la-poblacion-y-a-negocios-de-la-avenida\/#breadcrumb"},"inLanguage":"es","potentialAction":[{"@type":"ReadAction","target":["https:\/\/canal7slp.tv\/2022\/con-implementacion-continua-de-proyectos-preve-corredor-cultural-carranza-impactar-favorablemente-a-la-poblacion-y-a-negocios-de-la-avenida\/"]}]},{"@type":"ImageObject","inLanguage":"es","@id":"https:\/\/canal7slp.tv\/2022\/con-implementacion-continua-de-proyectos-preve-corredor-cultural-carranza-impactar-favorablemente-a-la-poblacion-y-a-negocios-de-la-avenida\/#primaryimage","url":"https:\/\/canal7slp.tv\/2022\/wp-content\/uploads\/2022\/09\/Pau03CorredorCultural.jpg","contentUrl":"https:\/\/canal7slp.tv\/2022\/wp-content\/uploads\/2022\/09\/Pau03CorredorCultural.jpg","width":888,"height":500},{"@type":"BreadcrumbList","@id":"https:\/\/canal7slp.tv\/2022\/con-implementacion-continua-de-proyectos-preve-corredor-cultural-carranza-impactar-favorablemente-a-la-poblacion-y-a-negocios-de-la-avenida\/#breadcrumb","itemListElement":[{"@type":"ListItem","position":1,"name":"Portada","item":"https:\/\/canal7slp.tv\/2022\/"},{"@type":"ListItem","position":2,"name":"Con implementaci\u00f3n continua de proyectos, prev\u00e9 Corredor Cultural Carranza impactar favorablemente a la poblaci\u00f3n y a negocios de la avenida."}]},{"@type":"WebSite","@id":"https:\/\/canal7slp.tv\/2022\/#website","url":"https:\/\/canal7slp.tv\/2022\/","name":"N7 - Noticieros Canal 7","description":"Somos Televisi\u00f3n","publisher":{"@id":"https:\/\/canal7slp.tv\/2022\/#organization"},"potentialAction":[{"@type":"SearchAction","target":{"@type":"EntryPoint","urlTemplate":"https:\/\/canal7slp.tv\/2022\/?s={search_term_string}"},"query-input":{"@type":"PropertyValueSpecification","valueRequired":true,"valueName":"search_term_string"}}],"inLanguage":"es"},{"@type":"Organization","@id":"https:\/\/canal7slp.tv\/2022\/#organization","name":"Noticieros Canal 7","url":"https:\/\/canal7slp.tv\/2022\/","logo":{"@type":"ImageObject","inLanguage":"es","@id":"https:\/\/canal7slp.tv\/2022\/#\/schema\/logo\/image\/","url":"https:\/\/canal7slp.tv\/2022\/wp-content\/uploads\/2021\/01\/logo-noticieros@2x.png","contentUrl":"https:\/\/canal7slp.tv\/2022\/wp-content\/uploads\/2021\/01\/logo-noticieros@2x.png","width":1017,"height":268,"caption":"Noticieros Canal 7"},"image":{"@id":"https:\/\/canal7slp.tv\/2022\/#\/schema\/logo\/image\/"},"sameAs":["https:\/\/www.facebook.com\/noticieroscanalsiete","https:\/\/x.com\/NOTICIEROS7","https:\/\/www.instagram.com\/canal7_slp","https:\/\/www.youtube.com\/channel\/UCliiYs-gP3JfJeqdPrNdd5A"]},{"@type":"Person","@id":"https:\/\/canal7slp.tv\/2022\/#\/schema\/person\/429704152a21f5f856ce29aa69a238da","name":"Edici\u00f3n Web","image":{"@type":"ImageObject","inLanguage":"es","@id":"https:\/\/secure.gravatar.com\/avatar\/eee448fc3f7164808013b816ba91ac7e43bbe82a70bebac296f8bc6f0addaa1a?s=96&d=mm&r=g","url":"https:\/\/secure.gravatar.com\/avatar\/eee448fc3f7164808013b816ba91ac7e43bbe82a70bebac296f8bc6f0addaa1a?s=96&d=mm&r=g","contentUrl":"https:\/\/secure.gravatar.com\/avatar\/eee448fc3f7164808013b816ba91ac7e43bbe82a70bebac296f8bc6f0addaa1a?s=96&d=mm&r=g","caption":"Edici\u00f3n Web"},"url":"https:\/\/canal7slp.tv\/2022\/author\/edicionweb\/"}]}},"amp_enabled":true,"_links":{"self":[{"href":"https:\/\/canal7slp.tv\/2022\/wp-json\/wp\/v2\/posts\/72236","targetHints":{"allow":["GET"]}}],"collection":[{"href":"https:\/\/canal7slp.tv\/2022\/wp-json\/wp\/v2\/posts"}],"about":[{"href":"https:\/\/canal7slp.tv\/2022\/wp-json\/wp\/v2\/types\/post"}],"author":[{"embeddable":true,"href":"https:\/\/canal7slp.tv\/2022\/wp-json\/wp\/v2\/users\/2"}],"replies":[{"embeddable":true,"href":"https:\/\/canal7slp.tv\/2022\/wp-json\/wp\/v2\/comments?post=72236"}],"version-history":[{"count":1,"href":"https:\/\/canal7slp.tv\/2022\/wp-json\/wp\/v2\/posts\/72236\/revisions"}],"predecessor-version":[{"id":72238,"href":"https:\/\/canal7slp.tv\/2022\/wp-json\/wp\/v2\/posts\/72236\/revisions\/72238"}],"wp:featuredmedia":[{"embeddable":true,"href":"https:\/\/canal7slp.tv\/2022\/wp-json\/wp\/v2\/media\/72241"}],"wp:attachment":[{"href":"https:\/\/canal7slp.tv\/2022\/wp-json\/wp\/v2\/media?parent=72236"}],"wp:term":[{"taxonomy":"category","embeddable":true,"href":"https:\/\/canal7slp.tv\/2022\/wp-json\/wp\/v2\/categories?post=72236"},{"taxonomy":"post_tag","embeddable":true,"href":"https:\/\/canal7slp.tv\/2022\/wp-json\/wp\/v2\/tags?post=72236"}],"curies":[{"name":"wp","href":"https:\/\/api.w.org\/{rel}","templated":true}]}}