{"id":72233,"date":"2022-09-07T18:00:02","date_gmt":"2022-09-08T00:00:02","guid":{"rendered":"https:\/\/canal7slp.tv\/2022\/?p=72233"},"modified":"2022-09-07T18:00:02","modified_gmt":"2022-09-08T00:00:02","slug":"en-noviembre-ayuntamiento-capitalino-y-alianza-empresarial-realizaran-feria-de-proveedores","status":"publish","type":"post","link":"https:\/\/canal7slp.tv\/2022\/en-noviembre-ayuntamiento-capitalino-y-alianza-empresarial-realizaran-feria-de-proveedores\/","title":{"rendered":"En noviembre, Ayuntamiento Capitalino y Alianza Empresarial realizar\u00e1n Feria de Proveedores."},"content":{"rendered":"<p style=\"text-align: justify;\">SLP.- Prepara Ayuntamiento de la Capital una Feria de Proveedores junto la Alianza Empresarial en San Luis Potos\u00ed.<\/p>\n<p style=\"text-align: justify;\">Autoridades sostuvieron una reuni\u00f3n con integrantes de la iniciativa privada con motivo del evento previsto para noviembre, en el que peque\u00f1as y medianas empresas (PyMES) tendr\u00e1n oportunidad mostrar la capacidad para ofrecer mercanc\u00eda.<\/p>\n<p style=\"text-align: justify;\">Desde la administraci\u00f3n municipal fue se\u00f1alado que la sinergia es de gran relevancia, ya que se pretende atender las demandas de proveedur\u00eda de principales empresas en la industria automotriz.<\/p>\n<p style=\"text-align: justify;\">Adicionalmente, integrar a las PyMES a cadenas de valor por medio de un programa basado en fortalecimiento, a trav\u00e9s de una certificaci\u00f3n de los proveedores en funci\u00f3n de necesidades y requerimientos de control de calidad.<\/p>\n<p style=\"text-align: justify;\">Es relevante recordar que la capital potosina tiene potencial de atender a 19 ensambladoras. A la par se record\u00f3 que el sector automotriz est\u00e1 integrado por dos armadoras y m\u00e1s de 240 compa\u00f1\u00edas productoras de autopartes.<\/p>\n<p style=\"text-align: justify;\">Fue puntualizado que San Luis Potos\u00ed es el centro de la conectividad log\u00edstica nacional, con m\u00e1s de cinco mil 400 unidades econ\u00f3micas y potencial de atender requerimientos de la industria automotriz -de las cuales dos mil 600 corresponden a la capital-.<\/p>\n<p>Por: Paulina Rodr\u00edguez<\/p>\n","protected":false},"excerpt":{"rendered":"<p>SLP.- Prepara Ayuntamiento de la Capital una Feria de Proveedores junto la Alianza Empresarial en San Luis Potos\u00ed. Autoridades sostuvieron una reuni\u00f3n con integrantes de la iniciativa privada con motivo del evento previsto para noviembre, en el que peque\u00f1as y medianas empresas (PyMES) tendr\u00e1n oportunidad mostrar la capacidad para ofrecer mercanc\u00eda. Desde la administraci\u00f3n municipal fue se\u00f1alado que la sinergia es de gran relevancia, ya que se pretende atender las demandas de proveedur\u00eda de principales empresas en la industria automotriz. Adicionalmente, integrar a las PyMES a cadenas de valor por medio de un programa basado en fortalecimiento, a trav\u00e9s de [&hellip;]<\/p>\n","protected":false},"author":2,"featured_media":72234,"comment_status":"closed","ping_status":"closed","sticky":false,"template":"","format":"video","meta":{"footnotes":""},"categories":[66,5,45],"tags":[],"class_list":["post-72233","post","type-post","status-publish","format-video","has-post-thumbnail","hentry","category-ayoslp","category-destacadas","category-localesyregionales","post_format-post-format-video","post--single"],"yoast_head":"<!-- This site is optimized with the Yoast SEO plugin v27.4 - https:\/\/yoast.com\/product\/yoast-seo-wordpress\/ -->\n<title>En noviembre, Ayuntamiento Capitalino y Alianza Empresarial realizar\u00e1n Feria de Proveedores. - Canal 7 SLP - 2022<\/title>\n<meta name=\"robots\" content=\"index, follow, max-snippet:-1, max-image-preview:large, max-video-preview:-1\" \/>\n<link rel=\"canonical\" href=\"https:\/\/canal7slp.tv\/2022\/en-noviembre-ayuntamiento-capitalino-y-alianza-empresarial-realizaran-feria-de-proveedores\/\" \/>\n<meta property=\"og:locale\" content=\"es_ES\" \/>\n<meta property=\"og:type\" content=\"article\" \/>\n<meta property=\"og:title\" content=\"En noviembre, Ayuntamiento Capitalino y Alianza Empresarial realizar\u00e1n Feria de Proveedores. - Canal 7 SLP - 2022\" \/>\n<meta property=\"og:description\" content=\"SLP.- Prepara Ayuntamiento de la Capital una Feria de Proveedores junto la Alianza Empresarial en San Luis Potos\u00ed. Autoridades sostuvieron una reuni\u00f3n con integrantes de la iniciativa privada con motivo del evento previsto para noviembre, en el que peque\u00f1as y medianas empresas (PyMES) tendr\u00e1n oportunidad mostrar la capacidad para ofrecer mercanc\u00eda. Desde la administraci\u00f3n municipal fue se\u00f1alado que la sinergia es de gran relevancia, ya que se pretende atender las demandas de proveedur\u00eda de principales empresas en la industria automotriz. Adicionalmente, integrar a las PyMES a cadenas de valor por medio de un programa basado en fortalecimiento, a trav\u00e9s de [&hellip;]\" \/>\n<meta property=\"og:url\" content=\"https:\/\/canal7slp.tv\/2022\/en-noviembre-ayuntamiento-capitalino-y-alianza-empresarial-realizaran-feria-de-proveedores\/\" \/>\n<meta property=\"og:site_name\" content=\"Canal 7 SLP - 2022\" \/>\n<meta property=\"article:publisher\" content=\"https:\/\/www.facebook.com\/noticieroscanalsiete\" \/>\n<meta property=\"article:published_time\" content=\"2022-09-08T00:00:02+00:00\" \/>\n<meta property=\"og:image\" content=\"https:\/\/canal7slp.tv\/2022\/wp-content\/uploads\/2022\/09\/Pau02FeriaProvedores.jpg\" \/>\n\t<meta property=\"og:image:width\" content=\"888\" \/>\n\t<meta property=\"og:image:height\" content=\"500\" \/>\n\t<meta property=\"og:image:type\" content=\"image\/jpeg\" \/>\n<meta name=\"author\" content=\"Edici\u00f3n Web\" \/>\n<meta name=\"twitter:card\" content=\"summary_large_image\" \/>\n<meta name=\"twitter:creator\" content=\"@NOTICIEROS7\" \/>\n<meta name=\"twitter:site\" content=\"@NOTICIEROS7\" \/>\n<meta name=\"twitter:label1\" content=\"Escrito por\" \/>\n\t<meta name=\"twitter:data1\" content=\"Edici\u00f3n Web\" \/>\n\t<meta name=\"twitter:label2\" content=\"Tiempo de lectura\" \/>\n\t<meta name=\"twitter:data2\" content=\"1 minuto\" \/>\n<script type=\"application\/ld+json\" class=\"yoast-schema-graph\">{\"@context\":\"https:\\\/\\\/schema.org\",\"@graph\":[{\"@type\":\"Article\",\"@id\":\"https:\\\/\\\/canal7slp.tv\\\/2022\\\/en-noviembre-ayuntamiento-capitalino-y-alianza-empresarial-realizaran-feria-de-proveedores\\\/#article\",\"isPartOf\":{\"@id\":\"https:\\\/\\\/canal7slp.tv\\\/2022\\\/en-noviembre-ayuntamiento-capitalino-y-alianza-empresarial-realizaran-feria-de-proveedores\\\/\"},\"author\":{\"name\":\"Edici\u00f3n Web\",\"@id\":\"https:\\\/\\\/canal7slp.tv\\\/2022\\\/#\\\/schema\\\/person\\\/429704152a21f5f856ce29aa69a238da\"},\"headline\":\"En noviembre, Ayuntamiento Capitalino y Alianza Empresarial realizar\u00e1n Feria de Proveedores.\",\"datePublished\":\"2022-09-08T00:00:02+00:00\",\"mainEntityOfPage\":{\"@id\":\"https:\\\/\\\/canal7slp.tv\\\/2022\\\/en-noviembre-ayuntamiento-capitalino-y-alianza-empresarial-realizaran-feria-de-proveedores\\\/\"},\"wordCount\":220,\"publisher\":{\"@id\":\"https:\\\/\\\/canal7slp.tv\\\/2022\\\/#organization\"},\"image\":{\"@id\":\"https:\\\/\\\/canal7slp.tv\\\/2022\\\/en-noviembre-ayuntamiento-capitalino-y-alianza-empresarial-realizaran-feria-de-proveedores\\\/#primaryimage\"},\"thumbnailUrl\":\"https:\\\/\\\/canal7slp.tv\\\/2022\\\/wp-content\\\/uploads\\\/2022\\\/09\\\/Pau02FeriaProvedores.jpg\",\"articleSection\":[\"AYOSLP\",\"DESTACADAS\",\"LOCALES Y REGIONALES\"],\"inLanguage\":\"es\"},{\"@type\":\"WebPage\",\"@id\":\"https:\\\/\\\/canal7slp.tv\\\/2022\\\/en-noviembre-ayuntamiento-capitalino-y-alianza-empresarial-realizaran-feria-de-proveedores\\\/\",\"url\":\"https:\\\/\\\/canal7slp.tv\\\/2022\\\/en-noviembre-ayuntamiento-capitalino-y-alianza-empresarial-realizaran-feria-de-proveedores\\\/\",\"name\":\"En noviembre, Ayuntamiento Capitalino y Alianza Empresarial realizar\u00e1n Feria de Proveedores. - Canal 7 SLP - 2022\",\"isPartOf\":{\"@id\":\"https:\\\/\\\/canal7slp.tv\\\/2022\\\/#website\"},\"primaryImageOfPage\":{\"@id\":\"https:\\\/\\\/canal7slp.tv\\\/2022\\\/en-noviembre-ayuntamiento-capitalino-y-alianza-empresarial-realizaran-feria-de-proveedores\\\/#primaryimage\"},\"image\":{\"@id\":\"https:\\\/\\\/canal7slp.tv\\\/2022\\\/en-noviembre-ayuntamiento-capitalino-y-alianza-empresarial-realizaran-feria-de-proveedores\\\/#primaryimage\"},\"thumbnailUrl\":\"https:\\\/\\\/canal7slp.tv\\\/2022\\\/wp-content\\\/uploads\\\/2022\\\/09\\\/Pau02FeriaProvedores.jpg\",\"datePublished\":\"2022-09-08T00:00:02+00:00\",\"breadcrumb\":{\"@id\":\"https:\\\/\\\/canal7slp.tv\\\/2022\\\/en-noviembre-ayuntamiento-capitalino-y-alianza-empresarial-realizaran-feria-de-proveedores\\\/#breadcrumb\"},\"inLanguage\":\"es\",\"potentialAction\":[{\"@type\":\"ReadAction\",\"target\":[\"https:\\\/\\\/canal7slp.tv\\\/2022\\\/en-noviembre-ayuntamiento-capitalino-y-alianza-empresarial-realizaran-feria-de-proveedores\\\/\"]}]},{\"@type\":\"ImageObject\",\"inLanguage\":\"es\",\"@id\":\"https:\\\/\\\/canal7slp.tv\\\/2022\\\/en-noviembre-ayuntamiento-capitalino-y-alianza-empresarial-realizaran-feria-de-proveedores\\\/#primaryimage\",\"url\":\"https:\\\/\\\/canal7slp.tv\\\/2022\\\/wp-content\\\/uploads\\\/2022\\\/09\\\/Pau02FeriaProvedores.jpg\",\"contentUrl\":\"https:\\\/\\\/canal7slp.tv\\\/2022\\\/wp-content\\\/uploads\\\/2022\\\/09\\\/Pau02FeriaProvedores.jpg\",\"width\":888,\"height\":500},{\"@type\":\"BreadcrumbList\",\"@id\":\"https:\\\/\\\/canal7slp.tv\\\/2022\\\/en-noviembre-ayuntamiento-capitalino-y-alianza-empresarial-realizaran-feria-de-proveedores\\\/#breadcrumb\",\"itemListElement\":[{\"@type\":\"ListItem\",\"position\":1,\"name\":\"Portada\",\"item\":\"https:\\\/\\\/canal7slp.tv\\\/2022\\\/\"},{\"@type\":\"ListItem\",\"position\":2,\"name\":\"En noviembre, Ayuntamiento Capitalino y Alianza Empresarial realizar\u00e1n Feria de Proveedores.\"}]},{\"@type\":\"WebSite\",\"@id\":\"https:\\\/\\\/canal7slp.tv\\\/2022\\\/#website\",\"url\":\"https:\\\/\\\/canal7slp.tv\\\/2022\\\/\",\"name\":\"N7 - Noticieros Canal 7\",\"description\":\"Somos Televisi\u00f3n\",\"publisher\":{\"@id\":\"https:\\\/\\\/canal7slp.tv\\\/2022\\\/#organization\"},\"potentialAction\":[{\"@type\":\"SearchAction\",\"target\":{\"@type\":\"EntryPoint\",\"urlTemplate\":\"https:\\\/\\\/canal7slp.tv\\\/2022\\\/?s={search_term_string}\"},\"query-input\":{\"@type\":\"PropertyValueSpecification\",\"valueRequired\":true,\"valueName\":\"search_term_string\"}}],\"inLanguage\":\"es\"},{\"@type\":\"Organization\",\"@id\":\"https:\\\/\\\/canal7slp.tv\\\/2022\\\/#organization\",\"name\":\"Noticieros Canal 7\",\"url\":\"https:\\\/\\\/canal7slp.tv\\\/2022\\\/\",\"logo\":{\"@type\":\"ImageObject\",\"inLanguage\":\"es\",\"@id\":\"https:\\\/\\\/canal7slp.tv\\\/2022\\\/#\\\/schema\\\/logo\\\/image\\\/\",\"url\":\"https:\\\/\\\/canal7slp.tv\\\/2022\\\/wp-content\\\/uploads\\\/2021\\\/01\\\/logo-noticieros@2x.png\",\"contentUrl\":\"https:\\\/\\\/canal7slp.tv\\\/2022\\\/wp-content\\\/uploads\\\/2021\\\/01\\\/logo-noticieros@2x.png\",\"width\":1017,\"height\":268,\"caption\":\"Noticieros Canal 7\"},\"image\":{\"@id\":\"https:\\\/\\\/canal7slp.tv\\\/2022\\\/#\\\/schema\\\/logo\\\/image\\\/\"},\"sameAs\":[\"https:\\\/\\\/www.facebook.com\\\/noticieroscanalsiete\",\"https:\\\/\\\/x.com\\\/NOTICIEROS7\",\"https:\\\/\\\/www.instagram.com\\\/canal7_slp\",\"https:\\\/\\\/www.youtube.com\\\/channel\\\/UCliiYs-gP3JfJeqdPrNdd5A\"]},{\"@type\":\"Person\",\"@id\":\"https:\\\/\\\/canal7slp.tv\\\/2022\\\/#\\\/schema\\\/person\\\/429704152a21f5f856ce29aa69a238da\",\"name\":\"Edici\u00f3n Web\",\"image\":{\"@type\":\"ImageObject\",\"inLanguage\":\"es\",\"@id\":\"https:\\\/\\\/secure.gravatar.com\\\/avatar\\\/eee448fc3f7164808013b816ba91ac7e43bbe82a70bebac296f8bc6f0addaa1a?s=96&d=mm&r=g\",\"url\":\"https:\\\/\\\/secure.gravatar.com\\\/avatar\\\/eee448fc3f7164808013b816ba91ac7e43bbe82a70bebac296f8bc6f0addaa1a?s=96&d=mm&r=g\",\"contentUrl\":\"https:\\\/\\\/secure.gravatar.com\\\/avatar\\\/eee448fc3f7164808013b816ba91ac7e43bbe82a70bebac296f8bc6f0addaa1a?s=96&d=mm&r=g\",\"caption\":\"Edici\u00f3n Web\"},\"url\":\"https:\\\/\\\/canal7slp.tv\\\/2022\\\/author\\\/edicionweb\\\/\"}]}<\/script>\n<!-- \/ Yoast SEO plugin. -->","yoast_head_json":{"title":"En noviembre, Ayuntamiento Capitalino y Alianza Empresarial realizar\u00e1n Feria de Proveedores. - Canal 7 SLP - 2022","robots":{"index":"index","follow":"follow","max-snippet":"max-snippet:-1","max-image-preview":"max-image-preview:large","max-video-preview":"max-video-preview:-1"},"canonical":"https:\/\/canal7slp.tv\/2022\/en-noviembre-ayuntamiento-capitalino-y-alianza-empresarial-realizaran-feria-de-proveedores\/","og_locale":"es_ES","og_type":"article","og_title":"En noviembre, Ayuntamiento Capitalino y Alianza Empresarial realizar\u00e1n Feria de Proveedores. - Canal 7 SLP - 2022","og_description":"SLP.- Prepara Ayuntamiento de la Capital una Feria de Proveedores junto la Alianza Empresarial en San Luis Potos\u00ed. Autoridades sostuvieron una reuni\u00f3n con integrantes de la iniciativa privada con motivo del evento previsto para noviembre, en el que peque\u00f1as y medianas empresas (PyMES) tendr\u00e1n oportunidad mostrar la capacidad para ofrecer mercanc\u00eda. Desde la administraci\u00f3n municipal fue se\u00f1alado que la sinergia es de gran relevancia, ya que se pretende atender las demandas de proveedur\u00eda de principales empresas en la industria automotriz. Adicionalmente, integrar a las PyMES a cadenas de valor por medio de un programa basado en fortalecimiento, a trav\u00e9s de [&hellip;]","og_url":"https:\/\/canal7slp.tv\/2022\/en-noviembre-ayuntamiento-capitalino-y-alianza-empresarial-realizaran-feria-de-proveedores\/","og_site_name":"Canal 7 SLP - 2022","article_publisher":"https:\/\/www.facebook.com\/noticieroscanalsiete","article_published_time":"2022-09-08T00:00:02+00:00","og_image":[{"width":888,"height":500,"url":"https:\/\/canal7slp.tv\/2022\/wp-content\/uploads\/2022\/09\/Pau02FeriaProvedores.jpg","type":"image\/jpeg"}],"author":"Edici\u00f3n Web","twitter_card":"summary_large_image","twitter_creator":"@NOTICIEROS7","twitter_site":"@NOTICIEROS7","twitter_misc":{"Escrito por":"Edici\u00f3n Web","Tiempo de lectura":"1 minuto"},"schema":{"@context":"https:\/\/schema.org","@graph":[{"@type":"Article","@id":"https:\/\/canal7slp.tv\/2022\/en-noviembre-ayuntamiento-capitalino-y-alianza-empresarial-realizaran-feria-de-proveedores\/#article","isPartOf":{"@id":"https:\/\/canal7slp.tv\/2022\/en-noviembre-ayuntamiento-capitalino-y-alianza-empresarial-realizaran-feria-de-proveedores\/"},"author":{"name":"Edici\u00f3n Web","@id":"https:\/\/canal7slp.tv\/2022\/#\/schema\/person\/429704152a21f5f856ce29aa69a238da"},"headline":"En noviembre, Ayuntamiento Capitalino y Alianza Empresarial realizar\u00e1n Feria de Proveedores.","datePublished":"2022-09-08T00:00:02+00:00","mainEntityOfPage":{"@id":"https:\/\/canal7slp.tv\/2022\/en-noviembre-ayuntamiento-capitalino-y-alianza-empresarial-realizaran-feria-de-proveedores\/"},"wordCount":220,"publisher":{"@id":"https:\/\/canal7slp.tv\/2022\/#organization"},"image":{"@id":"https:\/\/canal7slp.tv\/2022\/en-noviembre-ayuntamiento-capitalino-y-alianza-empresarial-realizaran-feria-de-proveedores\/#primaryimage"},"thumbnailUrl":"https:\/\/canal7slp.tv\/2022\/wp-content\/uploads\/2022\/09\/Pau02FeriaProvedores.jpg","articleSection":["AYOSLP","DESTACADAS","LOCALES Y REGIONALES"],"inLanguage":"es"},{"@type":"WebPage","@id":"https:\/\/canal7slp.tv\/2022\/en-noviembre-ayuntamiento-capitalino-y-alianza-empresarial-realizaran-feria-de-proveedores\/","url":"https:\/\/canal7slp.tv\/2022\/en-noviembre-ayuntamiento-capitalino-y-alianza-empresarial-realizaran-feria-de-proveedores\/","name":"En noviembre, Ayuntamiento Capitalino y Alianza Empresarial realizar\u00e1n Feria de Proveedores. - Canal 7 SLP - 2022","isPartOf":{"@id":"https:\/\/canal7slp.tv\/2022\/#website"},"primaryImageOfPage":{"@id":"https:\/\/canal7slp.tv\/2022\/en-noviembre-ayuntamiento-capitalino-y-alianza-empresarial-realizaran-feria-de-proveedores\/#primaryimage"},"image":{"@id":"https:\/\/canal7slp.tv\/2022\/en-noviembre-ayuntamiento-capitalino-y-alianza-empresarial-realizaran-feria-de-proveedores\/#primaryimage"},"thumbnailUrl":"https:\/\/canal7slp.tv\/2022\/wp-content\/uploads\/2022\/09\/Pau02FeriaProvedores.jpg","datePublished":"2022-09-08T00:00:02+00:00","breadcrumb":{"@id":"https:\/\/canal7slp.tv\/2022\/en-noviembre-ayuntamiento-capitalino-y-alianza-empresarial-realizaran-feria-de-proveedores\/#breadcrumb"},"inLanguage":"es","potentialAction":[{"@type":"ReadAction","target":["https:\/\/canal7slp.tv\/2022\/en-noviembre-ayuntamiento-capitalino-y-alianza-empresarial-realizaran-feria-de-proveedores\/"]}]},{"@type":"ImageObject","inLanguage":"es","@id":"https:\/\/canal7slp.tv\/2022\/en-noviembre-ayuntamiento-capitalino-y-alianza-empresarial-realizaran-feria-de-proveedores\/#primaryimage","url":"https:\/\/canal7slp.tv\/2022\/wp-content\/uploads\/2022\/09\/Pau02FeriaProvedores.jpg","contentUrl":"https:\/\/canal7slp.tv\/2022\/wp-content\/uploads\/2022\/09\/Pau02FeriaProvedores.jpg","width":888,"height":500},{"@type":"BreadcrumbList","@id":"https:\/\/canal7slp.tv\/2022\/en-noviembre-ayuntamiento-capitalino-y-alianza-empresarial-realizaran-feria-de-proveedores\/#breadcrumb","itemListElement":[{"@type":"ListItem","position":1,"name":"Portada","item":"https:\/\/canal7slp.tv\/2022\/"},{"@type":"ListItem","position":2,"name":"En noviembre, Ayuntamiento Capitalino y Alianza Empresarial realizar\u00e1n Feria de Proveedores."}]},{"@type":"WebSite","@id":"https:\/\/canal7slp.tv\/2022\/#website","url":"https:\/\/canal7slp.tv\/2022\/","name":"N7 - Noticieros Canal 7","description":"Somos Televisi\u00f3n","publisher":{"@id":"https:\/\/canal7slp.tv\/2022\/#organization"},"potentialAction":[{"@type":"SearchAction","target":{"@type":"EntryPoint","urlTemplate":"https:\/\/canal7slp.tv\/2022\/?s={search_term_string}"},"query-input":{"@type":"PropertyValueSpecification","valueRequired":true,"valueName":"search_term_string"}}],"inLanguage":"es"},{"@type":"Organization","@id":"https:\/\/canal7slp.tv\/2022\/#organization","name":"Noticieros Canal 7","url":"https:\/\/canal7slp.tv\/2022\/","logo":{"@type":"ImageObject","inLanguage":"es","@id":"https:\/\/canal7slp.tv\/2022\/#\/schema\/logo\/image\/","url":"https:\/\/canal7slp.tv\/2022\/wp-content\/uploads\/2021\/01\/logo-noticieros@2x.png","contentUrl":"https:\/\/canal7slp.tv\/2022\/wp-content\/uploads\/2021\/01\/logo-noticieros@2x.png","width":1017,"height":268,"caption":"Noticieros Canal 7"},"image":{"@id":"https:\/\/canal7slp.tv\/2022\/#\/schema\/logo\/image\/"},"sameAs":["https:\/\/www.facebook.com\/noticieroscanalsiete","https:\/\/x.com\/NOTICIEROS7","https:\/\/www.instagram.com\/canal7_slp","https:\/\/www.youtube.com\/channel\/UCliiYs-gP3JfJeqdPrNdd5A"]},{"@type":"Person","@id":"https:\/\/canal7slp.tv\/2022\/#\/schema\/person\/429704152a21f5f856ce29aa69a238da","name":"Edici\u00f3n Web","image":{"@type":"ImageObject","inLanguage":"es","@id":"https:\/\/secure.gravatar.com\/avatar\/eee448fc3f7164808013b816ba91ac7e43bbe82a70bebac296f8bc6f0addaa1a?s=96&d=mm&r=g","url":"https:\/\/secure.gravatar.com\/avatar\/eee448fc3f7164808013b816ba91ac7e43bbe82a70bebac296f8bc6f0addaa1a?s=96&d=mm&r=g","contentUrl":"https:\/\/secure.gravatar.com\/avatar\/eee448fc3f7164808013b816ba91ac7e43bbe82a70bebac296f8bc6f0addaa1a?s=96&d=mm&r=g","caption":"Edici\u00f3n Web"},"url":"https:\/\/canal7slp.tv\/2022\/author\/edicionweb\/"}]}},"amp_enabled":true,"_links":{"self":[{"href":"https:\/\/canal7slp.tv\/2022\/wp-json\/wp\/v2\/posts\/72233","targetHints":{"allow":["GET"]}}],"collection":[{"href":"https:\/\/canal7slp.tv\/2022\/wp-json\/wp\/v2\/posts"}],"about":[{"href":"https:\/\/canal7slp.tv\/2022\/wp-json\/wp\/v2\/types\/post"}],"author":[{"embeddable":true,"href":"https:\/\/canal7slp.tv\/2022\/wp-json\/wp\/v2\/users\/2"}],"replies":[{"embeddable":true,"href":"https:\/\/canal7slp.tv\/2022\/wp-json\/wp\/v2\/comments?post=72233"}],"version-history":[{"count":1,"href":"https:\/\/canal7slp.tv\/2022\/wp-json\/wp\/v2\/posts\/72233\/revisions"}],"predecessor-version":[{"id":72235,"href":"https:\/\/canal7slp.tv\/2022\/wp-json\/wp\/v2\/posts\/72233\/revisions\/72235"}],"wp:featuredmedia":[{"embeddable":true,"href":"https:\/\/canal7slp.tv\/2022\/wp-json\/wp\/v2\/media\/72234"}],"wp:attachment":[{"href":"https:\/\/canal7slp.tv\/2022\/wp-json\/wp\/v2\/media?parent=72233"}],"wp:term":[{"taxonomy":"category","embeddable":true,"href":"https:\/\/canal7slp.tv\/2022\/wp-json\/wp\/v2\/categories?post=72233"},{"taxonomy":"post_tag","embeddable":true,"href":"https:\/\/canal7slp.tv\/2022\/wp-json\/wp\/v2\/tags?post=72233"}],"curies":[{"name":"wp","href":"https:\/\/api.w.org\/{rel}","templated":true}]}}