{"id":72217,"date":"2022-09-07T17:02:45","date_gmt":"2022-09-07T23:02:45","guid":{"rendered":"https:\/\/canal7slp.tv\/2022\/?p=72217"},"modified":"2022-09-07T17:02:45","modified_gmt":"2022-09-07T23:02:45","slug":"arrancan-autoridades-soledenses-construccion-de-techado-en-jardin-de-ninos-de-la-colonia-san-francisco","status":"publish","type":"post","link":"https:\/\/canal7slp.tv\/2022\/arrancan-autoridades-soledenses-construccion-de-techado-en-jardin-de-ninos-de-la-colonia-san-francisco\/","title":{"rendered":"Arrancan autoridades soledenses construcci\u00f3n de techado en jard\u00edn de ni\u00f1os de la colonia San Francisco."},"content":{"rendered":"<p style=\"text-align: justify;\">SGS.- En el jard\u00edn de ni\u00f1os \u201cEmilia Ferreiro\u201d de la colonia San Francisco de As\u00eds la presidenta municipal de Soledad de Graciano S\u00e1nchez, presidi\u00f3 la ceremonia de arranque para la construcci\u00f3n de un nuevo techado en este k\u00ednder.<\/p>\n<p style=\"text-align: justify;\">Y es que desde hace varios a\u00f1os que maestros y padres de familia hab\u00edan hecho esta petici\u00f3n desde pasadas administraciones, hasta que finalmente fueron escuchados.<\/p>\n<p style=\"text-align: justify;\">En las gestiones para lograr este beneficio tambi\u00e9n participaron las anteriores mesas directivas de padres de familia del k\u00ednder adem\u00e1s de la Junta de Mejoras de esta colonia.<\/p>\n<p style=\"text-align: justify;\">Al decir que para su administraci\u00f3n es prioridad la educaci\u00f3n la presidenta municipal de Soledad se\u00f1al\u00f3 que en esta obra se invertir\u00e1n 2 millones de pesos, con recursos provenientes del Fondo de Fortalecimiento Municipal.<\/p>\n<p style=\"text-align: justify;\">La presidenta municipal de Soledad se\u00f1al\u00f3 que en la comunidad de La Tinaja se est\u00e1 llevando a cabo una obra similar as\u00ed como en el jard\u00edn de ni\u00f1os \u201cPablo Neruda\u201d de la colonia Azaleas.<\/p>\n<p>Por: Claudio Ibarra<\/p>\n","protected":false},"excerpt":{"rendered":"<p>SGS.- En el jard\u00edn de ni\u00f1os \u201cEmilia Ferreiro\u201d de la colonia San Francisco de As\u00eds la presidenta municipal de Soledad de Graciano S\u00e1nchez, presidi\u00f3 la ceremonia de arranque para la construcci\u00f3n de un nuevo techado en este k\u00ednder. Y es que desde hace varios a\u00f1os que maestros y padres de familia hab\u00edan hecho esta petici\u00f3n desde pasadas administraciones, hasta que finalmente fueron escuchados. En las gestiones para lograr este beneficio tambi\u00e9n participaron las anteriores mesas directivas de padres de familia del k\u00ednder adem\u00e1s de la Junta de Mejoras de esta colonia. Al decir que para su administraci\u00f3n es prioridad la [&hellip;]<\/p>\n","protected":false},"author":2,"featured_media":72218,"comment_status":"closed","ping_status":"closed","sticky":false,"template":"","format":"video","meta":{"footnotes":""},"categories":[512,5,45],"tags":[],"class_list":["post-72217","post","type-post","status-publish","format-video","has-post-thumbnail","hentry","category-ayosgs","category-destacadas","category-localesyregionales","post_format-post-format-video","post--single"],"yoast_head":"<!-- This site is optimized with the Yoast SEO plugin v27.4 - https:\/\/yoast.com\/product\/yoast-seo-wordpress\/ -->\n<title>Arrancan autoridades soledenses construcci\u00f3n de techado en jard\u00edn de ni\u00f1os de la colonia San Francisco. - Canal 7 SLP - 2022<\/title>\n<meta name=\"robots\" content=\"index, follow, max-snippet:-1, max-image-preview:large, max-video-preview:-1\" \/>\n<link rel=\"canonical\" href=\"https:\/\/canal7slp.tv\/2022\/arrancan-autoridades-soledenses-construccion-de-techado-en-jardin-de-ninos-de-la-colonia-san-francisco\/\" \/>\n<meta property=\"og:locale\" content=\"es_ES\" \/>\n<meta property=\"og:type\" content=\"article\" \/>\n<meta property=\"og:title\" content=\"Arrancan autoridades soledenses construcci\u00f3n de techado en jard\u00edn de ni\u00f1os de la colonia San Francisco. - Canal 7 SLP - 2022\" \/>\n<meta property=\"og:description\" content=\"SGS.- En el jard\u00edn de ni\u00f1os \u201cEmilia Ferreiro\u201d de la colonia San Francisco de As\u00eds la presidenta municipal de Soledad de Graciano S\u00e1nchez, presidi\u00f3 la ceremonia de arranque para la construcci\u00f3n de un nuevo techado en este k\u00ednder. Y es que desde hace varios a\u00f1os que maestros y padres de familia hab\u00edan hecho esta petici\u00f3n desde pasadas administraciones, hasta que finalmente fueron escuchados. En las gestiones para lograr este beneficio tambi\u00e9n participaron las anteriores mesas directivas de padres de familia del k\u00ednder adem\u00e1s de la Junta de Mejoras de esta colonia. Al decir que para su administraci\u00f3n es prioridad la [&hellip;]\" \/>\n<meta property=\"og:url\" content=\"https:\/\/canal7slp.tv\/2022\/arrancan-autoridades-soledenses-construccion-de-techado-en-jardin-de-ninos-de-la-colonia-san-francisco\/\" \/>\n<meta property=\"og:site_name\" content=\"Canal 7 SLP - 2022\" \/>\n<meta property=\"article:publisher\" content=\"https:\/\/www.facebook.com\/noticieroscanalsiete\" \/>\n<meta property=\"article:published_time\" content=\"2022-09-07T23:02:45+00:00\" \/>\n<meta property=\"og:image\" content=\"https:\/\/canal7slp.tv\/2022\/wp-content\/uploads\/2022\/09\/Claudio01Techado.jpg\" \/>\n\t<meta property=\"og:image:width\" content=\"888\" \/>\n\t<meta property=\"og:image:height\" content=\"500\" \/>\n\t<meta property=\"og:image:type\" content=\"image\/jpeg\" \/>\n<meta name=\"author\" content=\"Edici\u00f3n Web\" \/>\n<meta name=\"twitter:card\" content=\"summary_large_image\" \/>\n<meta name=\"twitter:creator\" content=\"@NOTICIEROS7\" \/>\n<meta name=\"twitter:site\" content=\"@NOTICIEROS7\" \/>\n<meta name=\"twitter:label1\" content=\"Escrito por\" \/>\n\t<meta name=\"twitter:data1\" content=\"Edici\u00f3n Web\" \/>\n\t<meta name=\"twitter:label2\" content=\"Tiempo de lectura\" \/>\n\t<meta name=\"twitter:data2\" content=\"1 minuto\" \/>\n<script type=\"application\/ld+json\" class=\"yoast-schema-graph\">{\"@context\":\"https:\\\/\\\/schema.org\",\"@graph\":[{\"@type\":\"Article\",\"@id\":\"https:\\\/\\\/canal7slp.tv\\\/2022\\\/arrancan-autoridades-soledenses-construccion-de-techado-en-jardin-de-ninos-de-la-colonia-san-francisco\\\/#article\",\"isPartOf\":{\"@id\":\"https:\\\/\\\/canal7slp.tv\\\/2022\\\/arrancan-autoridades-soledenses-construccion-de-techado-en-jardin-de-ninos-de-la-colonia-san-francisco\\\/\"},\"author\":{\"name\":\"Edici\u00f3n Web\",\"@id\":\"https:\\\/\\\/canal7slp.tv\\\/2022\\\/#\\\/schema\\\/person\\\/429704152a21f5f856ce29aa69a238da\"},\"headline\":\"Arrancan autoridades soledenses construcci\u00f3n de techado en jard\u00edn de ni\u00f1os de la colonia San Francisco.\",\"datePublished\":\"2022-09-07T23:02:45+00:00\",\"mainEntityOfPage\":{\"@id\":\"https:\\\/\\\/canal7slp.tv\\\/2022\\\/arrancan-autoridades-soledenses-construccion-de-techado-en-jardin-de-ninos-de-la-colonia-san-francisco\\\/\"},\"wordCount\":199,\"publisher\":{\"@id\":\"https:\\\/\\\/canal7slp.tv\\\/2022\\\/#organization\"},\"image\":{\"@id\":\"https:\\\/\\\/canal7slp.tv\\\/2022\\\/arrancan-autoridades-soledenses-construccion-de-techado-en-jardin-de-ninos-de-la-colonia-san-francisco\\\/#primaryimage\"},\"thumbnailUrl\":\"https:\\\/\\\/canal7slp.tv\\\/2022\\\/wp-content\\\/uploads\\\/2022\\\/09\\\/Claudio01Techado.jpg\",\"articleSection\":[\"AYOSGS\",\"DESTACADAS\",\"LOCALES Y REGIONALES\"],\"inLanguage\":\"es\"},{\"@type\":\"WebPage\",\"@id\":\"https:\\\/\\\/canal7slp.tv\\\/2022\\\/arrancan-autoridades-soledenses-construccion-de-techado-en-jardin-de-ninos-de-la-colonia-san-francisco\\\/\",\"url\":\"https:\\\/\\\/canal7slp.tv\\\/2022\\\/arrancan-autoridades-soledenses-construccion-de-techado-en-jardin-de-ninos-de-la-colonia-san-francisco\\\/\",\"name\":\"Arrancan autoridades soledenses construcci\u00f3n de techado en jard\u00edn de ni\u00f1os de la colonia San Francisco. - Canal 7 SLP - 2022\",\"isPartOf\":{\"@id\":\"https:\\\/\\\/canal7slp.tv\\\/2022\\\/#website\"},\"primaryImageOfPage\":{\"@id\":\"https:\\\/\\\/canal7slp.tv\\\/2022\\\/arrancan-autoridades-soledenses-construccion-de-techado-en-jardin-de-ninos-de-la-colonia-san-francisco\\\/#primaryimage\"},\"image\":{\"@id\":\"https:\\\/\\\/canal7slp.tv\\\/2022\\\/arrancan-autoridades-soledenses-construccion-de-techado-en-jardin-de-ninos-de-la-colonia-san-francisco\\\/#primaryimage\"},\"thumbnailUrl\":\"https:\\\/\\\/canal7slp.tv\\\/2022\\\/wp-content\\\/uploads\\\/2022\\\/09\\\/Claudio01Techado.jpg\",\"datePublished\":\"2022-09-07T23:02:45+00:00\",\"breadcrumb\":{\"@id\":\"https:\\\/\\\/canal7slp.tv\\\/2022\\\/arrancan-autoridades-soledenses-construccion-de-techado-en-jardin-de-ninos-de-la-colonia-san-francisco\\\/#breadcrumb\"},\"inLanguage\":\"es\",\"potentialAction\":[{\"@type\":\"ReadAction\",\"target\":[\"https:\\\/\\\/canal7slp.tv\\\/2022\\\/arrancan-autoridades-soledenses-construccion-de-techado-en-jardin-de-ninos-de-la-colonia-san-francisco\\\/\"]}]},{\"@type\":\"ImageObject\",\"inLanguage\":\"es\",\"@id\":\"https:\\\/\\\/canal7slp.tv\\\/2022\\\/arrancan-autoridades-soledenses-construccion-de-techado-en-jardin-de-ninos-de-la-colonia-san-francisco\\\/#primaryimage\",\"url\":\"https:\\\/\\\/canal7slp.tv\\\/2022\\\/wp-content\\\/uploads\\\/2022\\\/09\\\/Claudio01Techado.jpg\",\"contentUrl\":\"https:\\\/\\\/canal7slp.tv\\\/2022\\\/wp-content\\\/uploads\\\/2022\\\/09\\\/Claudio01Techado.jpg\",\"width\":888,\"height\":500},{\"@type\":\"BreadcrumbList\",\"@id\":\"https:\\\/\\\/canal7slp.tv\\\/2022\\\/arrancan-autoridades-soledenses-construccion-de-techado-en-jardin-de-ninos-de-la-colonia-san-francisco\\\/#breadcrumb\",\"itemListElement\":[{\"@type\":\"ListItem\",\"position\":1,\"name\":\"Portada\",\"item\":\"https:\\\/\\\/canal7slp.tv\\\/2022\\\/\"},{\"@type\":\"ListItem\",\"position\":2,\"name\":\"Arrancan autoridades soledenses construcci\u00f3n de techado en jard\u00edn de ni\u00f1os de la colonia San Francisco.\"}]},{\"@type\":\"WebSite\",\"@id\":\"https:\\\/\\\/canal7slp.tv\\\/2022\\\/#website\",\"url\":\"https:\\\/\\\/canal7slp.tv\\\/2022\\\/\",\"name\":\"N7 - Noticieros Canal 7\",\"description\":\"Somos Televisi\u00f3n\",\"publisher\":{\"@id\":\"https:\\\/\\\/canal7slp.tv\\\/2022\\\/#organization\"},\"potentialAction\":[{\"@type\":\"SearchAction\",\"target\":{\"@type\":\"EntryPoint\",\"urlTemplate\":\"https:\\\/\\\/canal7slp.tv\\\/2022\\\/?s={search_term_string}\"},\"query-input\":{\"@type\":\"PropertyValueSpecification\",\"valueRequired\":true,\"valueName\":\"search_term_string\"}}],\"inLanguage\":\"es\"},{\"@type\":\"Organization\",\"@id\":\"https:\\\/\\\/canal7slp.tv\\\/2022\\\/#organization\",\"name\":\"Noticieros Canal 7\",\"url\":\"https:\\\/\\\/canal7slp.tv\\\/2022\\\/\",\"logo\":{\"@type\":\"ImageObject\",\"inLanguage\":\"es\",\"@id\":\"https:\\\/\\\/canal7slp.tv\\\/2022\\\/#\\\/schema\\\/logo\\\/image\\\/\",\"url\":\"https:\\\/\\\/canal7slp.tv\\\/2022\\\/wp-content\\\/uploads\\\/2021\\\/01\\\/logo-noticieros@2x.png\",\"contentUrl\":\"https:\\\/\\\/canal7slp.tv\\\/2022\\\/wp-content\\\/uploads\\\/2021\\\/01\\\/logo-noticieros@2x.png\",\"width\":1017,\"height\":268,\"caption\":\"Noticieros Canal 7\"},\"image\":{\"@id\":\"https:\\\/\\\/canal7slp.tv\\\/2022\\\/#\\\/schema\\\/logo\\\/image\\\/\"},\"sameAs\":[\"https:\\\/\\\/www.facebook.com\\\/noticieroscanalsiete\",\"https:\\\/\\\/x.com\\\/NOTICIEROS7\",\"https:\\\/\\\/www.instagram.com\\\/canal7_slp\",\"https:\\\/\\\/www.youtube.com\\\/channel\\\/UCliiYs-gP3JfJeqdPrNdd5A\"]},{\"@type\":\"Person\",\"@id\":\"https:\\\/\\\/canal7slp.tv\\\/2022\\\/#\\\/schema\\\/person\\\/429704152a21f5f856ce29aa69a238da\",\"name\":\"Edici\u00f3n Web\",\"image\":{\"@type\":\"ImageObject\",\"inLanguage\":\"es\",\"@id\":\"https:\\\/\\\/secure.gravatar.com\\\/avatar\\\/eee448fc3f7164808013b816ba91ac7e43bbe82a70bebac296f8bc6f0addaa1a?s=96&d=mm&r=g\",\"url\":\"https:\\\/\\\/secure.gravatar.com\\\/avatar\\\/eee448fc3f7164808013b816ba91ac7e43bbe82a70bebac296f8bc6f0addaa1a?s=96&d=mm&r=g\",\"contentUrl\":\"https:\\\/\\\/secure.gravatar.com\\\/avatar\\\/eee448fc3f7164808013b816ba91ac7e43bbe82a70bebac296f8bc6f0addaa1a?s=96&d=mm&r=g\",\"caption\":\"Edici\u00f3n Web\"},\"url\":\"https:\\\/\\\/canal7slp.tv\\\/2022\\\/author\\\/edicionweb\\\/\"}]}<\/script>\n<!-- \/ Yoast SEO plugin. -->","yoast_head_json":{"title":"Arrancan autoridades soledenses construcci\u00f3n de techado en jard\u00edn de ni\u00f1os de la colonia San Francisco. - Canal 7 SLP - 2022","robots":{"index":"index","follow":"follow","max-snippet":"max-snippet:-1","max-image-preview":"max-image-preview:large","max-video-preview":"max-video-preview:-1"},"canonical":"https:\/\/canal7slp.tv\/2022\/arrancan-autoridades-soledenses-construccion-de-techado-en-jardin-de-ninos-de-la-colonia-san-francisco\/","og_locale":"es_ES","og_type":"article","og_title":"Arrancan autoridades soledenses construcci\u00f3n de techado en jard\u00edn de ni\u00f1os de la colonia San Francisco. - Canal 7 SLP - 2022","og_description":"SGS.- En el jard\u00edn de ni\u00f1os \u201cEmilia Ferreiro\u201d de la colonia San Francisco de As\u00eds la presidenta municipal de Soledad de Graciano S\u00e1nchez, presidi\u00f3 la ceremonia de arranque para la construcci\u00f3n de un nuevo techado en este k\u00ednder. Y es que desde hace varios a\u00f1os que maestros y padres de familia hab\u00edan hecho esta petici\u00f3n desde pasadas administraciones, hasta que finalmente fueron escuchados. En las gestiones para lograr este beneficio tambi\u00e9n participaron las anteriores mesas directivas de padres de familia del k\u00ednder adem\u00e1s de la Junta de Mejoras de esta colonia. Al decir que para su administraci\u00f3n es prioridad la [&hellip;]","og_url":"https:\/\/canal7slp.tv\/2022\/arrancan-autoridades-soledenses-construccion-de-techado-en-jardin-de-ninos-de-la-colonia-san-francisco\/","og_site_name":"Canal 7 SLP - 2022","article_publisher":"https:\/\/www.facebook.com\/noticieroscanalsiete","article_published_time":"2022-09-07T23:02:45+00:00","og_image":[{"width":888,"height":500,"url":"https:\/\/canal7slp.tv\/2022\/wp-content\/uploads\/2022\/09\/Claudio01Techado.jpg","type":"image\/jpeg"}],"author":"Edici\u00f3n Web","twitter_card":"summary_large_image","twitter_creator":"@NOTICIEROS7","twitter_site":"@NOTICIEROS7","twitter_misc":{"Escrito por":"Edici\u00f3n Web","Tiempo de lectura":"1 minuto"},"schema":{"@context":"https:\/\/schema.org","@graph":[{"@type":"Article","@id":"https:\/\/canal7slp.tv\/2022\/arrancan-autoridades-soledenses-construccion-de-techado-en-jardin-de-ninos-de-la-colonia-san-francisco\/#article","isPartOf":{"@id":"https:\/\/canal7slp.tv\/2022\/arrancan-autoridades-soledenses-construccion-de-techado-en-jardin-de-ninos-de-la-colonia-san-francisco\/"},"author":{"name":"Edici\u00f3n Web","@id":"https:\/\/canal7slp.tv\/2022\/#\/schema\/person\/429704152a21f5f856ce29aa69a238da"},"headline":"Arrancan autoridades soledenses construcci\u00f3n de techado en jard\u00edn de ni\u00f1os de la colonia San Francisco.","datePublished":"2022-09-07T23:02:45+00:00","mainEntityOfPage":{"@id":"https:\/\/canal7slp.tv\/2022\/arrancan-autoridades-soledenses-construccion-de-techado-en-jardin-de-ninos-de-la-colonia-san-francisco\/"},"wordCount":199,"publisher":{"@id":"https:\/\/canal7slp.tv\/2022\/#organization"},"image":{"@id":"https:\/\/canal7slp.tv\/2022\/arrancan-autoridades-soledenses-construccion-de-techado-en-jardin-de-ninos-de-la-colonia-san-francisco\/#primaryimage"},"thumbnailUrl":"https:\/\/canal7slp.tv\/2022\/wp-content\/uploads\/2022\/09\/Claudio01Techado.jpg","articleSection":["AYOSGS","DESTACADAS","LOCALES Y REGIONALES"],"inLanguage":"es"},{"@type":"WebPage","@id":"https:\/\/canal7slp.tv\/2022\/arrancan-autoridades-soledenses-construccion-de-techado-en-jardin-de-ninos-de-la-colonia-san-francisco\/","url":"https:\/\/canal7slp.tv\/2022\/arrancan-autoridades-soledenses-construccion-de-techado-en-jardin-de-ninos-de-la-colonia-san-francisco\/","name":"Arrancan autoridades soledenses construcci\u00f3n de techado en jard\u00edn de ni\u00f1os de la colonia San Francisco. - Canal 7 SLP - 2022","isPartOf":{"@id":"https:\/\/canal7slp.tv\/2022\/#website"},"primaryImageOfPage":{"@id":"https:\/\/canal7slp.tv\/2022\/arrancan-autoridades-soledenses-construccion-de-techado-en-jardin-de-ninos-de-la-colonia-san-francisco\/#primaryimage"},"image":{"@id":"https:\/\/canal7slp.tv\/2022\/arrancan-autoridades-soledenses-construccion-de-techado-en-jardin-de-ninos-de-la-colonia-san-francisco\/#primaryimage"},"thumbnailUrl":"https:\/\/canal7slp.tv\/2022\/wp-content\/uploads\/2022\/09\/Claudio01Techado.jpg","datePublished":"2022-09-07T23:02:45+00:00","breadcrumb":{"@id":"https:\/\/canal7slp.tv\/2022\/arrancan-autoridades-soledenses-construccion-de-techado-en-jardin-de-ninos-de-la-colonia-san-francisco\/#breadcrumb"},"inLanguage":"es","potentialAction":[{"@type":"ReadAction","target":["https:\/\/canal7slp.tv\/2022\/arrancan-autoridades-soledenses-construccion-de-techado-en-jardin-de-ninos-de-la-colonia-san-francisco\/"]}]},{"@type":"ImageObject","inLanguage":"es","@id":"https:\/\/canal7slp.tv\/2022\/arrancan-autoridades-soledenses-construccion-de-techado-en-jardin-de-ninos-de-la-colonia-san-francisco\/#primaryimage","url":"https:\/\/canal7slp.tv\/2022\/wp-content\/uploads\/2022\/09\/Claudio01Techado.jpg","contentUrl":"https:\/\/canal7slp.tv\/2022\/wp-content\/uploads\/2022\/09\/Claudio01Techado.jpg","width":888,"height":500},{"@type":"BreadcrumbList","@id":"https:\/\/canal7slp.tv\/2022\/arrancan-autoridades-soledenses-construccion-de-techado-en-jardin-de-ninos-de-la-colonia-san-francisco\/#breadcrumb","itemListElement":[{"@type":"ListItem","position":1,"name":"Portada","item":"https:\/\/canal7slp.tv\/2022\/"},{"@type":"ListItem","position":2,"name":"Arrancan autoridades soledenses construcci\u00f3n de techado en jard\u00edn de ni\u00f1os de la colonia San Francisco."}]},{"@type":"WebSite","@id":"https:\/\/canal7slp.tv\/2022\/#website","url":"https:\/\/canal7slp.tv\/2022\/","name":"N7 - Noticieros Canal 7","description":"Somos Televisi\u00f3n","publisher":{"@id":"https:\/\/canal7slp.tv\/2022\/#organization"},"potentialAction":[{"@type":"SearchAction","target":{"@type":"EntryPoint","urlTemplate":"https:\/\/canal7slp.tv\/2022\/?s={search_term_string}"},"query-input":{"@type":"PropertyValueSpecification","valueRequired":true,"valueName":"search_term_string"}}],"inLanguage":"es"},{"@type":"Organization","@id":"https:\/\/canal7slp.tv\/2022\/#organization","name":"Noticieros Canal 7","url":"https:\/\/canal7slp.tv\/2022\/","logo":{"@type":"ImageObject","inLanguage":"es","@id":"https:\/\/canal7slp.tv\/2022\/#\/schema\/logo\/image\/","url":"https:\/\/canal7slp.tv\/2022\/wp-content\/uploads\/2021\/01\/logo-noticieros@2x.png","contentUrl":"https:\/\/canal7slp.tv\/2022\/wp-content\/uploads\/2021\/01\/logo-noticieros@2x.png","width":1017,"height":268,"caption":"Noticieros Canal 7"},"image":{"@id":"https:\/\/canal7slp.tv\/2022\/#\/schema\/logo\/image\/"},"sameAs":["https:\/\/www.facebook.com\/noticieroscanalsiete","https:\/\/x.com\/NOTICIEROS7","https:\/\/www.instagram.com\/canal7_slp","https:\/\/www.youtube.com\/channel\/UCliiYs-gP3JfJeqdPrNdd5A"]},{"@type":"Person","@id":"https:\/\/canal7slp.tv\/2022\/#\/schema\/person\/429704152a21f5f856ce29aa69a238da","name":"Edici\u00f3n Web","image":{"@type":"ImageObject","inLanguage":"es","@id":"https:\/\/secure.gravatar.com\/avatar\/eee448fc3f7164808013b816ba91ac7e43bbe82a70bebac296f8bc6f0addaa1a?s=96&d=mm&r=g","url":"https:\/\/secure.gravatar.com\/avatar\/eee448fc3f7164808013b816ba91ac7e43bbe82a70bebac296f8bc6f0addaa1a?s=96&d=mm&r=g","contentUrl":"https:\/\/secure.gravatar.com\/avatar\/eee448fc3f7164808013b816ba91ac7e43bbe82a70bebac296f8bc6f0addaa1a?s=96&d=mm&r=g","caption":"Edici\u00f3n Web"},"url":"https:\/\/canal7slp.tv\/2022\/author\/edicionweb\/"}]}},"amp_enabled":true,"_links":{"self":[{"href":"https:\/\/canal7slp.tv\/2022\/wp-json\/wp\/v2\/posts\/72217","targetHints":{"allow":["GET"]}}],"collection":[{"href":"https:\/\/canal7slp.tv\/2022\/wp-json\/wp\/v2\/posts"}],"about":[{"href":"https:\/\/canal7slp.tv\/2022\/wp-json\/wp\/v2\/types\/post"}],"author":[{"embeddable":true,"href":"https:\/\/canal7slp.tv\/2022\/wp-json\/wp\/v2\/users\/2"}],"replies":[{"embeddable":true,"href":"https:\/\/canal7slp.tv\/2022\/wp-json\/wp\/v2\/comments?post=72217"}],"version-history":[{"count":1,"href":"https:\/\/canal7slp.tv\/2022\/wp-json\/wp\/v2\/posts\/72217\/revisions"}],"predecessor-version":[{"id":72219,"href":"https:\/\/canal7slp.tv\/2022\/wp-json\/wp\/v2\/posts\/72217\/revisions\/72219"}],"wp:featuredmedia":[{"embeddable":true,"href":"https:\/\/canal7slp.tv\/2022\/wp-json\/wp\/v2\/media\/72218"}],"wp:attachment":[{"href":"https:\/\/canal7slp.tv\/2022\/wp-json\/wp\/v2\/media?parent=72217"}],"wp:term":[{"taxonomy":"category","embeddable":true,"href":"https:\/\/canal7slp.tv\/2022\/wp-json\/wp\/v2\/categories?post=72217"},{"taxonomy":"post_tag","embeddable":true,"href":"https:\/\/canal7slp.tv\/2022\/wp-json\/wp\/v2\/tags?post=72217"}],"curies":[{"name":"wp","href":"https:\/\/api.w.org\/{rel}","templated":true}]}}