{"id":72207,"date":"2022-09-07T15:45:12","date_gmt":"2022-09-07T21:45:12","guid":{"rendered":"https:\/\/canal7slp.tv\/2022\/?p=72207"},"modified":"2022-09-07T15:45:12","modified_gmt":"2022-09-07T21:45:12","slug":"en-la-cineteca-alameda-inaugura-secretaria-de-cultura-segunda-exposicion-de-la-galeria-1941","status":"publish","type":"post","link":"https:\/\/canal7slp.tv\/2022\/en-la-cineteca-alameda-inaugura-secretaria-de-cultura-segunda-exposicion-de-la-galeria-1941\/","title":{"rendered":"En la Cineteca Alameda, inaugura Secretar\u00eda de Cultura segunda exposici\u00f3n de la Galer\u00eda 1941."},"content":{"rendered":"<p style=\"text-align: justify;\">SLP.- La Secretar\u00eda de Cultura a trav\u00e9s de la direcci\u00f3n de Cineteca Alameda inaugur\u00f3 la segunda exposici\u00f3n de cine: Galer\u00eda 1941, donde se exhibir\u00e1n m\u00e1s de 100 revistas y editoriales de cine realizadas en el pa\u00eds y en otras partes del mundo.<\/p>\n<p style=\"text-align: justify;\">As\u00ed lo inform\u00f3 el titular de la dependencia, Aldo Pat\u00e1n, quien resalt\u00f3 la visita de Carlos G\u00f3mez Iniesta, para apoyar este proyecto con la impartici\u00f3n de un taller de periodismo cinematogr\u00e1fico.<\/p>\n<p style=\"text-align: justify;\">\u00abLa verdad es que es una persona muy generosa que se ha sumado a este proyecto de Cineteca Alameda, no solamente teniendo la gentileza de compartir piezas para la galer\u00eda que va a estar aqu\u00ed dos meses, sino tambi\u00e9n ayudar al proyecto que tenemos actualmente\u00bb, dijo.<\/p>\n<p style=\"text-align: justify;\">Y es que de acuerdo con sus declaraciones, se tienen instrucciones precisas por parte del ejecutivo estatal y de la Secretar\u00eda de Cultura para que la Cineteca Alameda no solo signifique un espacio de cine sino una forma de acercar el arte a la poblaci\u00f3n.<\/p>\n<p style=\"text-align: justify;\">\u00abEl rescatar el espacio, el rescatar este tipo de materiales y ponerlos en exhibici\u00f3n para que todas y todos aquellos potosinos interesados en el cine puedan venir y puedan disfrutarlo, esa ha sido la encomienda de nuestra secretar\u00eda de cultura y la encomienda del gobernador Jos\u00e9 Ricardo Gallardo, de que todo lo que tenga que ver con el cine est\u00e9 al alcance de todas y de todos los potosinos, siempre de la manera m\u00e1s accesible posible\u00bb, culmin\u00f3.<\/p>\n<p>Por: Jos\u00e9 Luis V\u00e1zquez<\/p>\n","protected":false},"excerpt":{"rendered":"<p>SLP.- La Secretar\u00eda de Cultura a trav\u00e9s de la direcci\u00f3n de Cineteca Alameda inaugur\u00f3 la segunda exposici\u00f3n de cine: Galer\u00eda 1941, donde se exhibir\u00e1n m\u00e1s de 100 revistas y editoriales de cine realizadas en el pa\u00eds y en otras partes del mundo. As\u00ed lo inform\u00f3 el titular de la dependencia, Aldo Pat\u00e1n, quien resalt\u00f3 la visita de Carlos G\u00f3mez Iniesta, para apoyar este proyecto con la impartici\u00f3n de un taller de periodismo cinematogr\u00e1fico. \u00abLa verdad es que es una persona muy generosa que se ha sumado a este proyecto de Cineteca Alameda, no solamente teniendo la gentileza de compartir piezas [&hellip;]<\/p>\n","protected":false},"author":2,"featured_media":72208,"comment_status":"closed","ping_status":"closed","sticky":false,"template":"","format":"video","meta":{"footnotes":""},"categories":[5,45],"tags":[],"class_list":["post-72207","post","type-post","status-publish","format-video","has-post-thumbnail","hentry","category-destacadas","category-localesyregionales","post_format-post-format-video","post--single"],"yoast_head":"<!-- This site is optimized with the Yoast SEO plugin v27.4 - https:\/\/yoast.com\/product\/yoast-seo-wordpress\/ -->\n<title>En la Cineteca Alameda, inaugura Secretar\u00eda de Cultura segunda exposici\u00f3n de la Galer\u00eda 1941. - Canal 7 SLP - 2022<\/title>\n<meta name=\"robots\" content=\"index, follow, max-snippet:-1, max-image-preview:large, max-video-preview:-1\" \/>\n<link rel=\"canonical\" href=\"https:\/\/canal7slp.tv\/2022\/en-la-cineteca-alameda-inaugura-secretaria-de-cultura-segunda-exposicion-de-la-galeria-1941\/\" \/>\n<meta property=\"og:locale\" content=\"es_ES\" \/>\n<meta property=\"og:type\" content=\"article\" \/>\n<meta property=\"og:title\" content=\"En la Cineteca Alameda, inaugura Secretar\u00eda de Cultura segunda exposici\u00f3n de la Galer\u00eda 1941. - Canal 7 SLP - 2022\" \/>\n<meta property=\"og:description\" content=\"SLP.- La Secretar\u00eda de Cultura a trav\u00e9s de la direcci\u00f3n de Cineteca Alameda inaugur\u00f3 la segunda exposici\u00f3n de cine: Galer\u00eda 1941, donde se exhibir\u00e1n m\u00e1s de 100 revistas y editoriales de cine realizadas en el pa\u00eds y en otras partes del mundo. As\u00ed lo inform\u00f3 el titular de la dependencia, Aldo Pat\u00e1n, quien resalt\u00f3 la visita de Carlos G\u00f3mez Iniesta, para apoyar este proyecto con la impartici\u00f3n de un taller de periodismo cinematogr\u00e1fico. \u00abLa verdad es que es una persona muy generosa que se ha sumado a este proyecto de Cineteca Alameda, no solamente teniendo la gentileza de compartir piezas [&hellip;]\" \/>\n<meta property=\"og:url\" content=\"https:\/\/canal7slp.tv\/2022\/en-la-cineteca-alameda-inaugura-secretaria-de-cultura-segunda-exposicion-de-la-galeria-1941\/\" \/>\n<meta property=\"og:site_name\" content=\"Canal 7 SLP - 2022\" \/>\n<meta property=\"article:publisher\" content=\"https:\/\/www.facebook.com\/noticieroscanalsiete\" \/>\n<meta property=\"article:published_time\" content=\"2022-09-07T21:45:12+00:00\" \/>\n<meta property=\"og:image\" content=\"https:\/\/canal7slp.tv\/2022\/wp-content\/uploads\/2022\/09\/Vazquez03Galeria1941.jpg\" \/>\n\t<meta property=\"og:image:width\" content=\"888\" \/>\n\t<meta property=\"og:image:height\" content=\"500\" \/>\n\t<meta property=\"og:image:type\" content=\"image\/jpeg\" \/>\n<meta name=\"author\" content=\"Edici\u00f3n Web\" \/>\n<meta name=\"twitter:card\" content=\"summary_large_image\" \/>\n<meta name=\"twitter:creator\" content=\"@NOTICIEROS7\" \/>\n<meta name=\"twitter:site\" content=\"@NOTICIEROS7\" \/>\n<meta name=\"twitter:label1\" content=\"Escrito por\" \/>\n\t<meta name=\"twitter:data1\" content=\"Edici\u00f3n Web\" \/>\n\t<meta name=\"twitter:label2\" content=\"Tiempo de lectura\" \/>\n\t<meta name=\"twitter:data2\" content=\"2 minutos\" \/>\n<script type=\"application\/ld+json\" class=\"yoast-schema-graph\">{\"@context\":\"https:\\\/\\\/schema.org\",\"@graph\":[{\"@type\":\"Article\",\"@id\":\"https:\\\/\\\/canal7slp.tv\\\/2022\\\/en-la-cineteca-alameda-inaugura-secretaria-de-cultura-segunda-exposicion-de-la-galeria-1941\\\/#article\",\"isPartOf\":{\"@id\":\"https:\\\/\\\/canal7slp.tv\\\/2022\\\/en-la-cineteca-alameda-inaugura-secretaria-de-cultura-segunda-exposicion-de-la-galeria-1941\\\/\"},\"author\":{\"name\":\"Edici\u00f3n Web\",\"@id\":\"https:\\\/\\\/canal7slp.tv\\\/2022\\\/#\\\/schema\\\/person\\\/429704152a21f5f856ce29aa69a238da\"},\"headline\":\"En la Cineteca Alameda, inaugura Secretar\u00eda de Cultura segunda exposici\u00f3n de la Galer\u00eda 1941.\",\"datePublished\":\"2022-09-07T21:45:12+00:00\",\"mainEntityOfPage\":{\"@id\":\"https:\\\/\\\/canal7slp.tv\\\/2022\\\/en-la-cineteca-alameda-inaugura-secretaria-de-cultura-segunda-exposicion-de-la-galeria-1941\\\/\"},\"wordCount\":280,\"publisher\":{\"@id\":\"https:\\\/\\\/canal7slp.tv\\\/2022\\\/#organization\"},\"image\":{\"@id\":\"https:\\\/\\\/canal7slp.tv\\\/2022\\\/en-la-cineteca-alameda-inaugura-secretaria-de-cultura-segunda-exposicion-de-la-galeria-1941\\\/#primaryimage\"},\"thumbnailUrl\":\"https:\\\/\\\/canal7slp.tv\\\/2022\\\/wp-content\\\/uploads\\\/2022\\\/09\\\/Vazquez03Galeria1941.jpg\",\"articleSection\":[\"DESTACADAS\",\"LOCALES Y REGIONALES\"],\"inLanguage\":\"es\"},{\"@type\":\"WebPage\",\"@id\":\"https:\\\/\\\/canal7slp.tv\\\/2022\\\/en-la-cineteca-alameda-inaugura-secretaria-de-cultura-segunda-exposicion-de-la-galeria-1941\\\/\",\"url\":\"https:\\\/\\\/canal7slp.tv\\\/2022\\\/en-la-cineteca-alameda-inaugura-secretaria-de-cultura-segunda-exposicion-de-la-galeria-1941\\\/\",\"name\":\"En la Cineteca Alameda, inaugura Secretar\u00eda de Cultura segunda exposici\u00f3n de la Galer\u00eda 1941. - Canal 7 SLP - 2022\",\"isPartOf\":{\"@id\":\"https:\\\/\\\/canal7slp.tv\\\/2022\\\/#website\"},\"primaryImageOfPage\":{\"@id\":\"https:\\\/\\\/canal7slp.tv\\\/2022\\\/en-la-cineteca-alameda-inaugura-secretaria-de-cultura-segunda-exposicion-de-la-galeria-1941\\\/#primaryimage\"},\"image\":{\"@id\":\"https:\\\/\\\/canal7slp.tv\\\/2022\\\/en-la-cineteca-alameda-inaugura-secretaria-de-cultura-segunda-exposicion-de-la-galeria-1941\\\/#primaryimage\"},\"thumbnailUrl\":\"https:\\\/\\\/canal7slp.tv\\\/2022\\\/wp-content\\\/uploads\\\/2022\\\/09\\\/Vazquez03Galeria1941.jpg\",\"datePublished\":\"2022-09-07T21:45:12+00:00\",\"breadcrumb\":{\"@id\":\"https:\\\/\\\/canal7slp.tv\\\/2022\\\/en-la-cineteca-alameda-inaugura-secretaria-de-cultura-segunda-exposicion-de-la-galeria-1941\\\/#breadcrumb\"},\"inLanguage\":\"es\",\"potentialAction\":[{\"@type\":\"ReadAction\",\"target\":[\"https:\\\/\\\/canal7slp.tv\\\/2022\\\/en-la-cineteca-alameda-inaugura-secretaria-de-cultura-segunda-exposicion-de-la-galeria-1941\\\/\"]}]},{\"@type\":\"ImageObject\",\"inLanguage\":\"es\",\"@id\":\"https:\\\/\\\/canal7slp.tv\\\/2022\\\/en-la-cineteca-alameda-inaugura-secretaria-de-cultura-segunda-exposicion-de-la-galeria-1941\\\/#primaryimage\",\"url\":\"https:\\\/\\\/canal7slp.tv\\\/2022\\\/wp-content\\\/uploads\\\/2022\\\/09\\\/Vazquez03Galeria1941.jpg\",\"contentUrl\":\"https:\\\/\\\/canal7slp.tv\\\/2022\\\/wp-content\\\/uploads\\\/2022\\\/09\\\/Vazquez03Galeria1941.jpg\",\"width\":888,\"height\":500},{\"@type\":\"BreadcrumbList\",\"@id\":\"https:\\\/\\\/canal7slp.tv\\\/2022\\\/en-la-cineteca-alameda-inaugura-secretaria-de-cultura-segunda-exposicion-de-la-galeria-1941\\\/#breadcrumb\",\"itemListElement\":[{\"@type\":\"ListItem\",\"position\":1,\"name\":\"Portada\",\"item\":\"https:\\\/\\\/canal7slp.tv\\\/2022\\\/\"},{\"@type\":\"ListItem\",\"position\":2,\"name\":\"En la Cineteca Alameda, inaugura Secretar\u00eda de Cultura segunda exposici\u00f3n de la Galer\u00eda 1941.\"}]},{\"@type\":\"WebSite\",\"@id\":\"https:\\\/\\\/canal7slp.tv\\\/2022\\\/#website\",\"url\":\"https:\\\/\\\/canal7slp.tv\\\/2022\\\/\",\"name\":\"N7 - Noticieros Canal 7\",\"description\":\"Somos Televisi\u00f3n\",\"publisher\":{\"@id\":\"https:\\\/\\\/canal7slp.tv\\\/2022\\\/#organization\"},\"potentialAction\":[{\"@type\":\"SearchAction\",\"target\":{\"@type\":\"EntryPoint\",\"urlTemplate\":\"https:\\\/\\\/canal7slp.tv\\\/2022\\\/?s={search_term_string}\"},\"query-input\":{\"@type\":\"PropertyValueSpecification\",\"valueRequired\":true,\"valueName\":\"search_term_string\"}}],\"inLanguage\":\"es\"},{\"@type\":\"Organization\",\"@id\":\"https:\\\/\\\/canal7slp.tv\\\/2022\\\/#organization\",\"name\":\"Noticieros Canal 7\",\"url\":\"https:\\\/\\\/canal7slp.tv\\\/2022\\\/\",\"logo\":{\"@type\":\"ImageObject\",\"inLanguage\":\"es\",\"@id\":\"https:\\\/\\\/canal7slp.tv\\\/2022\\\/#\\\/schema\\\/logo\\\/image\\\/\",\"url\":\"https:\\\/\\\/canal7slp.tv\\\/2022\\\/wp-content\\\/uploads\\\/2021\\\/01\\\/logo-noticieros@2x.png\",\"contentUrl\":\"https:\\\/\\\/canal7slp.tv\\\/2022\\\/wp-content\\\/uploads\\\/2021\\\/01\\\/logo-noticieros@2x.png\",\"width\":1017,\"height\":268,\"caption\":\"Noticieros Canal 7\"},\"image\":{\"@id\":\"https:\\\/\\\/canal7slp.tv\\\/2022\\\/#\\\/schema\\\/logo\\\/image\\\/\"},\"sameAs\":[\"https:\\\/\\\/www.facebook.com\\\/noticieroscanalsiete\",\"https:\\\/\\\/x.com\\\/NOTICIEROS7\",\"https:\\\/\\\/www.instagram.com\\\/canal7_slp\",\"https:\\\/\\\/www.youtube.com\\\/channel\\\/UCliiYs-gP3JfJeqdPrNdd5A\"]},{\"@type\":\"Person\",\"@id\":\"https:\\\/\\\/canal7slp.tv\\\/2022\\\/#\\\/schema\\\/person\\\/429704152a21f5f856ce29aa69a238da\",\"name\":\"Edici\u00f3n Web\",\"image\":{\"@type\":\"ImageObject\",\"inLanguage\":\"es\",\"@id\":\"https:\\\/\\\/secure.gravatar.com\\\/avatar\\\/eee448fc3f7164808013b816ba91ac7e43bbe82a70bebac296f8bc6f0addaa1a?s=96&d=mm&r=g\",\"url\":\"https:\\\/\\\/secure.gravatar.com\\\/avatar\\\/eee448fc3f7164808013b816ba91ac7e43bbe82a70bebac296f8bc6f0addaa1a?s=96&d=mm&r=g\",\"contentUrl\":\"https:\\\/\\\/secure.gravatar.com\\\/avatar\\\/eee448fc3f7164808013b816ba91ac7e43bbe82a70bebac296f8bc6f0addaa1a?s=96&d=mm&r=g\",\"caption\":\"Edici\u00f3n Web\"},\"url\":\"https:\\\/\\\/canal7slp.tv\\\/2022\\\/author\\\/edicionweb\\\/\"}]}<\/script>\n<!-- \/ Yoast SEO plugin. -->","yoast_head_json":{"title":"En la Cineteca Alameda, inaugura Secretar\u00eda de Cultura segunda exposici\u00f3n de la Galer\u00eda 1941. - Canal 7 SLP - 2022","robots":{"index":"index","follow":"follow","max-snippet":"max-snippet:-1","max-image-preview":"max-image-preview:large","max-video-preview":"max-video-preview:-1"},"canonical":"https:\/\/canal7slp.tv\/2022\/en-la-cineteca-alameda-inaugura-secretaria-de-cultura-segunda-exposicion-de-la-galeria-1941\/","og_locale":"es_ES","og_type":"article","og_title":"En la Cineteca Alameda, inaugura Secretar\u00eda de Cultura segunda exposici\u00f3n de la Galer\u00eda 1941. - Canal 7 SLP - 2022","og_description":"SLP.- La Secretar\u00eda de Cultura a trav\u00e9s de la direcci\u00f3n de Cineteca Alameda inaugur\u00f3 la segunda exposici\u00f3n de cine: Galer\u00eda 1941, donde se exhibir\u00e1n m\u00e1s de 100 revistas y editoriales de cine realizadas en el pa\u00eds y en otras partes del mundo. As\u00ed lo inform\u00f3 el titular de la dependencia, Aldo Pat\u00e1n, quien resalt\u00f3 la visita de Carlos G\u00f3mez Iniesta, para apoyar este proyecto con la impartici\u00f3n de un taller de periodismo cinematogr\u00e1fico. \u00abLa verdad es que es una persona muy generosa que se ha sumado a este proyecto de Cineteca Alameda, no solamente teniendo la gentileza de compartir piezas [&hellip;]","og_url":"https:\/\/canal7slp.tv\/2022\/en-la-cineteca-alameda-inaugura-secretaria-de-cultura-segunda-exposicion-de-la-galeria-1941\/","og_site_name":"Canal 7 SLP - 2022","article_publisher":"https:\/\/www.facebook.com\/noticieroscanalsiete","article_published_time":"2022-09-07T21:45:12+00:00","og_image":[{"width":888,"height":500,"url":"https:\/\/canal7slp.tv\/2022\/wp-content\/uploads\/2022\/09\/Vazquez03Galeria1941.jpg","type":"image\/jpeg"}],"author":"Edici\u00f3n Web","twitter_card":"summary_large_image","twitter_creator":"@NOTICIEROS7","twitter_site":"@NOTICIEROS7","twitter_misc":{"Escrito por":"Edici\u00f3n Web","Tiempo de lectura":"2 minutos"},"schema":{"@context":"https:\/\/schema.org","@graph":[{"@type":"Article","@id":"https:\/\/canal7slp.tv\/2022\/en-la-cineteca-alameda-inaugura-secretaria-de-cultura-segunda-exposicion-de-la-galeria-1941\/#article","isPartOf":{"@id":"https:\/\/canal7slp.tv\/2022\/en-la-cineteca-alameda-inaugura-secretaria-de-cultura-segunda-exposicion-de-la-galeria-1941\/"},"author":{"name":"Edici\u00f3n Web","@id":"https:\/\/canal7slp.tv\/2022\/#\/schema\/person\/429704152a21f5f856ce29aa69a238da"},"headline":"En la Cineteca Alameda, inaugura Secretar\u00eda de Cultura segunda exposici\u00f3n de la Galer\u00eda 1941.","datePublished":"2022-09-07T21:45:12+00:00","mainEntityOfPage":{"@id":"https:\/\/canal7slp.tv\/2022\/en-la-cineteca-alameda-inaugura-secretaria-de-cultura-segunda-exposicion-de-la-galeria-1941\/"},"wordCount":280,"publisher":{"@id":"https:\/\/canal7slp.tv\/2022\/#organization"},"image":{"@id":"https:\/\/canal7slp.tv\/2022\/en-la-cineteca-alameda-inaugura-secretaria-de-cultura-segunda-exposicion-de-la-galeria-1941\/#primaryimage"},"thumbnailUrl":"https:\/\/canal7slp.tv\/2022\/wp-content\/uploads\/2022\/09\/Vazquez03Galeria1941.jpg","articleSection":["DESTACADAS","LOCALES Y REGIONALES"],"inLanguage":"es"},{"@type":"WebPage","@id":"https:\/\/canal7slp.tv\/2022\/en-la-cineteca-alameda-inaugura-secretaria-de-cultura-segunda-exposicion-de-la-galeria-1941\/","url":"https:\/\/canal7slp.tv\/2022\/en-la-cineteca-alameda-inaugura-secretaria-de-cultura-segunda-exposicion-de-la-galeria-1941\/","name":"En la Cineteca Alameda, inaugura Secretar\u00eda de Cultura segunda exposici\u00f3n de la Galer\u00eda 1941. - Canal 7 SLP - 2022","isPartOf":{"@id":"https:\/\/canal7slp.tv\/2022\/#website"},"primaryImageOfPage":{"@id":"https:\/\/canal7slp.tv\/2022\/en-la-cineteca-alameda-inaugura-secretaria-de-cultura-segunda-exposicion-de-la-galeria-1941\/#primaryimage"},"image":{"@id":"https:\/\/canal7slp.tv\/2022\/en-la-cineteca-alameda-inaugura-secretaria-de-cultura-segunda-exposicion-de-la-galeria-1941\/#primaryimage"},"thumbnailUrl":"https:\/\/canal7slp.tv\/2022\/wp-content\/uploads\/2022\/09\/Vazquez03Galeria1941.jpg","datePublished":"2022-09-07T21:45:12+00:00","breadcrumb":{"@id":"https:\/\/canal7slp.tv\/2022\/en-la-cineteca-alameda-inaugura-secretaria-de-cultura-segunda-exposicion-de-la-galeria-1941\/#breadcrumb"},"inLanguage":"es","potentialAction":[{"@type":"ReadAction","target":["https:\/\/canal7slp.tv\/2022\/en-la-cineteca-alameda-inaugura-secretaria-de-cultura-segunda-exposicion-de-la-galeria-1941\/"]}]},{"@type":"ImageObject","inLanguage":"es","@id":"https:\/\/canal7slp.tv\/2022\/en-la-cineteca-alameda-inaugura-secretaria-de-cultura-segunda-exposicion-de-la-galeria-1941\/#primaryimage","url":"https:\/\/canal7slp.tv\/2022\/wp-content\/uploads\/2022\/09\/Vazquez03Galeria1941.jpg","contentUrl":"https:\/\/canal7slp.tv\/2022\/wp-content\/uploads\/2022\/09\/Vazquez03Galeria1941.jpg","width":888,"height":500},{"@type":"BreadcrumbList","@id":"https:\/\/canal7slp.tv\/2022\/en-la-cineteca-alameda-inaugura-secretaria-de-cultura-segunda-exposicion-de-la-galeria-1941\/#breadcrumb","itemListElement":[{"@type":"ListItem","position":1,"name":"Portada","item":"https:\/\/canal7slp.tv\/2022\/"},{"@type":"ListItem","position":2,"name":"En la Cineteca Alameda, inaugura Secretar\u00eda de Cultura segunda exposici\u00f3n de la Galer\u00eda 1941."}]},{"@type":"WebSite","@id":"https:\/\/canal7slp.tv\/2022\/#website","url":"https:\/\/canal7slp.tv\/2022\/","name":"N7 - Noticieros Canal 7","description":"Somos Televisi\u00f3n","publisher":{"@id":"https:\/\/canal7slp.tv\/2022\/#organization"},"potentialAction":[{"@type":"SearchAction","target":{"@type":"EntryPoint","urlTemplate":"https:\/\/canal7slp.tv\/2022\/?s={search_term_string}"},"query-input":{"@type":"PropertyValueSpecification","valueRequired":true,"valueName":"search_term_string"}}],"inLanguage":"es"},{"@type":"Organization","@id":"https:\/\/canal7slp.tv\/2022\/#organization","name":"Noticieros Canal 7","url":"https:\/\/canal7slp.tv\/2022\/","logo":{"@type":"ImageObject","inLanguage":"es","@id":"https:\/\/canal7slp.tv\/2022\/#\/schema\/logo\/image\/","url":"https:\/\/canal7slp.tv\/2022\/wp-content\/uploads\/2021\/01\/logo-noticieros@2x.png","contentUrl":"https:\/\/canal7slp.tv\/2022\/wp-content\/uploads\/2021\/01\/logo-noticieros@2x.png","width":1017,"height":268,"caption":"Noticieros Canal 7"},"image":{"@id":"https:\/\/canal7slp.tv\/2022\/#\/schema\/logo\/image\/"},"sameAs":["https:\/\/www.facebook.com\/noticieroscanalsiete","https:\/\/x.com\/NOTICIEROS7","https:\/\/www.instagram.com\/canal7_slp","https:\/\/www.youtube.com\/channel\/UCliiYs-gP3JfJeqdPrNdd5A"]},{"@type":"Person","@id":"https:\/\/canal7slp.tv\/2022\/#\/schema\/person\/429704152a21f5f856ce29aa69a238da","name":"Edici\u00f3n Web","image":{"@type":"ImageObject","inLanguage":"es","@id":"https:\/\/secure.gravatar.com\/avatar\/eee448fc3f7164808013b816ba91ac7e43bbe82a70bebac296f8bc6f0addaa1a?s=96&d=mm&r=g","url":"https:\/\/secure.gravatar.com\/avatar\/eee448fc3f7164808013b816ba91ac7e43bbe82a70bebac296f8bc6f0addaa1a?s=96&d=mm&r=g","contentUrl":"https:\/\/secure.gravatar.com\/avatar\/eee448fc3f7164808013b816ba91ac7e43bbe82a70bebac296f8bc6f0addaa1a?s=96&d=mm&r=g","caption":"Edici\u00f3n Web"},"url":"https:\/\/canal7slp.tv\/2022\/author\/edicionweb\/"}]}},"amp_enabled":true,"_links":{"self":[{"href":"https:\/\/canal7slp.tv\/2022\/wp-json\/wp\/v2\/posts\/72207","targetHints":{"allow":["GET"]}}],"collection":[{"href":"https:\/\/canal7slp.tv\/2022\/wp-json\/wp\/v2\/posts"}],"about":[{"href":"https:\/\/canal7slp.tv\/2022\/wp-json\/wp\/v2\/types\/post"}],"author":[{"embeddable":true,"href":"https:\/\/canal7slp.tv\/2022\/wp-json\/wp\/v2\/users\/2"}],"replies":[{"embeddable":true,"href":"https:\/\/canal7slp.tv\/2022\/wp-json\/wp\/v2\/comments?post=72207"}],"version-history":[{"count":1,"href":"https:\/\/canal7slp.tv\/2022\/wp-json\/wp\/v2\/posts\/72207\/revisions"}],"predecessor-version":[{"id":72209,"href":"https:\/\/canal7slp.tv\/2022\/wp-json\/wp\/v2\/posts\/72207\/revisions\/72209"}],"wp:featuredmedia":[{"embeddable":true,"href":"https:\/\/canal7slp.tv\/2022\/wp-json\/wp\/v2\/media\/72208"}],"wp:attachment":[{"href":"https:\/\/canal7slp.tv\/2022\/wp-json\/wp\/v2\/media?parent=72207"}],"wp:term":[{"taxonomy":"category","embeddable":true,"href":"https:\/\/canal7slp.tv\/2022\/wp-json\/wp\/v2\/categories?post=72207"},{"taxonomy":"post_tag","embeddable":true,"href":"https:\/\/canal7slp.tv\/2022\/wp-json\/wp\/v2\/tags?post=72207"}],"curies":[{"name":"wp","href":"https:\/\/api.w.org\/{rel}","templated":true}]}}