{"id":72204,"date":"2022-09-07T15:38:12","date_gmt":"2022-09-07T21:38:12","guid":{"rendered":"https:\/\/canal7slp.tv\/2022\/?p=72204"},"modified":"2022-09-07T15:38:12","modified_gmt":"2022-09-07T21:38:12","slug":"en-aumento-casos-de-violencia-familiar-en-slp","status":"publish","type":"post","link":"https:\/\/canal7slp.tv\/2022\/en-aumento-casos-de-violencia-familiar-en-slp\/","title":{"rendered":"En aumento, casos de violencia familiar en SLP."},"content":{"rendered":"<ul>\n<li style=\"text-align: justify;\">Tan solo en lo que va del a\u00f1o se han registrado 77 en la capital, de acuerdo con el STJE.<\/li>\n<\/ul>\n<p style=\"text-align: justify;\">SLP.- De acuerdo con la magistrada presidente del Supremo Tribunal de Justicia del Estado, Olga Regina Garc\u00eda L\u00f3pez, en el \u00faltimo a\u00f1o los casos de violencia familiar han ido en aumento en San Luis Potos\u00ed.<\/p>\n<p style=\"text-align: justify;\">Dicha informaci\u00f3n surge luego de ser cuestionado sobre el caso de una menor de tres a\u00f1os de edad que aparentemente habr\u00eda sido sustra\u00edda por uno de sus padres sin contar con la custodia.<\/p>\n<p style=\"text-align: justify;\">Explic\u00f3 que en este tipo de casos no existe una inclinaci\u00f3n que favorezca a la madre o al padre de los menores pues todo depende el contexto de cada situaci\u00f3n; lo que se busca, dice, es que se demuestre quien de ellos es m\u00e1s apto para garantizar sus cuidados.<\/p>\n<p style=\"text-align: justify;\">\u201cLo que estamos haciendo es hablar con los jueces para pedirles mucha sensibilidad en el tema de las custodias. No es un tema sencillo, es un tema complicado porque en ocasiones la parte contraria, quien no tiene a los menores, sienten que hay imparcialidad en los juzgadores y que est\u00e1n favoreciendo a la contraria parte\u201d, agreg\u00f3<\/p>\n<p style=\"text-align: justify;\">Seg\u00fan refiere, en lo que va de este 2023 se tienen 77 causas en la capital potosina por violencia intrafamiliar; 10 m\u00e1s corresponden a Matehuala; nueve a Rioverde y 25 a Ciudad Valles.<\/p>\n<p style=\"text-align: justify;\">\u201cPor eso es que se les pide siempre que busquen llegar a arreglos, que busquen llegar a convenios y escuchen a los padres las veces que sea necesario antes de tomar una determinaci\u00f3n\u00bb, termin\u00f3.<\/p>\n<p>Por: Jos\u00e9 Luis V\u00e1zquez<\/p>\n","protected":false},"excerpt":{"rendered":"<p>Tan solo en lo que va del a\u00f1o se han registrado 77 en la capital, de acuerdo con el STJE. SLP.- De acuerdo con la magistrada presidente del Supremo Tribunal de Justicia del Estado, Olga Regina Garc\u00eda L\u00f3pez, en el \u00faltimo a\u00f1o los casos de violencia familiar han ido en aumento en San Luis Potos\u00ed. Dicha informaci\u00f3n surge luego de ser cuestionado sobre el caso de una menor de tres a\u00f1os de edad que aparentemente habr\u00eda sido sustra\u00edda por uno de sus padres sin contar con la custodia. Explic\u00f3 que en este tipo de casos no existe una inclinaci\u00f3n que [&hellip;]<\/p>\n","protected":false},"author":2,"featured_media":72205,"comment_status":"closed","ping_status":"closed","sticky":false,"template":"","format":"video","meta":{"footnotes":""},"categories":[5,45],"tags":[],"class_list":["post-72204","post","type-post","status-publish","format-video","has-post-thumbnail","hentry","category-destacadas","category-localesyregionales","post_format-post-format-video","post--single"],"yoast_head":"<!-- This site is optimized with the Yoast SEO plugin v27.4 - https:\/\/yoast.com\/product\/yoast-seo-wordpress\/ -->\n<title>En aumento, casos de violencia familiar en SLP. - Canal 7 SLP - 2022<\/title>\n<meta name=\"robots\" content=\"index, follow, max-snippet:-1, max-image-preview:large, max-video-preview:-1\" \/>\n<link rel=\"canonical\" href=\"https:\/\/canal7slp.tv\/2022\/en-aumento-casos-de-violencia-familiar-en-slp\/\" \/>\n<meta property=\"og:locale\" content=\"es_ES\" \/>\n<meta property=\"og:type\" content=\"article\" \/>\n<meta property=\"og:title\" content=\"En aumento, casos de violencia familiar en SLP. - Canal 7 SLP - 2022\" \/>\n<meta property=\"og:description\" content=\"Tan solo en lo que va del a\u00f1o se han registrado 77 en la capital, de acuerdo con el STJE. SLP.- De acuerdo con la magistrada presidente del Supremo Tribunal de Justicia del Estado, Olga Regina Garc\u00eda L\u00f3pez, en el \u00faltimo a\u00f1o los casos de violencia familiar han ido en aumento en San Luis Potos\u00ed. Dicha informaci\u00f3n surge luego de ser cuestionado sobre el caso de una menor de tres a\u00f1os de edad que aparentemente habr\u00eda sido sustra\u00edda por uno de sus padres sin contar con la custodia. Explic\u00f3 que en este tipo de casos no existe una inclinaci\u00f3n que [&hellip;]\" \/>\n<meta property=\"og:url\" content=\"https:\/\/canal7slp.tv\/2022\/en-aumento-casos-de-violencia-familiar-en-slp\/\" \/>\n<meta property=\"og:site_name\" content=\"Canal 7 SLP - 2022\" \/>\n<meta property=\"article:publisher\" content=\"https:\/\/www.facebook.com\/noticieroscanalsiete\" \/>\n<meta property=\"article:published_time\" content=\"2022-09-07T21:38:12+00:00\" \/>\n<meta property=\"og:image\" content=\"https:\/\/canal7slp.tv\/2022\/wp-content\/uploads\/2022\/09\/Vazquez02ViolenciaFamiliar.jpg\" \/>\n\t<meta property=\"og:image:width\" content=\"888\" \/>\n\t<meta property=\"og:image:height\" content=\"500\" \/>\n\t<meta property=\"og:image:type\" content=\"image\/jpeg\" \/>\n<meta name=\"author\" content=\"Edici\u00f3n Web\" \/>\n<meta name=\"twitter:card\" content=\"summary_large_image\" \/>\n<meta name=\"twitter:creator\" content=\"@NOTICIEROS7\" \/>\n<meta name=\"twitter:site\" content=\"@NOTICIEROS7\" \/>\n<meta name=\"twitter:label1\" content=\"Escrito por\" \/>\n\t<meta name=\"twitter:data1\" content=\"Edici\u00f3n Web\" \/>\n\t<meta name=\"twitter:label2\" content=\"Tiempo de lectura\" \/>\n\t<meta name=\"twitter:data2\" content=\"2 minutos\" \/>\n<script type=\"application\/ld+json\" class=\"yoast-schema-graph\">{\"@context\":\"https:\\\/\\\/schema.org\",\"@graph\":[{\"@type\":\"Article\",\"@id\":\"https:\\\/\\\/canal7slp.tv\\\/2022\\\/en-aumento-casos-de-violencia-familiar-en-slp\\\/#article\",\"isPartOf\":{\"@id\":\"https:\\\/\\\/canal7slp.tv\\\/2022\\\/en-aumento-casos-de-violencia-familiar-en-slp\\\/\"},\"author\":{\"name\":\"Edici\u00f3n Web\",\"@id\":\"https:\\\/\\\/canal7slp.tv\\\/2022\\\/#\\\/schema\\\/person\\\/429704152a21f5f856ce29aa69a238da\"},\"headline\":\"En aumento, casos de violencia familiar en SLP.\",\"datePublished\":\"2022-09-07T21:38:12+00:00\",\"mainEntityOfPage\":{\"@id\":\"https:\\\/\\\/canal7slp.tv\\\/2022\\\/en-aumento-casos-de-violencia-familiar-en-slp\\\/\"},\"wordCount\":284,\"publisher\":{\"@id\":\"https:\\\/\\\/canal7slp.tv\\\/2022\\\/#organization\"},\"image\":{\"@id\":\"https:\\\/\\\/canal7slp.tv\\\/2022\\\/en-aumento-casos-de-violencia-familiar-en-slp\\\/#primaryimage\"},\"thumbnailUrl\":\"https:\\\/\\\/canal7slp.tv\\\/2022\\\/wp-content\\\/uploads\\\/2022\\\/09\\\/Vazquez02ViolenciaFamiliar.jpg\",\"articleSection\":[\"DESTACADAS\",\"LOCALES Y REGIONALES\"],\"inLanguage\":\"es\"},{\"@type\":\"WebPage\",\"@id\":\"https:\\\/\\\/canal7slp.tv\\\/2022\\\/en-aumento-casos-de-violencia-familiar-en-slp\\\/\",\"url\":\"https:\\\/\\\/canal7slp.tv\\\/2022\\\/en-aumento-casos-de-violencia-familiar-en-slp\\\/\",\"name\":\"En aumento, casos de violencia familiar en SLP. - Canal 7 SLP - 2022\",\"isPartOf\":{\"@id\":\"https:\\\/\\\/canal7slp.tv\\\/2022\\\/#website\"},\"primaryImageOfPage\":{\"@id\":\"https:\\\/\\\/canal7slp.tv\\\/2022\\\/en-aumento-casos-de-violencia-familiar-en-slp\\\/#primaryimage\"},\"image\":{\"@id\":\"https:\\\/\\\/canal7slp.tv\\\/2022\\\/en-aumento-casos-de-violencia-familiar-en-slp\\\/#primaryimage\"},\"thumbnailUrl\":\"https:\\\/\\\/canal7slp.tv\\\/2022\\\/wp-content\\\/uploads\\\/2022\\\/09\\\/Vazquez02ViolenciaFamiliar.jpg\",\"datePublished\":\"2022-09-07T21:38:12+00:00\",\"breadcrumb\":{\"@id\":\"https:\\\/\\\/canal7slp.tv\\\/2022\\\/en-aumento-casos-de-violencia-familiar-en-slp\\\/#breadcrumb\"},\"inLanguage\":\"es\",\"potentialAction\":[{\"@type\":\"ReadAction\",\"target\":[\"https:\\\/\\\/canal7slp.tv\\\/2022\\\/en-aumento-casos-de-violencia-familiar-en-slp\\\/\"]}]},{\"@type\":\"ImageObject\",\"inLanguage\":\"es\",\"@id\":\"https:\\\/\\\/canal7slp.tv\\\/2022\\\/en-aumento-casos-de-violencia-familiar-en-slp\\\/#primaryimage\",\"url\":\"https:\\\/\\\/canal7slp.tv\\\/2022\\\/wp-content\\\/uploads\\\/2022\\\/09\\\/Vazquez02ViolenciaFamiliar.jpg\",\"contentUrl\":\"https:\\\/\\\/canal7slp.tv\\\/2022\\\/wp-content\\\/uploads\\\/2022\\\/09\\\/Vazquez02ViolenciaFamiliar.jpg\",\"width\":888,\"height\":500},{\"@type\":\"BreadcrumbList\",\"@id\":\"https:\\\/\\\/canal7slp.tv\\\/2022\\\/en-aumento-casos-de-violencia-familiar-en-slp\\\/#breadcrumb\",\"itemListElement\":[{\"@type\":\"ListItem\",\"position\":1,\"name\":\"Portada\",\"item\":\"https:\\\/\\\/canal7slp.tv\\\/2022\\\/\"},{\"@type\":\"ListItem\",\"position\":2,\"name\":\"En aumento, casos de violencia familiar en SLP.\"}]},{\"@type\":\"WebSite\",\"@id\":\"https:\\\/\\\/canal7slp.tv\\\/2022\\\/#website\",\"url\":\"https:\\\/\\\/canal7slp.tv\\\/2022\\\/\",\"name\":\"N7 - Noticieros Canal 7\",\"description\":\"Somos Televisi\u00f3n\",\"publisher\":{\"@id\":\"https:\\\/\\\/canal7slp.tv\\\/2022\\\/#organization\"},\"potentialAction\":[{\"@type\":\"SearchAction\",\"target\":{\"@type\":\"EntryPoint\",\"urlTemplate\":\"https:\\\/\\\/canal7slp.tv\\\/2022\\\/?s={search_term_string}\"},\"query-input\":{\"@type\":\"PropertyValueSpecification\",\"valueRequired\":true,\"valueName\":\"search_term_string\"}}],\"inLanguage\":\"es\"},{\"@type\":\"Organization\",\"@id\":\"https:\\\/\\\/canal7slp.tv\\\/2022\\\/#organization\",\"name\":\"Noticieros Canal 7\",\"url\":\"https:\\\/\\\/canal7slp.tv\\\/2022\\\/\",\"logo\":{\"@type\":\"ImageObject\",\"inLanguage\":\"es\",\"@id\":\"https:\\\/\\\/canal7slp.tv\\\/2022\\\/#\\\/schema\\\/logo\\\/image\\\/\",\"url\":\"https:\\\/\\\/canal7slp.tv\\\/2022\\\/wp-content\\\/uploads\\\/2021\\\/01\\\/logo-noticieros@2x.png\",\"contentUrl\":\"https:\\\/\\\/canal7slp.tv\\\/2022\\\/wp-content\\\/uploads\\\/2021\\\/01\\\/logo-noticieros@2x.png\",\"width\":1017,\"height\":268,\"caption\":\"Noticieros Canal 7\"},\"image\":{\"@id\":\"https:\\\/\\\/canal7slp.tv\\\/2022\\\/#\\\/schema\\\/logo\\\/image\\\/\"},\"sameAs\":[\"https:\\\/\\\/www.facebook.com\\\/noticieroscanalsiete\",\"https:\\\/\\\/x.com\\\/NOTICIEROS7\",\"https:\\\/\\\/www.instagram.com\\\/canal7_slp\",\"https:\\\/\\\/www.youtube.com\\\/channel\\\/UCliiYs-gP3JfJeqdPrNdd5A\"]},{\"@type\":\"Person\",\"@id\":\"https:\\\/\\\/canal7slp.tv\\\/2022\\\/#\\\/schema\\\/person\\\/429704152a21f5f856ce29aa69a238da\",\"name\":\"Edici\u00f3n Web\",\"image\":{\"@type\":\"ImageObject\",\"inLanguage\":\"es\",\"@id\":\"https:\\\/\\\/secure.gravatar.com\\\/avatar\\\/eee448fc3f7164808013b816ba91ac7e43bbe82a70bebac296f8bc6f0addaa1a?s=96&d=mm&r=g\",\"url\":\"https:\\\/\\\/secure.gravatar.com\\\/avatar\\\/eee448fc3f7164808013b816ba91ac7e43bbe82a70bebac296f8bc6f0addaa1a?s=96&d=mm&r=g\",\"contentUrl\":\"https:\\\/\\\/secure.gravatar.com\\\/avatar\\\/eee448fc3f7164808013b816ba91ac7e43bbe82a70bebac296f8bc6f0addaa1a?s=96&d=mm&r=g\",\"caption\":\"Edici\u00f3n Web\"},\"url\":\"https:\\\/\\\/canal7slp.tv\\\/2022\\\/author\\\/edicionweb\\\/\"}]}<\/script>\n<!-- \/ Yoast SEO plugin. -->","yoast_head_json":{"title":"En aumento, casos de violencia familiar en SLP. - Canal 7 SLP - 2022","robots":{"index":"index","follow":"follow","max-snippet":"max-snippet:-1","max-image-preview":"max-image-preview:large","max-video-preview":"max-video-preview:-1"},"canonical":"https:\/\/canal7slp.tv\/2022\/en-aumento-casos-de-violencia-familiar-en-slp\/","og_locale":"es_ES","og_type":"article","og_title":"En aumento, casos de violencia familiar en SLP. - Canal 7 SLP - 2022","og_description":"Tan solo en lo que va del a\u00f1o se han registrado 77 en la capital, de acuerdo con el STJE. SLP.- De acuerdo con la magistrada presidente del Supremo Tribunal de Justicia del Estado, Olga Regina Garc\u00eda L\u00f3pez, en el \u00faltimo a\u00f1o los casos de violencia familiar han ido en aumento en San Luis Potos\u00ed. Dicha informaci\u00f3n surge luego de ser cuestionado sobre el caso de una menor de tres a\u00f1os de edad que aparentemente habr\u00eda sido sustra\u00edda por uno de sus padres sin contar con la custodia. Explic\u00f3 que en este tipo de casos no existe una inclinaci\u00f3n que [&hellip;]","og_url":"https:\/\/canal7slp.tv\/2022\/en-aumento-casos-de-violencia-familiar-en-slp\/","og_site_name":"Canal 7 SLP - 2022","article_publisher":"https:\/\/www.facebook.com\/noticieroscanalsiete","article_published_time":"2022-09-07T21:38:12+00:00","og_image":[{"width":888,"height":500,"url":"https:\/\/canal7slp.tv\/2022\/wp-content\/uploads\/2022\/09\/Vazquez02ViolenciaFamiliar.jpg","type":"image\/jpeg"}],"author":"Edici\u00f3n Web","twitter_card":"summary_large_image","twitter_creator":"@NOTICIEROS7","twitter_site":"@NOTICIEROS7","twitter_misc":{"Escrito por":"Edici\u00f3n Web","Tiempo de lectura":"2 minutos"},"schema":{"@context":"https:\/\/schema.org","@graph":[{"@type":"Article","@id":"https:\/\/canal7slp.tv\/2022\/en-aumento-casos-de-violencia-familiar-en-slp\/#article","isPartOf":{"@id":"https:\/\/canal7slp.tv\/2022\/en-aumento-casos-de-violencia-familiar-en-slp\/"},"author":{"name":"Edici\u00f3n Web","@id":"https:\/\/canal7slp.tv\/2022\/#\/schema\/person\/429704152a21f5f856ce29aa69a238da"},"headline":"En aumento, casos de violencia familiar en SLP.","datePublished":"2022-09-07T21:38:12+00:00","mainEntityOfPage":{"@id":"https:\/\/canal7slp.tv\/2022\/en-aumento-casos-de-violencia-familiar-en-slp\/"},"wordCount":284,"publisher":{"@id":"https:\/\/canal7slp.tv\/2022\/#organization"},"image":{"@id":"https:\/\/canal7slp.tv\/2022\/en-aumento-casos-de-violencia-familiar-en-slp\/#primaryimage"},"thumbnailUrl":"https:\/\/canal7slp.tv\/2022\/wp-content\/uploads\/2022\/09\/Vazquez02ViolenciaFamiliar.jpg","articleSection":["DESTACADAS","LOCALES Y REGIONALES"],"inLanguage":"es"},{"@type":"WebPage","@id":"https:\/\/canal7slp.tv\/2022\/en-aumento-casos-de-violencia-familiar-en-slp\/","url":"https:\/\/canal7slp.tv\/2022\/en-aumento-casos-de-violencia-familiar-en-slp\/","name":"En aumento, casos de violencia familiar en SLP. - Canal 7 SLP - 2022","isPartOf":{"@id":"https:\/\/canal7slp.tv\/2022\/#website"},"primaryImageOfPage":{"@id":"https:\/\/canal7slp.tv\/2022\/en-aumento-casos-de-violencia-familiar-en-slp\/#primaryimage"},"image":{"@id":"https:\/\/canal7slp.tv\/2022\/en-aumento-casos-de-violencia-familiar-en-slp\/#primaryimage"},"thumbnailUrl":"https:\/\/canal7slp.tv\/2022\/wp-content\/uploads\/2022\/09\/Vazquez02ViolenciaFamiliar.jpg","datePublished":"2022-09-07T21:38:12+00:00","breadcrumb":{"@id":"https:\/\/canal7slp.tv\/2022\/en-aumento-casos-de-violencia-familiar-en-slp\/#breadcrumb"},"inLanguage":"es","potentialAction":[{"@type":"ReadAction","target":["https:\/\/canal7slp.tv\/2022\/en-aumento-casos-de-violencia-familiar-en-slp\/"]}]},{"@type":"ImageObject","inLanguage":"es","@id":"https:\/\/canal7slp.tv\/2022\/en-aumento-casos-de-violencia-familiar-en-slp\/#primaryimage","url":"https:\/\/canal7slp.tv\/2022\/wp-content\/uploads\/2022\/09\/Vazquez02ViolenciaFamiliar.jpg","contentUrl":"https:\/\/canal7slp.tv\/2022\/wp-content\/uploads\/2022\/09\/Vazquez02ViolenciaFamiliar.jpg","width":888,"height":500},{"@type":"BreadcrumbList","@id":"https:\/\/canal7slp.tv\/2022\/en-aumento-casos-de-violencia-familiar-en-slp\/#breadcrumb","itemListElement":[{"@type":"ListItem","position":1,"name":"Portada","item":"https:\/\/canal7slp.tv\/2022\/"},{"@type":"ListItem","position":2,"name":"En aumento, casos de violencia familiar en SLP."}]},{"@type":"WebSite","@id":"https:\/\/canal7slp.tv\/2022\/#website","url":"https:\/\/canal7slp.tv\/2022\/","name":"N7 - Noticieros Canal 7","description":"Somos Televisi\u00f3n","publisher":{"@id":"https:\/\/canal7slp.tv\/2022\/#organization"},"potentialAction":[{"@type":"SearchAction","target":{"@type":"EntryPoint","urlTemplate":"https:\/\/canal7slp.tv\/2022\/?s={search_term_string}"},"query-input":{"@type":"PropertyValueSpecification","valueRequired":true,"valueName":"search_term_string"}}],"inLanguage":"es"},{"@type":"Organization","@id":"https:\/\/canal7slp.tv\/2022\/#organization","name":"Noticieros Canal 7","url":"https:\/\/canal7slp.tv\/2022\/","logo":{"@type":"ImageObject","inLanguage":"es","@id":"https:\/\/canal7slp.tv\/2022\/#\/schema\/logo\/image\/","url":"https:\/\/canal7slp.tv\/2022\/wp-content\/uploads\/2021\/01\/logo-noticieros@2x.png","contentUrl":"https:\/\/canal7slp.tv\/2022\/wp-content\/uploads\/2021\/01\/logo-noticieros@2x.png","width":1017,"height":268,"caption":"Noticieros Canal 7"},"image":{"@id":"https:\/\/canal7slp.tv\/2022\/#\/schema\/logo\/image\/"},"sameAs":["https:\/\/www.facebook.com\/noticieroscanalsiete","https:\/\/x.com\/NOTICIEROS7","https:\/\/www.instagram.com\/canal7_slp","https:\/\/www.youtube.com\/channel\/UCliiYs-gP3JfJeqdPrNdd5A"]},{"@type":"Person","@id":"https:\/\/canal7slp.tv\/2022\/#\/schema\/person\/429704152a21f5f856ce29aa69a238da","name":"Edici\u00f3n Web","image":{"@type":"ImageObject","inLanguage":"es","@id":"https:\/\/secure.gravatar.com\/avatar\/eee448fc3f7164808013b816ba91ac7e43bbe82a70bebac296f8bc6f0addaa1a?s=96&d=mm&r=g","url":"https:\/\/secure.gravatar.com\/avatar\/eee448fc3f7164808013b816ba91ac7e43bbe82a70bebac296f8bc6f0addaa1a?s=96&d=mm&r=g","contentUrl":"https:\/\/secure.gravatar.com\/avatar\/eee448fc3f7164808013b816ba91ac7e43bbe82a70bebac296f8bc6f0addaa1a?s=96&d=mm&r=g","caption":"Edici\u00f3n Web"},"url":"https:\/\/canal7slp.tv\/2022\/author\/edicionweb\/"}]}},"amp_enabled":true,"_links":{"self":[{"href":"https:\/\/canal7slp.tv\/2022\/wp-json\/wp\/v2\/posts\/72204","targetHints":{"allow":["GET"]}}],"collection":[{"href":"https:\/\/canal7slp.tv\/2022\/wp-json\/wp\/v2\/posts"}],"about":[{"href":"https:\/\/canal7slp.tv\/2022\/wp-json\/wp\/v2\/types\/post"}],"author":[{"embeddable":true,"href":"https:\/\/canal7slp.tv\/2022\/wp-json\/wp\/v2\/users\/2"}],"replies":[{"embeddable":true,"href":"https:\/\/canal7slp.tv\/2022\/wp-json\/wp\/v2\/comments?post=72204"}],"version-history":[{"count":1,"href":"https:\/\/canal7slp.tv\/2022\/wp-json\/wp\/v2\/posts\/72204\/revisions"}],"predecessor-version":[{"id":72206,"href":"https:\/\/canal7slp.tv\/2022\/wp-json\/wp\/v2\/posts\/72204\/revisions\/72206"}],"wp:featuredmedia":[{"embeddable":true,"href":"https:\/\/canal7slp.tv\/2022\/wp-json\/wp\/v2\/media\/72205"}],"wp:attachment":[{"href":"https:\/\/canal7slp.tv\/2022\/wp-json\/wp\/v2\/media?parent=72204"}],"wp:term":[{"taxonomy":"category","embeddable":true,"href":"https:\/\/canal7slp.tv\/2022\/wp-json\/wp\/v2\/categories?post=72204"},{"taxonomy":"post_tag","embeddable":true,"href":"https:\/\/canal7slp.tv\/2022\/wp-json\/wp\/v2\/tags?post=72204"}],"curies":[{"name":"wp","href":"https:\/\/api.w.org\/{rel}","templated":true}]}}