{"id":72201,"date":"2022-09-07T15:32:54","date_gmt":"2022-09-07T21:32:54","guid":{"rendered":"https:\/\/canal7slp.tv\/2022\/?p=72201"},"modified":"2022-09-07T15:32:54","modified_gmt":"2022-09-07T21:32:54","slug":"del-12-al-23-de-octubre-se-llevara-a-cabo-el-festival-holistico-alas-de-otono","status":"publish","type":"post","link":"https:\/\/canal7slp.tv\/2022\/del-12-al-23-de-octubre-se-llevara-a-cabo-el-festival-holistico-alas-de-otono\/","title":{"rendered":"Del 12 al 23 de octubre, se llevar\u00e1 a cabo el festival hol\u00edstico Alas de Oto\u00f1o."},"content":{"rendered":"<ul>\n<li style=\"text-align: justify;\">La Secretar\u00eda de Cultura impulsa la primera edici\u00f3n, con una visi\u00f3n de rescate de la sabidur\u00eda ancestral de pueblos originarios.<\/li>\n<\/ul>\n<p style=\"text-align: justify;\">SLP.- De manera conjunta, las Secretar\u00edas de Cultura y Turismo del Gobierno del Estado de San Luis Potos\u00ed, anunciaron la realizaci\u00f3n del primer festival hol\u00edstico denominado Alas de Oto\u00f1o y que se realizar\u00e1 del pr\u00f3ximo 12 al 23 de octubre.<\/p>\n<p style=\"text-align: justify;\">De acuerdo con los presentes esta primera edici\u00f3n se organiza en pro de la biodiversidad y el rescate de la sabidur\u00eda ancestral practicada por los pueblos originarios.<\/p>\n<p style=\"text-align: justify;\">As\u00ed lo confirmo la secretaria de cultura, Martha Elizabeth Torres M\u00e9ndez, quien explic\u00f3 que el objetivo es promover, organizar y desarrollar espacios acad\u00e9micos, art\u00edsticos y culturales, integrando la ciencia y el conocimiento ancestral para generar innovadoras aportaciones e inter\u00e9s por la protecci\u00f3n de la biodiversidad.<\/p>\n<p style=\"text-align: justify;\">\u00abTrataremos de dar el mayor de los apoyos a este festival que se lleva a cabo, que es posible el desarrollo de este acontecimiento cultural y art\u00edstico y cuyo significado trascendente nos anima al rescate de la sabidur\u00eda ancestral en pro de la unidad con los pueblos originarios, valorar y preservar nuestras ra\u00edces nos hace m\u00e1s fuertes\u00bb, dijo.<\/p>\n<p style=\"text-align: justify;\">La inauguraci\u00f3n se tiene planeada para el pr\u00f3ximo mi\u00e9rcoles 12 de octubre en punto de las 17 horas, donde se llevar\u00e1 acabo la presentaci\u00f3n del festival y una exposici\u00f3n de pintura; mientras que la clausura ser\u00e1 el domingo 23 a las 8 de la noche.<\/p>\n<p style=\"text-align: justify;\">Durante los doce d\u00edas de actividades, la poblaci\u00f3n potosina podr\u00e1 acudir a distintos talleres, conversatorios y actividades art\u00edsticas relacionadas con la elaboraci\u00f3n de papalotes y m\u00e1scaras, cursos intensivos de danza a\u00e9rea y contempor\u00e1nea, un concurso de catrinas e incluso una pasarela de rebozos.<\/p>\n<p style=\"text-align: justify;\">La mayor\u00eda de ellas se realizar\u00e1 en las instalaciones del Museo Nacional de la M\u00e1scara, pero otras m\u00e1s se desarrollar\u00e1n en el Parque Tangamanga I, en el Centro de las Artes, en el Jard\u00edn de Tequis y el Teatro de la Paz.<\/p>\n<p>Por: Jos\u00e9 Luis V\u00e1zquez<\/p>\n","protected":false},"excerpt":{"rendered":"<p>La Secretar\u00eda de Cultura impulsa la primera edici\u00f3n, con una visi\u00f3n de rescate de la sabidur\u00eda ancestral de pueblos originarios. SLP.- De manera conjunta, las Secretar\u00edas de Cultura y Turismo del Gobierno del Estado de San Luis Potos\u00ed, anunciaron la realizaci\u00f3n del primer festival hol\u00edstico denominado Alas de Oto\u00f1o y que se realizar\u00e1 del pr\u00f3ximo 12 al 23 de octubre. De acuerdo con los presentes esta primera edici\u00f3n se organiza en pro de la biodiversidad y el rescate de la sabidur\u00eda ancestral practicada por los pueblos originarios. As\u00ed lo confirmo la secretaria de cultura, Martha Elizabeth Torres M\u00e9ndez, quien explic\u00f3 [&hellip;]<\/p>\n","protected":false},"author":2,"featured_media":72202,"comment_status":"closed","ping_status":"closed","sticky":false,"template":"","format":"video","meta":{"footnotes":""},"categories":[5,510,45],"tags":[],"class_list":["post-72201","post","type-post","status-publish","format-video","has-post-thumbnail","hentry","category-destacadas","category-gobedoslp","category-localesyregionales","post_format-post-format-video","post--single"],"yoast_head":"<!-- This site is optimized with the Yoast SEO plugin v27.4 - https:\/\/yoast.com\/product\/yoast-seo-wordpress\/ -->\n<title>Del 12 al 23 de octubre, se llevar\u00e1 a cabo el festival hol\u00edstico Alas de Oto\u00f1o. - Canal 7 SLP - 2022<\/title>\n<meta name=\"robots\" content=\"index, follow, max-snippet:-1, max-image-preview:large, max-video-preview:-1\" \/>\n<link rel=\"canonical\" href=\"https:\/\/canal7slp.tv\/2022\/del-12-al-23-de-octubre-se-llevara-a-cabo-el-festival-holistico-alas-de-otono\/\" \/>\n<meta property=\"og:locale\" content=\"es_ES\" \/>\n<meta property=\"og:type\" content=\"article\" \/>\n<meta property=\"og:title\" content=\"Del 12 al 23 de octubre, se llevar\u00e1 a cabo el festival hol\u00edstico Alas de Oto\u00f1o. - Canal 7 SLP - 2022\" \/>\n<meta property=\"og:description\" content=\"La Secretar\u00eda de Cultura impulsa la primera edici\u00f3n, con una visi\u00f3n de rescate de la sabidur\u00eda ancestral de pueblos originarios. SLP.- De manera conjunta, las Secretar\u00edas de Cultura y Turismo del Gobierno del Estado de San Luis Potos\u00ed, anunciaron la realizaci\u00f3n del primer festival hol\u00edstico denominado Alas de Oto\u00f1o y que se realizar\u00e1 del pr\u00f3ximo 12 al 23 de octubre. De acuerdo con los presentes esta primera edici\u00f3n se organiza en pro de la biodiversidad y el rescate de la sabidur\u00eda ancestral practicada por los pueblos originarios. As\u00ed lo confirmo la secretaria de cultura, Martha Elizabeth Torres M\u00e9ndez, quien explic\u00f3 [&hellip;]\" \/>\n<meta property=\"og:url\" content=\"https:\/\/canal7slp.tv\/2022\/del-12-al-23-de-octubre-se-llevara-a-cabo-el-festival-holistico-alas-de-otono\/\" \/>\n<meta property=\"og:site_name\" content=\"Canal 7 SLP - 2022\" \/>\n<meta property=\"article:publisher\" content=\"https:\/\/www.facebook.com\/noticieroscanalsiete\" \/>\n<meta property=\"article:published_time\" content=\"2022-09-07T21:32:54+00:00\" \/>\n<meta property=\"og:image\" content=\"https:\/\/canal7slp.tv\/2022\/wp-content\/uploads\/2022\/09\/Vazquez01AlasOtonio.jpg\" \/>\n\t<meta property=\"og:image:width\" content=\"888\" \/>\n\t<meta property=\"og:image:height\" content=\"500\" \/>\n\t<meta property=\"og:image:type\" content=\"image\/jpeg\" \/>\n<meta name=\"author\" content=\"Edici\u00f3n Web\" \/>\n<meta name=\"twitter:card\" content=\"summary_large_image\" \/>\n<meta name=\"twitter:creator\" content=\"@NOTICIEROS7\" \/>\n<meta name=\"twitter:site\" content=\"@NOTICIEROS7\" \/>\n<meta name=\"twitter:label1\" content=\"Escrito por\" \/>\n\t<meta name=\"twitter:data1\" content=\"Edici\u00f3n Web\" \/>\n\t<meta name=\"twitter:label2\" content=\"Tiempo de lectura\" \/>\n\t<meta name=\"twitter:data2\" content=\"2 minutos\" \/>\n<script type=\"application\/ld+json\" class=\"yoast-schema-graph\">{\"@context\":\"https:\\\/\\\/schema.org\",\"@graph\":[{\"@type\":\"Article\",\"@id\":\"https:\\\/\\\/canal7slp.tv\\\/2022\\\/del-12-al-23-de-octubre-se-llevara-a-cabo-el-festival-holistico-alas-de-otono\\\/#article\",\"isPartOf\":{\"@id\":\"https:\\\/\\\/canal7slp.tv\\\/2022\\\/del-12-al-23-de-octubre-se-llevara-a-cabo-el-festival-holistico-alas-de-otono\\\/\"},\"author\":{\"name\":\"Edici\u00f3n Web\",\"@id\":\"https:\\\/\\\/canal7slp.tv\\\/2022\\\/#\\\/schema\\\/person\\\/429704152a21f5f856ce29aa69a238da\"},\"headline\":\"Del 12 al 23 de octubre, se llevar\u00e1 a cabo el festival hol\u00edstico Alas de Oto\u00f1o.\",\"datePublished\":\"2022-09-07T21:32:54+00:00\",\"mainEntityOfPage\":{\"@id\":\"https:\\\/\\\/canal7slp.tv\\\/2022\\\/del-12-al-23-de-octubre-se-llevara-a-cabo-el-festival-holistico-alas-de-otono\\\/\"},\"wordCount\":373,\"publisher\":{\"@id\":\"https:\\\/\\\/canal7slp.tv\\\/2022\\\/#organization\"},\"image\":{\"@id\":\"https:\\\/\\\/canal7slp.tv\\\/2022\\\/del-12-al-23-de-octubre-se-llevara-a-cabo-el-festival-holistico-alas-de-otono\\\/#primaryimage\"},\"thumbnailUrl\":\"https:\\\/\\\/canal7slp.tv\\\/2022\\\/wp-content\\\/uploads\\\/2022\\\/09\\\/Vazquez01AlasOtonio.jpg\",\"articleSection\":[\"DESTACADAS\",\"GOBEDOSLP\",\"LOCALES Y REGIONALES\"],\"inLanguage\":\"es\"},{\"@type\":\"WebPage\",\"@id\":\"https:\\\/\\\/canal7slp.tv\\\/2022\\\/del-12-al-23-de-octubre-se-llevara-a-cabo-el-festival-holistico-alas-de-otono\\\/\",\"url\":\"https:\\\/\\\/canal7slp.tv\\\/2022\\\/del-12-al-23-de-octubre-se-llevara-a-cabo-el-festival-holistico-alas-de-otono\\\/\",\"name\":\"Del 12 al 23 de octubre, se llevar\u00e1 a cabo el festival hol\u00edstico Alas de Oto\u00f1o. - Canal 7 SLP - 2022\",\"isPartOf\":{\"@id\":\"https:\\\/\\\/canal7slp.tv\\\/2022\\\/#website\"},\"primaryImageOfPage\":{\"@id\":\"https:\\\/\\\/canal7slp.tv\\\/2022\\\/del-12-al-23-de-octubre-se-llevara-a-cabo-el-festival-holistico-alas-de-otono\\\/#primaryimage\"},\"image\":{\"@id\":\"https:\\\/\\\/canal7slp.tv\\\/2022\\\/del-12-al-23-de-octubre-se-llevara-a-cabo-el-festival-holistico-alas-de-otono\\\/#primaryimage\"},\"thumbnailUrl\":\"https:\\\/\\\/canal7slp.tv\\\/2022\\\/wp-content\\\/uploads\\\/2022\\\/09\\\/Vazquez01AlasOtonio.jpg\",\"datePublished\":\"2022-09-07T21:32:54+00:00\",\"breadcrumb\":{\"@id\":\"https:\\\/\\\/canal7slp.tv\\\/2022\\\/del-12-al-23-de-octubre-se-llevara-a-cabo-el-festival-holistico-alas-de-otono\\\/#breadcrumb\"},\"inLanguage\":\"es\",\"potentialAction\":[{\"@type\":\"ReadAction\",\"target\":[\"https:\\\/\\\/canal7slp.tv\\\/2022\\\/del-12-al-23-de-octubre-se-llevara-a-cabo-el-festival-holistico-alas-de-otono\\\/\"]}]},{\"@type\":\"ImageObject\",\"inLanguage\":\"es\",\"@id\":\"https:\\\/\\\/canal7slp.tv\\\/2022\\\/del-12-al-23-de-octubre-se-llevara-a-cabo-el-festival-holistico-alas-de-otono\\\/#primaryimage\",\"url\":\"https:\\\/\\\/canal7slp.tv\\\/2022\\\/wp-content\\\/uploads\\\/2022\\\/09\\\/Vazquez01AlasOtonio.jpg\",\"contentUrl\":\"https:\\\/\\\/canal7slp.tv\\\/2022\\\/wp-content\\\/uploads\\\/2022\\\/09\\\/Vazquez01AlasOtonio.jpg\",\"width\":888,\"height\":500},{\"@type\":\"BreadcrumbList\",\"@id\":\"https:\\\/\\\/canal7slp.tv\\\/2022\\\/del-12-al-23-de-octubre-se-llevara-a-cabo-el-festival-holistico-alas-de-otono\\\/#breadcrumb\",\"itemListElement\":[{\"@type\":\"ListItem\",\"position\":1,\"name\":\"Portada\",\"item\":\"https:\\\/\\\/canal7slp.tv\\\/2022\\\/\"},{\"@type\":\"ListItem\",\"position\":2,\"name\":\"Del 12 al 23 de octubre, se llevar\u00e1 a cabo el festival hol\u00edstico Alas de Oto\u00f1o.\"}]},{\"@type\":\"WebSite\",\"@id\":\"https:\\\/\\\/canal7slp.tv\\\/2022\\\/#website\",\"url\":\"https:\\\/\\\/canal7slp.tv\\\/2022\\\/\",\"name\":\"N7 - Noticieros Canal 7\",\"description\":\"Somos Televisi\u00f3n\",\"publisher\":{\"@id\":\"https:\\\/\\\/canal7slp.tv\\\/2022\\\/#organization\"},\"potentialAction\":[{\"@type\":\"SearchAction\",\"target\":{\"@type\":\"EntryPoint\",\"urlTemplate\":\"https:\\\/\\\/canal7slp.tv\\\/2022\\\/?s={search_term_string}\"},\"query-input\":{\"@type\":\"PropertyValueSpecification\",\"valueRequired\":true,\"valueName\":\"search_term_string\"}}],\"inLanguage\":\"es\"},{\"@type\":\"Organization\",\"@id\":\"https:\\\/\\\/canal7slp.tv\\\/2022\\\/#organization\",\"name\":\"Noticieros Canal 7\",\"url\":\"https:\\\/\\\/canal7slp.tv\\\/2022\\\/\",\"logo\":{\"@type\":\"ImageObject\",\"inLanguage\":\"es\",\"@id\":\"https:\\\/\\\/canal7slp.tv\\\/2022\\\/#\\\/schema\\\/logo\\\/image\\\/\",\"url\":\"https:\\\/\\\/canal7slp.tv\\\/2022\\\/wp-content\\\/uploads\\\/2021\\\/01\\\/logo-noticieros@2x.png\",\"contentUrl\":\"https:\\\/\\\/canal7slp.tv\\\/2022\\\/wp-content\\\/uploads\\\/2021\\\/01\\\/logo-noticieros@2x.png\",\"width\":1017,\"height\":268,\"caption\":\"Noticieros Canal 7\"},\"image\":{\"@id\":\"https:\\\/\\\/canal7slp.tv\\\/2022\\\/#\\\/schema\\\/logo\\\/image\\\/\"},\"sameAs\":[\"https:\\\/\\\/www.facebook.com\\\/noticieroscanalsiete\",\"https:\\\/\\\/x.com\\\/NOTICIEROS7\",\"https:\\\/\\\/www.instagram.com\\\/canal7_slp\",\"https:\\\/\\\/www.youtube.com\\\/channel\\\/UCliiYs-gP3JfJeqdPrNdd5A\"]},{\"@type\":\"Person\",\"@id\":\"https:\\\/\\\/canal7slp.tv\\\/2022\\\/#\\\/schema\\\/person\\\/429704152a21f5f856ce29aa69a238da\",\"name\":\"Edici\u00f3n Web\",\"image\":{\"@type\":\"ImageObject\",\"inLanguage\":\"es\",\"@id\":\"https:\\\/\\\/secure.gravatar.com\\\/avatar\\\/eee448fc3f7164808013b816ba91ac7e43bbe82a70bebac296f8bc6f0addaa1a?s=96&d=mm&r=g\",\"url\":\"https:\\\/\\\/secure.gravatar.com\\\/avatar\\\/eee448fc3f7164808013b816ba91ac7e43bbe82a70bebac296f8bc6f0addaa1a?s=96&d=mm&r=g\",\"contentUrl\":\"https:\\\/\\\/secure.gravatar.com\\\/avatar\\\/eee448fc3f7164808013b816ba91ac7e43bbe82a70bebac296f8bc6f0addaa1a?s=96&d=mm&r=g\",\"caption\":\"Edici\u00f3n Web\"},\"url\":\"https:\\\/\\\/canal7slp.tv\\\/2022\\\/author\\\/edicionweb\\\/\"}]}<\/script>\n<!-- \/ Yoast SEO plugin. -->","yoast_head_json":{"title":"Del 12 al 23 de octubre, se llevar\u00e1 a cabo el festival hol\u00edstico Alas de Oto\u00f1o. - Canal 7 SLP - 2022","robots":{"index":"index","follow":"follow","max-snippet":"max-snippet:-1","max-image-preview":"max-image-preview:large","max-video-preview":"max-video-preview:-1"},"canonical":"https:\/\/canal7slp.tv\/2022\/del-12-al-23-de-octubre-se-llevara-a-cabo-el-festival-holistico-alas-de-otono\/","og_locale":"es_ES","og_type":"article","og_title":"Del 12 al 23 de octubre, se llevar\u00e1 a cabo el festival hol\u00edstico Alas de Oto\u00f1o. - Canal 7 SLP - 2022","og_description":"La Secretar\u00eda de Cultura impulsa la primera edici\u00f3n, con una visi\u00f3n de rescate de la sabidur\u00eda ancestral de pueblos originarios. SLP.- De manera conjunta, las Secretar\u00edas de Cultura y Turismo del Gobierno del Estado de San Luis Potos\u00ed, anunciaron la realizaci\u00f3n del primer festival hol\u00edstico denominado Alas de Oto\u00f1o y que se realizar\u00e1 del pr\u00f3ximo 12 al 23 de octubre. De acuerdo con los presentes esta primera edici\u00f3n se organiza en pro de la biodiversidad y el rescate de la sabidur\u00eda ancestral practicada por los pueblos originarios. As\u00ed lo confirmo la secretaria de cultura, Martha Elizabeth Torres M\u00e9ndez, quien explic\u00f3 [&hellip;]","og_url":"https:\/\/canal7slp.tv\/2022\/del-12-al-23-de-octubre-se-llevara-a-cabo-el-festival-holistico-alas-de-otono\/","og_site_name":"Canal 7 SLP - 2022","article_publisher":"https:\/\/www.facebook.com\/noticieroscanalsiete","article_published_time":"2022-09-07T21:32:54+00:00","og_image":[{"width":888,"height":500,"url":"https:\/\/canal7slp.tv\/2022\/wp-content\/uploads\/2022\/09\/Vazquez01AlasOtonio.jpg","type":"image\/jpeg"}],"author":"Edici\u00f3n Web","twitter_card":"summary_large_image","twitter_creator":"@NOTICIEROS7","twitter_site":"@NOTICIEROS7","twitter_misc":{"Escrito por":"Edici\u00f3n Web","Tiempo de lectura":"2 minutos"},"schema":{"@context":"https:\/\/schema.org","@graph":[{"@type":"Article","@id":"https:\/\/canal7slp.tv\/2022\/del-12-al-23-de-octubre-se-llevara-a-cabo-el-festival-holistico-alas-de-otono\/#article","isPartOf":{"@id":"https:\/\/canal7slp.tv\/2022\/del-12-al-23-de-octubre-se-llevara-a-cabo-el-festival-holistico-alas-de-otono\/"},"author":{"name":"Edici\u00f3n Web","@id":"https:\/\/canal7slp.tv\/2022\/#\/schema\/person\/429704152a21f5f856ce29aa69a238da"},"headline":"Del 12 al 23 de octubre, se llevar\u00e1 a cabo el festival hol\u00edstico Alas de Oto\u00f1o.","datePublished":"2022-09-07T21:32:54+00:00","mainEntityOfPage":{"@id":"https:\/\/canal7slp.tv\/2022\/del-12-al-23-de-octubre-se-llevara-a-cabo-el-festival-holistico-alas-de-otono\/"},"wordCount":373,"publisher":{"@id":"https:\/\/canal7slp.tv\/2022\/#organization"},"image":{"@id":"https:\/\/canal7slp.tv\/2022\/del-12-al-23-de-octubre-se-llevara-a-cabo-el-festival-holistico-alas-de-otono\/#primaryimage"},"thumbnailUrl":"https:\/\/canal7slp.tv\/2022\/wp-content\/uploads\/2022\/09\/Vazquez01AlasOtonio.jpg","articleSection":["DESTACADAS","GOBEDOSLP","LOCALES Y REGIONALES"],"inLanguage":"es"},{"@type":"WebPage","@id":"https:\/\/canal7slp.tv\/2022\/del-12-al-23-de-octubre-se-llevara-a-cabo-el-festival-holistico-alas-de-otono\/","url":"https:\/\/canal7slp.tv\/2022\/del-12-al-23-de-octubre-se-llevara-a-cabo-el-festival-holistico-alas-de-otono\/","name":"Del 12 al 23 de octubre, se llevar\u00e1 a cabo el festival hol\u00edstico Alas de Oto\u00f1o. - Canal 7 SLP - 2022","isPartOf":{"@id":"https:\/\/canal7slp.tv\/2022\/#website"},"primaryImageOfPage":{"@id":"https:\/\/canal7slp.tv\/2022\/del-12-al-23-de-octubre-se-llevara-a-cabo-el-festival-holistico-alas-de-otono\/#primaryimage"},"image":{"@id":"https:\/\/canal7slp.tv\/2022\/del-12-al-23-de-octubre-se-llevara-a-cabo-el-festival-holistico-alas-de-otono\/#primaryimage"},"thumbnailUrl":"https:\/\/canal7slp.tv\/2022\/wp-content\/uploads\/2022\/09\/Vazquez01AlasOtonio.jpg","datePublished":"2022-09-07T21:32:54+00:00","breadcrumb":{"@id":"https:\/\/canal7slp.tv\/2022\/del-12-al-23-de-octubre-se-llevara-a-cabo-el-festival-holistico-alas-de-otono\/#breadcrumb"},"inLanguage":"es","potentialAction":[{"@type":"ReadAction","target":["https:\/\/canal7slp.tv\/2022\/del-12-al-23-de-octubre-se-llevara-a-cabo-el-festival-holistico-alas-de-otono\/"]}]},{"@type":"ImageObject","inLanguage":"es","@id":"https:\/\/canal7slp.tv\/2022\/del-12-al-23-de-octubre-se-llevara-a-cabo-el-festival-holistico-alas-de-otono\/#primaryimage","url":"https:\/\/canal7slp.tv\/2022\/wp-content\/uploads\/2022\/09\/Vazquez01AlasOtonio.jpg","contentUrl":"https:\/\/canal7slp.tv\/2022\/wp-content\/uploads\/2022\/09\/Vazquez01AlasOtonio.jpg","width":888,"height":500},{"@type":"BreadcrumbList","@id":"https:\/\/canal7slp.tv\/2022\/del-12-al-23-de-octubre-se-llevara-a-cabo-el-festival-holistico-alas-de-otono\/#breadcrumb","itemListElement":[{"@type":"ListItem","position":1,"name":"Portada","item":"https:\/\/canal7slp.tv\/2022\/"},{"@type":"ListItem","position":2,"name":"Del 12 al 23 de octubre, se llevar\u00e1 a cabo el festival hol\u00edstico Alas de Oto\u00f1o."}]},{"@type":"WebSite","@id":"https:\/\/canal7slp.tv\/2022\/#website","url":"https:\/\/canal7slp.tv\/2022\/","name":"N7 - Noticieros Canal 7","description":"Somos Televisi\u00f3n","publisher":{"@id":"https:\/\/canal7slp.tv\/2022\/#organization"},"potentialAction":[{"@type":"SearchAction","target":{"@type":"EntryPoint","urlTemplate":"https:\/\/canal7slp.tv\/2022\/?s={search_term_string}"},"query-input":{"@type":"PropertyValueSpecification","valueRequired":true,"valueName":"search_term_string"}}],"inLanguage":"es"},{"@type":"Organization","@id":"https:\/\/canal7slp.tv\/2022\/#organization","name":"Noticieros Canal 7","url":"https:\/\/canal7slp.tv\/2022\/","logo":{"@type":"ImageObject","inLanguage":"es","@id":"https:\/\/canal7slp.tv\/2022\/#\/schema\/logo\/image\/","url":"https:\/\/canal7slp.tv\/2022\/wp-content\/uploads\/2021\/01\/logo-noticieros@2x.png","contentUrl":"https:\/\/canal7slp.tv\/2022\/wp-content\/uploads\/2021\/01\/logo-noticieros@2x.png","width":1017,"height":268,"caption":"Noticieros Canal 7"},"image":{"@id":"https:\/\/canal7slp.tv\/2022\/#\/schema\/logo\/image\/"},"sameAs":["https:\/\/www.facebook.com\/noticieroscanalsiete","https:\/\/x.com\/NOTICIEROS7","https:\/\/www.instagram.com\/canal7_slp","https:\/\/www.youtube.com\/channel\/UCliiYs-gP3JfJeqdPrNdd5A"]},{"@type":"Person","@id":"https:\/\/canal7slp.tv\/2022\/#\/schema\/person\/429704152a21f5f856ce29aa69a238da","name":"Edici\u00f3n Web","image":{"@type":"ImageObject","inLanguage":"es","@id":"https:\/\/secure.gravatar.com\/avatar\/eee448fc3f7164808013b816ba91ac7e43bbe82a70bebac296f8bc6f0addaa1a?s=96&d=mm&r=g","url":"https:\/\/secure.gravatar.com\/avatar\/eee448fc3f7164808013b816ba91ac7e43bbe82a70bebac296f8bc6f0addaa1a?s=96&d=mm&r=g","contentUrl":"https:\/\/secure.gravatar.com\/avatar\/eee448fc3f7164808013b816ba91ac7e43bbe82a70bebac296f8bc6f0addaa1a?s=96&d=mm&r=g","caption":"Edici\u00f3n Web"},"url":"https:\/\/canal7slp.tv\/2022\/author\/edicionweb\/"}]}},"amp_enabled":true,"_links":{"self":[{"href":"https:\/\/canal7slp.tv\/2022\/wp-json\/wp\/v2\/posts\/72201","targetHints":{"allow":["GET"]}}],"collection":[{"href":"https:\/\/canal7slp.tv\/2022\/wp-json\/wp\/v2\/posts"}],"about":[{"href":"https:\/\/canal7slp.tv\/2022\/wp-json\/wp\/v2\/types\/post"}],"author":[{"embeddable":true,"href":"https:\/\/canal7slp.tv\/2022\/wp-json\/wp\/v2\/users\/2"}],"replies":[{"embeddable":true,"href":"https:\/\/canal7slp.tv\/2022\/wp-json\/wp\/v2\/comments?post=72201"}],"version-history":[{"count":1,"href":"https:\/\/canal7slp.tv\/2022\/wp-json\/wp\/v2\/posts\/72201\/revisions"}],"predecessor-version":[{"id":72203,"href":"https:\/\/canal7slp.tv\/2022\/wp-json\/wp\/v2\/posts\/72201\/revisions\/72203"}],"wp:featuredmedia":[{"embeddable":true,"href":"https:\/\/canal7slp.tv\/2022\/wp-json\/wp\/v2\/media\/72202"}],"wp:attachment":[{"href":"https:\/\/canal7slp.tv\/2022\/wp-json\/wp\/v2\/media?parent=72201"}],"wp:term":[{"taxonomy":"category","embeddable":true,"href":"https:\/\/canal7slp.tv\/2022\/wp-json\/wp\/v2\/categories?post=72201"},{"taxonomy":"post_tag","embeddable":true,"href":"https:\/\/canal7slp.tv\/2022\/wp-json\/wp\/v2\/tags?post=72201"}],"curies":[{"name":"wp","href":"https:\/\/api.w.org\/{rel}","templated":true}]}}