{"id":71331,"date":"2022-08-30T11:37:36","date_gmt":"2022-08-30T17:37:36","guid":{"rendered":"https:\/\/canal7slp.tv\/2022\/?p=71331"},"modified":"2022-08-30T11:37:36","modified_gmt":"2022-08-30T17:37:36","slug":"en-puerta-gira-del-gobernador-por-medio-oriente","status":"publish","type":"post","link":"https:\/\/canal7slp.tv\/2022\/en-puerta-gira-del-gobernador-por-medio-oriente\/","title":{"rendered":"En puerta, gira del gobernador por Medio Oriente."},"content":{"rendered":"<ul style=\"text-align: justify;\">\n<li>Se reunir\u00e1 con el rey y empresariado de Arabia Saudita, para promover condiciones y fortalezas de San Luis Potos\u00ed para la inversi\u00f3n extranjera; adem\u00e1s visitar\u00e1 L\u00edbano.<\/li>\n<\/ul>\n<p style=\"text-align: justify;\">SLP.- El gobernador, Ricardo Gallardo Cardona realizar\u00e1 una gira de trabajo por Medio Oriente, para entablar conversaciones con representantes de empresas que pudieran invertir en el estado, luego de recibir en mayo pasado, al embajador del Reino de Arabia Saudita en M\u00e9xico, Haytham Bin Hassan Bin Mohammed Al Malki.<\/p>\n<p style=\"text-align: justify;\">Se ofrecer\u00e1 el terreno de gobierno en el que se instalar\u00eda Ford, para lograr la instalaci\u00f3n de una empresa ancla, que pueda atraer m\u00e1s empresas que generen no solamente muchos empleos, sino detonen completamente al estado.<\/p>\n<p style=\"text-align: justify;\">La visita a estos pa\u00edses podr\u00eda llevarse a cabo a inicios de septiembre o despu\u00e9s de su primer informe de Gobierno, y se incluir\u00e1n los temas tur\u00edstico y acad\u00e9mico para movilidad de estudiantes y mano de obra.<\/p>\n","protected":false},"excerpt":{"rendered":"<p>Se reunir\u00e1 con el rey y empresariado de Arabia Saudita, para promover condiciones y fortalezas de San Luis Potos\u00ed para la inversi\u00f3n extranjera; adem\u00e1s visitar\u00e1 L\u00edbano. SLP.- El gobernador, Ricardo Gallardo Cardona realizar\u00e1 una gira de trabajo por Medio Oriente, para entablar conversaciones con representantes de empresas que pudieran invertir en el estado, luego de recibir en mayo pasado, al embajador del Reino de Arabia Saudita en M\u00e9xico, Haytham Bin Hassan Bin Mohammed Al Malki. Se ofrecer\u00e1 el terreno de gobierno en el que se instalar\u00eda Ford, para lograr la instalaci\u00f3n de una empresa ancla, que pueda atraer m\u00e1s empresas [&hellip;]<\/p>\n","protected":false},"author":2,"featured_media":71332,"comment_status":"closed","ping_status":"closed","sticky":false,"template":"","format":"standard","meta":{"footnotes":""},"categories":[45],"tags":[],"class_list":["post-71331","post","type-post","status-publish","format-standard","has-post-thumbnail","hentry","category-localesyregionales","post--single"],"yoast_head":"<!-- This site is optimized with the Yoast SEO plugin v27.5 - https:\/\/yoast.com\/product\/yoast-seo-wordpress\/ -->\n<title>En puerta, gira del gobernador por Medio Oriente. - Canal 7 SLP - 2022<\/title>\n<meta name=\"robots\" content=\"index, follow, max-snippet:-1, max-image-preview:large, max-video-preview:-1\" \/>\n<link rel=\"canonical\" href=\"https:\/\/canal7slp.tv\/2022\/en-puerta-gira-del-gobernador-por-medio-oriente\/\" \/>\n<meta property=\"og:locale\" content=\"es_ES\" \/>\n<meta property=\"og:type\" content=\"article\" \/>\n<meta property=\"og:title\" content=\"En puerta, gira del gobernador por Medio Oriente. - Canal 7 SLP - 2022\" \/>\n<meta property=\"og:description\" content=\"Se reunir\u00e1 con el rey y empresariado de Arabia Saudita, para promover condiciones y fortalezas de San Luis Potos\u00ed para la inversi\u00f3n extranjera; adem\u00e1s visitar\u00e1 L\u00edbano. SLP.- El gobernador, Ricardo Gallardo Cardona realizar\u00e1 una gira de trabajo por Medio Oriente, para entablar conversaciones con representantes de empresas que pudieran invertir en el estado, luego de recibir en mayo pasado, al embajador del Reino de Arabia Saudita en M\u00e9xico, Haytham Bin Hassan Bin Mohammed Al Malki. Se ofrecer\u00e1 el terreno de gobierno en el que se instalar\u00eda Ford, para lograr la instalaci\u00f3n de una empresa ancla, que pueda atraer m\u00e1s empresas [&hellip;]\" \/>\n<meta property=\"og:url\" content=\"https:\/\/canal7slp.tv\/2022\/en-puerta-gira-del-gobernador-por-medio-oriente\/\" \/>\n<meta property=\"og:site_name\" content=\"Canal 7 SLP - 2022\" \/>\n<meta property=\"article:publisher\" content=\"https:\/\/www.facebook.com\/noticieroscanalsiete\" \/>\n<meta property=\"article:published_time\" content=\"2022-08-30T17:37:36+00:00\" \/>\n<meta property=\"og:image\" content=\"https:\/\/canal7slp.tv\/2022\/wp-content\/uploads\/2022\/08\/rgcarabeB.png\" \/>\n\t<meta property=\"og:image:width\" content=\"1314\" \/>\n\t<meta property=\"og:image:height\" content=\"729\" \/>\n\t<meta property=\"og:image:type\" content=\"image\/png\" \/>\n<meta name=\"author\" content=\"Edici\u00f3n Web\" \/>\n<meta name=\"twitter:card\" content=\"summary_large_image\" \/>\n<meta name=\"twitter:creator\" content=\"@NOTICIEROS7\" \/>\n<meta name=\"twitter:site\" content=\"@NOTICIEROS7\" \/>\n<meta name=\"twitter:label1\" content=\"Escrito por\" \/>\n\t<meta name=\"twitter:data1\" content=\"Edici\u00f3n Web\" \/>\n\t<meta name=\"twitter:label2\" content=\"Tiempo de lectura\" \/>\n\t<meta name=\"twitter:data2\" content=\"1 minuto\" \/>\n<script type=\"application\/ld+json\" class=\"yoast-schema-graph\">{\"@context\":\"https:\\\/\\\/schema.org\",\"@graph\":[{\"@type\":\"Article\",\"@id\":\"https:\\\/\\\/canal7slp.tv\\\/2022\\\/en-puerta-gira-del-gobernador-por-medio-oriente\\\/#article\",\"isPartOf\":{\"@id\":\"https:\\\/\\\/canal7slp.tv\\\/2022\\\/en-puerta-gira-del-gobernador-por-medio-oriente\\\/\"},\"author\":{\"name\":\"Edici\u00f3n Web\",\"@id\":\"https:\\\/\\\/canal7slp.tv\\\/2022\\\/#\\\/schema\\\/person\\\/429704152a21f5f856ce29aa69a238da\"},\"headline\":\"En puerta, gira del gobernador por Medio Oriente.\",\"datePublished\":\"2022-08-30T17:37:36+00:00\",\"mainEntityOfPage\":{\"@id\":\"https:\\\/\\\/canal7slp.tv\\\/2022\\\/en-puerta-gira-del-gobernador-por-medio-oriente\\\/\"},\"wordCount\":170,\"publisher\":{\"@id\":\"https:\\\/\\\/canal7slp.tv\\\/2022\\\/#organization\"},\"image\":{\"@id\":\"https:\\\/\\\/canal7slp.tv\\\/2022\\\/en-puerta-gira-del-gobernador-por-medio-oriente\\\/#primaryimage\"},\"thumbnailUrl\":\"https:\\\/\\\/canal7slp.tv\\\/2022\\\/wp-content\\\/uploads\\\/2022\\\/08\\\/rgcarabeB.png\",\"articleSection\":[\"LOCALES Y REGIONALES\"],\"inLanguage\":\"es\"},{\"@type\":\"WebPage\",\"@id\":\"https:\\\/\\\/canal7slp.tv\\\/2022\\\/en-puerta-gira-del-gobernador-por-medio-oriente\\\/\",\"url\":\"https:\\\/\\\/canal7slp.tv\\\/2022\\\/en-puerta-gira-del-gobernador-por-medio-oriente\\\/\",\"name\":\"En puerta, gira del gobernador por Medio Oriente. - Canal 7 SLP - 2022\",\"isPartOf\":{\"@id\":\"https:\\\/\\\/canal7slp.tv\\\/2022\\\/#website\"},\"primaryImageOfPage\":{\"@id\":\"https:\\\/\\\/canal7slp.tv\\\/2022\\\/en-puerta-gira-del-gobernador-por-medio-oriente\\\/#primaryimage\"},\"image\":{\"@id\":\"https:\\\/\\\/canal7slp.tv\\\/2022\\\/en-puerta-gira-del-gobernador-por-medio-oriente\\\/#primaryimage\"},\"thumbnailUrl\":\"https:\\\/\\\/canal7slp.tv\\\/2022\\\/wp-content\\\/uploads\\\/2022\\\/08\\\/rgcarabeB.png\",\"datePublished\":\"2022-08-30T17:37:36+00:00\",\"breadcrumb\":{\"@id\":\"https:\\\/\\\/canal7slp.tv\\\/2022\\\/en-puerta-gira-del-gobernador-por-medio-oriente\\\/#breadcrumb\"},\"inLanguage\":\"es\",\"potentialAction\":[{\"@type\":\"ReadAction\",\"target\":[\"https:\\\/\\\/canal7slp.tv\\\/2022\\\/en-puerta-gira-del-gobernador-por-medio-oriente\\\/\"]}]},{\"@type\":\"ImageObject\",\"inLanguage\":\"es\",\"@id\":\"https:\\\/\\\/canal7slp.tv\\\/2022\\\/en-puerta-gira-del-gobernador-por-medio-oriente\\\/#primaryimage\",\"url\":\"https:\\\/\\\/canal7slp.tv\\\/2022\\\/wp-content\\\/uploads\\\/2022\\\/08\\\/rgcarabeB.png\",\"contentUrl\":\"https:\\\/\\\/canal7slp.tv\\\/2022\\\/wp-content\\\/uploads\\\/2022\\\/08\\\/rgcarabeB.png\",\"width\":1314,\"height\":729},{\"@type\":\"BreadcrumbList\",\"@id\":\"https:\\\/\\\/canal7slp.tv\\\/2022\\\/en-puerta-gira-del-gobernador-por-medio-oriente\\\/#breadcrumb\",\"itemListElement\":[{\"@type\":\"ListItem\",\"position\":1,\"name\":\"Portada\",\"item\":\"https:\\\/\\\/canal7slp.tv\\\/2022\\\/\"},{\"@type\":\"ListItem\",\"position\":2,\"name\":\"En puerta, gira del gobernador por Medio Oriente.\"}]},{\"@type\":\"WebSite\",\"@id\":\"https:\\\/\\\/canal7slp.tv\\\/2022\\\/#website\",\"url\":\"https:\\\/\\\/canal7slp.tv\\\/2022\\\/\",\"name\":\"N7 - Noticieros Canal 7\",\"description\":\"Somos Televisi\u00f3n\",\"publisher\":{\"@id\":\"https:\\\/\\\/canal7slp.tv\\\/2022\\\/#organization\"},\"potentialAction\":[{\"@type\":\"SearchAction\",\"target\":{\"@type\":\"EntryPoint\",\"urlTemplate\":\"https:\\\/\\\/canal7slp.tv\\\/2022\\\/?s={search_term_string}\"},\"query-input\":{\"@type\":\"PropertyValueSpecification\",\"valueRequired\":true,\"valueName\":\"search_term_string\"}}],\"inLanguage\":\"es\"},{\"@type\":\"Organization\",\"@id\":\"https:\\\/\\\/canal7slp.tv\\\/2022\\\/#organization\",\"name\":\"Noticieros Canal 7\",\"url\":\"https:\\\/\\\/canal7slp.tv\\\/2022\\\/\",\"logo\":{\"@type\":\"ImageObject\",\"inLanguage\":\"es\",\"@id\":\"https:\\\/\\\/canal7slp.tv\\\/2022\\\/#\\\/schema\\\/logo\\\/image\\\/\",\"url\":\"https:\\\/\\\/canal7slp.tv\\\/2022\\\/wp-content\\\/uploads\\\/2021\\\/01\\\/logo-noticieros@2x.png\",\"contentUrl\":\"https:\\\/\\\/canal7slp.tv\\\/2022\\\/wp-content\\\/uploads\\\/2021\\\/01\\\/logo-noticieros@2x.png\",\"width\":1017,\"height\":268,\"caption\":\"Noticieros Canal 7\"},\"image\":{\"@id\":\"https:\\\/\\\/canal7slp.tv\\\/2022\\\/#\\\/schema\\\/logo\\\/image\\\/\"},\"sameAs\":[\"https:\\\/\\\/www.facebook.com\\\/noticieroscanalsiete\",\"https:\\\/\\\/x.com\\\/NOTICIEROS7\",\"https:\\\/\\\/www.instagram.com\\\/canal7_slp\",\"https:\\\/\\\/www.youtube.com\\\/channel\\\/UCliiYs-gP3JfJeqdPrNdd5A\"]},{\"@type\":\"Person\",\"@id\":\"https:\\\/\\\/canal7slp.tv\\\/2022\\\/#\\\/schema\\\/person\\\/429704152a21f5f856ce29aa69a238da\",\"name\":\"Edici\u00f3n Web\",\"image\":{\"@type\":\"ImageObject\",\"inLanguage\":\"es\",\"@id\":\"https:\\\/\\\/secure.gravatar.com\\\/avatar\\\/eee448fc3f7164808013b816ba91ac7e43bbe82a70bebac296f8bc6f0addaa1a?s=96&d=mm&r=g\",\"url\":\"https:\\\/\\\/secure.gravatar.com\\\/avatar\\\/eee448fc3f7164808013b816ba91ac7e43bbe82a70bebac296f8bc6f0addaa1a?s=96&d=mm&r=g\",\"contentUrl\":\"https:\\\/\\\/secure.gravatar.com\\\/avatar\\\/eee448fc3f7164808013b816ba91ac7e43bbe82a70bebac296f8bc6f0addaa1a?s=96&d=mm&r=g\",\"caption\":\"Edici\u00f3n Web\"},\"url\":\"https:\\\/\\\/canal7slp.tv\\\/2022\\\/author\\\/edicionweb\\\/\"}]}<\/script>\n<!-- \/ Yoast SEO plugin. -->","yoast_head_json":{"title":"En puerta, gira del gobernador por Medio Oriente. - Canal 7 SLP - 2022","robots":{"index":"index","follow":"follow","max-snippet":"max-snippet:-1","max-image-preview":"max-image-preview:large","max-video-preview":"max-video-preview:-1"},"canonical":"https:\/\/canal7slp.tv\/2022\/en-puerta-gira-del-gobernador-por-medio-oriente\/","og_locale":"es_ES","og_type":"article","og_title":"En puerta, gira del gobernador por Medio Oriente. - Canal 7 SLP - 2022","og_description":"Se reunir\u00e1 con el rey y empresariado de Arabia Saudita, para promover condiciones y fortalezas de San Luis Potos\u00ed para la inversi\u00f3n extranjera; adem\u00e1s visitar\u00e1 L\u00edbano. SLP.- El gobernador, Ricardo Gallardo Cardona realizar\u00e1 una gira de trabajo por Medio Oriente, para entablar conversaciones con representantes de empresas que pudieran invertir en el estado, luego de recibir en mayo pasado, al embajador del Reino de Arabia Saudita en M\u00e9xico, Haytham Bin Hassan Bin Mohammed Al Malki. Se ofrecer\u00e1 el terreno de gobierno en el que se instalar\u00eda Ford, para lograr la instalaci\u00f3n de una empresa ancla, que pueda atraer m\u00e1s empresas [&hellip;]","og_url":"https:\/\/canal7slp.tv\/2022\/en-puerta-gira-del-gobernador-por-medio-oriente\/","og_site_name":"Canal 7 SLP - 2022","article_publisher":"https:\/\/www.facebook.com\/noticieroscanalsiete","article_published_time":"2022-08-30T17:37:36+00:00","og_image":[{"width":1314,"height":729,"url":"https:\/\/canal7slp.tv\/2022\/wp-content\/uploads\/2022\/08\/rgcarabeB.png","type":"image\/png"}],"author":"Edici\u00f3n Web","twitter_card":"summary_large_image","twitter_creator":"@NOTICIEROS7","twitter_site":"@NOTICIEROS7","twitter_misc":{"Escrito por":"Edici\u00f3n Web","Tiempo de lectura":"1 minuto"},"schema":{"@context":"https:\/\/schema.org","@graph":[{"@type":"Article","@id":"https:\/\/canal7slp.tv\/2022\/en-puerta-gira-del-gobernador-por-medio-oriente\/#article","isPartOf":{"@id":"https:\/\/canal7slp.tv\/2022\/en-puerta-gira-del-gobernador-por-medio-oriente\/"},"author":{"name":"Edici\u00f3n Web","@id":"https:\/\/canal7slp.tv\/2022\/#\/schema\/person\/429704152a21f5f856ce29aa69a238da"},"headline":"En puerta, gira del gobernador por Medio Oriente.","datePublished":"2022-08-30T17:37:36+00:00","mainEntityOfPage":{"@id":"https:\/\/canal7slp.tv\/2022\/en-puerta-gira-del-gobernador-por-medio-oriente\/"},"wordCount":170,"publisher":{"@id":"https:\/\/canal7slp.tv\/2022\/#organization"},"image":{"@id":"https:\/\/canal7slp.tv\/2022\/en-puerta-gira-del-gobernador-por-medio-oriente\/#primaryimage"},"thumbnailUrl":"https:\/\/canal7slp.tv\/2022\/wp-content\/uploads\/2022\/08\/rgcarabeB.png","articleSection":["LOCALES Y REGIONALES"],"inLanguage":"es"},{"@type":"WebPage","@id":"https:\/\/canal7slp.tv\/2022\/en-puerta-gira-del-gobernador-por-medio-oriente\/","url":"https:\/\/canal7slp.tv\/2022\/en-puerta-gira-del-gobernador-por-medio-oriente\/","name":"En puerta, gira del gobernador por Medio Oriente. - Canal 7 SLP - 2022","isPartOf":{"@id":"https:\/\/canal7slp.tv\/2022\/#website"},"primaryImageOfPage":{"@id":"https:\/\/canal7slp.tv\/2022\/en-puerta-gira-del-gobernador-por-medio-oriente\/#primaryimage"},"image":{"@id":"https:\/\/canal7slp.tv\/2022\/en-puerta-gira-del-gobernador-por-medio-oriente\/#primaryimage"},"thumbnailUrl":"https:\/\/canal7slp.tv\/2022\/wp-content\/uploads\/2022\/08\/rgcarabeB.png","datePublished":"2022-08-30T17:37:36+00:00","breadcrumb":{"@id":"https:\/\/canal7slp.tv\/2022\/en-puerta-gira-del-gobernador-por-medio-oriente\/#breadcrumb"},"inLanguage":"es","potentialAction":[{"@type":"ReadAction","target":["https:\/\/canal7slp.tv\/2022\/en-puerta-gira-del-gobernador-por-medio-oriente\/"]}]},{"@type":"ImageObject","inLanguage":"es","@id":"https:\/\/canal7slp.tv\/2022\/en-puerta-gira-del-gobernador-por-medio-oriente\/#primaryimage","url":"https:\/\/canal7slp.tv\/2022\/wp-content\/uploads\/2022\/08\/rgcarabeB.png","contentUrl":"https:\/\/canal7slp.tv\/2022\/wp-content\/uploads\/2022\/08\/rgcarabeB.png","width":1314,"height":729},{"@type":"BreadcrumbList","@id":"https:\/\/canal7slp.tv\/2022\/en-puerta-gira-del-gobernador-por-medio-oriente\/#breadcrumb","itemListElement":[{"@type":"ListItem","position":1,"name":"Portada","item":"https:\/\/canal7slp.tv\/2022\/"},{"@type":"ListItem","position":2,"name":"En puerta, gira del gobernador por Medio Oriente."}]},{"@type":"WebSite","@id":"https:\/\/canal7slp.tv\/2022\/#website","url":"https:\/\/canal7slp.tv\/2022\/","name":"N7 - Noticieros Canal 7","description":"Somos Televisi\u00f3n","publisher":{"@id":"https:\/\/canal7slp.tv\/2022\/#organization"},"potentialAction":[{"@type":"SearchAction","target":{"@type":"EntryPoint","urlTemplate":"https:\/\/canal7slp.tv\/2022\/?s={search_term_string}"},"query-input":{"@type":"PropertyValueSpecification","valueRequired":true,"valueName":"search_term_string"}}],"inLanguage":"es"},{"@type":"Organization","@id":"https:\/\/canal7slp.tv\/2022\/#organization","name":"Noticieros Canal 7","url":"https:\/\/canal7slp.tv\/2022\/","logo":{"@type":"ImageObject","inLanguage":"es","@id":"https:\/\/canal7slp.tv\/2022\/#\/schema\/logo\/image\/","url":"https:\/\/canal7slp.tv\/2022\/wp-content\/uploads\/2021\/01\/logo-noticieros@2x.png","contentUrl":"https:\/\/canal7slp.tv\/2022\/wp-content\/uploads\/2021\/01\/logo-noticieros@2x.png","width":1017,"height":268,"caption":"Noticieros Canal 7"},"image":{"@id":"https:\/\/canal7slp.tv\/2022\/#\/schema\/logo\/image\/"},"sameAs":["https:\/\/www.facebook.com\/noticieroscanalsiete","https:\/\/x.com\/NOTICIEROS7","https:\/\/www.instagram.com\/canal7_slp","https:\/\/www.youtube.com\/channel\/UCliiYs-gP3JfJeqdPrNdd5A"]},{"@type":"Person","@id":"https:\/\/canal7slp.tv\/2022\/#\/schema\/person\/429704152a21f5f856ce29aa69a238da","name":"Edici\u00f3n Web","image":{"@type":"ImageObject","inLanguage":"es","@id":"https:\/\/secure.gravatar.com\/avatar\/eee448fc3f7164808013b816ba91ac7e43bbe82a70bebac296f8bc6f0addaa1a?s=96&d=mm&r=g","url":"https:\/\/secure.gravatar.com\/avatar\/eee448fc3f7164808013b816ba91ac7e43bbe82a70bebac296f8bc6f0addaa1a?s=96&d=mm&r=g","contentUrl":"https:\/\/secure.gravatar.com\/avatar\/eee448fc3f7164808013b816ba91ac7e43bbe82a70bebac296f8bc6f0addaa1a?s=96&d=mm&r=g","caption":"Edici\u00f3n Web"},"url":"https:\/\/canal7slp.tv\/2022\/author\/edicionweb\/"}]}},"amp_enabled":true,"_links":{"self":[{"href":"https:\/\/canal7slp.tv\/2022\/wp-json\/wp\/v2\/posts\/71331","targetHints":{"allow":["GET"]}}],"collection":[{"href":"https:\/\/canal7slp.tv\/2022\/wp-json\/wp\/v2\/posts"}],"about":[{"href":"https:\/\/canal7slp.tv\/2022\/wp-json\/wp\/v2\/types\/post"}],"author":[{"embeddable":true,"href":"https:\/\/canal7slp.tv\/2022\/wp-json\/wp\/v2\/users\/2"}],"replies":[{"embeddable":true,"href":"https:\/\/canal7slp.tv\/2022\/wp-json\/wp\/v2\/comments?post=71331"}],"version-history":[{"count":1,"href":"https:\/\/canal7slp.tv\/2022\/wp-json\/wp\/v2\/posts\/71331\/revisions"}],"predecessor-version":[{"id":71333,"href":"https:\/\/canal7slp.tv\/2022\/wp-json\/wp\/v2\/posts\/71331\/revisions\/71333"}],"wp:featuredmedia":[{"embeddable":true,"href":"https:\/\/canal7slp.tv\/2022\/wp-json\/wp\/v2\/media\/71332"}],"wp:attachment":[{"href":"https:\/\/canal7slp.tv\/2022\/wp-json\/wp\/v2\/media?parent=71331"}],"wp:term":[{"taxonomy":"category","embeddable":true,"href":"https:\/\/canal7slp.tv\/2022\/wp-json\/wp\/v2\/categories?post=71331"},{"taxonomy":"post_tag","embeddable":true,"href":"https:\/\/canal7slp.tv\/2022\/wp-json\/wp\/v2\/tags?post=71331"}],"curies":[{"name":"wp","href":"https:\/\/api.w.org\/{rel}","templated":true}]}}