{"id":71328,"date":"2022-08-30T11:36:10","date_gmt":"2022-08-30T17:36:10","guid":{"rendered":"https:\/\/canal7slp.tv\/2022\/?p=71328"},"modified":"2022-08-30T16:38:06","modified_gmt":"2022-08-30T22:38:06","slug":"consolidacion-de-zona-industrial-en-soledad-requiere-la-liberacion-de-200-hectareas","status":"publish","type":"post","link":"https:\/\/canal7slp.tv\/2022\/consolidacion-de-zona-industrial-en-soledad-requiere-la-liberacion-de-200-hectareas\/","title":{"rendered":"Consolidaci\u00f3n de Zona Industrial en Soledad requiere la liberaci\u00f3n de 200 hect\u00e1reas."},"content":{"rendered":"<p style=\"text-align: justify;\">SGS.- El mandatario estatal de San Luis Potos\u00ed, Jos\u00e9 Ricardo Gallardo Cardona, inform\u00f3 que se trabaja de la mano con el Ayuntamiento de Soledad de Graciano S\u00e1nchez para que se liberen hasta 200 hect\u00e1reas de terreno para continuar con la consolidaci\u00f3n de una nueva Zona Industrial en esta demarcaci\u00f3n.<\/p>\n<p style=\"text-align: justify;\">\u00abEstamos trabajando con el Ayuntamiento de Soledad para que nos liberen m\u00e1s de 200 hect\u00e1reas que est\u00e1n por los rumbos del aeropuerto y sobre la 57, ya tenemos varias empresas puestas ah\u00ed desde una gran acerera con una inversi\u00f3n muy grande, hasta otro tipo de plantas que ya se empezaron a instalar\u00bb, dijo.<\/p>\n<p style=\"text-align: justify;\">Explic\u00f3 que el objetivo es mejorar la econom\u00eda y la industria de este municipio, a la par de desahogar el tr\u00e1fico vehicular que se registra sobre la carretera que se conecta con la ciudad de Matehuala.<\/p>\n<p style=\"text-align: justify;\">\u00abLa intenci\u00f3n precisamente es ya abrir una nueva zona industrial para tambi\u00e9n bajar un poquito la vialidad que se pone muy tensa en la carretera 57 todas las ma\u00f1anas, entonces hoy vamos abrir otro polo de desarrollo m\u00e1s que es la nueva zona industrial de Soledad de Graciano S\u00e1nchez\u00bb, asegur\u00f3.<\/p>\n<p style=\"text-align: justify;\">De acuerdo con los \u00faltimos datos proporcionados, ya hay al menos cuatro empresas de diversos giros instaladas en tierras soledenses, en donde se ha destacado su ubicaci\u00f3n estrat\u00e9gica y la conectividad que tiene.<\/p>\n<p>Por: Jos\u00e9 Luis V\u00e1zquez<\/p>\n","protected":false},"excerpt":{"rendered":"<p>SGS.- El mandatario estatal de San Luis Potos\u00ed, Jos\u00e9 Ricardo Gallardo Cardona, inform\u00f3 que se trabaja de la mano con el Ayuntamiento de Soledad de Graciano S\u00e1nchez para que se liberen hasta 200 hect\u00e1reas de terreno para continuar con la consolidaci\u00f3n de una nueva Zona Industrial en esta demarcaci\u00f3n. \u00abEstamos trabajando con el Ayuntamiento de Soledad para que nos liberen m\u00e1s de 200 hect\u00e1reas que est\u00e1n por los rumbos del aeropuerto y sobre la 57, ya tenemos varias empresas puestas ah\u00ed desde una gran acerera con una inversi\u00f3n muy grande, hasta otro tipo de plantas que ya se empezaron a [&hellip;]<\/p>\n","protected":false},"author":2,"featured_media":71389,"comment_status":"closed","ping_status":"closed","sticky":false,"template":"","format":"video","meta":{"footnotes":""},"categories":[512,5,510,45],"tags":[],"class_list":["post-71328","post","type-post","status-publish","format-video","has-post-thumbnail","hentry","category-ayosgs","category-destacadas","category-gobedoslp","category-localesyregionales","post_format-post-format-video","post--single"],"yoast_head":"<!-- This site is optimized with the Yoast SEO plugin v27.4 - https:\/\/yoast.com\/product\/yoast-seo-wordpress\/ -->\n<title>Consolidaci\u00f3n de Zona Industrial en Soledad requiere la liberaci\u00f3n de 200 hect\u00e1reas. - Canal 7 SLP - 2022<\/title>\n<meta name=\"robots\" content=\"index, follow, max-snippet:-1, max-image-preview:large, max-video-preview:-1\" \/>\n<link rel=\"canonical\" href=\"https:\/\/canal7slp.tv\/2022\/consolidacion-de-zona-industrial-en-soledad-requiere-la-liberacion-de-200-hectareas\/\" \/>\n<meta property=\"og:locale\" content=\"es_ES\" \/>\n<meta property=\"og:type\" content=\"article\" \/>\n<meta property=\"og:title\" content=\"Consolidaci\u00f3n de Zona Industrial en Soledad requiere la liberaci\u00f3n de 200 hect\u00e1reas. - Canal 7 SLP - 2022\" \/>\n<meta property=\"og:description\" content=\"SGS.- El mandatario estatal de San Luis Potos\u00ed, Jos\u00e9 Ricardo Gallardo Cardona, inform\u00f3 que se trabaja de la mano con el Ayuntamiento de Soledad de Graciano S\u00e1nchez para que se liberen hasta 200 hect\u00e1reas de terreno para continuar con la consolidaci\u00f3n de una nueva Zona Industrial en esta demarcaci\u00f3n. \u00abEstamos trabajando con el Ayuntamiento de Soledad para que nos liberen m\u00e1s de 200 hect\u00e1reas que est\u00e1n por los rumbos del aeropuerto y sobre la 57, ya tenemos varias empresas puestas ah\u00ed desde una gran acerera con una inversi\u00f3n muy grande, hasta otro tipo de plantas que ya se empezaron a [&hellip;]\" \/>\n<meta property=\"og:url\" content=\"https:\/\/canal7slp.tv\/2022\/consolidacion-de-zona-industrial-en-soledad-requiere-la-liberacion-de-200-hectareas\/\" \/>\n<meta property=\"og:site_name\" content=\"Canal 7 SLP - 2022\" \/>\n<meta property=\"article:publisher\" content=\"https:\/\/www.facebook.com\/noticieroscanalsiete\" \/>\n<meta property=\"article:published_time\" content=\"2022-08-30T17:36:10+00:00\" \/>\n<meta property=\"article:modified_time\" content=\"2022-08-30T22:38:06+00:00\" \/>\n<meta property=\"og:image\" content=\"https:\/\/canal7slp.tv\/2022\/wp-content\/uploads\/2022\/08\/Vazquez02GoberZISoledad.jpg\" \/>\n\t<meta property=\"og:image:width\" content=\"888\" \/>\n\t<meta property=\"og:image:height\" content=\"500\" \/>\n\t<meta property=\"og:image:type\" content=\"image\/jpeg\" \/>\n<meta name=\"author\" content=\"Edici\u00f3n Web\" \/>\n<meta name=\"twitter:card\" content=\"summary_large_image\" \/>\n<meta name=\"twitter:creator\" content=\"@NOTICIEROS7\" \/>\n<meta name=\"twitter:site\" content=\"@NOTICIEROS7\" \/>\n<meta name=\"twitter:label1\" content=\"Escrito por\" \/>\n\t<meta name=\"twitter:data1\" content=\"Edici\u00f3n Web\" \/>\n\t<meta name=\"twitter:label2\" content=\"Tiempo de lectura\" \/>\n\t<meta name=\"twitter:data2\" content=\"2 minutos\" \/>\n<script type=\"application\/ld+json\" class=\"yoast-schema-graph\">{\"@context\":\"https:\\\/\\\/schema.org\",\"@graph\":[{\"@type\":\"Article\",\"@id\":\"https:\\\/\\\/canal7slp.tv\\\/2022\\\/consolidacion-de-zona-industrial-en-soledad-requiere-la-liberacion-de-200-hectareas\\\/#article\",\"isPartOf\":{\"@id\":\"https:\\\/\\\/canal7slp.tv\\\/2022\\\/consolidacion-de-zona-industrial-en-soledad-requiere-la-liberacion-de-200-hectareas\\\/\"},\"author\":{\"name\":\"Edici\u00f3n Web\",\"@id\":\"https:\\\/\\\/canal7slp.tv\\\/2022\\\/#\\\/schema\\\/person\\\/429704152a21f5f856ce29aa69a238da\"},\"headline\":\"Consolidaci\u00f3n de Zona Industrial en Soledad requiere la liberaci\u00f3n de 200 hect\u00e1reas.\",\"datePublished\":\"2022-08-30T17:36:10+00:00\",\"dateModified\":\"2022-08-30T22:38:06+00:00\",\"mainEntityOfPage\":{\"@id\":\"https:\\\/\\\/canal7slp.tv\\\/2022\\\/consolidacion-de-zona-industrial-en-soledad-requiere-la-liberacion-de-200-hectareas\\\/\"},\"wordCount\":254,\"publisher\":{\"@id\":\"https:\\\/\\\/canal7slp.tv\\\/2022\\\/#organization\"},\"image\":{\"@id\":\"https:\\\/\\\/canal7slp.tv\\\/2022\\\/consolidacion-de-zona-industrial-en-soledad-requiere-la-liberacion-de-200-hectareas\\\/#primaryimage\"},\"thumbnailUrl\":\"https:\\\/\\\/canal7slp.tv\\\/2022\\\/wp-content\\\/uploads\\\/2022\\\/08\\\/Vazquez02GoberZISoledad.jpg\",\"articleSection\":[\"AYOSGS\",\"DESTACADAS\",\"GOBEDOSLP\",\"LOCALES Y REGIONALES\"],\"inLanguage\":\"es\"},{\"@type\":\"WebPage\",\"@id\":\"https:\\\/\\\/canal7slp.tv\\\/2022\\\/consolidacion-de-zona-industrial-en-soledad-requiere-la-liberacion-de-200-hectareas\\\/\",\"url\":\"https:\\\/\\\/canal7slp.tv\\\/2022\\\/consolidacion-de-zona-industrial-en-soledad-requiere-la-liberacion-de-200-hectareas\\\/\",\"name\":\"Consolidaci\u00f3n de Zona Industrial en Soledad requiere la liberaci\u00f3n de 200 hect\u00e1reas. - Canal 7 SLP - 2022\",\"isPartOf\":{\"@id\":\"https:\\\/\\\/canal7slp.tv\\\/2022\\\/#website\"},\"primaryImageOfPage\":{\"@id\":\"https:\\\/\\\/canal7slp.tv\\\/2022\\\/consolidacion-de-zona-industrial-en-soledad-requiere-la-liberacion-de-200-hectareas\\\/#primaryimage\"},\"image\":{\"@id\":\"https:\\\/\\\/canal7slp.tv\\\/2022\\\/consolidacion-de-zona-industrial-en-soledad-requiere-la-liberacion-de-200-hectareas\\\/#primaryimage\"},\"thumbnailUrl\":\"https:\\\/\\\/canal7slp.tv\\\/2022\\\/wp-content\\\/uploads\\\/2022\\\/08\\\/Vazquez02GoberZISoledad.jpg\",\"datePublished\":\"2022-08-30T17:36:10+00:00\",\"dateModified\":\"2022-08-30T22:38:06+00:00\",\"breadcrumb\":{\"@id\":\"https:\\\/\\\/canal7slp.tv\\\/2022\\\/consolidacion-de-zona-industrial-en-soledad-requiere-la-liberacion-de-200-hectareas\\\/#breadcrumb\"},\"inLanguage\":\"es\",\"potentialAction\":[{\"@type\":\"ReadAction\",\"target\":[\"https:\\\/\\\/canal7slp.tv\\\/2022\\\/consolidacion-de-zona-industrial-en-soledad-requiere-la-liberacion-de-200-hectareas\\\/\"]}]},{\"@type\":\"ImageObject\",\"inLanguage\":\"es\",\"@id\":\"https:\\\/\\\/canal7slp.tv\\\/2022\\\/consolidacion-de-zona-industrial-en-soledad-requiere-la-liberacion-de-200-hectareas\\\/#primaryimage\",\"url\":\"https:\\\/\\\/canal7slp.tv\\\/2022\\\/wp-content\\\/uploads\\\/2022\\\/08\\\/Vazquez02GoberZISoledad.jpg\",\"contentUrl\":\"https:\\\/\\\/canal7slp.tv\\\/2022\\\/wp-content\\\/uploads\\\/2022\\\/08\\\/Vazquez02GoberZISoledad.jpg\",\"width\":888,\"height\":500},{\"@type\":\"BreadcrumbList\",\"@id\":\"https:\\\/\\\/canal7slp.tv\\\/2022\\\/consolidacion-de-zona-industrial-en-soledad-requiere-la-liberacion-de-200-hectareas\\\/#breadcrumb\",\"itemListElement\":[{\"@type\":\"ListItem\",\"position\":1,\"name\":\"Portada\",\"item\":\"https:\\\/\\\/canal7slp.tv\\\/2022\\\/\"},{\"@type\":\"ListItem\",\"position\":2,\"name\":\"Consolidaci\u00f3n de Zona Industrial en Soledad requiere la liberaci\u00f3n de 200 hect\u00e1reas.\"}]},{\"@type\":\"WebSite\",\"@id\":\"https:\\\/\\\/canal7slp.tv\\\/2022\\\/#website\",\"url\":\"https:\\\/\\\/canal7slp.tv\\\/2022\\\/\",\"name\":\"N7 - Noticieros Canal 7\",\"description\":\"Somos Televisi\u00f3n\",\"publisher\":{\"@id\":\"https:\\\/\\\/canal7slp.tv\\\/2022\\\/#organization\"},\"potentialAction\":[{\"@type\":\"SearchAction\",\"target\":{\"@type\":\"EntryPoint\",\"urlTemplate\":\"https:\\\/\\\/canal7slp.tv\\\/2022\\\/?s={search_term_string}\"},\"query-input\":{\"@type\":\"PropertyValueSpecification\",\"valueRequired\":true,\"valueName\":\"search_term_string\"}}],\"inLanguage\":\"es\"},{\"@type\":\"Organization\",\"@id\":\"https:\\\/\\\/canal7slp.tv\\\/2022\\\/#organization\",\"name\":\"Noticieros Canal 7\",\"url\":\"https:\\\/\\\/canal7slp.tv\\\/2022\\\/\",\"logo\":{\"@type\":\"ImageObject\",\"inLanguage\":\"es\",\"@id\":\"https:\\\/\\\/canal7slp.tv\\\/2022\\\/#\\\/schema\\\/logo\\\/image\\\/\",\"url\":\"https:\\\/\\\/canal7slp.tv\\\/2022\\\/wp-content\\\/uploads\\\/2021\\\/01\\\/logo-noticieros@2x.png\",\"contentUrl\":\"https:\\\/\\\/canal7slp.tv\\\/2022\\\/wp-content\\\/uploads\\\/2021\\\/01\\\/logo-noticieros@2x.png\",\"width\":1017,\"height\":268,\"caption\":\"Noticieros Canal 7\"},\"image\":{\"@id\":\"https:\\\/\\\/canal7slp.tv\\\/2022\\\/#\\\/schema\\\/logo\\\/image\\\/\"},\"sameAs\":[\"https:\\\/\\\/www.facebook.com\\\/noticieroscanalsiete\",\"https:\\\/\\\/x.com\\\/NOTICIEROS7\",\"https:\\\/\\\/www.instagram.com\\\/canal7_slp\",\"https:\\\/\\\/www.youtube.com\\\/channel\\\/UCliiYs-gP3JfJeqdPrNdd5A\"]},{\"@type\":\"Person\",\"@id\":\"https:\\\/\\\/canal7slp.tv\\\/2022\\\/#\\\/schema\\\/person\\\/429704152a21f5f856ce29aa69a238da\",\"name\":\"Edici\u00f3n Web\",\"image\":{\"@type\":\"ImageObject\",\"inLanguage\":\"es\",\"@id\":\"https:\\\/\\\/secure.gravatar.com\\\/avatar\\\/eee448fc3f7164808013b816ba91ac7e43bbe82a70bebac296f8bc6f0addaa1a?s=96&d=mm&r=g\",\"url\":\"https:\\\/\\\/secure.gravatar.com\\\/avatar\\\/eee448fc3f7164808013b816ba91ac7e43bbe82a70bebac296f8bc6f0addaa1a?s=96&d=mm&r=g\",\"contentUrl\":\"https:\\\/\\\/secure.gravatar.com\\\/avatar\\\/eee448fc3f7164808013b816ba91ac7e43bbe82a70bebac296f8bc6f0addaa1a?s=96&d=mm&r=g\",\"caption\":\"Edici\u00f3n Web\"},\"url\":\"https:\\\/\\\/canal7slp.tv\\\/2022\\\/author\\\/edicionweb\\\/\"}]}<\/script>\n<!-- \/ Yoast SEO plugin. -->","yoast_head_json":{"title":"Consolidaci\u00f3n de Zona Industrial en Soledad requiere la liberaci\u00f3n de 200 hect\u00e1reas. - Canal 7 SLP - 2022","robots":{"index":"index","follow":"follow","max-snippet":"max-snippet:-1","max-image-preview":"max-image-preview:large","max-video-preview":"max-video-preview:-1"},"canonical":"https:\/\/canal7slp.tv\/2022\/consolidacion-de-zona-industrial-en-soledad-requiere-la-liberacion-de-200-hectareas\/","og_locale":"es_ES","og_type":"article","og_title":"Consolidaci\u00f3n de Zona Industrial en Soledad requiere la liberaci\u00f3n de 200 hect\u00e1reas. - Canal 7 SLP - 2022","og_description":"SGS.- El mandatario estatal de San Luis Potos\u00ed, Jos\u00e9 Ricardo Gallardo Cardona, inform\u00f3 que se trabaja de la mano con el Ayuntamiento de Soledad de Graciano S\u00e1nchez para que se liberen hasta 200 hect\u00e1reas de terreno para continuar con la consolidaci\u00f3n de una nueva Zona Industrial en esta demarcaci\u00f3n. \u00abEstamos trabajando con el Ayuntamiento de Soledad para que nos liberen m\u00e1s de 200 hect\u00e1reas que est\u00e1n por los rumbos del aeropuerto y sobre la 57, ya tenemos varias empresas puestas ah\u00ed desde una gran acerera con una inversi\u00f3n muy grande, hasta otro tipo de plantas que ya se empezaron a [&hellip;]","og_url":"https:\/\/canal7slp.tv\/2022\/consolidacion-de-zona-industrial-en-soledad-requiere-la-liberacion-de-200-hectareas\/","og_site_name":"Canal 7 SLP - 2022","article_publisher":"https:\/\/www.facebook.com\/noticieroscanalsiete","article_published_time":"2022-08-30T17:36:10+00:00","article_modified_time":"2022-08-30T22:38:06+00:00","og_image":[{"width":888,"height":500,"url":"https:\/\/canal7slp.tv\/2022\/wp-content\/uploads\/2022\/08\/Vazquez02GoberZISoledad.jpg","type":"image\/jpeg"}],"author":"Edici\u00f3n Web","twitter_card":"summary_large_image","twitter_creator":"@NOTICIEROS7","twitter_site":"@NOTICIEROS7","twitter_misc":{"Escrito por":"Edici\u00f3n Web","Tiempo de lectura":"2 minutos"},"schema":{"@context":"https:\/\/schema.org","@graph":[{"@type":"Article","@id":"https:\/\/canal7slp.tv\/2022\/consolidacion-de-zona-industrial-en-soledad-requiere-la-liberacion-de-200-hectareas\/#article","isPartOf":{"@id":"https:\/\/canal7slp.tv\/2022\/consolidacion-de-zona-industrial-en-soledad-requiere-la-liberacion-de-200-hectareas\/"},"author":{"name":"Edici\u00f3n Web","@id":"https:\/\/canal7slp.tv\/2022\/#\/schema\/person\/429704152a21f5f856ce29aa69a238da"},"headline":"Consolidaci\u00f3n de Zona Industrial en Soledad requiere la liberaci\u00f3n de 200 hect\u00e1reas.","datePublished":"2022-08-30T17:36:10+00:00","dateModified":"2022-08-30T22:38:06+00:00","mainEntityOfPage":{"@id":"https:\/\/canal7slp.tv\/2022\/consolidacion-de-zona-industrial-en-soledad-requiere-la-liberacion-de-200-hectareas\/"},"wordCount":254,"publisher":{"@id":"https:\/\/canal7slp.tv\/2022\/#organization"},"image":{"@id":"https:\/\/canal7slp.tv\/2022\/consolidacion-de-zona-industrial-en-soledad-requiere-la-liberacion-de-200-hectareas\/#primaryimage"},"thumbnailUrl":"https:\/\/canal7slp.tv\/2022\/wp-content\/uploads\/2022\/08\/Vazquez02GoberZISoledad.jpg","articleSection":["AYOSGS","DESTACADAS","GOBEDOSLP","LOCALES Y REGIONALES"],"inLanguage":"es"},{"@type":"WebPage","@id":"https:\/\/canal7slp.tv\/2022\/consolidacion-de-zona-industrial-en-soledad-requiere-la-liberacion-de-200-hectareas\/","url":"https:\/\/canal7slp.tv\/2022\/consolidacion-de-zona-industrial-en-soledad-requiere-la-liberacion-de-200-hectareas\/","name":"Consolidaci\u00f3n de Zona Industrial en Soledad requiere la liberaci\u00f3n de 200 hect\u00e1reas. - Canal 7 SLP - 2022","isPartOf":{"@id":"https:\/\/canal7slp.tv\/2022\/#website"},"primaryImageOfPage":{"@id":"https:\/\/canal7slp.tv\/2022\/consolidacion-de-zona-industrial-en-soledad-requiere-la-liberacion-de-200-hectareas\/#primaryimage"},"image":{"@id":"https:\/\/canal7slp.tv\/2022\/consolidacion-de-zona-industrial-en-soledad-requiere-la-liberacion-de-200-hectareas\/#primaryimage"},"thumbnailUrl":"https:\/\/canal7slp.tv\/2022\/wp-content\/uploads\/2022\/08\/Vazquez02GoberZISoledad.jpg","datePublished":"2022-08-30T17:36:10+00:00","dateModified":"2022-08-30T22:38:06+00:00","breadcrumb":{"@id":"https:\/\/canal7slp.tv\/2022\/consolidacion-de-zona-industrial-en-soledad-requiere-la-liberacion-de-200-hectareas\/#breadcrumb"},"inLanguage":"es","potentialAction":[{"@type":"ReadAction","target":["https:\/\/canal7slp.tv\/2022\/consolidacion-de-zona-industrial-en-soledad-requiere-la-liberacion-de-200-hectareas\/"]}]},{"@type":"ImageObject","inLanguage":"es","@id":"https:\/\/canal7slp.tv\/2022\/consolidacion-de-zona-industrial-en-soledad-requiere-la-liberacion-de-200-hectareas\/#primaryimage","url":"https:\/\/canal7slp.tv\/2022\/wp-content\/uploads\/2022\/08\/Vazquez02GoberZISoledad.jpg","contentUrl":"https:\/\/canal7slp.tv\/2022\/wp-content\/uploads\/2022\/08\/Vazquez02GoberZISoledad.jpg","width":888,"height":500},{"@type":"BreadcrumbList","@id":"https:\/\/canal7slp.tv\/2022\/consolidacion-de-zona-industrial-en-soledad-requiere-la-liberacion-de-200-hectareas\/#breadcrumb","itemListElement":[{"@type":"ListItem","position":1,"name":"Portada","item":"https:\/\/canal7slp.tv\/2022\/"},{"@type":"ListItem","position":2,"name":"Consolidaci\u00f3n de Zona Industrial en Soledad requiere la liberaci\u00f3n de 200 hect\u00e1reas."}]},{"@type":"WebSite","@id":"https:\/\/canal7slp.tv\/2022\/#website","url":"https:\/\/canal7slp.tv\/2022\/","name":"N7 - Noticieros Canal 7","description":"Somos Televisi\u00f3n","publisher":{"@id":"https:\/\/canal7slp.tv\/2022\/#organization"},"potentialAction":[{"@type":"SearchAction","target":{"@type":"EntryPoint","urlTemplate":"https:\/\/canal7slp.tv\/2022\/?s={search_term_string}"},"query-input":{"@type":"PropertyValueSpecification","valueRequired":true,"valueName":"search_term_string"}}],"inLanguage":"es"},{"@type":"Organization","@id":"https:\/\/canal7slp.tv\/2022\/#organization","name":"Noticieros Canal 7","url":"https:\/\/canal7slp.tv\/2022\/","logo":{"@type":"ImageObject","inLanguage":"es","@id":"https:\/\/canal7slp.tv\/2022\/#\/schema\/logo\/image\/","url":"https:\/\/canal7slp.tv\/2022\/wp-content\/uploads\/2021\/01\/logo-noticieros@2x.png","contentUrl":"https:\/\/canal7slp.tv\/2022\/wp-content\/uploads\/2021\/01\/logo-noticieros@2x.png","width":1017,"height":268,"caption":"Noticieros Canal 7"},"image":{"@id":"https:\/\/canal7slp.tv\/2022\/#\/schema\/logo\/image\/"},"sameAs":["https:\/\/www.facebook.com\/noticieroscanalsiete","https:\/\/x.com\/NOTICIEROS7","https:\/\/www.instagram.com\/canal7_slp","https:\/\/www.youtube.com\/channel\/UCliiYs-gP3JfJeqdPrNdd5A"]},{"@type":"Person","@id":"https:\/\/canal7slp.tv\/2022\/#\/schema\/person\/429704152a21f5f856ce29aa69a238da","name":"Edici\u00f3n Web","image":{"@type":"ImageObject","inLanguage":"es","@id":"https:\/\/secure.gravatar.com\/avatar\/eee448fc3f7164808013b816ba91ac7e43bbe82a70bebac296f8bc6f0addaa1a?s=96&d=mm&r=g","url":"https:\/\/secure.gravatar.com\/avatar\/eee448fc3f7164808013b816ba91ac7e43bbe82a70bebac296f8bc6f0addaa1a?s=96&d=mm&r=g","contentUrl":"https:\/\/secure.gravatar.com\/avatar\/eee448fc3f7164808013b816ba91ac7e43bbe82a70bebac296f8bc6f0addaa1a?s=96&d=mm&r=g","caption":"Edici\u00f3n Web"},"url":"https:\/\/canal7slp.tv\/2022\/author\/edicionweb\/"}]}},"amp_enabled":true,"_links":{"self":[{"href":"https:\/\/canal7slp.tv\/2022\/wp-json\/wp\/v2\/posts\/71328","targetHints":{"allow":["GET"]}}],"collection":[{"href":"https:\/\/canal7slp.tv\/2022\/wp-json\/wp\/v2\/posts"}],"about":[{"href":"https:\/\/canal7slp.tv\/2022\/wp-json\/wp\/v2\/types\/post"}],"author":[{"embeddable":true,"href":"https:\/\/canal7slp.tv\/2022\/wp-json\/wp\/v2\/users\/2"}],"replies":[{"embeddable":true,"href":"https:\/\/canal7slp.tv\/2022\/wp-json\/wp\/v2\/comments?post=71328"}],"version-history":[{"count":1,"href":"https:\/\/canal7slp.tv\/2022\/wp-json\/wp\/v2\/posts\/71328\/revisions"}],"predecessor-version":[{"id":71330,"href":"https:\/\/canal7slp.tv\/2022\/wp-json\/wp\/v2\/posts\/71328\/revisions\/71330"}],"wp:featuredmedia":[{"embeddable":true,"href":"https:\/\/canal7slp.tv\/2022\/wp-json\/wp\/v2\/media\/71389"}],"wp:attachment":[{"href":"https:\/\/canal7slp.tv\/2022\/wp-json\/wp\/v2\/media?parent=71328"}],"wp:term":[{"taxonomy":"category","embeddable":true,"href":"https:\/\/canal7slp.tv\/2022\/wp-json\/wp\/v2\/categories?post=71328"},{"taxonomy":"post_tag","embeddable":true,"href":"https:\/\/canal7slp.tv\/2022\/wp-json\/wp\/v2\/tags?post=71328"}],"curies":[{"name":"wp","href":"https:\/\/api.w.org\/{rel}","templated":true}]}}