{"id":70757,"date":"2022-08-24T14:27:26","date_gmt":"2022-08-24T20:27:26","guid":{"rendered":"https:\/\/canal7slp.tv\/2022\/?p=70757"},"modified":"2022-08-24T14:27:26","modified_gmt":"2022-08-24T20:27:26","slug":"deficit-medico-de-slp-abarca-mas-de-mil-700-trabajadores-en-el-sector-salud","status":"publish","type":"post","link":"https:\/\/canal7slp.tv\/2022\/deficit-medico-de-slp-abarca-mas-de-mil-700-trabajadores-en-el-sector-salud\/","title":{"rendered":"D\u00e9ficit m\u00e9dico de SLP abarca m\u00e1s de mil 700 trabajadores en el sector salud."},"content":{"rendered":"<p style=\"text-align: justify;\">SLP.- El titular del Instituto de Salud para el Bienestar (Insabi), Juan Antonio Ferrer, asegur\u00f3 que el Gobierno Federal solventar\u00e1 el actual d\u00e9ficit m\u00e9dico que se presenta en San Luis Potos\u00ed.<\/p>\n<p style=\"text-align: justify;\">Seg\u00fan menciona, se tratar\u00eda de cubrir la brecha que hay en el sector ante la falta m\u00e1s de mil 700 trabajadores con los que se buscar\u00e1 garantizar la salud de la poblaci\u00f3n potosina.<\/p>\n<p style=\"text-align: justify;\">\u00abEstamos diciendo que hay que invertir m\u00e1s de 350 millones en equipo y va por parte de la federaci\u00f3n; por instrucciones del presidente hoy estamos invirtiendo para el Morones Prieto m\u00e1s de 200 millones de pesos para el equipamiento, era algo que no estaba planeado y que se hizo con este gobierno\u00bb, agreg\u00f3.<\/p>\n<p style=\"text-align: justify;\">Aunado a ello, el funcionario coment\u00f3 que uno de los objetivos es mejorar tambi\u00e9n los sueldos de quienes se desempe\u00f1an en el sector salud.<\/p>\n<p style=\"text-align: justify;\">\u00abHay un compromiso de mejorar los salarios, mejorar los ingresos, de respetar los rubros que tienen y de una justicia laboral que no se hab\u00eda hecho en este pa\u00eds desde hace muchos a\u00f1os y eso es lo que buscamos, que al trabajador de salud se le reconozca el esfuerzo y que eso sea a trav\u00e9s de los pagos dignos de salarios como debe de ser\u00bb, reiter\u00f3.<\/p>\n<p style=\"text-align: justify;\">Por otro lado, Antonio Ferrer asegur\u00f3 que ser\u00eda en el mes de diciembre cuando el nuevo Hospital Central opere en un 100 por ciento.<\/p>\n<p style=\"text-align: justify;\">\u00abLas mesas de trabajo se establecen a partir de este d\u00eda y a partir de ese momento se inicia pr\u00e1cticamente, nosotros nos estamos proponiendo que sea de aqu\u00ed a diciembre, ustedes tendr\u00e1n que valorar los servicios de salud de aqu\u00ed a diciembre y eso nos va ayudar a modificar los indicadores\u00bb, termin\u00f3.<\/p>\n<p>Por: Jos\u00e9 Luis V\u00e1zquez<\/p>\n","protected":false},"excerpt":{"rendered":"<p>SLP.- El titular del Instituto de Salud para el Bienestar (Insabi), Juan Antonio Ferrer, asegur\u00f3 que el Gobierno Federal solventar\u00e1 el actual d\u00e9ficit m\u00e9dico que se presenta en San Luis Potos\u00ed. Seg\u00fan menciona, se tratar\u00eda de cubrir la brecha que hay en el sector ante la falta m\u00e1s de mil 700 trabajadores con los que se buscar\u00e1 garantizar la salud de la poblaci\u00f3n potosina. \u00abEstamos diciendo que hay que invertir m\u00e1s de 350 millones en equipo y va por parte de la federaci\u00f3n; por instrucciones del presidente hoy estamos invirtiendo para el Morones Prieto m\u00e1s de 200 millones de pesos [&hellip;]<\/p>\n","protected":false},"author":2,"featured_media":70758,"comment_status":"closed","ping_status":"closed","sticky":false,"template":"","format":"video","meta":{"footnotes":""},"categories":[5,45],"tags":[],"class_list":["post-70757","post","type-post","status-publish","format-video","has-post-thumbnail","hentry","category-destacadas","category-localesyregionales","post_format-post-format-video","post--single"],"yoast_head":"<!-- This site is optimized with the Yoast SEO plugin v27.5 - https:\/\/yoast.com\/product\/yoast-seo-wordpress\/ -->\n<title>D\u00e9ficit m\u00e9dico de SLP abarca m\u00e1s de mil 700 trabajadores en el sector salud. - Canal 7 SLP - 2022<\/title>\n<meta name=\"robots\" content=\"index, follow, max-snippet:-1, max-image-preview:large, max-video-preview:-1\" \/>\n<link rel=\"canonical\" href=\"https:\/\/canal7slp.tv\/2022\/deficit-medico-de-slp-abarca-mas-de-mil-700-trabajadores-en-el-sector-salud\/\" \/>\n<meta property=\"og:locale\" content=\"es_ES\" \/>\n<meta property=\"og:type\" content=\"article\" \/>\n<meta property=\"og:title\" content=\"D\u00e9ficit m\u00e9dico de SLP abarca m\u00e1s de mil 700 trabajadores en el sector salud. - Canal 7 SLP - 2022\" \/>\n<meta property=\"og:description\" content=\"SLP.- El titular del Instituto de Salud para el Bienestar (Insabi), Juan Antonio Ferrer, asegur\u00f3 que el Gobierno Federal solventar\u00e1 el actual d\u00e9ficit m\u00e9dico que se presenta en San Luis Potos\u00ed. Seg\u00fan menciona, se tratar\u00eda de cubrir la brecha que hay en el sector ante la falta m\u00e1s de mil 700 trabajadores con los que se buscar\u00e1 garantizar la salud de la poblaci\u00f3n potosina. \u00abEstamos diciendo que hay que invertir m\u00e1s de 350 millones en equipo y va por parte de la federaci\u00f3n; por instrucciones del presidente hoy estamos invirtiendo para el Morones Prieto m\u00e1s de 200 millones de pesos [&hellip;]\" \/>\n<meta property=\"og:url\" content=\"https:\/\/canal7slp.tv\/2022\/deficit-medico-de-slp-abarca-mas-de-mil-700-trabajadores-en-el-sector-salud\/\" \/>\n<meta property=\"og:site_name\" content=\"Canal 7 SLP - 2022\" \/>\n<meta property=\"article:publisher\" content=\"https:\/\/www.facebook.com\/noticieroscanalsiete\" \/>\n<meta property=\"article:published_time\" content=\"2022-08-24T20:27:26+00:00\" \/>\n<meta property=\"og:image\" content=\"https:\/\/canal7slp.tv\/2022\/wp-content\/uploads\/2022\/08\/Vazquez01DeficitMedico.jpg\" \/>\n\t<meta property=\"og:image:width\" content=\"888\" \/>\n\t<meta property=\"og:image:height\" content=\"500\" \/>\n\t<meta property=\"og:image:type\" content=\"image\/jpeg\" \/>\n<meta name=\"author\" content=\"Edici\u00f3n Web\" \/>\n<meta name=\"twitter:card\" content=\"summary_large_image\" \/>\n<meta name=\"twitter:creator\" content=\"@NOTICIEROS7\" \/>\n<meta name=\"twitter:site\" content=\"@NOTICIEROS7\" \/>\n<meta name=\"twitter:label1\" content=\"Escrito por\" \/>\n\t<meta name=\"twitter:data1\" content=\"Edici\u00f3n Web\" \/>\n\t<meta name=\"twitter:label2\" content=\"Tiempo de lectura\" \/>\n\t<meta name=\"twitter:data2\" content=\"2 minutos\" \/>\n<script type=\"application\/ld+json\" class=\"yoast-schema-graph\">{\"@context\":\"https:\\\/\\\/schema.org\",\"@graph\":[{\"@type\":\"Article\",\"@id\":\"https:\\\/\\\/canal7slp.tv\\\/2022\\\/deficit-medico-de-slp-abarca-mas-de-mil-700-trabajadores-en-el-sector-salud\\\/#article\",\"isPartOf\":{\"@id\":\"https:\\\/\\\/canal7slp.tv\\\/2022\\\/deficit-medico-de-slp-abarca-mas-de-mil-700-trabajadores-en-el-sector-salud\\\/\"},\"author\":{\"name\":\"Edici\u00f3n Web\",\"@id\":\"https:\\\/\\\/canal7slp.tv\\\/2022\\\/#\\\/schema\\\/person\\\/429704152a21f5f856ce29aa69a238da\"},\"headline\":\"D\u00e9ficit m\u00e9dico de SLP abarca m\u00e1s de mil 700 trabajadores en el sector salud.\",\"datePublished\":\"2022-08-24T20:27:26+00:00\",\"mainEntityOfPage\":{\"@id\":\"https:\\\/\\\/canal7slp.tv\\\/2022\\\/deficit-medico-de-slp-abarca-mas-de-mil-700-trabajadores-en-el-sector-salud\\\/\"},\"wordCount\":320,\"publisher\":{\"@id\":\"https:\\\/\\\/canal7slp.tv\\\/2022\\\/#organization\"},\"image\":{\"@id\":\"https:\\\/\\\/canal7slp.tv\\\/2022\\\/deficit-medico-de-slp-abarca-mas-de-mil-700-trabajadores-en-el-sector-salud\\\/#primaryimage\"},\"thumbnailUrl\":\"https:\\\/\\\/canal7slp.tv\\\/2022\\\/wp-content\\\/uploads\\\/2022\\\/08\\\/Vazquez01DeficitMedico.jpg\",\"articleSection\":[\"DESTACADAS\",\"LOCALES Y REGIONALES\"],\"inLanguage\":\"es\"},{\"@type\":\"WebPage\",\"@id\":\"https:\\\/\\\/canal7slp.tv\\\/2022\\\/deficit-medico-de-slp-abarca-mas-de-mil-700-trabajadores-en-el-sector-salud\\\/\",\"url\":\"https:\\\/\\\/canal7slp.tv\\\/2022\\\/deficit-medico-de-slp-abarca-mas-de-mil-700-trabajadores-en-el-sector-salud\\\/\",\"name\":\"D\u00e9ficit m\u00e9dico de SLP abarca m\u00e1s de mil 700 trabajadores en el sector salud. - Canal 7 SLP - 2022\",\"isPartOf\":{\"@id\":\"https:\\\/\\\/canal7slp.tv\\\/2022\\\/#website\"},\"primaryImageOfPage\":{\"@id\":\"https:\\\/\\\/canal7slp.tv\\\/2022\\\/deficit-medico-de-slp-abarca-mas-de-mil-700-trabajadores-en-el-sector-salud\\\/#primaryimage\"},\"image\":{\"@id\":\"https:\\\/\\\/canal7slp.tv\\\/2022\\\/deficit-medico-de-slp-abarca-mas-de-mil-700-trabajadores-en-el-sector-salud\\\/#primaryimage\"},\"thumbnailUrl\":\"https:\\\/\\\/canal7slp.tv\\\/2022\\\/wp-content\\\/uploads\\\/2022\\\/08\\\/Vazquez01DeficitMedico.jpg\",\"datePublished\":\"2022-08-24T20:27:26+00:00\",\"breadcrumb\":{\"@id\":\"https:\\\/\\\/canal7slp.tv\\\/2022\\\/deficit-medico-de-slp-abarca-mas-de-mil-700-trabajadores-en-el-sector-salud\\\/#breadcrumb\"},\"inLanguage\":\"es\",\"potentialAction\":[{\"@type\":\"ReadAction\",\"target\":[\"https:\\\/\\\/canal7slp.tv\\\/2022\\\/deficit-medico-de-slp-abarca-mas-de-mil-700-trabajadores-en-el-sector-salud\\\/\"]}]},{\"@type\":\"ImageObject\",\"inLanguage\":\"es\",\"@id\":\"https:\\\/\\\/canal7slp.tv\\\/2022\\\/deficit-medico-de-slp-abarca-mas-de-mil-700-trabajadores-en-el-sector-salud\\\/#primaryimage\",\"url\":\"https:\\\/\\\/canal7slp.tv\\\/2022\\\/wp-content\\\/uploads\\\/2022\\\/08\\\/Vazquez01DeficitMedico.jpg\",\"contentUrl\":\"https:\\\/\\\/canal7slp.tv\\\/2022\\\/wp-content\\\/uploads\\\/2022\\\/08\\\/Vazquez01DeficitMedico.jpg\",\"width\":888,\"height\":500},{\"@type\":\"BreadcrumbList\",\"@id\":\"https:\\\/\\\/canal7slp.tv\\\/2022\\\/deficit-medico-de-slp-abarca-mas-de-mil-700-trabajadores-en-el-sector-salud\\\/#breadcrumb\",\"itemListElement\":[{\"@type\":\"ListItem\",\"position\":1,\"name\":\"Portada\",\"item\":\"https:\\\/\\\/canal7slp.tv\\\/2022\\\/\"},{\"@type\":\"ListItem\",\"position\":2,\"name\":\"D\u00e9ficit m\u00e9dico de SLP abarca m\u00e1s de mil 700 trabajadores en el sector salud.\"}]},{\"@type\":\"WebSite\",\"@id\":\"https:\\\/\\\/canal7slp.tv\\\/2022\\\/#website\",\"url\":\"https:\\\/\\\/canal7slp.tv\\\/2022\\\/\",\"name\":\"N7 - Noticieros Canal 7\",\"description\":\"Somos Televisi\u00f3n\",\"publisher\":{\"@id\":\"https:\\\/\\\/canal7slp.tv\\\/2022\\\/#organization\"},\"potentialAction\":[{\"@type\":\"SearchAction\",\"target\":{\"@type\":\"EntryPoint\",\"urlTemplate\":\"https:\\\/\\\/canal7slp.tv\\\/2022\\\/?s={search_term_string}\"},\"query-input\":{\"@type\":\"PropertyValueSpecification\",\"valueRequired\":true,\"valueName\":\"search_term_string\"}}],\"inLanguage\":\"es\"},{\"@type\":\"Organization\",\"@id\":\"https:\\\/\\\/canal7slp.tv\\\/2022\\\/#organization\",\"name\":\"Noticieros Canal 7\",\"url\":\"https:\\\/\\\/canal7slp.tv\\\/2022\\\/\",\"logo\":{\"@type\":\"ImageObject\",\"inLanguage\":\"es\",\"@id\":\"https:\\\/\\\/canal7slp.tv\\\/2022\\\/#\\\/schema\\\/logo\\\/image\\\/\",\"url\":\"https:\\\/\\\/canal7slp.tv\\\/2022\\\/wp-content\\\/uploads\\\/2021\\\/01\\\/logo-noticieros@2x.png\",\"contentUrl\":\"https:\\\/\\\/canal7slp.tv\\\/2022\\\/wp-content\\\/uploads\\\/2021\\\/01\\\/logo-noticieros@2x.png\",\"width\":1017,\"height\":268,\"caption\":\"Noticieros Canal 7\"},\"image\":{\"@id\":\"https:\\\/\\\/canal7slp.tv\\\/2022\\\/#\\\/schema\\\/logo\\\/image\\\/\"},\"sameAs\":[\"https:\\\/\\\/www.facebook.com\\\/noticieroscanalsiete\",\"https:\\\/\\\/x.com\\\/NOTICIEROS7\",\"https:\\\/\\\/www.instagram.com\\\/canal7_slp\",\"https:\\\/\\\/www.youtube.com\\\/channel\\\/UCliiYs-gP3JfJeqdPrNdd5A\"]},{\"@type\":\"Person\",\"@id\":\"https:\\\/\\\/canal7slp.tv\\\/2022\\\/#\\\/schema\\\/person\\\/429704152a21f5f856ce29aa69a238da\",\"name\":\"Edici\u00f3n Web\",\"image\":{\"@type\":\"ImageObject\",\"inLanguage\":\"es\",\"@id\":\"https:\\\/\\\/secure.gravatar.com\\\/avatar\\\/eee448fc3f7164808013b816ba91ac7e43bbe82a70bebac296f8bc6f0addaa1a?s=96&d=mm&r=g\",\"url\":\"https:\\\/\\\/secure.gravatar.com\\\/avatar\\\/eee448fc3f7164808013b816ba91ac7e43bbe82a70bebac296f8bc6f0addaa1a?s=96&d=mm&r=g\",\"contentUrl\":\"https:\\\/\\\/secure.gravatar.com\\\/avatar\\\/eee448fc3f7164808013b816ba91ac7e43bbe82a70bebac296f8bc6f0addaa1a?s=96&d=mm&r=g\",\"caption\":\"Edici\u00f3n Web\"},\"url\":\"https:\\\/\\\/canal7slp.tv\\\/2022\\\/author\\\/edicionweb\\\/\"}]}<\/script>\n<!-- \/ Yoast SEO plugin. -->","yoast_head_json":{"title":"D\u00e9ficit m\u00e9dico de SLP abarca m\u00e1s de mil 700 trabajadores en el sector salud. - Canal 7 SLP - 2022","robots":{"index":"index","follow":"follow","max-snippet":"max-snippet:-1","max-image-preview":"max-image-preview:large","max-video-preview":"max-video-preview:-1"},"canonical":"https:\/\/canal7slp.tv\/2022\/deficit-medico-de-slp-abarca-mas-de-mil-700-trabajadores-en-el-sector-salud\/","og_locale":"es_ES","og_type":"article","og_title":"D\u00e9ficit m\u00e9dico de SLP abarca m\u00e1s de mil 700 trabajadores en el sector salud. - Canal 7 SLP - 2022","og_description":"SLP.- El titular del Instituto de Salud para el Bienestar (Insabi), Juan Antonio Ferrer, asegur\u00f3 que el Gobierno Federal solventar\u00e1 el actual d\u00e9ficit m\u00e9dico que se presenta en San Luis Potos\u00ed. Seg\u00fan menciona, se tratar\u00eda de cubrir la brecha que hay en el sector ante la falta m\u00e1s de mil 700 trabajadores con los que se buscar\u00e1 garantizar la salud de la poblaci\u00f3n potosina. \u00abEstamos diciendo que hay que invertir m\u00e1s de 350 millones en equipo y va por parte de la federaci\u00f3n; por instrucciones del presidente hoy estamos invirtiendo para el Morones Prieto m\u00e1s de 200 millones de pesos [&hellip;]","og_url":"https:\/\/canal7slp.tv\/2022\/deficit-medico-de-slp-abarca-mas-de-mil-700-trabajadores-en-el-sector-salud\/","og_site_name":"Canal 7 SLP - 2022","article_publisher":"https:\/\/www.facebook.com\/noticieroscanalsiete","article_published_time":"2022-08-24T20:27:26+00:00","og_image":[{"width":888,"height":500,"url":"https:\/\/canal7slp.tv\/2022\/wp-content\/uploads\/2022\/08\/Vazquez01DeficitMedico.jpg","type":"image\/jpeg"}],"author":"Edici\u00f3n Web","twitter_card":"summary_large_image","twitter_creator":"@NOTICIEROS7","twitter_site":"@NOTICIEROS7","twitter_misc":{"Escrito por":"Edici\u00f3n Web","Tiempo de lectura":"2 minutos"},"schema":{"@context":"https:\/\/schema.org","@graph":[{"@type":"Article","@id":"https:\/\/canal7slp.tv\/2022\/deficit-medico-de-slp-abarca-mas-de-mil-700-trabajadores-en-el-sector-salud\/#article","isPartOf":{"@id":"https:\/\/canal7slp.tv\/2022\/deficit-medico-de-slp-abarca-mas-de-mil-700-trabajadores-en-el-sector-salud\/"},"author":{"name":"Edici\u00f3n Web","@id":"https:\/\/canal7slp.tv\/2022\/#\/schema\/person\/429704152a21f5f856ce29aa69a238da"},"headline":"D\u00e9ficit m\u00e9dico de SLP abarca m\u00e1s de mil 700 trabajadores en el sector salud.","datePublished":"2022-08-24T20:27:26+00:00","mainEntityOfPage":{"@id":"https:\/\/canal7slp.tv\/2022\/deficit-medico-de-slp-abarca-mas-de-mil-700-trabajadores-en-el-sector-salud\/"},"wordCount":320,"publisher":{"@id":"https:\/\/canal7slp.tv\/2022\/#organization"},"image":{"@id":"https:\/\/canal7slp.tv\/2022\/deficit-medico-de-slp-abarca-mas-de-mil-700-trabajadores-en-el-sector-salud\/#primaryimage"},"thumbnailUrl":"https:\/\/canal7slp.tv\/2022\/wp-content\/uploads\/2022\/08\/Vazquez01DeficitMedico.jpg","articleSection":["DESTACADAS","LOCALES Y REGIONALES"],"inLanguage":"es"},{"@type":"WebPage","@id":"https:\/\/canal7slp.tv\/2022\/deficit-medico-de-slp-abarca-mas-de-mil-700-trabajadores-en-el-sector-salud\/","url":"https:\/\/canal7slp.tv\/2022\/deficit-medico-de-slp-abarca-mas-de-mil-700-trabajadores-en-el-sector-salud\/","name":"D\u00e9ficit m\u00e9dico de SLP abarca m\u00e1s de mil 700 trabajadores en el sector salud. - Canal 7 SLP - 2022","isPartOf":{"@id":"https:\/\/canal7slp.tv\/2022\/#website"},"primaryImageOfPage":{"@id":"https:\/\/canal7slp.tv\/2022\/deficit-medico-de-slp-abarca-mas-de-mil-700-trabajadores-en-el-sector-salud\/#primaryimage"},"image":{"@id":"https:\/\/canal7slp.tv\/2022\/deficit-medico-de-slp-abarca-mas-de-mil-700-trabajadores-en-el-sector-salud\/#primaryimage"},"thumbnailUrl":"https:\/\/canal7slp.tv\/2022\/wp-content\/uploads\/2022\/08\/Vazquez01DeficitMedico.jpg","datePublished":"2022-08-24T20:27:26+00:00","breadcrumb":{"@id":"https:\/\/canal7slp.tv\/2022\/deficit-medico-de-slp-abarca-mas-de-mil-700-trabajadores-en-el-sector-salud\/#breadcrumb"},"inLanguage":"es","potentialAction":[{"@type":"ReadAction","target":["https:\/\/canal7slp.tv\/2022\/deficit-medico-de-slp-abarca-mas-de-mil-700-trabajadores-en-el-sector-salud\/"]}]},{"@type":"ImageObject","inLanguage":"es","@id":"https:\/\/canal7slp.tv\/2022\/deficit-medico-de-slp-abarca-mas-de-mil-700-trabajadores-en-el-sector-salud\/#primaryimage","url":"https:\/\/canal7slp.tv\/2022\/wp-content\/uploads\/2022\/08\/Vazquez01DeficitMedico.jpg","contentUrl":"https:\/\/canal7slp.tv\/2022\/wp-content\/uploads\/2022\/08\/Vazquez01DeficitMedico.jpg","width":888,"height":500},{"@type":"BreadcrumbList","@id":"https:\/\/canal7slp.tv\/2022\/deficit-medico-de-slp-abarca-mas-de-mil-700-trabajadores-en-el-sector-salud\/#breadcrumb","itemListElement":[{"@type":"ListItem","position":1,"name":"Portada","item":"https:\/\/canal7slp.tv\/2022\/"},{"@type":"ListItem","position":2,"name":"D\u00e9ficit m\u00e9dico de SLP abarca m\u00e1s de mil 700 trabajadores en el sector salud."}]},{"@type":"WebSite","@id":"https:\/\/canal7slp.tv\/2022\/#website","url":"https:\/\/canal7slp.tv\/2022\/","name":"N7 - Noticieros Canal 7","description":"Somos Televisi\u00f3n","publisher":{"@id":"https:\/\/canal7slp.tv\/2022\/#organization"},"potentialAction":[{"@type":"SearchAction","target":{"@type":"EntryPoint","urlTemplate":"https:\/\/canal7slp.tv\/2022\/?s={search_term_string}"},"query-input":{"@type":"PropertyValueSpecification","valueRequired":true,"valueName":"search_term_string"}}],"inLanguage":"es"},{"@type":"Organization","@id":"https:\/\/canal7slp.tv\/2022\/#organization","name":"Noticieros Canal 7","url":"https:\/\/canal7slp.tv\/2022\/","logo":{"@type":"ImageObject","inLanguage":"es","@id":"https:\/\/canal7slp.tv\/2022\/#\/schema\/logo\/image\/","url":"https:\/\/canal7slp.tv\/2022\/wp-content\/uploads\/2021\/01\/logo-noticieros@2x.png","contentUrl":"https:\/\/canal7slp.tv\/2022\/wp-content\/uploads\/2021\/01\/logo-noticieros@2x.png","width":1017,"height":268,"caption":"Noticieros Canal 7"},"image":{"@id":"https:\/\/canal7slp.tv\/2022\/#\/schema\/logo\/image\/"},"sameAs":["https:\/\/www.facebook.com\/noticieroscanalsiete","https:\/\/x.com\/NOTICIEROS7","https:\/\/www.instagram.com\/canal7_slp","https:\/\/www.youtube.com\/channel\/UCliiYs-gP3JfJeqdPrNdd5A"]},{"@type":"Person","@id":"https:\/\/canal7slp.tv\/2022\/#\/schema\/person\/429704152a21f5f856ce29aa69a238da","name":"Edici\u00f3n Web","image":{"@type":"ImageObject","inLanguage":"es","@id":"https:\/\/secure.gravatar.com\/avatar\/eee448fc3f7164808013b816ba91ac7e43bbe82a70bebac296f8bc6f0addaa1a?s=96&d=mm&r=g","url":"https:\/\/secure.gravatar.com\/avatar\/eee448fc3f7164808013b816ba91ac7e43bbe82a70bebac296f8bc6f0addaa1a?s=96&d=mm&r=g","contentUrl":"https:\/\/secure.gravatar.com\/avatar\/eee448fc3f7164808013b816ba91ac7e43bbe82a70bebac296f8bc6f0addaa1a?s=96&d=mm&r=g","caption":"Edici\u00f3n Web"},"url":"https:\/\/canal7slp.tv\/2022\/author\/edicionweb\/"}]}},"amp_enabled":true,"_links":{"self":[{"href":"https:\/\/canal7slp.tv\/2022\/wp-json\/wp\/v2\/posts\/70757","targetHints":{"allow":["GET"]}}],"collection":[{"href":"https:\/\/canal7slp.tv\/2022\/wp-json\/wp\/v2\/posts"}],"about":[{"href":"https:\/\/canal7slp.tv\/2022\/wp-json\/wp\/v2\/types\/post"}],"author":[{"embeddable":true,"href":"https:\/\/canal7slp.tv\/2022\/wp-json\/wp\/v2\/users\/2"}],"replies":[{"embeddable":true,"href":"https:\/\/canal7slp.tv\/2022\/wp-json\/wp\/v2\/comments?post=70757"}],"version-history":[{"count":1,"href":"https:\/\/canal7slp.tv\/2022\/wp-json\/wp\/v2\/posts\/70757\/revisions"}],"predecessor-version":[{"id":70760,"href":"https:\/\/canal7slp.tv\/2022\/wp-json\/wp\/v2\/posts\/70757\/revisions\/70760"}],"wp:featuredmedia":[{"embeddable":true,"href":"https:\/\/canal7slp.tv\/2022\/wp-json\/wp\/v2\/media\/70758"}],"wp:attachment":[{"href":"https:\/\/canal7slp.tv\/2022\/wp-json\/wp\/v2\/media?parent=70757"}],"wp:term":[{"taxonomy":"category","embeddable":true,"href":"https:\/\/canal7slp.tv\/2022\/wp-json\/wp\/v2\/categories?post=70757"},{"taxonomy":"post_tag","embeddable":true,"href":"https:\/\/canal7slp.tv\/2022\/wp-json\/wp\/v2\/tags?post=70757"}],"curies":[{"name":"wp","href":"https:\/\/api.w.org\/{rel}","templated":true}]}}