{"id":70737,"date":"2022-08-24T14:31:36","date_gmt":"2022-08-24T20:31:36","guid":{"rendered":"https:\/\/canal7slp.tv\/2022\/?p=70737"},"modified":"2022-08-24T14:31:51","modified_gmt":"2022-08-24T20:31:51","slug":"obras-de-aeropuerto-de-tamuin-detenidas-por-falta-de-recursos","status":"publish","type":"post","link":"https:\/\/canal7slp.tv\/2022\/obras-de-aeropuerto-de-tamuin-detenidas-por-falta-de-recursos\/","title":{"rendered":"Obras de Aeropuerto de Tamu\u00edn, detenidas por falta de recursos."},"content":{"rendered":"<p style=\"text-align: justify;\">SLP.- En entrevista, el gobernador del Estado de San Luis Potos\u00ed, Jos\u00e9 Ricardo Gallardo Cardona, se\u00f1al\u00f3 que las obras correspondientes al Aeropuerto de Tamu\u00edn se encuentran detenidas debido a la falta de recursos por parte de la Federaci\u00f3n.<\/p>\n<p style=\"text-align: justify;\">\u00abEl Gobierno Federal todav\u00eda no etiqueta recurso para Tamu\u00edn, todav\u00eda no tiene la Secretar\u00eda de Comunicaciones y Transportes Federal un presupuesto asignado para poder licitar algo, entonces s\u00ed, efectivamente est\u00e1n paradas, est\u00e1n detenidas\u00bb, dijo al respecto.<\/p>\n<p style=\"text-align: justify;\">Record\u00f3 que se hab\u00edan prometido ciertos recursos para darle continuidad al proyecto, pero estos no han sido liberados.<\/p>\n<p style=\"text-align: justify;\">\u00abLa primera parte eran 750 millones de pesos para la ampliaci\u00f3n de pista y barda perimetral, era lo que estaba solicitando, pero bueno, no ha llegado esa parte\u00bb, lament\u00f3.<\/p>\n<p style=\"text-align: justify;\">En ese sentido, Gallardo Cardona indic\u00f3 que no ha habido ning\u00fan pronunciamiento por parte de la Secretar\u00eda de Comunicaciones y Transportes a nivel federal para conocer en qu\u00e9 fechas pudieran estar liberados los recursos que se requieren.<\/p>\n<p style=\"text-align: justify;\">Por otro lado, destac\u00f3 que el \u00fanico proyecto de la Federaci\u00f3n que se tiene activo en San Luis Potos\u00ed, es es que corresponde a la carretera que unir\u00eda a Ciudad Valles y Tamazunchale<\/p>\n<p>\u00abLo que ya arranc\u00f3 fue tema de la Valles &#8211; Tamazunchale, que eso ya est\u00e1 en proceso, es lo \u00fanico que tiene ahorita el Gobierno Federal trabajando en San Luis Potos\u00ed\u00bb, reiter\u00f3.<\/p>\n<p>Por: Jos\u00e9 Luis V\u00e1zquez<\/p>\n","protected":false},"excerpt":{"rendered":"<p>SLP.- En entrevista, el gobernador del Estado de San Luis Potos\u00ed, Jos\u00e9 Ricardo Gallardo Cardona, se\u00f1al\u00f3 que las obras correspondientes al Aeropuerto de Tamu\u00edn se encuentran detenidas debido a la falta de recursos por parte de la Federaci\u00f3n. \u00abEl Gobierno Federal todav\u00eda no etiqueta recurso para Tamu\u00edn, todav\u00eda no tiene la Secretar\u00eda de Comunicaciones y Transportes Federal un presupuesto asignado para poder licitar algo, entonces s\u00ed, efectivamente est\u00e1n paradas, est\u00e1n detenidas\u00bb, dijo al respecto. Record\u00f3 que se hab\u00edan prometido ciertos recursos para darle continuidad al proyecto, pero estos no han sido liberados. \u00abLa primera parte eran 750 millones de pesos [&hellip;]<\/p>\n","protected":false},"author":2,"featured_media":70762,"comment_status":"closed","ping_status":"closed","sticky":false,"template":"","format":"video","meta":{"footnotes":""},"categories":[5,510,45],"tags":[],"class_list":["post-70737","post","type-post","status-publish","format-video","has-post-thumbnail","hentry","category-destacadas","category-gobedoslp","category-localesyregionales","post_format-post-format-video","post--single"],"yoast_head":"<!-- This site is optimized with the Yoast SEO plugin v27.5 - https:\/\/yoast.com\/product\/yoast-seo-wordpress\/ -->\n<title>Obras de Aeropuerto de Tamu\u00edn, detenidas por falta de recursos. - Canal 7 SLP - 2022<\/title>\n<meta name=\"robots\" content=\"index, follow, max-snippet:-1, max-image-preview:large, max-video-preview:-1\" \/>\n<link rel=\"canonical\" href=\"https:\/\/canal7slp.tv\/2022\/obras-de-aeropuerto-de-tamuin-detenidas-por-falta-de-recursos\/\" \/>\n<meta property=\"og:locale\" content=\"es_ES\" \/>\n<meta property=\"og:type\" content=\"article\" \/>\n<meta property=\"og:title\" content=\"Obras de Aeropuerto de Tamu\u00edn, detenidas por falta de recursos. - Canal 7 SLP - 2022\" \/>\n<meta property=\"og:description\" content=\"SLP.- En entrevista, el gobernador del Estado de San Luis Potos\u00ed, Jos\u00e9 Ricardo Gallardo Cardona, se\u00f1al\u00f3 que las obras correspondientes al Aeropuerto de Tamu\u00edn se encuentran detenidas debido a la falta de recursos por parte de la Federaci\u00f3n. \u00abEl Gobierno Federal todav\u00eda no etiqueta recurso para Tamu\u00edn, todav\u00eda no tiene la Secretar\u00eda de Comunicaciones y Transportes Federal un presupuesto asignado para poder licitar algo, entonces s\u00ed, efectivamente est\u00e1n paradas, est\u00e1n detenidas\u00bb, dijo al respecto. Record\u00f3 que se hab\u00edan prometido ciertos recursos para darle continuidad al proyecto, pero estos no han sido liberados. \u00abLa primera parte eran 750 millones de pesos [&hellip;]\" \/>\n<meta property=\"og:url\" content=\"https:\/\/canal7slp.tv\/2022\/obras-de-aeropuerto-de-tamuin-detenidas-por-falta-de-recursos\/\" \/>\n<meta property=\"og:site_name\" content=\"Canal 7 SLP - 2022\" \/>\n<meta property=\"article:publisher\" content=\"https:\/\/www.facebook.com\/noticieroscanalsiete\" \/>\n<meta property=\"article:published_time\" content=\"2022-08-24T20:31:36+00:00\" \/>\n<meta property=\"article:modified_time\" content=\"2022-08-24T20:31:51+00:00\" \/>\n<meta property=\"og:image\" content=\"https:\/\/canal7slp.tv\/2022\/wp-content\/uploads\/2022\/08\/Vazquez02AeropuertoTamuin.jpg\" \/>\n\t<meta property=\"og:image:width\" content=\"888\" \/>\n\t<meta property=\"og:image:height\" content=\"500\" \/>\n\t<meta property=\"og:image:type\" content=\"image\/jpeg\" \/>\n<meta name=\"author\" content=\"Edici\u00f3n Web\" \/>\n<meta name=\"twitter:card\" content=\"summary_large_image\" \/>\n<meta name=\"twitter:creator\" content=\"@NOTICIEROS7\" \/>\n<meta name=\"twitter:site\" content=\"@NOTICIEROS7\" \/>\n<meta name=\"twitter:label1\" content=\"Escrito por\" \/>\n\t<meta name=\"twitter:data1\" content=\"Edici\u00f3n Web\" \/>\n\t<meta name=\"twitter:label2\" content=\"Tiempo de lectura\" \/>\n\t<meta name=\"twitter:data2\" content=\"2 minutos\" \/>\n<script type=\"application\/ld+json\" class=\"yoast-schema-graph\">{\"@context\":\"https:\\\/\\\/schema.org\",\"@graph\":[{\"@type\":\"Article\",\"@id\":\"https:\\\/\\\/canal7slp.tv\\\/2022\\\/obras-de-aeropuerto-de-tamuin-detenidas-por-falta-de-recursos\\\/#article\",\"isPartOf\":{\"@id\":\"https:\\\/\\\/canal7slp.tv\\\/2022\\\/obras-de-aeropuerto-de-tamuin-detenidas-por-falta-de-recursos\\\/\"},\"author\":{\"name\":\"Edici\u00f3n Web\",\"@id\":\"https:\\\/\\\/canal7slp.tv\\\/2022\\\/#\\\/schema\\\/person\\\/429704152a21f5f856ce29aa69a238da\"},\"headline\":\"Obras de Aeropuerto de Tamu\u00edn, detenidas por falta de recursos.\",\"datePublished\":\"2022-08-24T20:31:36+00:00\",\"dateModified\":\"2022-08-24T20:31:51+00:00\",\"mainEntityOfPage\":{\"@id\":\"https:\\\/\\\/canal7slp.tv\\\/2022\\\/obras-de-aeropuerto-de-tamuin-detenidas-por-falta-de-recursos\\\/\"},\"wordCount\":254,\"publisher\":{\"@id\":\"https:\\\/\\\/canal7slp.tv\\\/2022\\\/#organization\"},\"image\":{\"@id\":\"https:\\\/\\\/canal7slp.tv\\\/2022\\\/obras-de-aeropuerto-de-tamuin-detenidas-por-falta-de-recursos\\\/#primaryimage\"},\"thumbnailUrl\":\"https:\\\/\\\/canal7slp.tv\\\/2022\\\/wp-content\\\/uploads\\\/2022\\\/08\\\/Vazquez02AeropuertoTamuin.jpg\",\"articleSection\":[\"DESTACADAS\",\"GOBEDOSLP\",\"LOCALES Y REGIONALES\"],\"inLanguage\":\"es\"},{\"@type\":\"WebPage\",\"@id\":\"https:\\\/\\\/canal7slp.tv\\\/2022\\\/obras-de-aeropuerto-de-tamuin-detenidas-por-falta-de-recursos\\\/\",\"url\":\"https:\\\/\\\/canal7slp.tv\\\/2022\\\/obras-de-aeropuerto-de-tamuin-detenidas-por-falta-de-recursos\\\/\",\"name\":\"Obras de Aeropuerto de Tamu\u00edn, detenidas por falta de recursos. - Canal 7 SLP - 2022\",\"isPartOf\":{\"@id\":\"https:\\\/\\\/canal7slp.tv\\\/2022\\\/#website\"},\"primaryImageOfPage\":{\"@id\":\"https:\\\/\\\/canal7slp.tv\\\/2022\\\/obras-de-aeropuerto-de-tamuin-detenidas-por-falta-de-recursos\\\/#primaryimage\"},\"image\":{\"@id\":\"https:\\\/\\\/canal7slp.tv\\\/2022\\\/obras-de-aeropuerto-de-tamuin-detenidas-por-falta-de-recursos\\\/#primaryimage\"},\"thumbnailUrl\":\"https:\\\/\\\/canal7slp.tv\\\/2022\\\/wp-content\\\/uploads\\\/2022\\\/08\\\/Vazquez02AeropuertoTamuin.jpg\",\"datePublished\":\"2022-08-24T20:31:36+00:00\",\"dateModified\":\"2022-08-24T20:31:51+00:00\",\"breadcrumb\":{\"@id\":\"https:\\\/\\\/canal7slp.tv\\\/2022\\\/obras-de-aeropuerto-de-tamuin-detenidas-por-falta-de-recursos\\\/#breadcrumb\"},\"inLanguage\":\"es\",\"potentialAction\":[{\"@type\":\"ReadAction\",\"target\":[\"https:\\\/\\\/canal7slp.tv\\\/2022\\\/obras-de-aeropuerto-de-tamuin-detenidas-por-falta-de-recursos\\\/\"]}]},{\"@type\":\"ImageObject\",\"inLanguage\":\"es\",\"@id\":\"https:\\\/\\\/canal7slp.tv\\\/2022\\\/obras-de-aeropuerto-de-tamuin-detenidas-por-falta-de-recursos\\\/#primaryimage\",\"url\":\"https:\\\/\\\/canal7slp.tv\\\/2022\\\/wp-content\\\/uploads\\\/2022\\\/08\\\/Vazquez02AeropuertoTamuin.jpg\",\"contentUrl\":\"https:\\\/\\\/canal7slp.tv\\\/2022\\\/wp-content\\\/uploads\\\/2022\\\/08\\\/Vazquez02AeropuertoTamuin.jpg\",\"width\":888,\"height\":500},{\"@type\":\"BreadcrumbList\",\"@id\":\"https:\\\/\\\/canal7slp.tv\\\/2022\\\/obras-de-aeropuerto-de-tamuin-detenidas-por-falta-de-recursos\\\/#breadcrumb\",\"itemListElement\":[{\"@type\":\"ListItem\",\"position\":1,\"name\":\"Portada\",\"item\":\"https:\\\/\\\/canal7slp.tv\\\/2022\\\/\"},{\"@type\":\"ListItem\",\"position\":2,\"name\":\"Obras de Aeropuerto de Tamu\u00edn, detenidas por falta de recursos.\"}]},{\"@type\":\"WebSite\",\"@id\":\"https:\\\/\\\/canal7slp.tv\\\/2022\\\/#website\",\"url\":\"https:\\\/\\\/canal7slp.tv\\\/2022\\\/\",\"name\":\"N7 - Noticieros Canal 7\",\"description\":\"Somos Televisi\u00f3n\",\"publisher\":{\"@id\":\"https:\\\/\\\/canal7slp.tv\\\/2022\\\/#organization\"},\"potentialAction\":[{\"@type\":\"SearchAction\",\"target\":{\"@type\":\"EntryPoint\",\"urlTemplate\":\"https:\\\/\\\/canal7slp.tv\\\/2022\\\/?s={search_term_string}\"},\"query-input\":{\"@type\":\"PropertyValueSpecification\",\"valueRequired\":true,\"valueName\":\"search_term_string\"}}],\"inLanguage\":\"es\"},{\"@type\":\"Organization\",\"@id\":\"https:\\\/\\\/canal7slp.tv\\\/2022\\\/#organization\",\"name\":\"Noticieros Canal 7\",\"url\":\"https:\\\/\\\/canal7slp.tv\\\/2022\\\/\",\"logo\":{\"@type\":\"ImageObject\",\"inLanguage\":\"es\",\"@id\":\"https:\\\/\\\/canal7slp.tv\\\/2022\\\/#\\\/schema\\\/logo\\\/image\\\/\",\"url\":\"https:\\\/\\\/canal7slp.tv\\\/2022\\\/wp-content\\\/uploads\\\/2021\\\/01\\\/logo-noticieros@2x.png\",\"contentUrl\":\"https:\\\/\\\/canal7slp.tv\\\/2022\\\/wp-content\\\/uploads\\\/2021\\\/01\\\/logo-noticieros@2x.png\",\"width\":1017,\"height\":268,\"caption\":\"Noticieros Canal 7\"},\"image\":{\"@id\":\"https:\\\/\\\/canal7slp.tv\\\/2022\\\/#\\\/schema\\\/logo\\\/image\\\/\"},\"sameAs\":[\"https:\\\/\\\/www.facebook.com\\\/noticieroscanalsiete\",\"https:\\\/\\\/x.com\\\/NOTICIEROS7\",\"https:\\\/\\\/www.instagram.com\\\/canal7_slp\",\"https:\\\/\\\/www.youtube.com\\\/channel\\\/UCliiYs-gP3JfJeqdPrNdd5A\"]},{\"@type\":\"Person\",\"@id\":\"https:\\\/\\\/canal7slp.tv\\\/2022\\\/#\\\/schema\\\/person\\\/429704152a21f5f856ce29aa69a238da\",\"name\":\"Edici\u00f3n Web\",\"image\":{\"@type\":\"ImageObject\",\"inLanguage\":\"es\",\"@id\":\"https:\\\/\\\/secure.gravatar.com\\\/avatar\\\/eee448fc3f7164808013b816ba91ac7e43bbe82a70bebac296f8bc6f0addaa1a?s=96&d=mm&r=g\",\"url\":\"https:\\\/\\\/secure.gravatar.com\\\/avatar\\\/eee448fc3f7164808013b816ba91ac7e43bbe82a70bebac296f8bc6f0addaa1a?s=96&d=mm&r=g\",\"contentUrl\":\"https:\\\/\\\/secure.gravatar.com\\\/avatar\\\/eee448fc3f7164808013b816ba91ac7e43bbe82a70bebac296f8bc6f0addaa1a?s=96&d=mm&r=g\",\"caption\":\"Edici\u00f3n Web\"},\"url\":\"https:\\\/\\\/canal7slp.tv\\\/2022\\\/author\\\/edicionweb\\\/\"}]}<\/script>\n<!-- \/ Yoast SEO plugin. -->","yoast_head_json":{"title":"Obras de Aeropuerto de Tamu\u00edn, detenidas por falta de recursos. - Canal 7 SLP - 2022","robots":{"index":"index","follow":"follow","max-snippet":"max-snippet:-1","max-image-preview":"max-image-preview:large","max-video-preview":"max-video-preview:-1"},"canonical":"https:\/\/canal7slp.tv\/2022\/obras-de-aeropuerto-de-tamuin-detenidas-por-falta-de-recursos\/","og_locale":"es_ES","og_type":"article","og_title":"Obras de Aeropuerto de Tamu\u00edn, detenidas por falta de recursos. - Canal 7 SLP - 2022","og_description":"SLP.- En entrevista, el gobernador del Estado de San Luis Potos\u00ed, Jos\u00e9 Ricardo Gallardo Cardona, se\u00f1al\u00f3 que las obras correspondientes al Aeropuerto de Tamu\u00edn se encuentran detenidas debido a la falta de recursos por parte de la Federaci\u00f3n. \u00abEl Gobierno Federal todav\u00eda no etiqueta recurso para Tamu\u00edn, todav\u00eda no tiene la Secretar\u00eda de Comunicaciones y Transportes Federal un presupuesto asignado para poder licitar algo, entonces s\u00ed, efectivamente est\u00e1n paradas, est\u00e1n detenidas\u00bb, dijo al respecto. Record\u00f3 que se hab\u00edan prometido ciertos recursos para darle continuidad al proyecto, pero estos no han sido liberados. \u00abLa primera parte eran 750 millones de pesos [&hellip;]","og_url":"https:\/\/canal7slp.tv\/2022\/obras-de-aeropuerto-de-tamuin-detenidas-por-falta-de-recursos\/","og_site_name":"Canal 7 SLP - 2022","article_publisher":"https:\/\/www.facebook.com\/noticieroscanalsiete","article_published_time":"2022-08-24T20:31:36+00:00","article_modified_time":"2022-08-24T20:31:51+00:00","og_image":[{"width":888,"height":500,"url":"https:\/\/canal7slp.tv\/2022\/wp-content\/uploads\/2022\/08\/Vazquez02AeropuertoTamuin.jpg","type":"image\/jpeg"}],"author":"Edici\u00f3n Web","twitter_card":"summary_large_image","twitter_creator":"@NOTICIEROS7","twitter_site":"@NOTICIEROS7","twitter_misc":{"Escrito por":"Edici\u00f3n Web","Tiempo de lectura":"2 minutos"},"schema":{"@context":"https:\/\/schema.org","@graph":[{"@type":"Article","@id":"https:\/\/canal7slp.tv\/2022\/obras-de-aeropuerto-de-tamuin-detenidas-por-falta-de-recursos\/#article","isPartOf":{"@id":"https:\/\/canal7slp.tv\/2022\/obras-de-aeropuerto-de-tamuin-detenidas-por-falta-de-recursos\/"},"author":{"name":"Edici\u00f3n Web","@id":"https:\/\/canal7slp.tv\/2022\/#\/schema\/person\/429704152a21f5f856ce29aa69a238da"},"headline":"Obras de Aeropuerto de Tamu\u00edn, detenidas por falta de recursos.","datePublished":"2022-08-24T20:31:36+00:00","dateModified":"2022-08-24T20:31:51+00:00","mainEntityOfPage":{"@id":"https:\/\/canal7slp.tv\/2022\/obras-de-aeropuerto-de-tamuin-detenidas-por-falta-de-recursos\/"},"wordCount":254,"publisher":{"@id":"https:\/\/canal7slp.tv\/2022\/#organization"},"image":{"@id":"https:\/\/canal7slp.tv\/2022\/obras-de-aeropuerto-de-tamuin-detenidas-por-falta-de-recursos\/#primaryimage"},"thumbnailUrl":"https:\/\/canal7slp.tv\/2022\/wp-content\/uploads\/2022\/08\/Vazquez02AeropuertoTamuin.jpg","articleSection":["DESTACADAS","GOBEDOSLP","LOCALES Y REGIONALES"],"inLanguage":"es"},{"@type":"WebPage","@id":"https:\/\/canal7slp.tv\/2022\/obras-de-aeropuerto-de-tamuin-detenidas-por-falta-de-recursos\/","url":"https:\/\/canal7slp.tv\/2022\/obras-de-aeropuerto-de-tamuin-detenidas-por-falta-de-recursos\/","name":"Obras de Aeropuerto de Tamu\u00edn, detenidas por falta de recursos. - Canal 7 SLP - 2022","isPartOf":{"@id":"https:\/\/canal7slp.tv\/2022\/#website"},"primaryImageOfPage":{"@id":"https:\/\/canal7slp.tv\/2022\/obras-de-aeropuerto-de-tamuin-detenidas-por-falta-de-recursos\/#primaryimage"},"image":{"@id":"https:\/\/canal7slp.tv\/2022\/obras-de-aeropuerto-de-tamuin-detenidas-por-falta-de-recursos\/#primaryimage"},"thumbnailUrl":"https:\/\/canal7slp.tv\/2022\/wp-content\/uploads\/2022\/08\/Vazquez02AeropuertoTamuin.jpg","datePublished":"2022-08-24T20:31:36+00:00","dateModified":"2022-08-24T20:31:51+00:00","breadcrumb":{"@id":"https:\/\/canal7slp.tv\/2022\/obras-de-aeropuerto-de-tamuin-detenidas-por-falta-de-recursos\/#breadcrumb"},"inLanguage":"es","potentialAction":[{"@type":"ReadAction","target":["https:\/\/canal7slp.tv\/2022\/obras-de-aeropuerto-de-tamuin-detenidas-por-falta-de-recursos\/"]}]},{"@type":"ImageObject","inLanguage":"es","@id":"https:\/\/canal7slp.tv\/2022\/obras-de-aeropuerto-de-tamuin-detenidas-por-falta-de-recursos\/#primaryimage","url":"https:\/\/canal7slp.tv\/2022\/wp-content\/uploads\/2022\/08\/Vazquez02AeropuertoTamuin.jpg","contentUrl":"https:\/\/canal7slp.tv\/2022\/wp-content\/uploads\/2022\/08\/Vazquez02AeropuertoTamuin.jpg","width":888,"height":500},{"@type":"BreadcrumbList","@id":"https:\/\/canal7slp.tv\/2022\/obras-de-aeropuerto-de-tamuin-detenidas-por-falta-de-recursos\/#breadcrumb","itemListElement":[{"@type":"ListItem","position":1,"name":"Portada","item":"https:\/\/canal7slp.tv\/2022\/"},{"@type":"ListItem","position":2,"name":"Obras de Aeropuerto de Tamu\u00edn, detenidas por falta de recursos."}]},{"@type":"WebSite","@id":"https:\/\/canal7slp.tv\/2022\/#website","url":"https:\/\/canal7slp.tv\/2022\/","name":"N7 - Noticieros Canal 7","description":"Somos Televisi\u00f3n","publisher":{"@id":"https:\/\/canal7slp.tv\/2022\/#organization"},"potentialAction":[{"@type":"SearchAction","target":{"@type":"EntryPoint","urlTemplate":"https:\/\/canal7slp.tv\/2022\/?s={search_term_string}"},"query-input":{"@type":"PropertyValueSpecification","valueRequired":true,"valueName":"search_term_string"}}],"inLanguage":"es"},{"@type":"Organization","@id":"https:\/\/canal7slp.tv\/2022\/#organization","name":"Noticieros Canal 7","url":"https:\/\/canal7slp.tv\/2022\/","logo":{"@type":"ImageObject","inLanguage":"es","@id":"https:\/\/canal7slp.tv\/2022\/#\/schema\/logo\/image\/","url":"https:\/\/canal7slp.tv\/2022\/wp-content\/uploads\/2021\/01\/logo-noticieros@2x.png","contentUrl":"https:\/\/canal7slp.tv\/2022\/wp-content\/uploads\/2021\/01\/logo-noticieros@2x.png","width":1017,"height":268,"caption":"Noticieros Canal 7"},"image":{"@id":"https:\/\/canal7slp.tv\/2022\/#\/schema\/logo\/image\/"},"sameAs":["https:\/\/www.facebook.com\/noticieroscanalsiete","https:\/\/x.com\/NOTICIEROS7","https:\/\/www.instagram.com\/canal7_slp","https:\/\/www.youtube.com\/channel\/UCliiYs-gP3JfJeqdPrNdd5A"]},{"@type":"Person","@id":"https:\/\/canal7slp.tv\/2022\/#\/schema\/person\/429704152a21f5f856ce29aa69a238da","name":"Edici\u00f3n Web","image":{"@type":"ImageObject","inLanguage":"es","@id":"https:\/\/secure.gravatar.com\/avatar\/eee448fc3f7164808013b816ba91ac7e43bbe82a70bebac296f8bc6f0addaa1a?s=96&d=mm&r=g","url":"https:\/\/secure.gravatar.com\/avatar\/eee448fc3f7164808013b816ba91ac7e43bbe82a70bebac296f8bc6f0addaa1a?s=96&d=mm&r=g","contentUrl":"https:\/\/secure.gravatar.com\/avatar\/eee448fc3f7164808013b816ba91ac7e43bbe82a70bebac296f8bc6f0addaa1a?s=96&d=mm&r=g","caption":"Edici\u00f3n Web"},"url":"https:\/\/canal7slp.tv\/2022\/author\/edicionweb\/"}]}},"amp_enabled":true,"_links":{"self":[{"href":"https:\/\/canal7slp.tv\/2022\/wp-json\/wp\/v2\/posts\/70737","targetHints":{"allow":["GET"]}}],"collection":[{"href":"https:\/\/canal7slp.tv\/2022\/wp-json\/wp\/v2\/posts"}],"about":[{"href":"https:\/\/canal7slp.tv\/2022\/wp-json\/wp\/v2\/types\/post"}],"author":[{"embeddable":true,"href":"https:\/\/canal7slp.tv\/2022\/wp-json\/wp\/v2\/users\/2"}],"replies":[{"embeddable":true,"href":"https:\/\/canal7slp.tv\/2022\/wp-json\/wp\/v2\/comments?post=70737"}],"version-history":[{"count":3,"href":"https:\/\/canal7slp.tv\/2022\/wp-json\/wp\/v2\/posts\/70737\/revisions"}],"predecessor-version":[{"id":70763,"href":"https:\/\/canal7slp.tv\/2022\/wp-json\/wp\/v2\/posts\/70737\/revisions\/70763"}],"wp:featuredmedia":[{"embeddable":true,"href":"https:\/\/canal7slp.tv\/2022\/wp-json\/wp\/v2\/media\/70762"}],"wp:attachment":[{"href":"https:\/\/canal7slp.tv\/2022\/wp-json\/wp\/v2\/media?parent=70737"}],"wp:term":[{"taxonomy":"category","embeddable":true,"href":"https:\/\/canal7slp.tv\/2022\/wp-json\/wp\/v2\/categories?post=70737"},{"taxonomy":"post_tag","embeddable":true,"href":"https:\/\/canal7slp.tv\/2022\/wp-json\/wp\/v2\/tags?post=70737"}],"curies":[{"name":"wp","href":"https:\/\/api.w.org\/{rel}","templated":true}]}}