{"id":70727,"date":"2022-08-24T04:54:15","date_gmt":"2022-08-24T10:54:15","guid":{"rendered":"https:\/\/canal7slp.tv\/2022\/?p=70727"},"modified":"2022-08-24T04:54:15","modified_gmt":"2022-08-24T10:54:15","slug":"ayuntamiento-de-la-capital-inicia-rehabilitacion-de-la-avenida-tercer-milenio","status":"publish","type":"post","link":"https:\/\/canal7slp.tv\/2022\/ayuntamiento-de-la-capital-inicia-rehabilitacion-de-la-avenida-tercer-milenio\/","title":{"rendered":"Ayuntamiento de la Capital inicia rehabilitaci\u00f3n de la avenida Tercer Milenio."},"content":{"rendered":"<ul>\n<li style=\"text-align: justify;\">Fue destacado que se trata de una zona de gran impacto comercial.<\/li>\n<\/ul>\n<p style=\"text-align: justify;\">SLP.- El Ayuntamiento Capitalino dio arranque a la rehabilitaci\u00f3n de la avenida Tercer Milenio -obra que abarca 13 mil 450 metros cuadrados e impacta a una importante zona comercial-.<\/p>\n<p style=\"text-align: justify;\">Se trata de un proyecto m\u00e1s del programa Vialidades PotoS\u00ednas.<\/p>\n<p style=\"text-align: justify;\">La intervenci\u00f3n abarca el tramo de la Glorieta de la Familia a la calle Ca\u00f1ada de Lobos, donde se utilizar\u00e1 concreto asf\u00e1ltico de cinco cent\u00edmetros de espesor.<\/p>\n<p style=\"text-align: justify;\">El director de Obras P\u00fablicas, Jos\u00e9 Nazario Pineda Osorio destac\u00f3 que la garant\u00eda del trabajo efectuado asciende a 36 meses.<\/p>\n<p style=\"text-align: justify;\">En representaci\u00f3n de los habitantes, Marco Antonio Posadas agradeci\u00f3 la labor de las autoridades en distintas \u00e1reas de la ciudad.<\/p>\n<p style=\"text-align: justify;\">En tanto, el director de Desarrollo Social, Mart\u00edn Ju\u00e1rez C\u00f3rdova se\u00f1al\u00f3 que las obras realizadas hacen posible que la calidad de vida de la gente, mejore.<\/p>\n<p style=\"text-align: justify;\">El secretario general del Ayuntamiento, Fernando Ch\u00e1vez M\u00e9ndez hizo hincapi\u00e9 en que la puesta en marcha de la obra obedece a que la arteria se encontraba pr\u00e1cticamente destrozada.<\/p>\n<p style=\"text-align: justify;\">Por: Paulina Rodr\u00edguez<\/p>\n","protected":false},"excerpt":{"rendered":"<p>Fue destacado que se trata de una zona de gran impacto comercial. SLP.- El Ayuntamiento Capitalino dio arranque a la rehabilitaci\u00f3n de la avenida Tercer Milenio -obra que abarca 13 mil 450 metros cuadrados e impacta a una importante zona comercial-. Se trata de un proyecto m\u00e1s del programa Vialidades PotoS\u00ednas. La intervenci\u00f3n abarca el tramo de la Glorieta de la Familia a la calle Ca\u00f1ada de Lobos, donde se utilizar\u00e1 concreto asf\u00e1ltico de cinco cent\u00edmetros de espesor. El director de Obras P\u00fablicas, Jos\u00e9 Nazario Pineda Osorio destac\u00f3 que la garant\u00eda del trabajo efectuado asciende a 36 meses. En representaci\u00f3n [&hellip;]<\/p>\n","protected":false},"author":2,"featured_media":70729,"comment_status":"closed","ping_status":"closed","sticky":false,"template":"","format":"video","meta":{"footnotes":""},"categories":[66,5,45],"tags":[],"class_list":["post-70727","post","type-post","status-publish","format-video","has-post-thumbnail","hentry","category-ayoslp","category-destacadas","category-localesyregionales","post_format-post-format-video","post--single"],"yoast_head":"<!-- This site is optimized with the Yoast SEO plugin v27.5 - https:\/\/yoast.com\/product\/yoast-seo-wordpress\/ -->\n<title>Ayuntamiento de la Capital inicia rehabilitaci\u00f3n de la avenida Tercer Milenio. - Canal 7 SLP - 2022<\/title>\n<meta name=\"robots\" content=\"index, follow, max-snippet:-1, max-image-preview:large, max-video-preview:-1\" \/>\n<link rel=\"canonical\" href=\"https:\/\/canal7slp.tv\/2022\/ayuntamiento-de-la-capital-inicia-rehabilitacion-de-la-avenida-tercer-milenio\/\" \/>\n<meta property=\"og:locale\" content=\"es_ES\" \/>\n<meta property=\"og:type\" content=\"article\" \/>\n<meta property=\"og:title\" content=\"Ayuntamiento de la Capital inicia rehabilitaci\u00f3n de la avenida Tercer Milenio. - Canal 7 SLP - 2022\" \/>\n<meta property=\"og:description\" content=\"Fue destacado que se trata de una zona de gran impacto comercial. SLP.- El Ayuntamiento Capitalino dio arranque a la rehabilitaci\u00f3n de la avenida Tercer Milenio -obra que abarca 13 mil 450 metros cuadrados e impacta a una importante zona comercial-. Se trata de un proyecto m\u00e1s del programa Vialidades PotoS\u00ednas. La intervenci\u00f3n abarca el tramo de la Glorieta de la Familia a la calle Ca\u00f1ada de Lobos, donde se utilizar\u00e1 concreto asf\u00e1ltico de cinco cent\u00edmetros de espesor. El director de Obras P\u00fablicas, Jos\u00e9 Nazario Pineda Osorio destac\u00f3 que la garant\u00eda del trabajo efectuado asciende a 36 meses. En representaci\u00f3n [&hellip;]\" \/>\n<meta property=\"og:url\" content=\"https:\/\/canal7slp.tv\/2022\/ayuntamiento-de-la-capital-inicia-rehabilitacion-de-la-avenida-tercer-milenio\/\" \/>\n<meta property=\"og:site_name\" content=\"Canal 7 SLP - 2022\" \/>\n<meta property=\"article:publisher\" content=\"https:\/\/www.facebook.com\/noticieroscanalsiete\" \/>\n<meta property=\"article:published_time\" content=\"2022-08-24T10:54:15+00:00\" \/>\n<meta property=\"og:image\" content=\"https:\/\/canal7slp.tv\/2022\/wp-content\/uploads\/2022\/08\/Pau03Vialidades.jpg\" \/>\n\t<meta property=\"og:image:width\" content=\"888\" \/>\n\t<meta property=\"og:image:height\" content=\"500\" \/>\n\t<meta property=\"og:image:type\" content=\"image\/jpeg\" \/>\n<meta name=\"author\" content=\"Edici\u00f3n Web\" \/>\n<meta name=\"twitter:card\" content=\"summary_large_image\" \/>\n<meta name=\"twitter:creator\" content=\"@NOTICIEROS7\" \/>\n<meta name=\"twitter:site\" content=\"@NOTICIEROS7\" \/>\n<meta name=\"twitter:label1\" content=\"Escrito por\" \/>\n\t<meta name=\"twitter:data1\" content=\"Edici\u00f3n Web\" \/>\n\t<meta name=\"twitter:label2\" content=\"Tiempo de lectura\" \/>\n\t<meta name=\"twitter:data2\" content=\"1 minuto\" \/>\n<script type=\"application\/ld+json\" class=\"yoast-schema-graph\">{\"@context\":\"https:\\\/\\\/schema.org\",\"@graph\":[{\"@type\":\"Article\",\"@id\":\"https:\\\/\\\/canal7slp.tv\\\/2022\\\/ayuntamiento-de-la-capital-inicia-rehabilitacion-de-la-avenida-tercer-milenio\\\/#article\",\"isPartOf\":{\"@id\":\"https:\\\/\\\/canal7slp.tv\\\/2022\\\/ayuntamiento-de-la-capital-inicia-rehabilitacion-de-la-avenida-tercer-milenio\\\/\"},\"author\":{\"name\":\"Edici\u00f3n Web\",\"@id\":\"https:\\\/\\\/canal7slp.tv\\\/2022\\\/#\\\/schema\\\/person\\\/429704152a21f5f856ce29aa69a238da\"},\"headline\":\"Ayuntamiento de la Capital inicia rehabilitaci\u00f3n de la avenida Tercer Milenio.\",\"datePublished\":\"2022-08-24T10:54:15+00:00\",\"mainEntityOfPage\":{\"@id\":\"https:\\\/\\\/canal7slp.tv\\\/2022\\\/ayuntamiento-de-la-capital-inicia-rehabilitacion-de-la-avenida-tercer-milenio\\\/\"},\"wordCount\":203,\"publisher\":{\"@id\":\"https:\\\/\\\/canal7slp.tv\\\/2022\\\/#organization\"},\"image\":{\"@id\":\"https:\\\/\\\/canal7slp.tv\\\/2022\\\/ayuntamiento-de-la-capital-inicia-rehabilitacion-de-la-avenida-tercer-milenio\\\/#primaryimage\"},\"thumbnailUrl\":\"https:\\\/\\\/canal7slp.tv\\\/2022\\\/wp-content\\\/uploads\\\/2022\\\/08\\\/Pau03Vialidades.jpg\",\"articleSection\":[\"AYOSLP\",\"DESTACADAS\",\"LOCALES Y REGIONALES\"],\"inLanguage\":\"es\"},{\"@type\":\"WebPage\",\"@id\":\"https:\\\/\\\/canal7slp.tv\\\/2022\\\/ayuntamiento-de-la-capital-inicia-rehabilitacion-de-la-avenida-tercer-milenio\\\/\",\"url\":\"https:\\\/\\\/canal7slp.tv\\\/2022\\\/ayuntamiento-de-la-capital-inicia-rehabilitacion-de-la-avenida-tercer-milenio\\\/\",\"name\":\"Ayuntamiento de la Capital inicia rehabilitaci\u00f3n de la avenida Tercer Milenio. - Canal 7 SLP - 2022\",\"isPartOf\":{\"@id\":\"https:\\\/\\\/canal7slp.tv\\\/2022\\\/#website\"},\"primaryImageOfPage\":{\"@id\":\"https:\\\/\\\/canal7slp.tv\\\/2022\\\/ayuntamiento-de-la-capital-inicia-rehabilitacion-de-la-avenida-tercer-milenio\\\/#primaryimage\"},\"image\":{\"@id\":\"https:\\\/\\\/canal7slp.tv\\\/2022\\\/ayuntamiento-de-la-capital-inicia-rehabilitacion-de-la-avenida-tercer-milenio\\\/#primaryimage\"},\"thumbnailUrl\":\"https:\\\/\\\/canal7slp.tv\\\/2022\\\/wp-content\\\/uploads\\\/2022\\\/08\\\/Pau03Vialidades.jpg\",\"datePublished\":\"2022-08-24T10:54:15+00:00\",\"breadcrumb\":{\"@id\":\"https:\\\/\\\/canal7slp.tv\\\/2022\\\/ayuntamiento-de-la-capital-inicia-rehabilitacion-de-la-avenida-tercer-milenio\\\/#breadcrumb\"},\"inLanguage\":\"es\",\"potentialAction\":[{\"@type\":\"ReadAction\",\"target\":[\"https:\\\/\\\/canal7slp.tv\\\/2022\\\/ayuntamiento-de-la-capital-inicia-rehabilitacion-de-la-avenida-tercer-milenio\\\/\"]}]},{\"@type\":\"ImageObject\",\"inLanguage\":\"es\",\"@id\":\"https:\\\/\\\/canal7slp.tv\\\/2022\\\/ayuntamiento-de-la-capital-inicia-rehabilitacion-de-la-avenida-tercer-milenio\\\/#primaryimage\",\"url\":\"https:\\\/\\\/canal7slp.tv\\\/2022\\\/wp-content\\\/uploads\\\/2022\\\/08\\\/Pau03Vialidades.jpg\",\"contentUrl\":\"https:\\\/\\\/canal7slp.tv\\\/2022\\\/wp-content\\\/uploads\\\/2022\\\/08\\\/Pau03Vialidades.jpg\",\"width\":888,\"height\":500},{\"@type\":\"BreadcrumbList\",\"@id\":\"https:\\\/\\\/canal7slp.tv\\\/2022\\\/ayuntamiento-de-la-capital-inicia-rehabilitacion-de-la-avenida-tercer-milenio\\\/#breadcrumb\",\"itemListElement\":[{\"@type\":\"ListItem\",\"position\":1,\"name\":\"Portada\",\"item\":\"https:\\\/\\\/canal7slp.tv\\\/2022\\\/\"},{\"@type\":\"ListItem\",\"position\":2,\"name\":\"Ayuntamiento de la Capital inicia rehabilitaci\u00f3n de la avenida Tercer Milenio.\"}]},{\"@type\":\"WebSite\",\"@id\":\"https:\\\/\\\/canal7slp.tv\\\/2022\\\/#website\",\"url\":\"https:\\\/\\\/canal7slp.tv\\\/2022\\\/\",\"name\":\"N7 - Noticieros Canal 7\",\"description\":\"Somos Televisi\u00f3n\",\"publisher\":{\"@id\":\"https:\\\/\\\/canal7slp.tv\\\/2022\\\/#organization\"},\"potentialAction\":[{\"@type\":\"SearchAction\",\"target\":{\"@type\":\"EntryPoint\",\"urlTemplate\":\"https:\\\/\\\/canal7slp.tv\\\/2022\\\/?s={search_term_string}\"},\"query-input\":{\"@type\":\"PropertyValueSpecification\",\"valueRequired\":true,\"valueName\":\"search_term_string\"}}],\"inLanguage\":\"es\"},{\"@type\":\"Organization\",\"@id\":\"https:\\\/\\\/canal7slp.tv\\\/2022\\\/#organization\",\"name\":\"Noticieros Canal 7\",\"url\":\"https:\\\/\\\/canal7slp.tv\\\/2022\\\/\",\"logo\":{\"@type\":\"ImageObject\",\"inLanguage\":\"es\",\"@id\":\"https:\\\/\\\/canal7slp.tv\\\/2022\\\/#\\\/schema\\\/logo\\\/image\\\/\",\"url\":\"https:\\\/\\\/canal7slp.tv\\\/2022\\\/wp-content\\\/uploads\\\/2021\\\/01\\\/logo-noticieros@2x.png\",\"contentUrl\":\"https:\\\/\\\/canal7slp.tv\\\/2022\\\/wp-content\\\/uploads\\\/2021\\\/01\\\/logo-noticieros@2x.png\",\"width\":1017,\"height\":268,\"caption\":\"Noticieros Canal 7\"},\"image\":{\"@id\":\"https:\\\/\\\/canal7slp.tv\\\/2022\\\/#\\\/schema\\\/logo\\\/image\\\/\"},\"sameAs\":[\"https:\\\/\\\/www.facebook.com\\\/noticieroscanalsiete\",\"https:\\\/\\\/x.com\\\/NOTICIEROS7\",\"https:\\\/\\\/www.instagram.com\\\/canal7_slp\",\"https:\\\/\\\/www.youtube.com\\\/channel\\\/UCliiYs-gP3JfJeqdPrNdd5A\"]},{\"@type\":\"Person\",\"@id\":\"https:\\\/\\\/canal7slp.tv\\\/2022\\\/#\\\/schema\\\/person\\\/429704152a21f5f856ce29aa69a238da\",\"name\":\"Edici\u00f3n Web\",\"image\":{\"@type\":\"ImageObject\",\"inLanguage\":\"es\",\"@id\":\"https:\\\/\\\/secure.gravatar.com\\\/avatar\\\/eee448fc3f7164808013b816ba91ac7e43bbe82a70bebac296f8bc6f0addaa1a?s=96&d=mm&r=g\",\"url\":\"https:\\\/\\\/secure.gravatar.com\\\/avatar\\\/eee448fc3f7164808013b816ba91ac7e43bbe82a70bebac296f8bc6f0addaa1a?s=96&d=mm&r=g\",\"contentUrl\":\"https:\\\/\\\/secure.gravatar.com\\\/avatar\\\/eee448fc3f7164808013b816ba91ac7e43bbe82a70bebac296f8bc6f0addaa1a?s=96&d=mm&r=g\",\"caption\":\"Edici\u00f3n Web\"},\"url\":\"https:\\\/\\\/canal7slp.tv\\\/2022\\\/author\\\/edicionweb\\\/\"}]}<\/script>\n<!-- \/ Yoast SEO plugin. -->","yoast_head_json":{"title":"Ayuntamiento de la Capital inicia rehabilitaci\u00f3n de la avenida Tercer Milenio. - Canal 7 SLP - 2022","robots":{"index":"index","follow":"follow","max-snippet":"max-snippet:-1","max-image-preview":"max-image-preview:large","max-video-preview":"max-video-preview:-1"},"canonical":"https:\/\/canal7slp.tv\/2022\/ayuntamiento-de-la-capital-inicia-rehabilitacion-de-la-avenida-tercer-milenio\/","og_locale":"es_ES","og_type":"article","og_title":"Ayuntamiento de la Capital inicia rehabilitaci\u00f3n de la avenida Tercer Milenio. - Canal 7 SLP - 2022","og_description":"Fue destacado que se trata de una zona de gran impacto comercial. SLP.- El Ayuntamiento Capitalino dio arranque a la rehabilitaci\u00f3n de la avenida Tercer Milenio -obra que abarca 13 mil 450 metros cuadrados e impacta a una importante zona comercial-. Se trata de un proyecto m\u00e1s del programa Vialidades PotoS\u00ednas. La intervenci\u00f3n abarca el tramo de la Glorieta de la Familia a la calle Ca\u00f1ada de Lobos, donde se utilizar\u00e1 concreto asf\u00e1ltico de cinco cent\u00edmetros de espesor. El director de Obras P\u00fablicas, Jos\u00e9 Nazario Pineda Osorio destac\u00f3 que la garant\u00eda del trabajo efectuado asciende a 36 meses. En representaci\u00f3n [&hellip;]","og_url":"https:\/\/canal7slp.tv\/2022\/ayuntamiento-de-la-capital-inicia-rehabilitacion-de-la-avenida-tercer-milenio\/","og_site_name":"Canal 7 SLP - 2022","article_publisher":"https:\/\/www.facebook.com\/noticieroscanalsiete","article_published_time":"2022-08-24T10:54:15+00:00","og_image":[{"width":888,"height":500,"url":"https:\/\/canal7slp.tv\/2022\/wp-content\/uploads\/2022\/08\/Pau03Vialidades.jpg","type":"image\/jpeg"}],"author":"Edici\u00f3n Web","twitter_card":"summary_large_image","twitter_creator":"@NOTICIEROS7","twitter_site":"@NOTICIEROS7","twitter_misc":{"Escrito por":"Edici\u00f3n Web","Tiempo de lectura":"1 minuto"},"schema":{"@context":"https:\/\/schema.org","@graph":[{"@type":"Article","@id":"https:\/\/canal7slp.tv\/2022\/ayuntamiento-de-la-capital-inicia-rehabilitacion-de-la-avenida-tercer-milenio\/#article","isPartOf":{"@id":"https:\/\/canal7slp.tv\/2022\/ayuntamiento-de-la-capital-inicia-rehabilitacion-de-la-avenida-tercer-milenio\/"},"author":{"name":"Edici\u00f3n Web","@id":"https:\/\/canal7slp.tv\/2022\/#\/schema\/person\/429704152a21f5f856ce29aa69a238da"},"headline":"Ayuntamiento de la Capital inicia rehabilitaci\u00f3n de la avenida Tercer Milenio.","datePublished":"2022-08-24T10:54:15+00:00","mainEntityOfPage":{"@id":"https:\/\/canal7slp.tv\/2022\/ayuntamiento-de-la-capital-inicia-rehabilitacion-de-la-avenida-tercer-milenio\/"},"wordCount":203,"publisher":{"@id":"https:\/\/canal7slp.tv\/2022\/#organization"},"image":{"@id":"https:\/\/canal7slp.tv\/2022\/ayuntamiento-de-la-capital-inicia-rehabilitacion-de-la-avenida-tercer-milenio\/#primaryimage"},"thumbnailUrl":"https:\/\/canal7slp.tv\/2022\/wp-content\/uploads\/2022\/08\/Pau03Vialidades.jpg","articleSection":["AYOSLP","DESTACADAS","LOCALES Y REGIONALES"],"inLanguage":"es"},{"@type":"WebPage","@id":"https:\/\/canal7slp.tv\/2022\/ayuntamiento-de-la-capital-inicia-rehabilitacion-de-la-avenida-tercer-milenio\/","url":"https:\/\/canal7slp.tv\/2022\/ayuntamiento-de-la-capital-inicia-rehabilitacion-de-la-avenida-tercer-milenio\/","name":"Ayuntamiento de la Capital inicia rehabilitaci\u00f3n de la avenida Tercer Milenio. - Canal 7 SLP - 2022","isPartOf":{"@id":"https:\/\/canal7slp.tv\/2022\/#website"},"primaryImageOfPage":{"@id":"https:\/\/canal7slp.tv\/2022\/ayuntamiento-de-la-capital-inicia-rehabilitacion-de-la-avenida-tercer-milenio\/#primaryimage"},"image":{"@id":"https:\/\/canal7slp.tv\/2022\/ayuntamiento-de-la-capital-inicia-rehabilitacion-de-la-avenida-tercer-milenio\/#primaryimage"},"thumbnailUrl":"https:\/\/canal7slp.tv\/2022\/wp-content\/uploads\/2022\/08\/Pau03Vialidades.jpg","datePublished":"2022-08-24T10:54:15+00:00","breadcrumb":{"@id":"https:\/\/canal7slp.tv\/2022\/ayuntamiento-de-la-capital-inicia-rehabilitacion-de-la-avenida-tercer-milenio\/#breadcrumb"},"inLanguage":"es","potentialAction":[{"@type":"ReadAction","target":["https:\/\/canal7slp.tv\/2022\/ayuntamiento-de-la-capital-inicia-rehabilitacion-de-la-avenida-tercer-milenio\/"]}]},{"@type":"ImageObject","inLanguage":"es","@id":"https:\/\/canal7slp.tv\/2022\/ayuntamiento-de-la-capital-inicia-rehabilitacion-de-la-avenida-tercer-milenio\/#primaryimage","url":"https:\/\/canal7slp.tv\/2022\/wp-content\/uploads\/2022\/08\/Pau03Vialidades.jpg","contentUrl":"https:\/\/canal7slp.tv\/2022\/wp-content\/uploads\/2022\/08\/Pau03Vialidades.jpg","width":888,"height":500},{"@type":"BreadcrumbList","@id":"https:\/\/canal7slp.tv\/2022\/ayuntamiento-de-la-capital-inicia-rehabilitacion-de-la-avenida-tercer-milenio\/#breadcrumb","itemListElement":[{"@type":"ListItem","position":1,"name":"Portada","item":"https:\/\/canal7slp.tv\/2022\/"},{"@type":"ListItem","position":2,"name":"Ayuntamiento de la Capital inicia rehabilitaci\u00f3n de la avenida Tercer Milenio."}]},{"@type":"WebSite","@id":"https:\/\/canal7slp.tv\/2022\/#website","url":"https:\/\/canal7slp.tv\/2022\/","name":"N7 - Noticieros Canal 7","description":"Somos Televisi\u00f3n","publisher":{"@id":"https:\/\/canal7slp.tv\/2022\/#organization"},"potentialAction":[{"@type":"SearchAction","target":{"@type":"EntryPoint","urlTemplate":"https:\/\/canal7slp.tv\/2022\/?s={search_term_string}"},"query-input":{"@type":"PropertyValueSpecification","valueRequired":true,"valueName":"search_term_string"}}],"inLanguage":"es"},{"@type":"Organization","@id":"https:\/\/canal7slp.tv\/2022\/#organization","name":"Noticieros Canal 7","url":"https:\/\/canal7slp.tv\/2022\/","logo":{"@type":"ImageObject","inLanguage":"es","@id":"https:\/\/canal7slp.tv\/2022\/#\/schema\/logo\/image\/","url":"https:\/\/canal7slp.tv\/2022\/wp-content\/uploads\/2021\/01\/logo-noticieros@2x.png","contentUrl":"https:\/\/canal7slp.tv\/2022\/wp-content\/uploads\/2021\/01\/logo-noticieros@2x.png","width":1017,"height":268,"caption":"Noticieros Canal 7"},"image":{"@id":"https:\/\/canal7slp.tv\/2022\/#\/schema\/logo\/image\/"},"sameAs":["https:\/\/www.facebook.com\/noticieroscanalsiete","https:\/\/x.com\/NOTICIEROS7","https:\/\/www.instagram.com\/canal7_slp","https:\/\/www.youtube.com\/channel\/UCliiYs-gP3JfJeqdPrNdd5A"]},{"@type":"Person","@id":"https:\/\/canal7slp.tv\/2022\/#\/schema\/person\/429704152a21f5f856ce29aa69a238da","name":"Edici\u00f3n Web","image":{"@type":"ImageObject","inLanguage":"es","@id":"https:\/\/secure.gravatar.com\/avatar\/eee448fc3f7164808013b816ba91ac7e43bbe82a70bebac296f8bc6f0addaa1a?s=96&d=mm&r=g","url":"https:\/\/secure.gravatar.com\/avatar\/eee448fc3f7164808013b816ba91ac7e43bbe82a70bebac296f8bc6f0addaa1a?s=96&d=mm&r=g","contentUrl":"https:\/\/secure.gravatar.com\/avatar\/eee448fc3f7164808013b816ba91ac7e43bbe82a70bebac296f8bc6f0addaa1a?s=96&d=mm&r=g","caption":"Edici\u00f3n Web"},"url":"https:\/\/canal7slp.tv\/2022\/author\/edicionweb\/"}]}},"amp_enabled":true,"_links":{"self":[{"href":"https:\/\/canal7slp.tv\/2022\/wp-json\/wp\/v2\/posts\/70727","targetHints":{"allow":["GET"]}}],"collection":[{"href":"https:\/\/canal7slp.tv\/2022\/wp-json\/wp\/v2\/posts"}],"about":[{"href":"https:\/\/canal7slp.tv\/2022\/wp-json\/wp\/v2\/types\/post"}],"author":[{"embeddable":true,"href":"https:\/\/canal7slp.tv\/2022\/wp-json\/wp\/v2\/users\/2"}],"replies":[{"embeddable":true,"href":"https:\/\/canal7slp.tv\/2022\/wp-json\/wp\/v2\/comments?post=70727"}],"version-history":[{"count":2,"href":"https:\/\/canal7slp.tv\/2022\/wp-json\/wp\/v2\/posts\/70727\/revisions"}],"predecessor-version":[{"id":70731,"href":"https:\/\/canal7slp.tv\/2022\/wp-json\/wp\/v2\/posts\/70727\/revisions\/70731"}],"wp:featuredmedia":[{"embeddable":true,"href":"https:\/\/canal7slp.tv\/2022\/wp-json\/wp\/v2\/media\/70729"}],"wp:attachment":[{"href":"https:\/\/canal7slp.tv\/2022\/wp-json\/wp\/v2\/media?parent=70727"}],"wp:term":[{"taxonomy":"category","embeddable":true,"href":"https:\/\/canal7slp.tv\/2022\/wp-json\/wp\/v2\/categories?post=70727"},{"taxonomy":"post_tag","embeddable":true,"href":"https:\/\/canal7slp.tv\/2022\/wp-json\/wp\/v2\/tags?post=70727"}],"curies":[{"name":"wp","href":"https:\/\/api.w.org\/{rel}","templated":true}]}}