{"id":70724,"date":"2022-08-24T04:48:42","date_gmt":"2022-08-24T10:48:42","guid":{"rendered":"https:\/\/canal7slp.tv\/2022\/?p=70724"},"modified":"2022-08-24T04:48:42","modified_gmt":"2022-08-24T10:48:42","slug":"sin-comunicacion-ni-relacion-juridica-llama-interapas-a-aquos-a-darse-prisa-en-la-reparacion-del-ducto-de-la-presa-el-realito","status":"publish","type":"post","link":"https:\/\/canal7slp.tv\/2022\/sin-comunicacion-ni-relacion-juridica-llama-interapas-a-aquos-a-darse-prisa-en-la-reparacion-del-ducto-de-la-presa-el-realito\/","title":{"rendered":"Sin comunicaci\u00f3n ni relaci\u00f3n jur\u00eddica, llama Interapas a Aquos a darse prisa en la reparaci\u00f3n del ducto de la presa El Realito."},"content":{"rendered":"<ul>\n<li style=\"text-align: justify;\">M\u00e1s de 17 d\u00edas ha persistido el problema, con fallas consecutivas.<\/li>\n<\/ul>\n<p style=\"text-align: justify;\">SLP.- La tercera falla consecutiva en el acueducto de la presa El Realito ha implicado m\u00e1s de dos semanas sin funcionamiento, en tanto Interapas no tiene relaci\u00f3n jur\u00eddica con la empresa Aquos que es la responsable -ni comunicaci\u00f3n-.<\/p>\n<p style=\"text-align: justify;\">No existe punto de encuentro, advirti\u00f3 el presidente de la Junta de Gobierno del Organismo Operador, Enrique Galindo Ceballos -quien llam\u00f3 a la compa\u00f1\u00eda a darse prisa-.<\/p>\n<p style=\"text-align: justify;\">Hizo \u00e9nfasis en que no ha dejado de responderse a la poblaci\u00f3n, pero la situaci\u00f3n se torna compleja por el tiempo transcurrido.<\/p>\n<p style=\"text-align: justify;\">Galindo Ceballos se\u00f1al\u00f3 que de poder realizarse un dictamen general del ducto ser\u00eda lo mejor y evitar un incidente mayor.<\/p>\n<p style=\"text-align: justify;\">Sin embargo, reiter\u00f3 que de Aquos no hay informaci\u00f3n que corra hacia Interapas, sino todo depende de una cadena de comunicaci\u00f3n con la Comisi\u00f3n Estatal del Agua.<\/p>\n<p>Por: Paulina Rodr\u00edguez<\/p>\n","protected":false},"excerpt":{"rendered":"<p>M\u00e1s de 17 d\u00edas ha persistido el problema, con fallas consecutivas. SLP.- La tercera falla consecutiva en el acueducto de la presa El Realito ha implicado m\u00e1s de dos semanas sin funcionamiento, en tanto Interapas no tiene relaci\u00f3n jur\u00eddica con la empresa Aquos que es la responsable -ni comunicaci\u00f3n-. No existe punto de encuentro, advirti\u00f3 el presidente de la Junta de Gobierno del Organismo Operador, Enrique Galindo Ceballos -quien llam\u00f3 a la compa\u00f1\u00eda a darse prisa-. Hizo \u00e9nfasis en que no ha dejado de responderse a la poblaci\u00f3n, pero la situaci\u00f3n se torna compleja por el tiempo transcurrido. Galindo Ceballos [&hellip;]<\/p>\n","protected":false},"author":2,"featured_media":70725,"comment_status":"closed","ping_status":"closed","sticky":false,"template":"","format":"video","meta":{"footnotes":""},"categories":[66,5,45],"tags":[],"class_list":["post-70724","post","type-post","status-publish","format-video","has-post-thumbnail","hentry","category-ayoslp","category-destacadas","category-localesyregionales","post_format-post-format-video","post--single"],"yoast_head":"<!-- This site is optimized with the Yoast SEO plugin v27.5 - https:\/\/yoast.com\/product\/yoast-seo-wordpress\/ -->\n<title>Sin comunicaci\u00f3n ni relaci\u00f3n jur\u00eddica, llama Interapas a Aquos a darse prisa en la reparaci\u00f3n del ducto de la presa El Realito. - Canal 7 SLP - 2022<\/title>\n<meta name=\"robots\" content=\"index, follow, max-snippet:-1, max-image-preview:large, max-video-preview:-1\" \/>\n<link rel=\"canonical\" href=\"https:\/\/canal7slp.tv\/2022\/sin-comunicacion-ni-relacion-juridica-llama-interapas-a-aquos-a-darse-prisa-en-la-reparacion-del-ducto-de-la-presa-el-realito\/\" \/>\n<meta property=\"og:locale\" content=\"es_ES\" \/>\n<meta property=\"og:type\" content=\"article\" \/>\n<meta property=\"og:title\" content=\"Sin comunicaci\u00f3n ni relaci\u00f3n jur\u00eddica, llama Interapas a Aquos a darse prisa en la reparaci\u00f3n del ducto de la presa El Realito. - Canal 7 SLP - 2022\" \/>\n<meta property=\"og:description\" content=\"M\u00e1s de 17 d\u00edas ha persistido el problema, con fallas consecutivas. SLP.- La tercera falla consecutiva en el acueducto de la presa El Realito ha implicado m\u00e1s de dos semanas sin funcionamiento, en tanto Interapas no tiene relaci\u00f3n jur\u00eddica con la empresa Aquos que es la responsable -ni comunicaci\u00f3n-. No existe punto de encuentro, advirti\u00f3 el presidente de la Junta de Gobierno del Organismo Operador, Enrique Galindo Ceballos -quien llam\u00f3 a la compa\u00f1\u00eda a darse prisa-. Hizo \u00e9nfasis en que no ha dejado de responderse a la poblaci\u00f3n, pero la situaci\u00f3n se torna compleja por el tiempo transcurrido. Galindo Ceballos [&hellip;]\" \/>\n<meta property=\"og:url\" content=\"https:\/\/canal7slp.tv\/2022\/sin-comunicacion-ni-relacion-juridica-llama-interapas-a-aquos-a-darse-prisa-en-la-reparacion-del-ducto-de-la-presa-el-realito\/\" \/>\n<meta property=\"og:site_name\" content=\"Canal 7 SLP - 2022\" \/>\n<meta property=\"article:publisher\" content=\"https:\/\/www.facebook.com\/noticieroscanalsiete\" \/>\n<meta property=\"article:published_time\" content=\"2022-08-24T10:48:42+00:00\" \/>\n<meta property=\"og:image\" content=\"https:\/\/canal7slp.tv\/2022\/wp-content\/uploads\/2022\/08\/Pau02Galindo.jpg\" \/>\n\t<meta property=\"og:image:width\" content=\"888\" \/>\n\t<meta property=\"og:image:height\" content=\"500\" \/>\n\t<meta property=\"og:image:type\" content=\"image\/jpeg\" \/>\n<meta name=\"author\" content=\"Edici\u00f3n Web\" \/>\n<meta name=\"twitter:card\" content=\"summary_large_image\" \/>\n<meta name=\"twitter:creator\" content=\"@NOTICIEROS7\" \/>\n<meta name=\"twitter:site\" content=\"@NOTICIEROS7\" \/>\n<meta name=\"twitter:label1\" content=\"Escrito por\" \/>\n\t<meta name=\"twitter:data1\" content=\"Edici\u00f3n Web\" \/>\n\t<meta name=\"twitter:label2\" content=\"Tiempo de lectura\" \/>\n\t<meta name=\"twitter:data2\" content=\"1 minuto\" \/>\n<script type=\"application\/ld+json\" class=\"yoast-schema-graph\">{\"@context\":\"https:\\\/\\\/schema.org\",\"@graph\":[{\"@type\":\"Article\",\"@id\":\"https:\\\/\\\/canal7slp.tv\\\/2022\\\/sin-comunicacion-ni-relacion-juridica-llama-interapas-a-aquos-a-darse-prisa-en-la-reparacion-del-ducto-de-la-presa-el-realito\\\/#article\",\"isPartOf\":{\"@id\":\"https:\\\/\\\/canal7slp.tv\\\/2022\\\/sin-comunicacion-ni-relacion-juridica-llama-interapas-a-aquos-a-darse-prisa-en-la-reparacion-del-ducto-de-la-presa-el-realito\\\/\"},\"author\":{\"name\":\"Edici\u00f3n Web\",\"@id\":\"https:\\\/\\\/canal7slp.tv\\\/2022\\\/#\\\/schema\\\/person\\\/429704152a21f5f856ce29aa69a238da\"},\"headline\":\"Sin comunicaci\u00f3n ni relaci\u00f3n jur\u00eddica, llama Interapas a Aquos a darse prisa en la reparaci\u00f3n del ducto de la presa El Realito.\",\"datePublished\":\"2022-08-24T10:48:42+00:00\",\"mainEntityOfPage\":{\"@id\":\"https:\\\/\\\/canal7slp.tv\\\/2022\\\/sin-comunicacion-ni-relacion-juridica-llama-interapas-a-aquos-a-darse-prisa-en-la-reparacion-del-ducto-de-la-presa-el-realito\\\/\"},\"wordCount\":189,\"publisher\":{\"@id\":\"https:\\\/\\\/canal7slp.tv\\\/2022\\\/#organization\"},\"image\":{\"@id\":\"https:\\\/\\\/canal7slp.tv\\\/2022\\\/sin-comunicacion-ni-relacion-juridica-llama-interapas-a-aquos-a-darse-prisa-en-la-reparacion-del-ducto-de-la-presa-el-realito\\\/#primaryimage\"},\"thumbnailUrl\":\"https:\\\/\\\/canal7slp.tv\\\/2022\\\/wp-content\\\/uploads\\\/2022\\\/08\\\/Pau02Galindo.jpg\",\"articleSection\":[\"AYOSLP\",\"DESTACADAS\",\"LOCALES Y REGIONALES\"],\"inLanguage\":\"es\"},{\"@type\":\"WebPage\",\"@id\":\"https:\\\/\\\/canal7slp.tv\\\/2022\\\/sin-comunicacion-ni-relacion-juridica-llama-interapas-a-aquos-a-darse-prisa-en-la-reparacion-del-ducto-de-la-presa-el-realito\\\/\",\"url\":\"https:\\\/\\\/canal7slp.tv\\\/2022\\\/sin-comunicacion-ni-relacion-juridica-llama-interapas-a-aquos-a-darse-prisa-en-la-reparacion-del-ducto-de-la-presa-el-realito\\\/\",\"name\":\"Sin comunicaci\u00f3n ni relaci\u00f3n jur\u00eddica, llama Interapas a Aquos a darse prisa en la reparaci\u00f3n del ducto de la presa El Realito. - Canal 7 SLP - 2022\",\"isPartOf\":{\"@id\":\"https:\\\/\\\/canal7slp.tv\\\/2022\\\/#website\"},\"primaryImageOfPage\":{\"@id\":\"https:\\\/\\\/canal7slp.tv\\\/2022\\\/sin-comunicacion-ni-relacion-juridica-llama-interapas-a-aquos-a-darse-prisa-en-la-reparacion-del-ducto-de-la-presa-el-realito\\\/#primaryimage\"},\"image\":{\"@id\":\"https:\\\/\\\/canal7slp.tv\\\/2022\\\/sin-comunicacion-ni-relacion-juridica-llama-interapas-a-aquos-a-darse-prisa-en-la-reparacion-del-ducto-de-la-presa-el-realito\\\/#primaryimage\"},\"thumbnailUrl\":\"https:\\\/\\\/canal7slp.tv\\\/2022\\\/wp-content\\\/uploads\\\/2022\\\/08\\\/Pau02Galindo.jpg\",\"datePublished\":\"2022-08-24T10:48:42+00:00\",\"breadcrumb\":{\"@id\":\"https:\\\/\\\/canal7slp.tv\\\/2022\\\/sin-comunicacion-ni-relacion-juridica-llama-interapas-a-aquos-a-darse-prisa-en-la-reparacion-del-ducto-de-la-presa-el-realito\\\/#breadcrumb\"},\"inLanguage\":\"es\",\"potentialAction\":[{\"@type\":\"ReadAction\",\"target\":[\"https:\\\/\\\/canal7slp.tv\\\/2022\\\/sin-comunicacion-ni-relacion-juridica-llama-interapas-a-aquos-a-darse-prisa-en-la-reparacion-del-ducto-de-la-presa-el-realito\\\/\"]}]},{\"@type\":\"ImageObject\",\"inLanguage\":\"es\",\"@id\":\"https:\\\/\\\/canal7slp.tv\\\/2022\\\/sin-comunicacion-ni-relacion-juridica-llama-interapas-a-aquos-a-darse-prisa-en-la-reparacion-del-ducto-de-la-presa-el-realito\\\/#primaryimage\",\"url\":\"https:\\\/\\\/canal7slp.tv\\\/2022\\\/wp-content\\\/uploads\\\/2022\\\/08\\\/Pau02Galindo.jpg\",\"contentUrl\":\"https:\\\/\\\/canal7slp.tv\\\/2022\\\/wp-content\\\/uploads\\\/2022\\\/08\\\/Pau02Galindo.jpg\",\"width\":888,\"height\":500},{\"@type\":\"BreadcrumbList\",\"@id\":\"https:\\\/\\\/canal7slp.tv\\\/2022\\\/sin-comunicacion-ni-relacion-juridica-llama-interapas-a-aquos-a-darse-prisa-en-la-reparacion-del-ducto-de-la-presa-el-realito\\\/#breadcrumb\",\"itemListElement\":[{\"@type\":\"ListItem\",\"position\":1,\"name\":\"Portada\",\"item\":\"https:\\\/\\\/canal7slp.tv\\\/2022\\\/\"},{\"@type\":\"ListItem\",\"position\":2,\"name\":\"Sin comunicaci\u00f3n ni relaci\u00f3n jur\u00eddica, llama Interapas a Aquos a darse prisa en la reparaci\u00f3n del ducto de la presa El Realito.\"}]},{\"@type\":\"WebSite\",\"@id\":\"https:\\\/\\\/canal7slp.tv\\\/2022\\\/#website\",\"url\":\"https:\\\/\\\/canal7slp.tv\\\/2022\\\/\",\"name\":\"N7 - Noticieros Canal 7\",\"description\":\"Somos Televisi\u00f3n\",\"publisher\":{\"@id\":\"https:\\\/\\\/canal7slp.tv\\\/2022\\\/#organization\"},\"potentialAction\":[{\"@type\":\"SearchAction\",\"target\":{\"@type\":\"EntryPoint\",\"urlTemplate\":\"https:\\\/\\\/canal7slp.tv\\\/2022\\\/?s={search_term_string}\"},\"query-input\":{\"@type\":\"PropertyValueSpecification\",\"valueRequired\":true,\"valueName\":\"search_term_string\"}}],\"inLanguage\":\"es\"},{\"@type\":\"Organization\",\"@id\":\"https:\\\/\\\/canal7slp.tv\\\/2022\\\/#organization\",\"name\":\"Noticieros Canal 7\",\"url\":\"https:\\\/\\\/canal7slp.tv\\\/2022\\\/\",\"logo\":{\"@type\":\"ImageObject\",\"inLanguage\":\"es\",\"@id\":\"https:\\\/\\\/canal7slp.tv\\\/2022\\\/#\\\/schema\\\/logo\\\/image\\\/\",\"url\":\"https:\\\/\\\/canal7slp.tv\\\/2022\\\/wp-content\\\/uploads\\\/2021\\\/01\\\/logo-noticieros@2x.png\",\"contentUrl\":\"https:\\\/\\\/canal7slp.tv\\\/2022\\\/wp-content\\\/uploads\\\/2021\\\/01\\\/logo-noticieros@2x.png\",\"width\":1017,\"height\":268,\"caption\":\"Noticieros Canal 7\"},\"image\":{\"@id\":\"https:\\\/\\\/canal7slp.tv\\\/2022\\\/#\\\/schema\\\/logo\\\/image\\\/\"},\"sameAs\":[\"https:\\\/\\\/www.facebook.com\\\/noticieroscanalsiete\",\"https:\\\/\\\/x.com\\\/NOTICIEROS7\",\"https:\\\/\\\/www.instagram.com\\\/canal7_slp\",\"https:\\\/\\\/www.youtube.com\\\/channel\\\/UCliiYs-gP3JfJeqdPrNdd5A\"]},{\"@type\":\"Person\",\"@id\":\"https:\\\/\\\/canal7slp.tv\\\/2022\\\/#\\\/schema\\\/person\\\/429704152a21f5f856ce29aa69a238da\",\"name\":\"Edici\u00f3n Web\",\"image\":{\"@type\":\"ImageObject\",\"inLanguage\":\"es\",\"@id\":\"https:\\\/\\\/secure.gravatar.com\\\/avatar\\\/eee448fc3f7164808013b816ba91ac7e43bbe82a70bebac296f8bc6f0addaa1a?s=96&d=mm&r=g\",\"url\":\"https:\\\/\\\/secure.gravatar.com\\\/avatar\\\/eee448fc3f7164808013b816ba91ac7e43bbe82a70bebac296f8bc6f0addaa1a?s=96&d=mm&r=g\",\"contentUrl\":\"https:\\\/\\\/secure.gravatar.com\\\/avatar\\\/eee448fc3f7164808013b816ba91ac7e43bbe82a70bebac296f8bc6f0addaa1a?s=96&d=mm&r=g\",\"caption\":\"Edici\u00f3n Web\"},\"url\":\"https:\\\/\\\/canal7slp.tv\\\/2022\\\/author\\\/edicionweb\\\/\"}]}<\/script>\n<!-- \/ Yoast SEO plugin. -->","yoast_head_json":{"title":"Sin comunicaci\u00f3n ni relaci\u00f3n jur\u00eddica, llama Interapas a Aquos a darse prisa en la reparaci\u00f3n del ducto de la presa El Realito. - Canal 7 SLP - 2022","robots":{"index":"index","follow":"follow","max-snippet":"max-snippet:-1","max-image-preview":"max-image-preview:large","max-video-preview":"max-video-preview:-1"},"canonical":"https:\/\/canal7slp.tv\/2022\/sin-comunicacion-ni-relacion-juridica-llama-interapas-a-aquos-a-darse-prisa-en-la-reparacion-del-ducto-de-la-presa-el-realito\/","og_locale":"es_ES","og_type":"article","og_title":"Sin comunicaci\u00f3n ni relaci\u00f3n jur\u00eddica, llama Interapas a Aquos a darse prisa en la reparaci\u00f3n del ducto de la presa El Realito. - Canal 7 SLP - 2022","og_description":"M\u00e1s de 17 d\u00edas ha persistido el problema, con fallas consecutivas. SLP.- La tercera falla consecutiva en el acueducto de la presa El Realito ha implicado m\u00e1s de dos semanas sin funcionamiento, en tanto Interapas no tiene relaci\u00f3n jur\u00eddica con la empresa Aquos que es la responsable -ni comunicaci\u00f3n-. No existe punto de encuentro, advirti\u00f3 el presidente de la Junta de Gobierno del Organismo Operador, Enrique Galindo Ceballos -quien llam\u00f3 a la compa\u00f1\u00eda a darse prisa-. Hizo \u00e9nfasis en que no ha dejado de responderse a la poblaci\u00f3n, pero la situaci\u00f3n se torna compleja por el tiempo transcurrido. Galindo Ceballos [&hellip;]","og_url":"https:\/\/canal7slp.tv\/2022\/sin-comunicacion-ni-relacion-juridica-llama-interapas-a-aquos-a-darse-prisa-en-la-reparacion-del-ducto-de-la-presa-el-realito\/","og_site_name":"Canal 7 SLP - 2022","article_publisher":"https:\/\/www.facebook.com\/noticieroscanalsiete","article_published_time":"2022-08-24T10:48:42+00:00","og_image":[{"width":888,"height":500,"url":"https:\/\/canal7slp.tv\/2022\/wp-content\/uploads\/2022\/08\/Pau02Galindo.jpg","type":"image\/jpeg"}],"author":"Edici\u00f3n Web","twitter_card":"summary_large_image","twitter_creator":"@NOTICIEROS7","twitter_site":"@NOTICIEROS7","twitter_misc":{"Escrito por":"Edici\u00f3n Web","Tiempo de lectura":"1 minuto"},"schema":{"@context":"https:\/\/schema.org","@graph":[{"@type":"Article","@id":"https:\/\/canal7slp.tv\/2022\/sin-comunicacion-ni-relacion-juridica-llama-interapas-a-aquos-a-darse-prisa-en-la-reparacion-del-ducto-de-la-presa-el-realito\/#article","isPartOf":{"@id":"https:\/\/canal7slp.tv\/2022\/sin-comunicacion-ni-relacion-juridica-llama-interapas-a-aquos-a-darse-prisa-en-la-reparacion-del-ducto-de-la-presa-el-realito\/"},"author":{"name":"Edici\u00f3n Web","@id":"https:\/\/canal7slp.tv\/2022\/#\/schema\/person\/429704152a21f5f856ce29aa69a238da"},"headline":"Sin comunicaci\u00f3n ni relaci\u00f3n jur\u00eddica, llama Interapas a Aquos a darse prisa en la reparaci\u00f3n del ducto de la presa El Realito.","datePublished":"2022-08-24T10:48:42+00:00","mainEntityOfPage":{"@id":"https:\/\/canal7slp.tv\/2022\/sin-comunicacion-ni-relacion-juridica-llama-interapas-a-aquos-a-darse-prisa-en-la-reparacion-del-ducto-de-la-presa-el-realito\/"},"wordCount":189,"publisher":{"@id":"https:\/\/canal7slp.tv\/2022\/#organization"},"image":{"@id":"https:\/\/canal7slp.tv\/2022\/sin-comunicacion-ni-relacion-juridica-llama-interapas-a-aquos-a-darse-prisa-en-la-reparacion-del-ducto-de-la-presa-el-realito\/#primaryimage"},"thumbnailUrl":"https:\/\/canal7slp.tv\/2022\/wp-content\/uploads\/2022\/08\/Pau02Galindo.jpg","articleSection":["AYOSLP","DESTACADAS","LOCALES Y REGIONALES"],"inLanguage":"es"},{"@type":"WebPage","@id":"https:\/\/canal7slp.tv\/2022\/sin-comunicacion-ni-relacion-juridica-llama-interapas-a-aquos-a-darse-prisa-en-la-reparacion-del-ducto-de-la-presa-el-realito\/","url":"https:\/\/canal7slp.tv\/2022\/sin-comunicacion-ni-relacion-juridica-llama-interapas-a-aquos-a-darse-prisa-en-la-reparacion-del-ducto-de-la-presa-el-realito\/","name":"Sin comunicaci\u00f3n ni relaci\u00f3n jur\u00eddica, llama Interapas a Aquos a darse prisa en la reparaci\u00f3n del ducto de la presa El Realito. - Canal 7 SLP - 2022","isPartOf":{"@id":"https:\/\/canal7slp.tv\/2022\/#website"},"primaryImageOfPage":{"@id":"https:\/\/canal7slp.tv\/2022\/sin-comunicacion-ni-relacion-juridica-llama-interapas-a-aquos-a-darse-prisa-en-la-reparacion-del-ducto-de-la-presa-el-realito\/#primaryimage"},"image":{"@id":"https:\/\/canal7slp.tv\/2022\/sin-comunicacion-ni-relacion-juridica-llama-interapas-a-aquos-a-darse-prisa-en-la-reparacion-del-ducto-de-la-presa-el-realito\/#primaryimage"},"thumbnailUrl":"https:\/\/canal7slp.tv\/2022\/wp-content\/uploads\/2022\/08\/Pau02Galindo.jpg","datePublished":"2022-08-24T10:48:42+00:00","breadcrumb":{"@id":"https:\/\/canal7slp.tv\/2022\/sin-comunicacion-ni-relacion-juridica-llama-interapas-a-aquos-a-darse-prisa-en-la-reparacion-del-ducto-de-la-presa-el-realito\/#breadcrumb"},"inLanguage":"es","potentialAction":[{"@type":"ReadAction","target":["https:\/\/canal7slp.tv\/2022\/sin-comunicacion-ni-relacion-juridica-llama-interapas-a-aquos-a-darse-prisa-en-la-reparacion-del-ducto-de-la-presa-el-realito\/"]}]},{"@type":"ImageObject","inLanguage":"es","@id":"https:\/\/canal7slp.tv\/2022\/sin-comunicacion-ni-relacion-juridica-llama-interapas-a-aquos-a-darse-prisa-en-la-reparacion-del-ducto-de-la-presa-el-realito\/#primaryimage","url":"https:\/\/canal7slp.tv\/2022\/wp-content\/uploads\/2022\/08\/Pau02Galindo.jpg","contentUrl":"https:\/\/canal7slp.tv\/2022\/wp-content\/uploads\/2022\/08\/Pau02Galindo.jpg","width":888,"height":500},{"@type":"BreadcrumbList","@id":"https:\/\/canal7slp.tv\/2022\/sin-comunicacion-ni-relacion-juridica-llama-interapas-a-aquos-a-darse-prisa-en-la-reparacion-del-ducto-de-la-presa-el-realito\/#breadcrumb","itemListElement":[{"@type":"ListItem","position":1,"name":"Portada","item":"https:\/\/canal7slp.tv\/2022\/"},{"@type":"ListItem","position":2,"name":"Sin comunicaci\u00f3n ni relaci\u00f3n jur\u00eddica, llama Interapas a Aquos a darse prisa en la reparaci\u00f3n del ducto de la presa El Realito."}]},{"@type":"WebSite","@id":"https:\/\/canal7slp.tv\/2022\/#website","url":"https:\/\/canal7slp.tv\/2022\/","name":"N7 - Noticieros Canal 7","description":"Somos Televisi\u00f3n","publisher":{"@id":"https:\/\/canal7slp.tv\/2022\/#organization"},"potentialAction":[{"@type":"SearchAction","target":{"@type":"EntryPoint","urlTemplate":"https:\/\/canal7slp.tv\/2022\/?s={search_term_string}"},"query-input":{"@type":"PropertyValueSpecification","valueRequired":true,"valueName":"search_term_string"}}],"inLanguage":"es"},{"@type":"Organization","@id":"https:\/\/canal7slp.tv\/2022\/#organization","name":"Noticieros Canal 7","url":"https:\/\/canal7slp.tv\/2022\/","logo":{"@type":"ImageObject","inLanguage":"es","@id":"https:\/\/canal7slp.tv\/2022\/#\/schema\/logo\/image\/","url":"https:\/\/canal7slp.tv\/2022\/wp-content\/uploads\/2021\/01\/logo-noticieros@2x.png","contentUrl":"https:\/\/canal7slp.tv\/2022\/wp-content\/uploads\/2021\/01\/logo-noticieros@2x.png","width":1017,"height":268,"caption":"Noticieros Canal 7"},"image":{"@id":"https:\/\/canal7slp.tv\/2022\/#\/schema\/logo\/image\/"},"sameAs":["https:\/\/www.facebook.com\/noticieroscanalsiete","https:\/\/x.com\/NOTICIEROS7","https:\/\/www.instagram.com\/canal7_slp","https:\/\/www.youtube.com\/channel\/UCliiYs-gP3JfJeqdPrNdd5A"]},{"@type":"Person","@id":"https:\/\/canal7slp.tv\/2022\/#\/schema\/person\/429704152a21f5f856ce29aa69a238da","name":"Edici\u00f3n Web","image":{"@type":"ImageObject","inLanguage":"es","@id":"https:\/\/secure.gravatar.com\/avatar\/eee448fc3f7164808013b816ba91ac7e43bbe82a70bebac296f8bc6f0addaa1a?s=96&d=mm&r=g","url":"https:\/\/secure.gravatar.com\/avatar\/eee448fc3f7164808013b816ba91ac7e43bbe82a70bebac296f8bc6f0addaa1a?s=96&d=mm&r=g","contentUrl":"https:\/\/secure.gravatar.com\/avatar\/eee448fc3f7164808013b816ba91ac7e43bbe82a70bebac296f8bc6f0addaa1a?s=96&d=mm&r=g","caption":"Edici\u00f3n Web"},"url":"https:\/\/canal7slp.tv\/2022\/author\/edicionweb\/"}]}},"amp_enabled":true,"_links":{"self":[{"href":"https:\/\/canal7slp.tv\/2022\/wp-json\/wp\/v2\/posts\/70724","targetHints":{"allow":["GET"]}}],"collection":[{"href":"https:\/\/canal7slp.tv\/2022\/wp-json\/wp\/v2\/posts"}],"about":[{"href":"https:\/\/canal7slp.tv\/2022\/wp-json\/wp\/v2\/types\/post"}],"author":[{"embeddable":true,"href":"https:\/\/canal7slp.tv\/2022\/wp-json\/wp\/v2\/users\/2"}],"replies":[{"embeddable":true,"href":"https:\/\/canal7slp.tv\/2022\/wp-json\/wp\/v2\/comments?post=70724"}],"version-history":[{"count":1,"href":"https:\/\/canal7slp.tv\/2022\/wp-json\/wp\/v2\/posts\/70724\/revisions"}],"predecessor-version":[{"id":70726,"href":"https:\/\/canal7slp.tv\/2022\/wp-json\/wp\/v2\/posts\/70724\/revisions\/70726"}],"wp:featuredmedia":[{"embeddable":true,"href":"https:\/\/canal7slp.tv\/2022\/wp-json\/wp\/v2\/media\/70725"}],"wp:attachment":[{"href":"https:\/\/canal7slp.tv\/2022\/wp-json\/wp\/v2\/media?parent=70724"}],"wp:term":[{"taxonomy":"category","embeddable":true,"href":"https:\/\/canal7slp.tv\/2022\/wp-json\/wp\/v2\/categories?post=70724"},{"taxonomy":"post_tag","embeddable":true,"href":"https:\/\/canal7slp.tv\/2022\/wp-json\/wp\/v2\/tags?post=70724"}],"curies":[{"name":"wp","href":"https:\/\/api.w.org\/{rel}","templated":true}]}}